{"id":10020,"date":"2018-03-30T12:28:01","date_gmt":"2018-03-30T15:28:01","guid":{"rendered":"http:\/\/historiadelperonismo.com\/?p=10020"},"modified":"2019-09-03T20:08:15","modified_gmt":"2019-09-03T23:08:15","slug":"evita-dirije-un-mensaje-a-las-mujeres-espanolas","status":"publish","type":"post","link":"https:\/\/historiadelperonismo.com\/?p=10020","title":{"rendered":"EVITA DIRIJE UN MENSAJE A LAS MUJERES ESPA\u00d1OLAS"},"content":{"rendered":"<div style=\"background-color: #d6ba9f; padding-top: 60px; padding-bottom: 40px;\">\n<div style=\"margin-left: 40px; margin-right: 40px;\">\n<h1 style=\"text-align: center; line-height: 44px;\"><span style=\"color: #000000; font-family: verdana, geneva, sans-serif; font-size: 44px;\"><strong>EVITA DIRIJE UN<br \/>\nMENSAJE A LAS MUJERES<br \/>\nESPA\u00d1OLAS<\/strong><\/span><\/h1>\n<p>&nbsp;<\/p>\n<p>&nbsp;<\/p>\n<p><img fetchpriority=\"high\" decoding=\"async\" class=\"aligncenter wp-image-10023\" style=\"border: 1px solid black;\" src=\"https:\/\/historiadelperonismo.com\/wp-content\/uploads\/historia-del-peronismo-evita-mensaje-mujeres-espan\u0303olas.jpg\" alt=\"\" width=\"558\" height=\"332\" srcset=\"https:\/\/historiadelperonismo.com\/wp-content\/uploads\/historia-del-peronismo-evita-mensaje-mujeres-espan\u0303olas.jpg 459w, https:\/\/historiadelperonismo.com\/wp-content\/uploads\/historia-del-peronismo-evita-mensaje-mujeres-espan\u0303olas-300x178.jpg 300w, https:\/\/historiadelperonismo.com\/wp-content\/uploads\/historia-del-peronismo-evita-mensaje-mujeres-espan\u0303olas-245x146.jpg 245w, https:\/\/historiadelperonismo.com\/wp-content\/uploads\/historia-del-peronismo-evita-mensaje-mujeres-espan\u0303olas-50x30.jpg 50w\" sizes=\"(max-width: 558px) 100vw, 558px\" \/><\/p>\n<p style=\"text-align: center;\"><span style=\"font-family: verdana, geneva, sans-serif; font-size: 10pt; color: #000000;\"><strong>Evita pronuncia un discurso frente al pueblo espa\u00f1ol<\/strong><\/span><\/p>\n<p style=\"text-align: center;\"><span style=\"font-family: verdana, geneva, sans-serif; font-size: 10pt; color: #000000;\"><strong>Fotograf\u00eda publicada por Mariano Bayona<\/strong><\/span><\/p>\n<p>&nbsp;<\/p>\n<p>&nbsp;<\/p>\n<p style=\"text-align: justify;\"><span style=\"font-size: 20px; font-family: verdana, geneva, sans-serif; color: #000000;\"><strong>Madrid, 15 de junio de 1947<\/strong><\/span><\/p>\n<p>&nbsp;<\/p>\n<p style=\"text-align: justify;\"><span style=\"font-size: 20px; font-family: verdana, geneva, sans-serif; color: #000000;\"><strong>Publicado por el diario La Vanguardia de Madrid el 17 de junio de 1947<\/strong><\/span><\/p>\n<p style=\"text-align: justify;\"><span style=\"font-size: 13px; font-family: verdana, geneva, sans-serif; color: #000000;\"><strong>\u00a0<\/strong><\/span><\/p>\n<p style=\"text-align: justify;\"><span style=\"font-size: 13px; font-family: verdana, geneva, sans-serif; color: #000000;\"><strong>\u201c\u00a1Mujeres de Espa\u00f1a!<\/strong><\/span><\/p>\n<div style=\"text-indent: 15px;\">\n<p style=\"text-align: justify;\"><span style=\"font-size: 10pt; font-family: verdana, geneva, sans-serif; color: #000000;\"><strong>Nuestro siglo no pasar\u00e1 a la Historia con el nombre de \u2018siglo de las guerras mundiales\u2019 ni acaso con el nombre del siglo de la desintegraci\u00f3n at\u00f3mica\u201d, sino con este otro mucho m\u00e1s significativo de \u2018<\/strong><strong>siglo del feminismo victorioso\u2019<\/strong><strong>. <\/strong><\/span><\/p>\n<p style=\"text-align: justify;\"><span style=\"font-size: 10pt; font-family: verdana, geneva, sans-serif; color: #000000;\"><strong>La revoluci\u00f3n social a que asistimos en esta hora de veloz transici\u00f3n, alcanza no solo al obrero, quien reclama justamente se le considere dentro de la sociedad como persona humana informada por un alma trascendente y eterna, sino tambi\u00e9n a la mujer, la cual exige todos los derechos imprescindibles para el desarrollo de sus poderosas virtualidades. <\/strong><\/span><\/p>\n<p style=\"text-align: justify;\"><span style=\"font-size: 10pt; font-family: verdana, geneva, sans-serif; color: #000000;\"><strong>Por eso, representante como soy de <\/strong><strong>un pa\u00eds que es la esperanza<\/strong><strong>, no solo por su riqueza nativa sino <\/strong><strong>por haber inaugurado como ning\u00fan otro un nuevo orden de equidad social, de armon\u00eda cristiana y de libertad<\/strong><strong>, no puedo guardarme en silencio el mensaje que, por mi intermedio, env\u00eda la mujer argentina a la mujer espa\u00f1ola sobre todo a la mujer que lucha como h\u00e9roe, inadvertida del mundo, en la brega cotidiana de la vida.<\/strong><\/span><\/p>\n<p style=\"text-align: justify;\"><span style=\"font-size: 10pt; font-family: verdana, geneva, sans-serif; color: #000000;\"><strong>La mujer argentina se afana, en primer lugar, por la estructuraci\u00f3n del hogar cristiano con v\u00ednculo indisoluble. <\/strong><strong>Porque si a la mujer no se le ha<\/strong> <strong>dado el se\u00f1or\u00edo de la fuerza \u00a0f\u00edsica, se le ha dado el imperio del amor<\/strong><strong>. Y sabemos las mujeres, sin necesidad de sutiles raciocinios, que s\u00f3lo en el hogar \u00a0y en el matrimonio indisoluble puede el amor alcanzar toda su expansi\u00f3n. Sabemos las mujeres \u00a0que la decadencia del amor, sin duda alguna es una de las decadencias m\u00e1s grandes que ahora padece, es el resultado inmediato de la paganizaci\u00f3n de la familia y de la desarticulaci\u00f3n del hogar. <\/strong><\/span><\/p>\n<p style=\"text-align: justify;\"><span style=\"font-size: 12px; font-family: verdana, geneva, sans-serif; color: #000000;\"><strong>La mayor\u00eda de los pensadores opuestos al cristianismo no trepidan en reconocer que el matrimonio y la familia, tales como lo reclama la adusta moral cristiana, constituyen el \u00fanico ideal sociol\u00f3gico que pueda colmar las aspiraciones m\u00e1s profundas del amor, y que <\/strong><strong>todas las civilizaciones marcadas por una franca decadencia se caracterizaron por una honda crisis familiar<\/strong><strong>. <\/strong><\/span><\/p>\n<p style=\"text-align: justify;\"><span style=\"font-size: 10pt; font-family: verdana, geneva, sans-serif; color: #000000;\"><strong>Cuando la corrupci\u00f3n de costumbres ha minado la vida de familia, entonces, junto con el amor, pierde la mujer la libertad. Porque <\/strong><strong>ella s\u00f3lo es libre en la esclavitud del amor, y s\u00f3lo es esclava en la libertad del amor<\/strong><strong> en el que desemboca el matrimonio no bien pierde sus dotes y prerrogativas de eternidad. <\/strong><\/span><\/p>\n<p style=\"text-align: justify;\"><span style=\"font-size: 10pt; font-family: verdana, geneva, sans-serif; color: #000000;\"><strong>Porque la mujer argentina se ha empe\u00f1ado en mantener a todo costo el hogar estructurado, y porque se ha empe\u00f1ado adem\u00e1s en conseguir que en \u00e9l se respire un perfume de santuario, de suerte que el esposo y el hijo sientan a Dios como en un templo en peque\u00f1o, por eso sabe que no le arrebata ni un adarme de feminidad no s\u00f3lo el trabajo en la f\u00e1brica, los estudios en las Universidades, el aprendizaje profesional; pero tampoco empa\u00f1a su feminidad el participar de la recuperaci\u00f3n nacional, colaborando con todos sus recursos a la implantaci\u00f3n de un mundo m\u00e1s justo, m\u00e1s humano y m\u00e1s pac\u00edfico. <\/strong><\/span><\/p>\n<p style=\"text-align: justify;\"><span style=\"font-size: 10pt; font-family: verdana, geneva, sans-serif; color: #000000;\"><strong>Menos tememos las argentinas a la mujer que pilota autom\u00f3viles, yates y aviones, que a la emancipada de la familia o a la que toma el amor y el matrimonio como un \u00abego\u00edsmo de dos\u00bb sin entender que <\/strong><strong>de la solidez y de la fecundidad del matrimonio depende el engrandecimiento de la patria<\/strong><strong>.<\/strong><\/span><\/p>\n<p style=\"text-align: justify;\"><span style=\"font-size: 10pt; font-family: verdana, geneva, sans-serif; color: #000000;\"><strong>La Iglesia, como nos ha ense\u00f1ado siempre, ni ha prohibido ni ha disuadido a la mujer de que ejerza de m\u00e9dico o de diputado, o de embajadora, con tal que no abandone sus deberes esenciales de madre, de hija o de esposa. Y si la evoluci\u00f3n de los tiempos la lleva a participar de la vida c\u00edvica y a intervenir en las contiendas electorales, es ella quien est\u00e1 encargada de conspirar al triunfo de un orden social y familiar en el que pueda compartir, al lado del hombre, los frutos de la paz y de la justicia.<\/strong><\/span><\/p>\n<p style=\"text-align: justify;\"><span style=\"font-size: 10pt; font-family: verdana, geneva, sans-serif; color: #000000;\"><strong>Por eso, \u00a1MUJERES ESPA\u00d1OLAS!, os digo a todas, a trav\u00e9s del \u00e9ter, lo que quisiera decir a cada una, de coraz\u00f3n a coraz\u00f3n, con esa efusi\u00f3n y medias palabras con que nos entendemos las mujeres: si no han faltado agitadoras que soliviantaran las clases sociales unas contra otras con soflamas incendiarias, \u00bf<\/strong><strong>por qu\u00e9 han de faltar otras mujeres que de alma a alma se digan un mensaje de amor y de paz<\/strong><strong>? <\/strong><\/span><\/p>\n<p style=\"text-align: justify;\"><span style=\"font-size: 10pt; font-family: verdana, geneva, sans-serif; color: #000000;\"><strong>Faltar\u00eda a mi deber, el deber que me impone la Gran Cruz de ISABEL, si no secundara la misi\u00f3n de la gran Reina, quien, como ninguna mujer de Espa\u00f1a se afan\u00f3 por dar unidad y libertad a esta tierra, batallando no s\u00f3lo contra los invasores de su suelo, sino tambi\u00e9n contra los invasores de su Fe.<\/strong><\/span><\/p>\n<p style=\"text-align: justify;\"><span style=\"font-size: 10pt; font-family: verdana, geneva, sans-serif; color: #000000;\"><strong>Por eso, mujeres de Espa\u00f1a, a cuyo lado he vivido los d\u00edas m\u00e1s inocentes de mi vida, quiera hacer extensivo a vosotras cuanto no ha mucho a las Mujeres de Am\u00e9rica.<\/strong><\/span><\/p>\n<p style=\"text-align: justify;\"><span style=\"font-size: 10pt; font-family: verdana, geneva, sans-serif; color: #000000;\"><strong>Trabajaremos por la paz<\/strong><strong>, que libra a los pueblos de las amenazas y de las agresiones y nos permiten cerrar las heridas abiertas por las contiendas fratricidas. Trabajemos por afianzar la paz y por impedir que una nueva guerra vuelva a asolar la Humanidad con nuevos estragos y nuevos odios. Trabajemos por implantar en el mundo los derechos fundamentales debidos a los seres humanos y por desarmar los esp\u00edritus de los odios y prevenciones originados por la diversidad de las razas, de los idiomas y de las formas sociales de la vida. <\/strong><strong>Se ha dicho que hemos venido a formar un eje Buenos Aires-Madrid. Mujeres espa\u00f1olas, no hemos venido a formar ejes, sino a tender arco iris de paz con todos los pueblos, como corresponde al esp\u00edritu de la mujer.<\/strong><\/span><\/p>\n<p style=\"text-align: justify;\"><span style=\"font-size: 10pt; font-family: verdana, geneva, sans-serif; color: #000000;\"><strong>Trabajemos por la conquista de un mundo mejor<\/strong><strong>, fundamentado en el amor y no en el odio; mundo en el que anhelemos todos construir y no destruir, y en el cual florezca como una bandera fulgurante de luz la libertad y la soberan\u00eda de los pueblos. Trabajemos por la implantaci\u00f3n de un orden de justicia social cual lo requieren los principios proclamados por el General Per\u00f3n, en el que todos pueden gozar de una retribuci\u00f3n justa; en el que el obrero viva en condiciones dignas de trabajo y pueda preservar su salud, gozar de bienestar f\u00edsico y espiritual, amparar a la familia, elevar su est\u00e1ndar de vida, econ\u00f3mico y desarrollar libremente las actividades l\u00edcitas en bien de los intereses profesionales. <\/strong><\/span><\/p>\n<p style=\"text-align: justify;\"><span style=\"font-size: 10pt; font-family: verdana, geneva, sans-serif; color: #000000;\"><strong>Unamos nuestros esfuerzos para que nadie padezca, para que nadie se vea envuelto por miserias enervantes. Unamos nuestros corazones para que los humanos, cualesquiera que sean su nacionalidad, su fortuna, su ideario, puedan vivir en armon\u00eda, y para que termine la divisi\u00f3n de r\u00e9probos y elegidos, satisfechos y desheredados, de suerte que el mundo se trueque en una gran familia bendecida por Dios, en la que no resuene otro canto que el canto del trabajo y de la paz.\u201d<\/strong><\/span><\/p>\n<p style=\"text-align: justify;\"><span style=\"font-size: 10pt; font-family: verdana, geneva, sans-serif; color: #000000;\"><strong>\u00a0<\/strong><\/span><\/p>\n<p style=\"text-align: right;\"><span style=\"font-size: 10pt; font-family: verdana, geneva, sans-serif; color: #000000;\"><strong>Mar\u00eda Eva Duarte de Per\u00f3n <\/strong><\/span><\/p>\n<\/div>\n<\/div>\n<\/div>\n","protected":false},"excerpt":{"rendered":"<p>EVITA DIRIJE UN MENSAJE A LAS MUJERES ESPA\u00d1OLAS &nbsp; &nbsp; Evita pronuncia un discurso frente al pueblo espa\u00f1ol Fotograf\u00eda publicada por Mariano Bayona &nbsp; &nbsp; Madrid, [&hellip;]<\/p>\n","protected":false},"author":2,"featured_media":0,"comment_status":"open","ping_status":"open","sticky":false,"template":"","format":"standard","meta":{"footnotes":""},"categories":[1],"tags":[],"class_list":["post-10020","post","type-post","status-publish","format-standard","hentry","category-sin-categoria"],"_links":{"self":[{"href":"https:\/\/historiadelperonismo.com\/index.php?rest_route=\/wp\/v2\/posts\/10020","targetHints":{"allow":["GET"]}}],"collection":[{"href":"https:\/\/historiadelperonismo.com\/index.php?rest_route=\/wp\/v2\/posts"}],"about":[{"href":"https:\/\/historiadelperonismo.com\/index.php?rest_route=\/wp\/v2\/types\/post"}],"author":[{"embeddable":true,"href":"https:\/\/historiadelperonismo.com\/index.php?rest_route=\/wp\/v2\/users\/2"}],"replies":[{"embeddable":true,"href":"https:\/\/historiadelperonismo.com\/index.php?rest_route=%2Fwp%2Fv2%2Fcomments&post=10020"}],"version-history":[{"count":13,"href":"https:\/\/historiadelperonismo.com\/index.php?rest_route=\/wp\/v2\/posts\/10020\/revisions"}],"predecessor-version":[{"id":10235,"href":"https:\/\/historiadelperonismo.com\/index.php?rest_route=\/wp\/v2\/posts\/10020\/revisions\/10235"}],"wp:attachment":[{"href":"https:\/\/historiadelperonismo.com\/index.php?rest_route=%2Fwp%2Fv2%2Fmedia&parent=10020"}],"wp:term":[{"taxonomy":"category","embeddable":true,"href":"https:\/\/historiadelperonismo.com\/index.php?rest_route=%2Fwp%2Fv2%2Fcategories&post=10020"},{"taxonomy":"post_tag","embeddable":true,"href":"https:\/\/historiadelperonismo.com\/index.php?rest_route=%2Fwp%2Fv2%2Ftags&post=10020"}],"curies":[{"name":"wp","href":"https:\/\/api.w.org\/{rel}","templated":true}]}}