{"id":3273,"date":"2015-06-23T18:24:04","date_gmt":"2015-06-23T18:24:04","guid":{"rendered":"http:\/\/www.xn--diseowebdmg4-dhb.com.ar\/historiadelperonismo\/?p=3273"},"modified":"2018-10-11T20:33:29","modified_gmt":"2018-10-11T23:33:29","slug":"su-organizacion-administrativa-el-financiamiento-las-realizaciones-justicia-social-distributiva-y-atributiva-testimonios","status":"publish","type":"post","link":"https:\/\/historiadelperonismo.com\/?p=3273","title":{"rendered":"Su organizaci\u00f3n administrativa, el financiamiento, las realizaciones, justicia social distributiva y atributiva Testimonios"},"content":{"rendered":"<div>\n<p style=\"background-color: #ffffff; margin: 0pt; text-align: justify; font-family: Verdana; font-size: 30pt; font-weight: bold; color: #000000;\"><strong>Primer Gobierno de Per\u00f3n<\/strong><\/p>\n<p style=\"background-color: #ffffff; margin: 0pt; text-align: justify;\"><span style=\"font-family: Verdana; font-size: 10pt; font-weight: bold;\">\u00a0<\/span><\/p>\n<p style=\"background-color: #ffffff; margin: 0pt; text-align: justify; font-family: Verdana; font-size: 18pt; font-weight: bold; color: #000000;\"><strong>LA FUNDACION EVA PERON<\/strong><\/p>\n<p>&nbsp;<\/p>\n<p>&nbsp;<\/p>\n<p style=\"background-color: #ffffff; margin: 0pt; text-align: justify; font-family: Verdana; font-size: 18pt; font-weight: bold; color: #000000; line-height: 20pt;\"><strong>Su organizaci\u00f3n administrativa, el financiamiento,<br \/>\nlas realizaciones, justicia social distributiva y atributiva<br \/>\nTestimonios<\/strong><\/p>\n<p style=\"background-color: #ffffff; margin: 0pt; text-align: justify;\"><span style=\"font-family: Verdana; font-size: 10pt; font-weight: bold;\">\u00a0<\/span><\/p>\n<p>&nbsp;<\/p>\n<p style=\"background-color: #ffffff; margin: 0pt; text-align: justify;\"><span style=\"font-family: Verdana; font-size: 10pt; font-weight: bold;\">\u00a0<\/span><\/p>\n<p style=\"background-color: #ffffff; margin: 0pt; text-align: justify;\"><span style=\"font-family: Verdana; font-size: 10pt; font-weight: bold;\">Misi\u00f3n de Evita y de <\/span><span style=\"font-family: Verdana; font-size: 10pt; font-weight: bold;\">la Fundaci\u00f3n Eva<\/span><span style=\"font-family: Verdana; font-size: 10pt; font-weight: bold;\"> Per\u00f3n<\/span><\/p>\n<p style=\"background-color: #ffffff; margin: 0pt; text-align: justify;\"><span style=\"font-family: Verdana; font-size: 10pt; font-weight: bold;\">En el Movimiento Peronista y hacia toda <\/span><span style=\"font-family: Verdana; font-size: 10pt; font-weight: bold;\">la Comunidad Argentina<\/span><\/p>\n<p style=\"background-color: #ffffff; margin: 0pt; text-align: justify;\"><span style=\"font-family: Verdana; font-size: 10pt; font-weight: bold;\">\u00a0<\/span><\/p>\n<p style=\"background-color: #ffffff; margin: 0pt; text-align: justify;\"><span style=\"font-family: Verdana; font-size: 10pt; font-weight: bold;\">\u00a0<\/span><\/p>\n<p style=\"background-color: #ffffff; margin: 0pt; text-align: justify; text-indent: 18pt;\"><span style=\"font-family: Verdana; font-size: 10pt;\">Deben observarse la misi\u00f3n de Evita y de <\/span><span style=\"font-family: Verdana; font-size: 10pt;\">la Fundaci\u00f3n<\/span><span style=\"font-family: Verdana; font-size: 10pt;\"> en una doble perspectiva o presencia. La primera dentro del Movimiento Peronista y la segunda como herramienta de ejecuci\u00f3n de la justicia social hacia todo el pueblo argentino, sin distinci\u00f3n alguna.<\/span><\/p>\n<p style=\"background-color: #ffffff; margin: 0pt; text-align: justify; text-indent: 18pt;\"><span style=\"font-family: Verdana; font-size: 10pt;\">Para comprender mejor estos hechos debe tenerse en cuenta que <\/span><span style=\"font-family: Verdana; font-size: 10pt;\">la Fundaci\u00f3n<\/span><span style=\"font-family: Verdana; font-size: 10pt;\">, como instituci\u00f3n libre del pueblo nacida en el seno del peronismo y bajo la conducci\u00f3n de Evita, ten\u00eda un lugar muy preciso en el dispositivo org\u00e1nico del movimiento. Adem\u00e1s debe reconocerse en que lugares y en que espacios encontramos a Evita y<\/span><span style=\"font-family: Verdana; font-size: 10pt;\">\u00a0<\/span><span style=\"font-family: Verdana; font-size: 10pt;\"> por \u00faltimo saber que lo asumido libremente por ella, era su misi\u00f3n en la vida y en el Movimiento Peronista <\/span><span style=\"font-family: Verdana; font-size: 10pt;\">\u00a0<\/span><span style=\"font-family: Verdana; font-size: 10pt;\">y que contaba naturalmente con el respaldo y la conducci\u00f3n estrat\u00e9gica de Per\u00f3n.<\/span><\/p>\n<p style=\"background-color: #ffffff; margin: 0pt; text-align: justify; text-indent: 18pt;\"><span style=\"font-family: Verdana; font-size: 10pt;\">Solo a efectos de encuadrar el tema, digamos que Evita, como conducci\u00f3n t\u00e1ctica de Per\u00f3n, es decir presente en el mismo terreno de los hechos, leal sin merma alguna y sin objetivos personales ni fines propios m\u00e1s que los del conjunto del Movimiento Peronista, ocupa su espacio pol\u00edtico conduciendo a <\/span><span style=\"font-family: Verdana; font-size: 10pt;\">la Fundaci\u00f3n<\/span><span style=\"font-family: Verdana; font-size: 10pt;\"> que lleva su nombre para realizar gran parte de la justicia social y adem\u00e1s su presencia pol\u00edtica se extiende a la presidencia del Partido Peronista Femenino y a la conducci\u00f3n natural de la rama gremial del movimiento sin ocupar cargo alguno en la estructura sindical. Todo ello significaba, nada m\u00e1s ni nada menos, que<\/span><span style=\"font-family: Verdana; font-size: 10pt;\">\u00a0<\/span><span style=\"font-family: Verdana; font-size: 10pt; font-style: italic; font-weight: bold;\">\u201cun puente de amor entre Per\u00f3n y el Pueblo\u201d<\/span><span style=\"font-family: Verdana; font-size: 10pt;\">, seg\u00fan sus mismas palabras.<\/span><\/p>\n<p style=\"background-color: #ffffff; margin: 0pt; text-align: justify; text-indent: 18pt;\"><span style=\"font-family: Verdana; font-size: 10pt;\">De todo ello nos ocuparemos en el momento oportuno de nuestro estudio hist\u00f3rico, cuando abordemos y desarrollemos la org\u00e1nica movimientista, acompa\u00f1ando el an\u00e1lisis con el gr\u00e1fico del movimiento peronista.<\/span><\/p>\n<p style=\"background-color: #ffffff; margin: 0pt; text-align: justify; text-indent: 27pt;\"><span style=\"font-family: Verdana; font-size: 10pt;\">\u00a0<\/span><\/p>\n<p style=\"background-color: #ffffff; margin: 0pt; text-align: justify;\"><span style=\"font-family: Verdana; font-size: 10pt;\">\u00a0<\/span><span style=\"font-family: Verdana; font-size: 10pt;\">\u00a0<\/span><span style=\"font-family: Verdana; font-size: 10pt;\">\u00a0<\/span><span style=\"font-family: Verdana; font-size: 10pt;\"> Ahora, y ya examinados los antecedentes de las Sociedades de Beneficencia y como tuvo lugar la g\u00e9nesis de <\/span><span style=\"font-family: Verdana; font-size: 10pt;\">la Fundaci\u00f3n<\/span><span style=\"font-family: Verdana; font-size: 10pt;\">, damos paso a continuaci\u00f3n, a como se organiz\u00f3 la misma.<\/span><\/p>\n<p style=\"background-color: #ffffff; margin: 0pt; text-align: justify;\"><span style=\"font-family: Verdana; font-size: 10pt;\">\u00a0<\/span><\/p>\n<p style=\"background-color: #ffffff; margin: 0pt; text-align: justify;\"><span style=\"font-family: Verdana; font-size: 10pt;\">\u00a0<\/span><\/p>\n<p style=\"background-color: #ffffff; margin: 0pt; text-align: justify;\"><span style=\"font-family: Verdana; font-size: 10pt;\">\u00a0<\/span><\/p>\n<p style=\"background-color: #ffffff; margin: 0pt; text-align: center;\"><img fetchpriority=\"high\" decoding=\"async\" class=\"aligncenter size-full wp-image-6417\" src=\"https:\/\/historiadelperonismo.com\/wp-content\/uploads\/558f203e060a1_img.jpeg\" alt=\"558f203e060a1_img\" width=\"544\" height=\"378\" srcset=\"https:\/\/historiadelperonismo.com\/wp-content\/uploads\/558f203e060a1_img.jpeg 544w, https:\/\/historiadelperonismo.com\/wp-content\/uploads\/558f203e060a1_img-300x208.jpeg 300w, https:\/\/historiadelperonismo.com\/wp-content\/uploads\/558f203e060a1_img-210x146.jpeg 210w, https:\/\/historiadelperonismo.com\/wp-content\/uploads\/558f203e060a1_img-50x35.jpeg 50w\" sizes=\"(max-width: 544px) 100vw, 544px\" \/><\/p>\n<p style=\"background-color: #ffffff; margin: 0pt; text-align: justify;\"><span style=\"background-color: #ffffff; color: #404040; font-family: Verdana; font-size: 10pt; font-style: italic; font-weight: bold;\">\u00a0<\/span><\/p>\n<p style=\"background-color: #ffffff; margin: 0pt; text-align: center;\"><span style=\"background-color: #ffffff; color: #404040; font-family: Verdana; font-size: 10pt; font-weight: bold;\">Lugar de trabajo de Evita con <\/span><span style=\"background-color: #ffffff; color: #404040; font-family: Verdana; font-size: 10pt; font-weight: bold;\">la Fundaci\u00f3n<\/span><span style=\"background-color: #ffffff; color: #404040; font-family: Verdana; font-size: 10pt; font-weight: bold;\"> que llevaba su nombre, en el Consejo Deliberante de la ciudad de Buenos Aires y donde Per\u00f3n se hab\u00eda instalado en los primeros a\u00f1os con <\/span><span style=\"background-color: #ffffff; color: #404040; font-family: Verdana; font-size: 10pt; font-weight: bold;\">la Secretar\u00eda<\/span><span style=\"background-color: #ffffff; color: #404040; font-family: Verdana; font-size: 10pt; font-weight: bold;\"> de Trabajo y Previsi\u00f3n.<\/span><\/p>\n<p style=\"background-color: #ffffff; margin: 0pt; text-align: justify;\"><span style=\"font-family: Verdana; font-size: 10pt;\">\u00a0<\/span><\/p>\n<p style=\"background-color: #ffffff; margin: 0pt; text-align: justify; text-indent: 27pt;\"><span style=\"font-family: Verdana; font-size: 10pt;\">\u00a0<\/span><\/p>\n<p style=\"background-color: #ffffff; margin: 0pt; text-align: justify;\"><span style=\"font-family: Verdana; font-size: 10pt; font-weight: bold;\">En lo administrativo<\/span><\/p>\n<p style=\"background-color: #ffffff; margin: 0pt; text-align: justify;\"><span style=\"font-family: Verdana; font-size: 10pt; font-weight: bold;\">\u00a0<\/span><\/p>\n<p style=\"background-color: #ffffff; margin: 0pt; text-align: justify; text-indent: 18pt;\"><span style=\"font-family: Verdana; font-size: 10pt;\">Como era natural, cuando la acci\u00f3n de ayuda social cobr\u00f3 envergadura, se hizo menester organizarla administrativa y operativamente.<\/span><\/p>\n<p style=\"background-color: #ffffff; margin: 0pt; text-align: justify; text-indent: 18pt;\"><span style=\"font-family: Verdana; font-size: 10pt;\">En lo correspondiente a su administraci\u00f3n se nombr\u00f3 director general de <\/span><span style=\"font-family: Verdana; font-size: 10pt;\">la Fundaci\u00f3n<\/span><span style=\"font-family: Verdana; font-size: 10pt;\"> a Armando M\u00e9ndez San Mart\u00edn, quien era Director de Asistencia Social en el \u00e1rea de <\/span><span style=\"font-family: Verdana; font-size: 10pt;\">la Secretar\u00eda<\/span><span style=\"font-family: Verdana; font-size: 10pt;\"> de Trabajo y Previsi\u00f3n y que luego ser\u00e1 ministro de Educaci\u00f3n de <\/span><span style=\"font-family: Verdana; font-size: 10pt;\">la Naci\u00f3n<\/span><span style=\"font-family: Verdana; font-size: 10pt;\">; el Dr. Ricardo Finochietto ser\u00e1 el asesor en materia hospitalaria, sin olvidar que toda la pol\u00edtica sanitaria estaba concebida y ejecutada por un verdadero pr\u00f3cer de <\/span><span style=\"font-family: Verdana; font-size: 10pt;\">la Argentina<\/span><span style=\"font-family: Verdana; font-size: 10pt;\">, el Dr. Ram\u00f3n Carrillo; el padre Hern\u00e1n Ben\u00edtez, asesor espiritual de Evita, lo ser\u00e1 tambi\u00e9n de <\/span><span style=\"font-family: Verdana; font-size: 10pt;\">la Fundaci\u00f3n.<\/span><\/p>\n<p style=\"background-color: #ffffff; margin: 0pt; text-align: justify; text-indent: 18pt;\"><span style=\"font-family: Verdana; font-size: 10pt;\">El Estado, en la persona del ministro de Hacienda Dr. Ram\u00f3n Cereijo, ser\u00e1 qui\u00e9n asistir\u00e1 a <\/span><span style=\"font-family: Verdana; font-size: 10pt;\">la Fundaci\u00f3n<\/span><span style=\"font-family: Verdana; font-size: 10pt;\"> supervisando y asesorando financieramente a la misma. Adem\u00e1s ser\u00e1 el gestor y el contralor natural de dos cuentas bancarias que ordenar\u00e1<\/span><span style=\"font-family: Verdana; font-size: 10pt;\">\u00a0<\/span><span style=\"font-family: Verdana; font-size: 10pt;\">\u00a0<\/span><span style=\"font-family: Verdana; font-size: 10pt;\"> abrir en el Banco de <\/span><span style=\"font-family: Verdana; font-size: 10pt;\">la Naci\u00f3n Argentina.<\/span><span style=\"font-family: Verdana; font-size: 10pt;\"> En estas cuentas confluir\u00e1n todos los aportes y donaciones que sostendr\u00e1n la actividad de <\/span><span style=\"font-family: Verdana; font-size: 10pt;\">la Fundaci\u00f3n. Es<\/span><span style=\"font-family: Verdana; font-size: 10pt;\"> lo que se esperaba de un Estado Moderno, que no condujera desde su burocracia a una instituci\u00f3n como <\/span><span style=\"font-family: Verdana; font-size: 10pt;\">la Fundaci\u00f3n<\/span><span style=\"font-family: Verdana; font-size: 10pt;\"> y s\u00ed que le prestara toda la ayuda necesaria, tal como fue lo que sucedi\u00f3.<\/span><\/p>\n<p style=\"background-color: #ffffff; margin: 0pt; text-align: justify; text-indent: 18pt;\"><span style=\"font-family: Verdana; font-size: 10pt;\">Evita misma y reiterando nosotros su idea acerca de la incapacidad del Estado para<\/span><span style=\"font-family: Verdana; font-size: 10pt;\">\u00a0<\/span><span style=\"font-family: Verdana; font-size: 10pt;\"> ocuparse y resolver sobre la asistencia social, dice el 10 de julio de 1948 en ocasi\u00f3n de recibir una donaci\u00f3n en <\/span><span style=\"font-family: Verdana; font-size: 10pt;\">la Bolsa<\/span><span style=\"font-family: Verdana; font-size: 10pt;\"> de Comercio de Buenos Aires, lo siguiente:<\/span><span style=\"font-family: Verdana; font-size: 10pt;\">\u00a0<\/span><span style=\"font-family: Verdana; font-size: 10pt; font-style: italic; font-weight: bold;\">\u201cNo s\u00e9 si los protocolos que antes han regido la vida de los estados han permitido o tolerado llegar a nuestros semejantes para mitigar sus dolores y consolar en la adversidad; pero mi coraz\u00f3n de mujer cristiana y argentina, me mueve a volcar mis sentimientos hacia los humildes, hacia los desvalidos, hacia los desheredados, llegando m\u00e1s all\u00e1 de lo que al Estado le corresponde.\u201d<\/span><span style=\"font-family: Verdana; font-size: 10pt;\">\u00a0<\/span><span style=\"font-family: Verdana; font-size: 10pt;\">Es<\/span><span style=\"font-family: Verdana; font-size: 10pt;\">\u00a0<\/span><span style=\"font-family: Verdana; font-size: 10pt;\"> muy clara su conciencia. El modelo de Estado conocido hasta ese entonces, no se ocupaba como deb\u00eda de la injusticia social imperante porque obedec\u00eda a otros intereses. Exactamente a los que la promov\u00edan. Un Estado nuevo y moderno, o mejor dicho el viejo Estado liberal transformado hasta hacerlo \u201cexplotar\u201d y justificar uno nuevo por hacer, es decir uno revolucionario, deb\u00eda hacer lo que jam\u00e1s hab\u00eda hecho: ponerse al servicio de una instituci\u00f3n libre y popular como <\/span><span style=\"font-family: Verdana; font-size: 10pt;\">la Fundaci\u00f3n. En<\/span><span style=\"font-family: Verdana; font-size: 10pt;\"> esa situaci\u00f3n debi\u00f3 (el Estado) dar todo y as\u00ed se hizo. <\/span><span style=\"font-family: Verdana; font-size: 10pt;\">La Fundaci\u00f3n<\/span><span style=\"font-family: Verdana; font-size: 10pt;\"> hizo lo que el Estado no pod\u00eda hacer. Evita da cuenta de ello.<\/span><\/p>\n<p style=\"background-color: #ffffff; margin: 0pt; text-align: justify; text-indent: 18pt;\"><span style=\"font-family: Verdana; font-size: 10pt;\">\u00a0<\/span><\/p>\n<p style=\"background-color: #ffffff; margin: 0pt; text-align: justify; text-indent: 18pt;\"><span style=\"font-family: Verdana; font-size: 10pt;\">\u00a0<\/span><\/p>\n<p style=\"background-color: #ffffff; margin: 0pt; text-align: justify; text-indent: 18pt;\"><img decoding=\"async\" class=\"aligncenter size-full wp-image-6418\" src=\"https:\/\/historiadelperonismo.com\/wp-content\/uploads\/558f203e062ba_img.jpeg\" alt=\"558f203e062ba_img\" width=\"543\" height=\"399\" srcset=\"https:\/\/historiadelperonismo.com\/wp-content\/uploads\/558f203e062ba_img.jpeg 543w, https:\/\/historiadelperonismo.com\/wp-content\/uploads\/558f203e062ba_img-300x220.jpeg 300w, https:\/\/historiadelperonismo.com\/wp-content\/uploads\/558f203e062ba_img-199x146.jpeg 199w, https:\/\/historiadelperonismo.com\/wp-content\/uploads\/558f203e062ba_img-50x37.jpeg 50w\" sizes=\"(max-width: 543px) 100vw, 543px\" \/><\/p>\n<p style=\"background-color: #ffffff; margin: 0pt; text-align: justify; text-indent: 18pt;\"><span style=\"font-family: Verdana; font-size: 10pt;\">\u00a0<\/span><\/p>\n<p style=\"background-color: #ffffff; margin: 0pt; text-align: justify; text-indent: 18pt;\"><span style=\"font-family: Verdana; font-size: 10pt;\">\u00a0<\/span><\/p>\n<p style=\"background-color: #ffffff; margin: 0pt; text-align: center; text-indent: 18pt;\"><span style=\"font-family: Verdana; font-size: 10pt; font-weight: bold;\">Fotograma de la pel\u00edcula \u201cPer\u00f3n sinfon\u00eda del sentimiento\u201d, de Leonardo Favio<\/span><\/p>\n<p style=\"background-color: #ffffff; margin: 0pt; text-align: center; text-indent: 18pt;\"><span style=\"font-family: Verdana; font-size: 10pt;\">\u00a0<\/span><\/p>\n<p style=\"background-color: #ffffff; line-height: 13.5pt; margin: 0pt; text-align: justify; text-indent: 18pt;\"><span style=\"font-family: Verdana; font-size: 10pt;\">La organizaci\u00f3n de su conducci\u00f3n en el \u00e1rea de administraci\u00f3n, fue la antes mencionada, con Evita en la responsabilidad superior y acompa\u00f1ada por las personas se\u00f1aladas. Esto fue as\u00ed hasta 1952.<\/span><\/p>\n<p style=\"background-color: #ffffff; line-height: 13.5pt; margin: 0pt; text-align: justify; text-indent: 18pt;\"><span style=\"font-family: Verdana; font-size: 10pt;\">Despu\u00e9s de su muerte fue constituido un Consejo de Administraci\u00f3n, con nueve miembros, cinco de ellos obreros y cuatro funcionarios del Estado Nacional, que fue quien se ocup\u00f3 de la conducci\u00f3n general de la instituci\u00f3n, reportando a Per\u00f3n como jefe supremo del Movimiento Peronista, como presidente de <\/span><span style=\"font-family: Verdana; font-size: 10pt;\">la Naci\u00f3n<\/span><span style=\"font-family: Verdana; font-size: 10pt;\"> y como jefe del Movimiento Nacional. Posteriormente Per\u00f3n design\u00f3 como Director General de la instituci\u00f3n al teniente coronel Alberto Bola\u00f1os.<\/span><\/p>\n<p style=\"background-color: #ffffff; margin: 0pt; text-align: justify; text-indent: 18pt;\"><span style=\"font-family: Verdana; font-size: 10pt;\">\u00a0<\/span><\/p>\n<p style=\"background-color: #ffffff; margin: 0pt; text-align: justify; text-indent: 18pt;\"><span style=\"font-family: Verdana; font-size: 10pt;\">Ese Consejo de Administraci\u00f3n era el responsable del siguiente organigrama de funciones seg\u00fan las \u00e1reas:<\/span><\/p>\n<p style=\"background-color: #ffffff; margin: 0pt; text-align: justify; text-indent: 18pt;\"><span style=\"font-family: Verdana; font-size: 10pt;\">\u00a0<\/span><\/p>\n<p style=\"background-color: #ffffff; margin: 0pt; text-align: justify; text-indent: 18pt;\"><span style=\"font-family: Verdana; font-size: 10pt; font-weight: bold;\">Consejo de Administraci\u00f3n<\/span><\/p>\n<p style=\"background-color: #ffffff; margin: 0pt; text-align: justify; text-indent: 18pt;\"><span style=\"font-family: Verdana; font-size: 10pt; font-weight: bold;\">Secretar\u00eda General Asesor\u00eda Letrada<\/span><\/p>\n<p style=\"background-color: #ffffff; margin: 0pt; text-align: justify; text-indent: 18pt;\"><span style=\"font-family: Verdana; font-size: 10pt; font-weight: bold;\">Despacho General<\/span><\/p>\n<p style=\"background-color: #ffffff; margin: 0pt; text-align: justify; text-indent: 18pt;\"><span style=\"font-family: Verdana; font-size: 10pt; font-weight: bold;\">Mesa de entradas y archivo<\/span><\/p>\n<p style=\"background-color: #ffffff; margin: 0pt; text-align: justify; text-indent: 18pt;\"><span style=\"font-family: Verdana; font-size: 10pt; font-weight: bold;\">Personal<\/span><\/p>\n<p style=\"background-color: #ffffff; margin: 0pt; text-align: justify; text-indent: 18pt;\"><span style=\"font-family: Verdana; font-size: 10pt; font-weight: bold;\">Departamento de Abastecimientos Divisi\u00f3n Proveedur\u00edas<\/span><\/p>\n<p style=\"background-color: #ffffff; margin: 0pt; text-align: justify; text-indent: 18pt;\"><span style=\"font-family: Verdana; font-size: 10pt; font-weight: bold;\">Divisi\u00f3n Transportes<\/span><\/p>\n<p style=\"background-color: #ffffff; margin: 0pt; text-align: justify; text-indent: 18pt;\"><span style=\"font-family: Verdana; font-size: 10pt; font-weight: bold;\">Divisi\u00f3n Automotores<\/span><\/p>\n<p style=\"background-color: #ffffff; margin: 0pt; text-align: justify; text-indent: 18pt;\"><span style=\"font-family: Verdana; font-size: 10pt; font-weight: bold;\">Departamento de Asistencia M\u00e9dico\u2013Social-Secretar\u00eda de Asistencia<\/span><\/p>\n<p style=\"background-color: #ffffff; margin: 0pt; text-align: justify; text-indent: 18pt;\"><span style=\"font-family: Verdana; font-size: 10pt; font-weight: bold;\">M\u00e9dica<\/span><\/p>\n<p style=\"background-color: #ffffff; margin: 0pt; text-align: justify; text-indent: 18pt;\"><span style=\"font-family: Verdana; font-size: 10pt; font-weight: bold;\">Secretar\u00eda de Protecci\u00f3n Social<\/span><\/p>\n<p style=\"background-color: #ffffff; margin: 0pt; text-align: justify; text-indent: 18pt;\"><span style=\"font-family: Verdana; font-size: 10pt; font-weight: bold;\">Secretar\u00eda de Turismo y Vacaciones<\/span><\/p>\n<p style=\"background-color: #ffffff; margin: 0pt; text-align: justify; text-indent: 18pt;\"><span style=\"font-family: Verdana; font-size: 10pt; font-weight: bold;\">Secretar\u00eda de Deportes<\/span><\/p>\n<p style=\"background-color: #ffffff; margin: 0pt; text-align: justify; text-indent: 18pt;\"><span style=\"font-family: Verdana; font-size: 10pt; font-weight: bold;\">Departamento de Construcciones<\/span><\/p>\n<p style=\"background-color: #ffffff; margin: 0pt; text-align: justify; text-indent: 18pt;\"><span style=\"font-family: Verdana; font-size: 10pt; font-weight: bold;\">Departamento de Educaci\u00f3n<\/span><\/p>\n<p style=\"background-color: #ffffff; margin: 0pt; text-align: justify; text-indent: 18pt;\"><span style=\"font-family: Verdana; font-size: 10pt; font-weight: bold;\">Tesorer\u00eda General<\/span><\/p>\n<p style=\"background-color: #ffffff; margin: 0pt; text-align: justify; text-indent: 18pt;\"><span style=\"font-family: Verdana; font-size: 10pt; font-weight: bold;\">\u00a0<\/span><\/p>\n<p style=\"background-color: #ffffff; margin: 0pt; text-align: justify; text-indent: 18pt;\"><span style=\"font-family: Verdana; font-size: 10pt; font-weight: bold;\">\u00a0<\/span><\/p>\n<p style=\"background-color: #ffffff; margin: 0pt; text-align: justify;\"><span style=\"font-family: Verdana; font-size: 10pt; font-weight: bold;\">El financiamiento<\/span><\/p>\n<p style=\"background-color: #ffffff; margin: 0pt; text-align: justify;\"><span style=\"font-family: Verdana; font-size: 10pt; font-weight: bold;\">\u00a0<\/span><\/p>\n<p style=\"background-color: #ffffff; margin: 0pt; text-align: justify;\"><span style=\"font-family: Verdana; font-size: 10pt; font-weight: bold;\">\u00a0<\/span><\/p>\n<table>\n<tbody>\n<tr>\n<td>\n<p style=\"background-color: #ffffff; margin: 0pt; text-align: justify;\"><span style=\"color: #000046; font-family: Verdana; font-size: 10pt; font-weight: bold;\">Testimonio de Per\u00f3n:<\/span><\/p>\n<p style=\"background-color: #ffffff; margin: 0pt; text-align: justify;\"><span style=\"color: #000046; font-family: Verdana; font-size: 10pt; font-weight: bold;\">\u00a0<\/span><\/p>\n<p style=\"background-color: #ffffff; margin: 0pt; text-align: justify;\"><span style=\"color: #000046; font-family: Verdana; font-size: 10pt; font-style: italic; font-weight: bold;\">\u201cMi mujer decidi\u00f3 dedicarse a la asistencia social y se instal\u00f3 en el Ministerio de Trabajo, del que era titular Jos\u00e9 Mar\u00eda Freire. Su competencia era distinta; Eva interven\u00eda en los casos, que eran infinitos, que escapaban al control y a la actividad del Ministro. Naci\u00f3 as\u00ed <\/span><span style=\"color: #000046; font-family: Verdana; font-size: 10pt; font-style: italic; font-weight: bold;\">la Fundaci\u00f3n Eva<\/span><span style=\"color: #000046; font-family: Verdana; font-size: 10pt; font-style: italic; font-weight: bold;\"> Per\u00f3n, un organismo para la ayuda social de ni\u00f1os, muchachos, hombres, mujeres y ancianos creando asilos, escuelas, cl\u00ednicas, ambulancias y preventorios a los que el pueblo acud\u00eda sin ning\u00fan desembolso. Para los primeros fondos Eva recurri\u00f3 a m\u00ed.<\/span><\/p>\n<p style=\"background-color: #ffffff; margin: 0pt; text-align: justify;\"><span style=\"color: #000046; font-family: Verdana; font-size: 10pt; font-style: italic; font-weight: bold;\">Una noche, en la mesa me expuso su programa. Parec\u00eda una m\u00e1quina de calcular. Por fin, le di mi consentimiento. Le pregunt\u00e9: -\u00bfY el dinero?- Es simple -dijo- comenzar\u00e9 con el tuyo- \u00bfCon el m\u00edo? \u2013le dije- \u00bfY cual? \u2013Tu sueldo de presidente.<\/span><\/p>\n<p style=\"background-color: #ffffff; margin: 0pt; text-align: justify;\"><span style=\"color: #000046; font-family: Verdana; font-size: 10pt; font-style: italic; font-weight: bold;\">El primer decreto de ley de protecci\u00f3n a <\/span><span style=\"color: #000046; font-family: Verdana; font-size: 10pt; font-style: italic; font-weight: bold;\">la Fundaci\u00f3n<\/span><span style=\"color: #000046; font-family: Verdana; font-size: 10pt; font-style: italic; font-weight: bold;\"> fue creado por mi mujer en la mesa; no estaba lleno de art\u00edculos, pero fue m\u00e1s dr\u00e1stico que cualquier ley escrita.\u201d<\/span><span style=\"color: #000046; font-family: Verdana; font-size: 10pt; font-style: italic; font-weight: bold;\">\u00a0<\/span><span style=\"color: #000046; font-family: Verdana; font-size: 10pt; font-weight: bold;\">(1)<\/span><\/p>\n<\/td>\n<\/tr>\n<\/tbody>\n<\/table>\n<p style=\"background-color: #ffffff; margin: 0pt; text-align: justify;\"><span style=\"color: #00005c; font-family: Verdana; font-size: 10pt; font-weight: bold;\">\u00a0<\/span><\/p>\n<p style=\"background-color: #ffffff; margin: 0pt; text-align: justify;\"><span style=\"font-family: Verdana; font-size: 10pt;\">\u00a0<\/span><\/p>\n<p style=\"background-color: #ffffff; margin: 0pt; text-align: justify; text-indent: 18pt;\"><span style=\"font-family: Verdana; font-size: 10pt;\">\u00bfCon que fondos se financiaba la actividad de <\/span><span style=\"font-family: Verdana; font-size: 10pt;\">la Fundaci\u00f3n Eva<\/span><span style=\"font-family: Verdana; font-size: 10pt;\"> Per\u00f3n? Esta es una de las cuestiones claves que hacen al sentido m\u00e1s revolucionario de la instituci\u00f3n.<\/span><\/p>\n<p style=\"background-color: #ffffff; margin: 0pt; text-align: justify; text-indent: 18pt;\"><span style=\"font-family: Verdana; font-size: 10pt;\">Tres grandes fundamentos hacen a la justificaci\u00f3n de c\u00f3mo se obten\u00edan estos recursos.<\/span><\/p>\n<p style=\"background-color: #ffffff; margin: 0pt; text-align: justify; text-indent: 18pt;\"><span style=\"font-family: Verdana; font-size: 10pt;\">\u00a0<\/span><span style=\"font-family: Verdana; font-size: 10pt;\">Uno hace directamente a la restituci\u00f3n de bienes por parte de los que m\u00e1s tienen a los que menos tienen. As\u00ed, un empresario que ha acumulado bienes y capitales que lo colocan a una enorme distancia de los m\u00e1s pobres, es puesto frente a la situaci\u00f3n de aportar dinero de sus ganancias para solventar las acciones de <\/span><span style=\"font-family: Verdana; font-size: 10pt;\">la Fundaci\u00f3n. Muchos<\/span><span style=\"font-family: Verdana; font-size: 10pt;\"> lo comprendieron, a\u00fan a rega\u00f1adientes. Otros se negaron rotundamente y pasaron a formar parte de los que despu\u00e9s de ca\u00eddo el peronismo, hablaban de que se les obligaba o compel\u00edan o se le exig\u00edan las contribuciones. Nunca dijeron ni dir\u00e1n cuanta riqueza hab\u00edan acumulado, ni cuanta pobreza hab\u00edan provocado. Para ellos solamente contaba que alguien, Evita y una instituci\u00f3n, <\/span><span style=\"font-family: Verdana; font-size: 10pt;\">la Fundaci\u00f3n<\/span><span style=\"font-family: Verdana; font-size: 10pt;\">, les pon\u00eda las cosas en claro y eso no lo toleraban.<\/span><\/p>\n<p style=\"background-color: #ffffff; margin: 0pt; text-align: justify; text-indent: 18pt;\"><span style=\"font-family: Verdana; font-size: 10pt;\">No obstante y con alguna de estas objeciones y trabas, el aporte empresario fue muy importante.<\/span><\/p>\n<p style=\"background-color: #ffffff; margin: 0pt; text-align: justify; text-indent: 18pt;\"><span style=\"font-family: Verdana; font-size: 10pt;\">\u00a0<\/span><\/p>\n<p style=\"background-color: #ffffff; margin: 0pt; text-align: justify; text-indent: 18pt;\"><span style=\"font-family: Verdana; font-size: 10pt;\">El segundo fundamento hace al cometido que debe tener un Estado moderno. Ya hemos dicho algunas cosas. Baste resumirlas con que el Estado, o apoya con todos sus recursos a las instituciones libres del pueblo en la realizaci\u00f3n de la justicia social y de la verdadera libertad de los hombres, o sigue persistiendo como el Estado ego\u00edsta que hemos conocido al servicio de los peores intereses. En el caso de <\/span><span style=\"font-family: Verdana; font-size: 10pt;\">la Fundaci\u00f3n<\/span><span style=\"font-family: Verdana; font-size: 10pt;\"> procedi\u00f3 del primer modo.<\/span><\/p>\n<p style=\"background-color: #ffffff; margin: 0pt; text-align: justify; text-indent: 18pt;\"><span style=\"font-family: Verdana; font-size: 10pt;\">\u00a0<\/span><\/p>\n<p style=\"margin: 0pt; text-indent: 18pt; background-color: #ffffff;\"><span style=\"font-family: Verdana; font-size: 10pt;\">El tercer fundamento hace a la solidaridad social entre los propios humildes. Esto es, compartir y saber ceder lo poco o mucho que tenemos, en beneficio del conjunto. Por eso los trabajadores donaban dos jornales completos por a\u00f1o. Entre otras muchas cosas.<\/span><\/p>\n<p>&nbsp;<\/p>\n<p><span style=\"font-size: 10pt;\"><strong><span style=\"font-family: verdana, geneva, sans-serif;\">\u00abDar hasta que duela y cuando duela dar todav\u00eda m\u00e1s\u00bb<\/span><\/strong><\/span><\/p>\n<p><span style=\"font-size: 10pt;\"><strong><span style=\"font-family: verdana, geneva, sans-serif;\">Madre Teresa de Calcuta<\/span><\/strong><\/span><\/p>\n<p style=\"margin: 0pt; text-indent: 18pt; background-color: #ffffff;\"><span style=\"font-size: 10pt;\"><strong><span style=\"font-family: verdana, geneva, sans-serif;\">\u00a0<\/span><\/strong><\/span><\/p>\n<\/div>\n<div>\n<p style=\"margin: 0pt; text-indent: 18pt; text-align: center; background-color: #ffffff;\"><span style=\"font-family: Verdana; font-size: 10pt;\">\u00a0<\/span><\/p>\n<p style=\"background-color: #ffffff; margin: 0pt; text-align: justify; text-indent: 18pt;\"><span style=\"font-family: Verdana; font-size: 10pt;\">En cuanto al primero de los aportes, el de las empresas, cabe solamente decir que un principio de equidad, enraizado en lo m\u00e1s profundo del pensamiento cristiano, justifica que quien m\u00e1s tiene deba aportar a los que menos tienen. As\u00ed se hizo y por m\u00faltiples mecanismos y modos de solicitud, <\/span><span style=\"font-family: Verdana; font-size: 10pt;\">la Fundaci\u00f3n<\/span><span style=\"font-family: Verdana; font-size: 10pt;\"> y muchas veces personalmente Evita, solicitaron el aporte de capitales y bienes a las empresas.<\/span><\/p>\n<p style=\"background-color: #ffffff; margin: 0pt; text-align: justify; text-indent: 18pt;\"><span style=\"font-family: Verdana; font-size: 10pt;\">\u00a0<\/span><\/p>\n<p style=\"background-color: #ffffff; margin: 0pt; text-align: justify; text-indent: 18pt;\"><span style=\"font-family: Verdana; font-size: 10pt;\">Respecto del aporte y apoyo del Estado, este se materializ\u00f3 con innumerables mecanismos que pon\u00edan sus recursos al servicio de <\/span><span style=\"font-family: Verdana; font-size: 10pt;\">la Fundaci\u00f3n. Al<\/span><span style=\"font-family: Verdana; font-size: 10pt;\"> terminar estos p\u00e1rrafos daremos un resumen de todos ellos.<\/span><\/p>\n<p style=\"background-color: #ffffff; margin: 0pt; text-align: justify; text-indent: 18pt;\"><span style=\"font-family: Verdana; font-size: 10pt;\">\u00a0<\/span><\/p>\n<p style=\"background-color: #ffffff; margin: 0pt; text-align: justify; text-indent: 18pt;\"><span style=\"font-family: Verdana; font-size: 10pt;\">Pero lo m\u00e1s importante fue el aporte de los trabajadores, tanto en porcentaje sobre el total de las contribuciones, como por la trascendencia que signific\u00f3 la solidaridad social puesta de manifiesto por la clase trabajadora hacia sus hermanos.<\/span><\/p>\n<p style=\"background-color: #ffffff; margin: 0pt; text-align: justify; text-indent: 18pt;\"><span style=\"font-family: Verdana; font-size: 10pt;\">\u00a0<\/span><\/p>\n<p style=\"background-color: #ffffff; margin: 0pt; text-align: justify; text-indent: 18pt;\"><span style=\"font-family: Verdana; font-size: 10pt;\">\u00a0<\/span><\/p>\n<table>\n<tbody>\n<tr>\n<td><span style=\"color: #000046; font-family: Verdana; font-size: 10pt; font-weight: bold;\">Es altamente significativo y en concordancia con lo dicho previamente, que, seg\u00fan lo apuntan Marysa Navarro (2) y N\u00e9stor Ferioli, (3) aproximadamente el 70% de los aportes proven\u00edan de los propios trabajadores y se transformaban en recursos de <\/span><span style=\"color: #000046; font-family: Verdana; font-size: 10pt; font-weight: bold;\">la Fundaci\u00f3n. Estos<\/span><span style=\"color: #000046; font-family: Verdana; font-size: 10pt; font-weight: bold;\"> a su vez, eran devueltos a la comunidad en bienes y servicios, con lo cual los ingresos iniciales de aquellos trabajadores resultaban incrementados.<\/span><\/td>\n<\/tr>\n<\/tbody>\n<\/table>\n<p style=\"background-color: #ffffff; margin: 0pt; text-align: justify; text-indent: 18pt;\"><span style=\"font-family: Verdana; font-size: 10pt;\">\u00a0<\/span><\/p>\n<p>&nbsp;<\/p>\n<\/div>\n<div>\n<p>&nbsp;<\/p>\n<p style=\"background-color: #ffffff; margin: 0pt; text-align: justify; text-indent: 18pt;\"><img decoding=\"async\" class=\"aligncenter size-full wp-image-6419\" src=\"https:\/\/historiadelperonismo.com\/wp-content\/uploads\/558f203e064d4_img.jpeg\" alt=\"558f203e064d4_img\" width=\"564\" height=\"336\" srcset=\"https:\/\/historiadelperonismo.com\/wp-content\/uploads\/558f203e064d4_img.jpeg 564w, https:\/\/historiadelperonismo.com\/wp-content\/uploads\/558f203e064d4_img-300x179.jpeg 300w, https:\/\/historiadelperonismo.com\/wp-content\/uploads\/558f203e064d4_img-245x146.jpeg 245w, https:\/\/historiadelperonismo.com\/wp-content\/uploads\/558f203e064d4_img-50x30.jpeg 50w\" sizes=\"(max-width: 564px) 100vw, 564px\" \/><\/p>\n<p style=\"background-color: #ffffff; margin: 0pt; text-align: center; text-indent: 18pt;\"><span style=\"font-family: 'Times New Roman'; font-size: 12pt;\">\u00a0<\/span><\/p>\n<p style=\"background-color: #ffffff; margin: 0pt; text-align: center; text-indent: 18pt;\"><span style=\"font-family: 'Times New Roman'; font-size: 12pt;\">\u00a0<\/span><\/p>\n<p style=\"background-color: #ffffff; margin: 0pt; text-align: center; text-indent: 18pt;\"><img loading=\"lazy\" decoding=\"async\" class=\"aligncenter size-full wp-image-6420\" src=\"https:\/\/historiadelperonismo.com\/wp-content\/uploads\/558f203e066cd_img.jpeg\" alt=\"558f203e066cd_img\" width=\"566\" height=\"349\" srcset=\"https:\/\/historiadelperonismo.com\/wp-content\/uploads\/558f203e066cd_img.jpeg 566w, https:\/\/historiadelperonismo.com\/wp-content\/uploads\/558f203e066cd_img-300x185.jpeg 300w, https:\/\/historiadelperonismo.com\/wp-content\/uploads\/558f203e066cd_img-237x146.jpeg 237w, https:\/\/historiadelperonismo.com\/wp-content\/uploads\/558f203e066cd_img-50x31.jpeg 50w\" sizes=\"(max-width: 566px) 100vw, 566px\" \/><\/p>\n<p style=\"background-color: #ffffff; margin: 0pt; text-align: center; text-indent: 18pt;\"><span style=\"font-family: 'Times New Roman'; font-size: 12pt;\">\u00a0<\/span><\/p>\n<p style=\"background-color: #ffffff; margin: 0pt; text-align: center; text-indent: 18pt;\"><span style=\"font-family: Verdana; font-size: 10pt; font-weight: bold;\">Ciudad Estudiantil en la ciudad de Buenos Aires<\/span><\/p>\n<p style=\"background-color: #ffffff; margin: 0pt; text-align: center; text-indent: 18pt;\"><span style=\"font-family: Verdana; font-size: 10pt; font-weight: bold;\">Dos fotogramas de la pel\u00edcula \u201cPer\u00f3n sinfon\u00eda del sentimiento\u201d, de Leonardo Favio<\/span><\/p>\n<p style=\"background-color: #ffffff; margin: 0pt; text-align: center; text-indent: 18pt;\"><span style=\"font-family: 'Times New Roman'; font-size: 12pt; font-weight: bold;\">\u00a0<\/span><\/p>\n<p style=\"background-color: #ffffff; margin: 0pt; text-align: center; text-indent: 18pt;\"><span style=\"font-family: Verdana; font-size: 10pt;\">\u00a0<\/span><\/p>\n<p style=\"background-color: #ffffff; margin: 0pt; text-align: justify; text-indent: 18pt;\"><span style=\"font-family: Verdana; font-size: 10pt;\">\u00a0<\/span><\/p>\n<p style=\"background-color: #ffffff; margin: 0pt; text-align: justify;\"><span style=\"font-family: Verdana; font-size: 10pt; font-weight: bold;\">\u00bfCual era la finalidad de todas las contribuciones que <\/span><span style=\"font-family: Verdana; font-size: 10pt; font-weight: bold;\">la Fundaci\u00f3n<\/span><span style=\"font-family: Verdana; font-size: 10pt; font-weight: bold;\"> pon\u00eda en manos del pueblo?<\/span><\/p>\n<p style=\"background-color: #ffffff; margin: 0pt; text-align: justify;\"><span style=\"font-family: Verdana; font-size: 10pt; font-weight: bold;\">M\u00e1s salarios<\/span><\/p>\n<p style=\"background-color: #ffffff; margin: 0pt 0pt 12pt; text-align: justify;\"><span style=\"font-family: Verdana; font-size: 10pt; font-weight: bold;\">M\u00e1s dignidad<\/span><\/p>\n<p style=\"background-color: #ffffff; margin: 0pt; text-align: right;\"><span style=\"font-family: Verdana; font-size: 10pt; font-weight: bold;\">\u00a0<\/span><span style=\"font-family: Verdana; font-size: 10pt; font-weight: bold;\">\u00a0<\/span><\/p>\n<p style=\"background-color: #ffffff; margin: 0pt; text-align: center;\"><span style=\"font-family: Verdana; font-size: 10pt; font-weight: bold;\">\u00a0<\/span><\/p>\n<p><img loading=\"lazy\" decoding=\"async\" class=\"aligncenter size-full wp-image-7064\" src=\"https:\/\/historiadelperonismo.com\/wp-content\/uploads\/EVA.png\" alt=\"EVA\" width=\"793\" height=\"362\" srcset=\"https:\/\/historiadelperonismo.com\/wp-content\/uploads\/EVA.png 793w, https:\/\/historiadelperonismo.com\/wp-content\/uploads\/EVA-300x137.png 300w, https:\/\/historiadelperonismo.com\/wp-content\/uploads\/EVA-768x351.png 768w, https:\/\/historiadelperonismo.com\/wp-content\/uploads\/EVA-260x119.png 260w, https:\/\/historiadelperonismo.com\/wp-content\/uploads\/EVA-50x23.png 50w, https:\/\/historiadelperonismo.com\/wp-content\/uploads\/EVA-576x263.png 576w\" sizes=\"(max-width: 793px) 100vw, 793px\" \/><\/p>\n<p style=\"margin: 0pt; text-align: center; background-color: #ffffff;\"><span style=\"font-family: Verdana; font-size: 10pt; font-weight: bold;\">\u00a0<\/span><\/p>\n<table>\n<tbody>\n<tr>\n<td>\n<p style=\"background-color: #ffffff; margin: 0pt; text-align: justify;\"><span style=\"color: #000046; font-family: Verdana; font-size: 10pt; font-weight: bold;\">Justicia Social distributiva y atributiva:<\/span><\/p>\n<p style=\"background-color: #ffffff; margin: 0pt; text-align: justify;\"><span style=\"color: #000046; font-family: Verdana; font-size: 10pt; font-weight: bold;\">\u00a0<\/span><\/p>\n<p style=\"background-color: #ffffff; margin: 0pt; text-align: justify;\"><span style=\"color: #000046; font-family: Verdana; font-size: 10pt; font-weight: bold;\">En el Justicialismo <\/span><span style=\"color: #000046; font-family: Verdana; font-size: 10pt; font-weight: bold;\">la Justicia Social<\/span><span style=\"color: #000046; font-family: Verdana; font-size: 10pt; font-weight: bold;\"> no solo atiende al objetivo de distribuir equitativamente los bienes y servicios para elevar el nivel de vida del pueblo. Tambi\u00e9n incorpora el concepto de justicia social atributiva, esto es, lo que se le da al pueblo es porque este lo merece. El pueblo tiene esa atribuci\u00f3n, recibir lo que le corresponde porque tiene ese derecho y que tanto y tanto se le ha negado. El pueblo es digno de la justicia. Es una justicia plena.<\/span><\/p>\n<\/td>\n<\/tr>\n<\/tbody>\n<\/table>\n<p style=\"background-color: #ffffff; margin: 0pt; text-align: center;\"><span style=\"font-family: Verdana; font-size: 10pt; font-weight: bold;\">\u00a0<\/span><\/p>\n<p style=\"background-color: #ffffff; margin: 0pt; text-align: justify;\"><span style=\"font-family: Verdana; font-size: 10pt; font-weight: bold;\">\u00a0<\/span><\/p>\n<p style=\"background-color: #ffffff; margin: 0pt; text-align: justify;\"><span style=\"font-family: Verdana; font-size: 10pt;\">\u00a0<\/span><\/p>\n<p style=\"background-color: #ffffff; margin: 0pt; text-align: justify; text-indent: 18pt;\"><span style=\"font-family: Verdana; font-size: 10pt;\">Cuando se habla de salario, pudiera ser que la definici\u00f3n empezara y terminase en el monto de dinero que una persona recibe por su trabajo, independientemente del monto de que se trate. Sin embargo el justicialismo incorpora un nuevo concepto a la definici\u00f3n que est\u00e1 en juego. Un concepto ciertamente revolucionario, porque implica nada m\u00e1s y nada menos que la incorporaci\u00f3n del Estado y de una instituci\u00f3n libre y popular en la escena de la justicia social y del bienestar de la comunidad. No como lo concibe el liberalismo<\/span><span style=\"font-family: Verdana; font-size: 10pt;\">\u00a0<\/span><span style=\"font-family: Verdana; font-size: 10pt; font-style: italic; font-weight: bold;\">\u201cdejando hacer a las fuerzas del mercado\u201d,<\/span><span style=\"font-family: Verdana; font-size: 10pt;\">\u00a0<\/span><span style=\"font-family: Verdana; font-size: 10pt;\">sino aportando activamente todos los recursos posibles para acrecentar ese bienestar.<\/span><\/p>\n<p style=\"background-color: #ffffff; margin: 0pt; text-align: justify; text-indent: 18pt;\"><span style=\"font-family: Verdana; font-size: 10pt;\">Los bienes y servicios que <\/span><span style=\"font-family: Verdana; font-size: 10pt;\">la Fundaci\u00f3n<\/span><span style=\"font-family: Verdana; font-size: 10pt;\"> aportaba, con el apoyo del Estado, significaban un complemento al salario, un plus al mismo, un agregado, algo que sumaba. Salud garantizada y de excelencia, viviendas, educaci\u00f3n, recreaci\u00f3n y descanso, alimentaci\u00f3n, ya sean gratuitos o a muy bajo costo sin resentir su calidad. Todos son agregados al salario que percibe un trabajador en su empleo y permiten una sustancial elevaci\u00f3n de su nivel de vida.<\/span><span style=\"font-family: Verdana; font-size: 10pt;\">\u00a0<\/span><span style=\"font-family: Verdana; font-size: 10pt; font-weight: bold;\">De una vida m\u00e1s digna<\/span><span style=\"font-family: Verdana; font-size: 10pt;\">.<\/span><\/p>\n<p style=\"background-color: #ffffff; margin: 0pt; text-align: justify; text-indent: 18pt;\"><span style=\"font-family: Verdana; font-size: 10pt;\">Puede pensarse que eran parte de una pol\u00edtica de subsidios. Nada m\u00e1s alejado de la realidad. Uno de los principales valores del justicialismo es el trabajo, por la dignidad que implica trabajar. El subsidio, si forma parte de una pol\u00edtica econ\u00f3mica que no tiene por objetivo el pleno empleo, denigra el valor del trabajo y promueve una conciencia negativa respecto del mismo. Aplaca la necesidad de trabajar e impulsa a las personas a vivir de un subsidio.<\/span><\/p>\n<p style=\"background-color: #ffffff; margin: 0pt; text-align: justify; text-indent: 18pt;\"><span style=\"font-family: Verdana; font-size: 10pt;\">En el peronismo, no es que no hubiese subsidios. De hecho los hab\u00eda, por ejemplo las pensiones a la vejez y a las incapacidades que <\/span><span style=\"font-family: Verdana; font-size: 10pt;\">la Fundaci\u00f3n<\/span><span style=\"font-family: Verdana; font-size: 10pt;\"> otorgaba.<\/span><span style=\"font-family: Verdana; font-size: 10pt;\">\u00a0<\/span><span style=\"font-family: Verdana; font-size: 10pt; font-weight: bold;\">Pero hab\u00eda pleno empleo. No exist\u00eda la desocupaci\u00f3n<\/span><span style=\"font-family: Verdana; font-size: 10pt;\">. Luego de asegurar esta condici\u00f3n econ\u00f3mica-social, se agregaban todas las pol\u00edticas sociales dentro de las cuales <\/span><span style=\"font-family: Verdana; font-size: 10pt;\">la Fundaci\u00f3n<\/span><span style=\"font-family: Verdana; font-size: 10pt;\"> cumpl\u00eda un rol esencial y primordial.<\/span><\/p>\n<p style=\"background-color: #ffffff; margin: 0pt; text-align: justify; text-indent: 18pt;\"><span style=\"font-family: Verdana; font-size: 10pt;\">La Fundaci\u00f3n<\/span><span style=\"font-family: Verdana; font-size: 10pt;\">, actu\u00f3 desde el primer instante del gobierno justicialista en auxilio de los m\u00e1s necesitados que requer\u00edan de su ayuda con urgencia. Al mismo tiempo el gobierno fund\u00f3 y puso en marcha el plan econ\u00f3mico que inmediatamente ocup\u00f3 toda la mano de obra desocupada. Esto fue lo fundamental. Asegur\u00f3 la condici\u00f3n de pleno empleo y atendiendo simult\u00e1neamente lo m\u00e1s urgente, dise\u00f1o toda la obra de <\/span><span style=\"font-family: Verdana; font-size: 10pt;\">la Fundaci\u00f3n<\/span><span style=\"font-family: Verdana; font-size: 10pt;\"> para asegurar el mejor nivel de vida posible y poder cumplir con las metas de la justicia social.<\/span><\/p>\n<p style=\"background-color: #ffffff; margin: 0pt; text-align: justify; text-indent: 18pt;\"><span style=\"font-family: Verdana; font-size: 16pt;\">\u00a0<\/span><\/p>\n<p style=\"background-color: #ffffff; margin: 0pt; text-align: justify; text-indent: 18pt;\"><span style=\"font-family: Verdana; font-size: 10pt;\">Hoy, desgraciadamente, en <\/span><span style=\"font-family: Verdana; font-size: 10pt;\">la Argentina<\/span><span style=\"font-family: Verdana; font-size: 10pt;\"> hay millones de personas subsidiadas. Muchos viven solo de esos ingresos. Con cerca de 3,0 millones de desocupados y subocupados, el 16 % de la fuerza laboral entre ambos seg\u00fan el propio INDEC, (dato absolutamente impugnado por universidades, mediciones oficiales de las<\/span><span style=\"font-family: Verdana; font-size: 10pt;\">\u00a0<\/span><span style=\"font-family: Verdana; font-size: 10pt;\"> provincias, estudios privados, llamativamente por legisladores y funcionarios oficiales del gobierno y por la realidad misma, por lo cual hay que m\u00ednimamente duplicarlo)<\/span><span style=\"font-family: Verdana; font-size: 10pt;\">\u00a0<\/span><span style=\"font-family: Verdana; font-size: 10pt; font-weight: bold;\">(4)<\/span><span style=\"font-family: Verdana; font-size: 10pt;\">\u00a0<\/span><span style=\"font-family: Verdana; font-size: 10pt;\">donde los subsidiados tambi\u00e9n suman millones y, de los que tienen trabajo, cerca del 40%, unos 4,5 millones de ellos, no est\u00e1n registrados, es decir est\u00e1n<\/span><span style=\"font-family: Verdana; font-size: 10pt;\">\u00a0<\/span><span style=\"font-family: Verdana; font-size: 10pt; font-weight: bold;\">\u201cen negro\u201d<\/span><span style=\"font-family: Verdana; font-size: 10pt;\">, con trabajo precario. Por lo tanto, gran parte de los trabajadores argentinos est\u00e1n, o en condiciones de semi-esclavitud, o est\u00e1n atados al clientelismo pol\u00edtico, por cuanto los subsidios, ya sea en planes para jefes de familia o como los llamados Argentina Trabaja (<\/span><span style=\"font-family: Verdana; font-size: 10pt; font-weight: bold;\">que justo es que existan<\/span><span style=\"font-family: Verdana; font-size: 10pt;\">), dependen exclusivamente de la relaci\u00f3n que tengan los beneficiados con los llamados \u201cpunteros pol\u00edticos\u201d en cada zona. La cultura del trabajo, ausente, porque prevalece lo clientelar para obtener un subsidio y porque no existe un proyecto econ\u00f3mico industrial, tecnol\u00f3gico y agropecuario de envergadura y en el marco de un proyecto nacional (donde est\u00e9n todos, no algunos) que asegure el<\/span><span style=\"font-family: Verdana; font-size: 10pt;\">\u00a0<\/span><span style=\"font-family: Verdana; font-size: 10pt; font-weight: bold;\">pleno empleo<\/span><span style=\"font-family: Verdana; font-size: 10pt;\">, por m\u00e1s que se declame, se diga y se repita sobre la existencia de un modelo, salvo que se pretenda por tal el de la concentraci\u00f3n y el de la expulsi\u00f3n de la mano de obra.<\/span><\/p>\n<p style=\"background-color: #ffffff; margin: 0pt; text-align: justify; text-indent: 18pt;\"><span style=\"font-family: Verdana; font-size: 10pt;\">\u00a0<\/span><\/p>\n<p style=\"background-color: #ffffff; margin: 0pt; text-align: justify; text-indent: 18pt;\"><span style=\"font-family: Verdana; font-size: 10pt;\">La pol\u00edtica de subsidiar y subsidiar es similar a las<\/span><span style=\"font-family: Verdana; font-size: 10pt;\">\u00a0<\/span><span style=\"font-family: Verdana; font-size: 10pt; font-weight: bold;\">pol\u00edticas socialdem\u00f3cratas de la decadente Europa,<\/span><span style=\"font-family: Verdana; font-size: 10pt;\">\u00a0<\/span><span style=\"font-family: Verdana; font-size: 10pt;\">donde la cultura del subsidio est\u00e1 absolutamente arraigada en el modo de vivir de muchos pa\u00edses. Y sino, baste revisar los \u00edndices de desocupaci\u00f3n hist\u00f3rica de varios de ellos.<\/span><\/p>\n<p style=\"background-color: #ffffff; margin: 0pt; text-align: justify; text-indent: 18pt;\"><span style=\"font-family: Verdana; font-size: 10pt;\">En <\/span><span style=\"font-family: Verdana; font-size: 10pt;\">la Argentina<\/span><span style=\"font-family: Verdana; font-size: 10pt;\"> de Per\u00f3n y de Evita, por el contrario, se incentivaba la necesidad de trabajar y producir m\u00e1s, porque eso era dignificar a las personas y <\/span><span style=\"font-family: Verdana; font-size: 10pt;\">\u00a0<\/span><span style=\"font-family: Verdana; font-size: 10pt;\">adem\u00e1s no implicaba de ning\u00fan modo trabajar sin l\u00edmites ni normas (como hoy en <\/span><span style=\"font-family: Verdana; font-size: 10pt;\">la Argentina<\/span><span style=\"font-family: Verdana; font-size: 10pt;\"> donde las 8 horas reglamentarias y muchas leyes laborales pasaron al olvido). Eso era la cultura peronista. Hoy ausente.<\/span><\/p>\n<p style=\"background-color: #ffffff; margin: 0pt; text-align: justify; text-indent: 18pt;\"><span style=\"font-family: Verdana; font-size: 10pt; font-weight: bold;\">\u00a0<\/span><\/p>\n<p style=\"background-color: #ffffff; margin: 0pt; text-align: justify; text-indent: 18pt;\"><span style=\"font-family: Verdana; font-size: 10pt;\">\u00a0<\/span><\/p>\n<p style=\"background-color: #ffffff; margin: 0pt; text-align: justify;\"><span style=\"font-family: Verdana; font-size: 10pt; font-weight: bold;\">\u00bfDe d\u00f3nde ven\u00eda el dinero?<\/span><\/p>\n<p style=\"background-color: #ffffff; margin: 0pt; text-align: justify;\"><span style=\"font-family: Verdana; font-size: 10pt; font-weight: bold;\">\u00a0<\/span><\/p>\n<p style=\"background-color: #ffffff; margin: 0pt; text-align: justify; text-indent: 18pt;\"><span style=\"font-family: Verdana; font-size: 10pt;\">En un modo resumido y antes de aportar m\u00e1s detalles digamos que los recursos de <\/span><span style=\"font-family: Verdana; font-size: 10pt;\">la Fundaci\u00f3n<\/span><span style=\"font-family: Verdana; font-size: 10pt;\"> proven\u00edan de:<\/span><\/p>\n<p style=\"background-color: #ffffff; margin: 0pt; text-align: justify; text-indent: 18pt;\"><span style=\"font-family: Verdana; font-size: 10pt;\">\u00a0<\/span><\/p>\n<p style=\"background-color: #ffffff; margin: 0pt; text-align: justify; text-indent: 18pt;\"><span style=\"font-family: Verdana; font-size: 10pt; font-weight: bold;\">1. Aportes sindicales dictados por ley<\/span><\/p>\n<p style=\"background-color: #ffffff; margin: 0pt; text-align: justify; text-indent: 18pt;\"><span style=\"font-family: Verdana; font-size: 10pt; font-weight: bold;\">2. Donaciones espont\u00e1neas de trabajadores agremiados o asociados<\/span><\/p>\n<p style=\"background-color: #ffffff; margin: 0pt; text-align: justify; text-indent: 18pt;\"><span style=\"font-family: Verdana; font-size: 10pt; font-weight: bold;\">3. Porcentajes deducidos de determinados convenios colectivos de<\/span><\/p>\n<p style=\"background-color: #ffffff; margin: 0pt; text-align: justify; text-indent: 18pt;\"><span style=\"font-family: Verdana; font-size: 10pt; font-weight: bold;\">\u00a0<\/span><span style=\"font-family: Verdana; font-size: 10pt; font-weight: bold;\">\u00a0<\/span><span style=\"font-family: Verdana; font-size: 10pt; font-weight: bold;\">\u00a0<\/span><span style=\"font-family: Verdana; font-size: 10pt; font-weight: bold;\"> trabajo<\/span><\/p>\n<p style=\"background-color: #ffffff; margin: 0pt; text-align: justify; text-indent: 18pt;\"><span style=\"font-family: Verdana; font-size: 10pt; font-weight: bold;\">4. Subsidios estatales, nacionales, provinciales o municipales<\/span><\/p>\n<p style=\"background-color: #ffffff; margin: 0pt; text-align: justify; text-indent: 18pt;\"><span style=\"font-family: Verdana; font-size: 10pt; font-weight: bold;\">5. Donaciones y colaboraciones empresariales<\/span><\/p>\n<p style=\"background-color: #ffffff; margin: 0pt; text-align: justify; text-indent: 18pt;\"><span style=\"font-family: Verdana; font-size: 10pt; font-weight: bold;\">6. Donaciones particulares<\/span><\/p>\n<p style=\"background-color: #ffffff; margin: 0pt; text-align: justify; text-indent: 18pt;\"><span style=\"font-family: Verdana; font-size: 10pt; font-weight: bold;\">7. Recursos eventuales (5)<\/span><\/p>\n<p style=\"background-color: #ffffff; margin: 0pt; text-align: justify; text-indent: 18pt;\"><span style=\"font-family: Verdana; font-size: 10pt;\">\u00a0<\/span><\/p>\n<p style=\"background-color: #ffffff; margin: 0pt; text-align: justify; text-indent: 18pt;\"><span style=\"font-family: Verdana; font-size: 10pt;\">\u00a0<\/span><\/p>\n<p style=\"background-color: #ffffff; margin: 0pt; text-align: justify;\"><span style=\"font-family: Verdana; font-size: 10pt; font-weight: bold;\">El detalle:<\/span><\/p>\n<p style=\"background-color: #ffffff; margin: 0pt; text-align: justify; text-indent: 18pt;\"><span style=\"font-family: Verdana; font-size: 10pt;\">\u00a0<\/span><\/p>\n<p style=\"background-color: #ffffff; margin: 0pt; text-align: justify; text-indent: 18pt;\"><span style=\"font-family: Verdana; font-size: 10pt;\">-El Estado apoyaba y colaboraba con <\/span><span style=\"font-family: Verdana; font-size: 10pt;\">la Fundaci\u00f3n<\/span><span style=\"font-family: Verdana; font-size: 10pt;\"> principalmente a trav\u00e9s de <\/span><span style=\"font-family: Verdana; font-size: 10pt;\">la Direcci\u00f3n Nacional<\/span><span style=\"font-family: Verdana; font-size: 10pt;\"> de Asistencia Social dependiente del Ministerio de Trabajo. Desde all\u00ed se proyectaban, ejecutaban, habilitaban y conservaban todos los emprendimientos educacionales y asistenciales que se constru\u00edan. Esto es escuelas, ciudades infantiles y universitarias, hogares de tr\u00e1nsito y residencia permanente, hospitales y centros vacacionales.<\/span><\/p>\n<p style=\"background-color: #ffffff; margin: 0pt; text-align: justify; text-indent: 18pt;\"><span style=\"font-family: Verdana; font-size: 10pt;\">Como parte de estas contribuciones, el Estado transfiri\u00f3 a <\/span><span style=\"font-family: Verdana; font-size: 10pt;\">la Fundaci\u00f3n<\/span><span style=\"font-family: Verdana; font-size: 10pt;\"> bienes muebles e inmuebles tanto de propiedad nacional, provincial y municipal para que luego se desarrollaran en los mismos las obras proyectadas.<\/span><\/p>\n<p style=\"background-color: #ffffff; margin: 0pt; text-align: justify; text-indent: 18pt;\"><span style=\"font-family: Verdana; font-size: 10pt;\">Asimismo esa Direcci\u00f3n Nacional era qui\u00e9n se encargaba de la adquisici\u00f3n, por cuenta de <\/span><span style=\"font-family: Verdana; font-size: 10pt;\">la Fundaci\u00f3n<\/span><span style=\"font-family: Verdana; font-size: 10pt;\">, de todos los regalos que el pueblo recib\u00eda para las fiestas de fin de a\u00f1o y de toda la indumentaria necesaria para la realizaci\u00f3n de los torneos deportivos para ni\u00f1os y j\u00f3venes.<\/span><\/p>\n<p style=\"background-color: #ffffff; margin: 0pt; text-align: justify; text-indent: 18pt;\"><span style=\"font-family: Verdana; font-size: 10pt;\">-El Gobierno Nacional dispuso mediante un decreto, que todos los sobrantes de los presupuestos no ejecutados de cada \u00e1rea del Estado, fuesen transferidos a <\/span><span style=\"font-family: Verdana; font-size: 10pt;\">la Fundaci\u00f3n.<\/span><\/p>\n<p style=\"background-color: #ffffff; margin: 0pt; text-align: justify; text-indent: 18pt;\"><span style=\"font-family: Verdana; font-size: 10pt;\">-Mediante la ley N\u00ba 13.941 qued\u00f3 establecido que el 3% de todas las apuestas h\u00edpicas fuese transferido a <\/span><span style=\"font-family: Verdana; font-size: 10pt;\">la Fundaci\u00f3n. En<\/span><span style=\"font-family: Verdana; font-size: 10pt;\"> la provincia de Buenos Aires la ley N\u00ba 5.627 era la equivalente a la ley nacional. Ejemplos duros y rotundos de c\u00f3mo administrar el dinero a favor de la comunidad. Quien quiera dilapidar su sueldo en la patas de un caballo, previamente har\u00e1 su aporte para otros fines\u2026<\/span><\/p>\n<p style=\"background-color: #ffffff; margin: 0pt; text-align: justify; text-indent: 18pt;\"><span style=\"font-family: Verdana; font-size: 10pt;\">Tambi\u00e9n <\/span><span style=\"font-family: Verdana; font-size: 10pt;\">la Loter\u00eda Nacional<\/span><span style=\"font-family: Verdana; font-size: 10pt;\"> contribu\u00eda con <\/span><span style=\"font-family: Verdana; font-size: 10pt;\">la Fundaci\u00f3n<\/span><span style=\"font-family: Verdana; font-size: 10pt;\">, con un porcentaje de lo recaudado en sus distintos sorteos de loter\u00eda y del juego en los casinos.<\/span><\/p>\n<p style=\"background-color: #ffffff; margin: 0pt; text-align: justify; text-indent: 18pt;\"><span style=\"font-family: Verdana; font-size: 10pt;\">-Otras contribuciones a los fondos de <\/span><span style=\"font-family: Verdana; font-size: 10pt;\">la Fundaci\u00f3n<\/span><span style=\"font-family: Verdana; font-size: 10pt;\"> fueron las originadas en multas a las infracciones a las leyes sobre juegos de azar mediante la ley N\u00ba 14.044; porcentajes en la administraci\u00f3n del Turismo Social; mediante el llamado \u201cConvenio Cinematogr\u00e1fico\u201d firmado el 28 de julio de 1948, se destin\u00f3 a <\/span><span style=\"font-family: Verdana; font-size: 10pt;\">la Fundaci\u00f3n<\/span><span style=\"font-family: Verdana; font-size: 10pt;\"> el 50% de un recargo de 10 c. en las entradas cinematogr\u00e1ficas, con lo que, teniendo en cuenta la masiva concurrencia de la poblaci\u00f3n a los cines, result\u00f3 ser un extraordinario aporte al financiamiento de sus obras; en 1953 se resolvi\u00f3<\/span><span style=\"font-family: Verdana; font-size: 10pt;\">\u00a0<\/span><span style=\"font-family: Verdana; font-size: 10pt;\"> mediante la ley N\u00ba 14.231 crear un seguro de vida para cubrir la vida de los espectadores y participantes en los eventos deportivos. De las utilidades que resultaban de ese seguro, el 50% estaba destinado a <\/span><span style=\"font-family: Verdana; font-size: 10pt;\">la Fundaci\u00f3n.<\/span><\/p>\n<p style=\"background-color: #ffffff; margin: 0pt; text-align: justify; text-indent: 18pt;\"><span style=\"font-family: Verdana; font-size: 10pt;\">-Los trabajadores ced\u00edan sus salarios completos de los d\u00edas 1\u00ba de mayo y 17 de octubre, los que eran transferidos a <\/span><span style=\"font-family: Verdana; font-size: 10pt;\">la Fundaci\u00f3n. De<\/span><span style=\"font-family: Verdana; font-size: 10pt;\"> igual modo aportaban distintos porcentajes, seg\u00fan el gremio del que se tratare, del primer mes de cualquier aumento que consiguieran en sus remuneraciones salariales, tanto los trabajadores de la actividad privada como de la administraci\u00f3n p\u00fablica, en este caso seg\u00fan lo prescripto por el decreto 7025.<\/span><\/p>\n<p style=\"background-color: #ffffff; margin: 0pt; text-align: justify; text-indent: 18pt;\"><span style=\"font-family: Verdana; font-size: 10pt;\">Tambi\u00e9n contribu\u00edan con su aguinaldo: mediante la ley N\u00ba 13.992 todos los trabajadores aportaban un 2% de esa asignaci\u00f3n.<\/span><\/p>\n<p style=\"background-color: #ffffff; margin: 0pt; text-align: justify; text-indent: 18pt;\"><span style=\"font-family: Verdana; font-size: 10pt;\">-Contribuciones espont\u00e1neas (no reguladas) de cada sindicato entregadas personalmente a Evita y a Per\u00f3n o a trav\u00e9s de <\/span><span style=\"font-family: Verdana; font-size: 10pt;\">la C.G<\/span><span style=\"font-family: Verdana; font-size: 10pt;\">.T., tanto en dinero como de productos, muchas veces estos en coincidencia con la rama de producci\u00f3n a la que pertenec\u00eda cada organizaci\u00f3n sindical.<\/span><\/p>\n<p style=\"background-color: #ffffff; margin: 0pt; text-align: justify; text-indent: 18pt;\"><span style=\"font-family: Verdana; font-size: 10pt;\">-Contribuciones espont\u00e1neas o solicitadas por la propia Fundaci\u00f3n a empresas privadas.<\/span><\/p>\n<p style=\"background-color: #ffffff; margin: 0pt; text-align: justify; text-indent: 18pt;\"><span style=\"font-family: Verdana; font-size: 10pt;\">\u00a0<\/span><\/p>\n<p style=\"background-color: #ffffff; margin: 0pt; text-align: justify; text-indent: 18pt;\"><span style=\"color: #000048; font-family: Verdana; font-size: 10pt; font-weight: bold;\">\u00a0<\/span><\/p>\n<table>\n<tbody>\n<tr>\n<td>\n<p style=\"background-color: #ffffff; margin: 0pt; text-align: justify; text-indent: 18pt;\"><span style=\"color: #000048; font-family: Verdana; font-size: 10pt; font-weight: bold;\">Testimonio<\/span><\/p>\n<p style=\"background-color: #ffffff; margin: 0pt; text-align: justify; text-indent: 18pt;\"><span style=\"color: #000048; font-family: Verdana; font-size: 10pt; font-weight: bold;\">\u00a0<\/span><\/p>\n<p style=\"background-color: #ffffff; margin: 0pt; text-align: justify; text-indent: 18pt;\"><span style=\"color: #000048; font-family: Verdana; font-size: 10pt;\">\u00a0<\/span><span style=\"color: #000048; font-family: Verdana; font-size: 10pt; font-weight: bold;\">\u00a0<\/span><span style=\"color: #000048; font-family: Verdana; font-size: 10pt; font-style: italic; font-weight: bold;\">\u201cEs cierto que la se\u00f1ora ped\u00eda contribuciones a las empresas, pero especialmente lo hac\u00eda con aquellas en las que se enteraba que hab\u00eda alg\u00fan negociado. Muchas otras eran donaciones espont\u00e1neas\u201d<\/span><\/p>\n<p style=\"background-color: #ffffff; margin: 0pt; text-align: center; text-indent: 18pt;\"><span style=\"color: #000048; font-family: Verdana; font-size: 10pt; font-weight: bold;\">\u00a0<\/span><span style=\"color: #000048; font-family: Verdana; font-size: 10pt; font-weight: bold;\">\u00a0<\/span><span style=\"color: #000048; font-family: Verdana; font-size: 10pt; font-weight: bold;\">\u00a0<\/span><span style=\"color: #000048; font-family: Verdana; font-size: 10pt; font-weight: bold;\">\u00a0<\/span><span style=\"color: #000048; font-family: Verdana; font-size: 10pt; font-weight: bold;\">\u00a0<\/span><span style=\"color: #000048; font-family: Verdana; font-size: 10pt; font-weight: bold;\">\u00a0<\/span><span style=\"color: #000048; font-family: Verdana; font-size: 10pt; font-weight: bold;\">\u00a0<\/span><span style=\"color: #000048; font-family: Verdana; font-size: 10pt; font-weight: bold;\">\u00a0<\/span><span style=\"color: #000048; font-family: Verdana; font-size: 10pt; font-weight: bold;\">\u00a0<\/span><span style=\"color: #000048; font-family: Verdana; font-size: 10pt; font-weight: bold;\">\u00a0<\/span><span style=\"color: #000048; font-family: Verdana; font-size: 10pt; font-weight: bold;\">\u00a0<\/span><span style=\"color: #000048; font-family: Verdana; font-size: 10pt; font-weight: bold;\">\u00a0<\/span><span style=\"color: #000048; font-family: Verdana; font-size: 10pt; font-weight: bold;\">\u00a0<\/span><span style=\"color: #000048; font-family: Verdana; font-size: 10pt; font-weight: bold;\">\u00a0<\/span><span style=\"color: #000048; font-family: Verdana; font-size: 10pt; font-weight: bold;\">\u00a0<\/span><span style=\"color: #000048; font-family: Verdana; font-size: 10pt; font-weight: bold;\">\u00a0<\/span><span style=\"color: #000048; font-family: Verdana; font-size: 10pt; font-weight: bold;\">\u00a0<\/span><span style=\"color: #000048; font-family: Verdana; font-size: 10pt; font-weight: bold;\">\u00a0<\/span><span style=\"color: #000048; font-family: Verdana; font-size: 10pt; font-weight: bold;\">\u00a0<\/span><span style=\"color: #000048; font-family: Verdana; font-size: 10pt; font-weight: bold;\">\u00a0<\/span><span style=\"color: #000048; font-family: Verdana; font-size: 10pt; font-weight: bold;\">\u00a0<\/span><span style=\"color: #000048; font-family: Verdana; font-size: 10pt; font-weight: bold;\">\u00a0<\/span><span style=\"color: #000048; font-family: Verdana; font-size: 10pt; font-weight: bold;\">\u00a0<\/span><span style=\"color: #000048; font-family: Verdana; font-size: 10pt; font-weight: bold;\">\u00a0<\/span><span style=\"color: #000048; font-family: Verdana; font-size: 10pt; font-weight: bold;\">\u00a0<\/span><span style=\"color: #000048; font-family: Verdana; font-size: 10pt; font-weight: bold;\">\u00a0<\/span><span style=\"color: #000048; font-family: Verdana; font-size: 10pt; font-weight: bold;\">\u00a0<\/span><span style=\"color: #000048; font-family: Verdana; font-size: 10pt; font-weight: bold;\">\u00a0<\/span><span style=\"color: #000048; font-family: Verdana; font-size: 10pt; font-weight: bold;\">\u00a0<\/span><span style=\"color: #000048; font-family: Verdana; font-size: 10pt; font-weight: bold;\">\u00a0<\/span><span style=\"color: #000048; font-family: Verdana; font-size: 10pt; font-weight: bold;\">\u00a0<\/span><span style=\"color: #000048; font-family: Verdana; font-size: 10pt; font-weight: bold;\">\u00a0<\/span><span style=\"color: #000048; font-family: Verdana; font-size: 10pt; font-weight: bold;\">\u00a0<\/span><span style=\"color: #000048; font-family: Verdana; font-size: 10pt; font-weight: bold;\">\u00a0<\/span><span style=\"color: #000048; font-family: Verdana; font-size: 10pt; font-weight: bold;\">\u00a0<\/span><span style=\"color: #000048; font-family: Verdana; font-size: 10pt; font-weight: bold;\">\u00a0<\/span><span style=\"color: #000048; font-family: Verdana; font-size: 10pt; font-weight: bold;\">\u00a0<\/span><span style=\"color: #000048; font-family: Verdana; font-size: 10pt; font-weight: bold;\">\u00a0<\/span><span style=\"color: #000048; font-family: Verdana; font-size: 10pt; font-weight: bold;\">\u00a0<\/span><span style=\"color: #000048; font-family: Verdana; font-size: 10pt; font-weight: bold;\">\u00a0<\/span><span style=\"color: #000048; font-family: Verdana; font-size: 10pt; font-weight: bold;\">\u00a0<\/span><span style=\"color: #000048; font-family: Verdana; font-size: 10pt; font-weight: bold;\">\u00a0<\/span><span style=\"color: #000048; font-family: Verdana; font-size: 10pt; font-weight: bold;\">\u00a0<\/span><span style=\"color: #000048; font-family: Verdana; font-size: 10pt; font-weight: bold;\">\u00a0<\/span><span style=\"color: #000048; font-family: Verdana; font-size: 10pt; font-weight: bold;\">\u00a0<\/span><span style=\"color: #000048; font-family: Verdana; font-size: 10pt; font-weight: bold;\">\u00a0<\/span><span style=\"color: #000048; font-family: Verdana; font-size: 10pt; font-weight: bold;\">\u00a0<\/span><span style=\"color: #000048; font-family: Verdana; font-size: 10pt; font-weight: bold;\">\u00a0<\/span><span style=\"color: #000048; font-family: Verdana; font-size: 10pt; font-weight: bold;\">\u00a0<\/span><span style=\"color: #000048; font-family: Verdana; font-size: 10pt; font-weight: bold;\">\u00a0<\/span><span style=\"color: #000048; font-family: Verdana; font-size: 10pt; font-weight: bold;\">\u00a0<\/span><span style=\"color: #000048; font-family: Verdana; font-size: 10pt; font-weight: bold;\">\u00a0<\/span><span style=\"color: #000048; font-family: Verdana; font-size: 10pt; font-weight: bold;\">\u00a0<\/span><span style=\"color: #000048; font-family: Verdana; font-size: 10pt; font-weight: bold;\">\u00a0<\/span><span style=\"color: #000048; font-family: Verdana; font-size: 10pt; font-weight: bold;\">\u00a0<\/span><span style=\"color: #000048; font-family: Verdana; font-size: 10pt; font-weight: bold;\">\u00a0<\/span><span style=\"color: #000048; font-family: Verdana; font-size: 10pt; font-weight: bold;\">\u00a0<\/span><span style=\"color: #000048; font-family: Verdana; font-size: 10pt; font-weight: bold;\">\u00a0<\/span><span style=\"color: #000048; font-family: Verdana; font-size: 10pt; font-weight: bold;\">\u00a0<\/span><span style=\"color: #000048; font-family: Verdana; font-size: 10pt; font-weight: bold;\">\u00a0<\/span><span style=\"color: #000048; font-family: Verdana; font-size: 10pt; font-weight: bold;\">\u00a0<\/span><span style=\"color: #000048; font-family: Verdana; font-size: 10pt; font-weight: bold;\">\u00a0<\/span><span style=\"color: #000048; font-family: Verdana; font-size: 10pt; font-weight: bold;\">\u00a0<\/span><span style=\"color: #000048; font-family: Verdana; font-size: 10pt; font-weight: bold;\">\u00a0<\/span><span style=\"color: #000048; font-family: Verdana; font-size: 10pt; font-weight: bold;\">\u00a0<\/span> <span style=\"color: #000048; font-family: Verdana; font-size: 10pt; font-weight: bold;\">\u00a0<\/span><span style=\"color: #000048; font-family: Verdana; font-size: 10pt; font-weight: bold;\">Lilian Lagomarsino<\/span><span style=\"color: #000048; font-family: Verdana; font-size: 10pt; font-weight: bold;\">\u00a0<\/span><span style=\"color: #000048; font-family: Verdana; font-size: 10pt; font-weight: bold;\"> (6)<\/span><\/p>\n<\/td>\n<\/tr>\n<\/tbody>\n<\/table>\n<p style=\"background-color: #ffffff; margin: 0pt; text-align: justify; text-indent: 18pt;\"><span style=\"color: #000048; font-family: Verdana; font-size: 10pt;\">\u00a0<\/span><\/p>\n<p style=\"background-color: #ffffff; margin: 0pt; text-align: justify; text-indent: 18pt;\"><span style=\"font-family: Verdana; font-size: 10pt;\">\u00a0<\/span><\/p>\n<p style=\"background-color: #ffffff; margin: 0pt; text-align: justify; text-indent: 18pt;\"><span style=\"font-family: Verdana; font-size: 10pt;\">\u00a0<\/span><\/p>\n<p style=\"background-color: #ffffff; margin: 0pt; text-align: justify; text-indent: 18pt;\"><span style=\"font-family: Verdana; font-size: 10pt;\">\u00a0<\/span><\/p>\n<p style=\"background-color: #ffffff; margin: 0pt; text-align: center; text-indent: 18pt;\"><img loading=\"lazy\" decoding=\"async\" class=\"aligncenter size-full wp-image-6424\" src=\"https:\/\/historiadelperonismo.com\/wp-content\/uploads\/558f203e06b9b_img.jpeg\" alt=\"558f203e06b9b_img\" width=\"461\" height=\"314\" srcset=\"https:\/\/historiadelperonismo.com\/wp-content\/uploads\/558f203e06b9b_img.jpeg 461w, https:\/\/historiadelperonismo.com\/wp-content\/uploads\/558f203e06b9b_img-300x204.jpeg 300w, https:\/\/historiadelperonismo.com\/wp-content\/uploads\/558f203e06b9b_img-214x146.jpeg 214w, https:\/\/historiadelperonismo.com\/wp-content\/uploads\/558f203e06b9b_img-50x34.jpeg 50w\" sizes=\"(max-width: 461px) 100vw, 461px\" \/><\/p>\n<p style=\"background-color: #ffffff; margin: 0pt; text-align: justify; text-indent: 18pt;\"><span style=\"font-family: Verdana; font-size: 10pt;\">\u00a0<\/span><\/p>\n<p style=\"background-color: #ffffff; margin: 0pt; text-align: justify; text-indent: 18pt;\"><span style=\"font-family: Verdana; font-size: 10pt;\">\u00a0<\/span><\/p>\n<p style=\"background-color: #ffffff; margin: 0pt; text-align: center; text-indent: 18pt;\"><img loading=\"lazy\" decoding=\"async\" class=\"aligncenter size-full wp-image-6425\" src=\"https:\/\/historiadelperonismo.com\/wp-content\/uploads\/558f203e06d9a_img.jpeg\" alt=\"558f203e06d9a_img\" width=\"566\" height=\"375\" srcset=\"https:\/\/historiadelperonismo.com\/wp-content\/uploads\/558f203e06d9a_img.jpeg 566w, https:\/\/historiadelperonismo.com\/wp-content\/uploads\/558f203e06d9a_img-300x199.jpeg 300w, https:\/\/historiadelperonismo.com\/wp-content\/uploads\/558f203e06d9a_img-220x146.jpeg 220w, https:\/\/historiadelperonismo.com\/wp-content\/uploads\/558f203e06d9a_img-50x33.jpeg 50w\" sizes=\"(max-width: 566px) 100vw, 566px\" \/><\/p>\n<p style=\"background-color: #ffffff; margin: 0pt; text-align: justify; text-indent: 18pt;\"><span style=\"font-family: Verdana; font-size: 10pt; font-weight: bold;\">\u00a0<\/span><\/p>\n<p style=\"background-color: #ffffff; margin: 0pt; text-align: center; text-indent: 18pt;\"><span style=\"font-family: Verdana; font-size: 10pt; font-weight: bold;\">Incontenible alegr\u00eda de los chicos que entran corriendo a <\/span><span style=\"font-family: Verdana; font-size: 10pt; font-weight: bold;\">la Colonia<\/span><span style=\"font-family: Verdana; font-size: 10pt; font-weight: bold;\"> de Vacaciones de <\/span><span style=\"font-family: Verdana; font-size: 10pt; font-weight: bold;\">la Ciudad Infantil<\/span><span style=\"font-family: Verdana; font-size: 10pt; font-weight: bold;\"> en Gonet, Provincia de Buenos Aires.<\/span><\/p>\n<p style=\"background-color: #ffffff; margin: 0pt; text-align: center; text-indent: 18pt;\"><span style=\"font-family: Verdana; font-size: 10pt; font-weight: bold;\">Fotograma de la pel\u00edcula \u201cPer\u00f3n sinfon\u00eda del sentimiento\u201d, de Leonardo Favio<\/span><\/p>\n<p style=\"background-color: #ffffff; margin: 0pt; text-align: center; text-indent: 18pt;\"><span style=\"font-family: Verdana; font-size: 10pt; font-weight: bold;\">\u00a0<\/span><\/p>\n<p style=\"background-color: #ffffff; margin: 0pt; text-align: center; text-indent: 18pt;\"><span style=\"font-family: Verdana; font-size: 10pt; font-weight: bold;\">\u00a0<\/span><\/p>\n<p style=\"background-color: #ffffff; margin: 0pt; text-align: justify; text-indent: 18pt;\"><span style=\"font-family: Verdana; font-size: 10pt; font-weight: bold;\">\u00a0<\/span><\/p>\n<p style=\"background-color: #ffffff; margin: 0pt; text-align: center; text-indent: 18pt;\"><img loading=\"lazy\" decoding=\"async\" class=\"aligncenter size-full wp-image-6426\" src=\"https:\/\/historiadelperonismo.com\/wp-content\/uploads\/558f203e06f87_img.jpeg\" alt=\"558f203e06f87_img\" width=\"401\" height=\"458\" srcset=\"https:\/\/historiadelperonismo.com\/wp-content\/uploads\/558f203e06f87_img.jpeg 401w, https:\/\/historiadelperonismo.com\/wp-content\/uploads\/558f203e06f87_img-263x300.jpeg 263w, https:\/\/historiadelperonismo.com\/wp-content\/uploads\/558f203e06f87_img-128x146.jpeg 128w, https:\/\/historiadelperonismo.com\/wp-content\/uploads\/558f203e06f87_img-44x50.jpeg 44w\" sizes=\"(max-width: 401px) 100vw, 401px\" \/><\/p>\n<p style=\"background-color: #ffffff; margin: 0pt; text-align: center; text-indent: 18pt;\"><span style=\"font-family: 'Times New Roman'; font-size: 9pt;\">\u00a0<\/span><\/p>\n<p style=\"background-color: #ffffff; margin: 0pt; text-align: center; text-indent: 18pt;\"><span style=\"font-family: 'Times New Roman'; font-size: 9pt;\">\u00a0<\/span><\/p>\n<p style=\"background-color: #ffffff; margin: 0pt; text-align: justify;\"><span style=\"color: #600000; font-family: Verdana; font-size: 10pt; font-weight: bold;\">\u00a0<\/span><\/p>\n<table>\n<tbody>\n<tr>\n<td>\n<p style=\"background-color: #ffffff; margin: 5pt 0pt; text-align: center;\"><span style=\"color: #600000; font-family: Verdana; font-size: 16pt; font-weight: bold;\">De \u201cLas Delicias\u201d a <\/span><span style=\"color: #600000; font-family: Verdana; font-size: 16pt; font-weight: bold;\">la Fundaci\u00f3n Eva<\/span><span style=\"color: #600000; font-family: Verdana; font-size: 16pt; font-weight: bold;\"> Per\u00f3n<\/span><\/p>\n<p style=\"background-color: #ffffff; margin: 0pt; text-align: justify;\"><span style=\"color: #600000; font-family: Verdana; font-size: 10pt; font-weight: bold;\">Revista Mundo Peronista<\/span><\/p>\n<p style=\"background-color: #ffffff; margin: 0pt; text-align: justify;\"><span style=\"color: #600000; font-family: Verdana; font-size: 10pt; font-weight: bold;\">1-7-1954<\/span><span style=\"color: #600000; font-family: Verdana; font-size: 10pt; font-weight: bold;\">\u00a0<\/span><span style=\"color: #600000; font-family: Verdana; font-size: 10pt; font-weight: bold;\">\u00a0<\/span><span style=\"color: #600000; font-family: Verdana; font-size: 10pt; font-weight: bold;\"> (7)<\/span><\/p>\n<p style=\"background-color: #ffffff; margin: 0pt; text-align: justify;\"><span style=\"color: #600000; font-family: Verdana; font-size: 10pt; font-weight: bold;\">\u00a0<\/span><\/p>\n<p style=\"background-color: #ffffff; margin: 0pt; text-align: justify;\"><span style=\"color: #600000; font-family: Verdana; font-size: 10pt; font-weight: bold;\">Hace pocos d\u00edas -el 19 de junio \u00faltimo- celebrose en <\/span><span style=\"color: #600000; font-family: Verdana; font-size: 10pt; font-weight: bold;\">la Nueva Argentina<\/span><span style=\"color: #600000; font-family: Verdana; font-size: 10pt; font-weight: bold;\"> el sexto aniversario de la \u201ccreaci\u00f3n\u201d de <\/span><span style=\"color: #600000; font-family: Verdana; font-size: 10pt; font-weight: bold;\">la Fundaci\u00f3n Eva<\/span><span style=\"color: #600000; font-family: Verdana; font-size: 10pt; font-weight: bold;\"> Per\u00f3n. En rigor de verdad, lo que se ha conmemorado ha sido simplemente la fecha feliz en que la benem\u00e9rita instituci\u00f3n asumi\u00f3 ante el Pueblo -de cuya entra\u00f1a hab\u00eda nacido dos a\u00f1os antes- su forma jur\u00eddica, con car\u00e1cter de Fundaci\u00f3n. No empez\u00f3 el 19 de junio de 1948 la obra de ayuda social de la inmortal Eva Per\u00f3n, sino a principios del segundo semestre del a\u00f1o 1946; m\u00e1s a\u00fan: comenz\u00f3 a traducirse en realidades tangibles apenas el General Per\u00f3n asumi\u00f3 la presidencia de la naci\u00f3n el 4 de junio de 1946.<\/span><\/p>\n<p style=\"background-color: #ffffff; margin: 0pt; text-align: justify;\"><span style=\"color: #600000; font-family: Verdana; font-size: 10pt; font-weight: bold;\">\u00a0<\/span><\/p>\n<p style=\"background-color: #ffffff; margin: 0pt; text-align: justify;\"><span style=\"color: #600000; font-family: Verdana; font-size: 10pt; font-weight: bold;\">\u00a0<\/span><\/p>\n<p style=\"background-color: #ffffff; margin: 0pt; text-align: justify;\"><span style=\"color: #600000; font-family: Verdana; font-size: 10pt; font-weight: bold;\">\u201cLas Delicias\u201d<\/span><\/p>\n<p style=\"background-color: #ffffff; margin: 0pt; text-align: justify;\"><span style=\"color: #600000; font-family: Verdana; font-size: 10pt; font-weight: bold;\">\u00a0<\/span><\/p>\n<p style=\"background-color: #ffffff; margin: 0pt; text-align: justify;\"><span style=\"color: #600000; font-family: Verdana; font-size: 10pt; font-weight: bold;\">\u00bfC\u00f3mo se inici\u00f3 aquella inconmensurable obra de amor?<\/span><br \/>\n<span style=\"color: #600000; font-family: Verdana; font-size: 10pt; font-weight: bold;\">Evita misma lo dice, de la sencilla manera que s\u00f3lo ella sab\u00eda decirlo. Lo dice as\u00ed en el cap\u00edtulo 29 de <\/span><span style=\"color: #600000; font-family: Verdana; font-size: 10pt; font-weight: bold;\">La Raz\u00f3n<\/span><span style=\"color: #600000; font-family: Verdana; font-size: 10pt; font-weight: bold;\"> de mi Vida al referirse a<\/span><span style=\"color: #600000; font-family: Verdana; font-size: 10pt; font-weight: bold;\">\u00a0<\/span><span style=\"color: #600000; font-family: Verdana; font-size: 10pt; font-style: italic; font-weight: bold;\">\u201clos comienzos\u2019\u2019<\/span><span style=\"color: #600000; font-family: Verdana; font-size: 10pt; font-weight: bold;\">:<\/span><span style=\"color: #600000; font-family: Verdana; font-size: 10pt; font-style: italic; font-weight: bold;\">\u2018\u2018Pero antes que el salario justo y las condiciones dignas de trabajo diesen sus frutos de bienestar, era necesario remediar tambi\u00e9n tanto dolor de muchos a\u00f1os. En todas partes hac\u00eda falta vivienda, vestidos, salud.<\/span><br \/>\n<span style=\"color: #600000; font-family: Verdana; font-size: 10pt; font-style: italic; font-weight: bold;\">Para eso hab\u00eda salido yo a decir por las calles: Aqu\u00ed estoy. Quiero servir de algo para mi Pueblo. Cuando advert\u00ed que mi voz todav\u00eda t\u00edmida hab\u00eda sido escuchada por los descamisados de mi pa\u00eds, cuando empec\u00e9 a ver que llegaban cartas y m\u00e1s cartas, y hombres y mujeres, j\u00f3venes, ni\u00f1os y ancianos, empezaban a golpear a las puertas de nuestra residencia privada, reci\u00e9n me di cuenta de lo que iba a significar mi \u2018corazonada\u2019.<\/span><span style=\"color: #600000; font-family: Verdana; font-size: 10pt; font-style: italic; font-weight: bold;\">\u00a0<\/span><span style=\"color: #600000; font-family: Verdana; font-size: 10pt; font-style: italic; font-weight: bold;\">\u00a0<\/span><span style=\"color: #600000; font-family: Verdana; font-size: 10pt; font-style: italic; font-weight: bold;\">\u00a0<\/span><span style=\"color: #600000; font-family: Verdana; font-size: 10pt; font-style: italic; font-weight: bold;\">\u00a0<\/span><span style=\"color: #600000; font-family: Verdana; font-size: 10pt; font-style: italic; font-weight: bold;\">\u00a0<\/span><span style=\"color: #600000; font-family: Verdana; font-size: 10pt; font-style: italic; font-weight: bold;\">\u00a0<\/span><span style=\"color: #600000; font-family: Verdana; font-size: 10pt; font-style: italic; font-weight: bold;\">\u00a0<\/span><span style=\"color: #600000; font-family: Verdana; font-size: 10pt; font-style: italic; font-weight: bold;\">\u00a0<\/span><span style=\"color: #600000; font-family: Verdana; font-size: 10pt; font-style: italic; font-weight: bold;\">\u00a0<\/span><span style=\"color: #600000; font-family: Verdana; font-size: 10pt; font-style: italic; font-weight: bold;\">\u00a0<\/span><span style=\"color: #600000; font-family: Verdana; font-size: 10pt; font-style: italic; font-weight: bold;\">\u00a0<\/span><br \/>\n<span style=\"color: #600000; font-family: Verdana; font-size: 10pt; font-style: italic; font-weight: bold;\">Aunque ya hab\u00eda previsto antes que aqu\u00e9lla era una empresa casi imposible, me convenc\u00ed de eso cuando esa tarea se me present\u00f3 en toda su realidad. Sin embargo, Per\u00f3n ya me hab\u00eda ense\u00f1ado muchas cosas y entre ellas a suprimir de mi diccionario la palabra imposible. El, que volaba alto y solo como los c\u00f3ndores -le tomo las palabras que \u00e9l mismo suele aplicar a los genios que admira: San Mart\u00edn, Alejandro, Napole\u00f3n-, me hab\u00eda tomado a m\u00ed de la bandada de gorriones y me hab\u00eda dado las primeras lecciones.<\/span><br \/>\n<span style=\"color: #600000; font-family: Verdana; font-size: 10pt; font-style: italic; font-weight: bold;\">Una, la primera tal vez, fue hacerme olvidar la palabra \u2018imposible\u2019.<\/span><span style=\"color: #600000; font-family: Verdana; font-size: 10pt; font-style: italic; font-weight: bold;\">\u00a0<\/span><br \/>\n<span style=\"color: #600000; font-family: Verdana; font-size: 10pt; font-style: italic; font-weight: bold;\">Y empezamos. Poco a poco. No podr\u00eda decir exactamente qu\u00e9 d\u00eda fue. Lo cierto es que primero atend\u00ed personalmente<\/span><span style=\"color: #600000; font-family: Verdana; font-size: 10pt; font-weight: bold;\">\u00a0<\/span><span style=\"color: #600000; font-family: Verdana; font-size: 10pt; font-style: italic; font-weight: bold;\">todo. Luego tuve que pedir auxilio. Y por fin me vi obligada a organizar el trabajo, que en pocas semanas se hizo extraordinario.<\/span><\/p>\n<p style=\"background-color: #ffffff; margin: 0pt; text-align: justify;\"><span style=\"color: #600000; font-family: Verdana; font-size: 10pt; font-style: italic; font-weight: bold;\">Cierto es que desde el primer d\u00eda cont\u00e9 con el apoyo moral y material del presidente, pero tampoco era cuesti\u00f3n de apoyarse demasiado en \u00e9l, que ten\u00eda otros problemas mucho m\u00e1s graves que los m\u00edos.<\/span><br \/>\n<span style=\"color: #600000; font-family: Verdana; font-size: 10pt; font-style: italic; font-weight: bold;\">Recuerdo que alguna vez pensamos si era o no conveniente que fuese yo quien realizase la tarea, o mejor tal vez alg\u00fan organismo del Estado. Y fue el mismo Per\u00f3n quien me dijo: \u2018Los pueblos muy castigados por la injusticia tienen m\u00e1s confianza en las personas que en las instituciones. En esto, m\u00e1s que en todo lo dem\u00e1s, le tengo miedo a la burocracia. En el gobierno es necesario tener mucha paciencia y saber esperar para que todo marche. Pero en las obras de ayuda social no se puede hacer esperar a nadie.\u2019\u2019<\/span><\/p>\n<p style=\"background-color: #ffffff; margin: 0pt; text-align: justify;\"><span style=\"color: #600000; font-family: Verdana; font-size: 10pt; font-weight: bold;\">Por aquel entonces se echaron los cimientos de la futura Fundaci\u00f3n Eva Per\u00f3n, en un peque\u00f1o local de <\/span><span style=\"color: #600000; font-family: Verdana; font-size: 10pt; font-weight: bold;\">la Residencia Presidencial<\/span><span style=\"color: #600000; font-family: Verdana; font-size: 10pt; font-weight: bold;\">, al que familiarmente se denomin\u00f3 posteriormente \u201cLas Delicias\u201d.<\/span><\/p>\n<p><span style=\"color: #600000; font-family: Verdana; font-size: 10pt; font-weight: bold;\">\u00bfPor qu\u00e9 \u201cLas Delicias\u201d?<\/span><\/p>\n<p style=\"background-color: #ffffff; margin: 0pt; text-align: justify;\"><span style=\"color: #600000; font-family: Verdana; font-size: 10pt; font-weight: bold;\">Todo empez\u00f3 sencillamente, sin boato ni ceremonia. Tal como lo cuenta Evita. Ella atend\u00eda personalmente todo, radiante y feliz de ser ayudada en sus tareas por los m\u00e1s modestos trabajadores de la residencia presidencial.<\/span><\/p>\n<p style=\"background-color: #ffffff; margin: 0pt; text-align: justify;\"><span style=\"color: #600000; font-family: Verdana; font-size: 10pt; font-weight: bold;\">\u00a0<\/span><\/p>\n<p style=\"background-color: #ffffff; margin: 0pt; text-align: justify;\"><span style=\"color: #600000; font-family: Verdana; font-size: 10pt; font-weight: bold;\">\u00bfPor qu\u00e9 comenz\u00f3 llam\u00e1ndose \u201cLas Delicias\u201d aquello?<\/span><\/p>\n<p style=\"background-color: #ffffff; margin: 0pt; text-align: justify;\"><span style=\"color: #600000; font-family: Verdana; font-size: 10pt; font-weight: bold;\">\u00a0<\/span><\/p>\n<p style=\"background-color: #ffffff; margin: 0pt; text-align: justify;\"><span style=\"color: #600000; font-family: Verdana; font-size: 10pt; font-weight: bold;\">Nos lo refiere uno de esos modestos trabajadores, hombre sencillo de nuestro Pueblo que desde el primer momento goz\u00f3 de la confianza de Evita.<\/span><span style=\"color: #600000; font-family: Verdana; font-size: 10pt; font-weight: bold;\">\u00a0<\/span><\/p>\n<p style=\"background-color: #ffffff; margin: 0pt; text-align: justify;\"><span style=\"color: #600000; font-family: Verdana; font-size: 10pt; font-style: italic; font-weight: bold;\">\u201cA ra\u00edz de una frase del General\u2026 Recuerdo que fue un s\u00e1bado por la tarde, en septiembre u octubre de 1946\u2026 Est\u00e1bamos dos o tres compa\u00f1eros de <\/span><span style=\"color: #600000; font-family: Verdana; font-size: 10pt; font-style: italic; font-weight: bold;\">la Residencia<\/span><span style=\"color: #600000; font-family: Verdana; font-size: 10pt; font-style: italic; font-weight: bold;\"> ayudando a Evita a clasificar y apilar ropas en los estantes, cuando se nos acerc\u00f3 sonriente el General, a quien le o\u00edmos decir: \u2018Veamos c\u00f3mo anda <\/span><span style=\"color: #600000; font-family: Verdana; font-size: 10pt; font-style: italic; font-weight: bold;\">la Ayuda Social<\/span><span style=\"color: #600000; font-family: Verdana; font-size: 10pt; font-style: italic; font-weight: bold;\">\u2019\u2026Le fuimos mostrando las diversas cosas que almacen\u00e1bamos\u2026 Gratamente sorprendido, exclam\u00f3 el Conductor: \u2018\u00a1Pero todo esto es ropa nueva, flamante!\u2019 \u2018Naturalmente,\u2019 contest\u00f3, feliz, Evita, \u2018toda \u00e9sta es ropa que compro yo misma y algunas son donaciones de gente que quiere ayudar.\u2019<\/span><\/p>\n<p style=\"background-color: #ffffff; margin: 0pt; text-align: justify;\"><span style=\"color: #600000; font-family: Verdana; font-size: 10pt; font-style: italic; font-weight: bold;\">Entonces dijo el General: \u2018Son una verdadera delicia para los necesitados\u2026\u2019<\/span><span style=\"color: #600000; font-family: Verdana; font-size: 10pt; font-style: italic; font-weight: bold;\">\u00a0<\/span><br \/>\n<span style=\"color: #600000; font-family: Verdana; font-size: 10pt; font-style: italic; font-weight: bold;\">Desde ese d\u00eda, Evita y todos nosotros lo llamamos \u2018Las Delicias\u2019 al antiguo garaje y contamos con un colaborador entusiasta m\u00e1s: el general Per\u00f3n, que estaba constantemente junto a nosotros y nos ayudaba a abrir paquetes y desarmar cajones.\u201d<\/span><\/p>\n<p style=\"background-color: #ffffff; margin: 0pt; text-align: justify;\"><span style=\"color: #600000; font-family: Verdana; font-size: 10pt; font-style: italic; font-weight: bold;\">\u00a0<\/span><\/p>\n<p style=\"background-color: #ffffff; margin: 0pt; text-align: justify;\"><span style=\"color: #600000; font-family: Verdana; font-size: 10pt; font-weight: bold;\">D\u00edas de Gloria<\/span><\/p>\n<p style=\"background-color: #ffffff; margin: 0pt; text-align: justify;\"><span style=\"color: #600000; font-family: Verdana; font-size: 10pt; font-weight: bold;\">Nos hallamos en los actuales dep\u00f3sitos de <\/span><span style=\"color: #600000; font-family: Verdana; font-size: 10pt; font-weight: bold;\">la Fundaci\u00f3n Eva<\/span><span style=\"color: #600000; font-family: Verdana; font-size: 10pt; font-weight: bold;\"> Per\u00f3n, situados en la calle Jos\u00e9 Evaristo Uriburu 920, imponente edificio que consta de seis amplios pisos totalmente ocupados con las m\u00e1s diversas mercader\u00edas.<\/span><span style=\"color: #600000; font-family: Verdana; font-size: 10pt; font-weight: bold;\">\u00a0<\/span><br \/>\n<span style=\"color: #600000; font-family: Verdana; font-size: 10pt; font-weight: bold;\">All\u00ed, en un local del primer piso, existe una reproducci\u00f3n exacta de \u2018Las Delicias\u2019, con las estanter\u00edas dispuestas de la misma manera que lo estaban el garaje de <\/span><span style=\"color: #600000; font-family: Verdana; font-size: 10pt; font-weight: bold;\">la Residencia Presidencial.<\/span><span style=\"color: #600000; font-family: Verdana; font-size: 10pt; font-weight: bold;\"> La conservaci\u00f3n est\u00e1 a cargo de uno do los modestos obreros que la cuidaban en aquella \u00e9poca hist\u00f3rica.<\/span><span style=\"color: #600000; font-family: Verdana; font-size: 10pt; font-weight: bold;\">\u00a0<\/span><br \/>\n<span style=\"color: #600000; font-family: Verdana; font-size: 10pt; font-style: italic; font-weight: bold;\">\u201c\u00bfDesde cu\u00e1ndo funcionan aqu\u00ed estos dep\u00f3sitos?\u201d<\/span><span style=\"color: #600000; font-family: Verdana; font-size: 10pt; font-weight: bold;\">\u00a0<\/span><span style=\"color: #600000; font-family: Verdana; font-size: 10pt; font-weight: bold;\">preguntamos al encargado.<\/span><span style=\"color: #600000; font-family: Verdana; font-size: 10pt; font-style: italic; font-weight: bold;\">\u201cCuando <\/span><span style=\"color: #600000; font-family: Verdana; font-size: 10pt; font-style: italic; font-weight: bold;\">la Se\u00f1ora<\/span><span style=\"color: #600000; font-family: Verdana; font-size: 10pt; font-style: italic; font-weight: bold;\"> regres\u00f3 de su viaje a Europa, all\u00e1 por septiembre de 1947, el viejo local de \u201cLas Delicias\u201d result\u00f3 insuficiente para contener las donaciones que continuamente ven\u00edan recibi\u00e9ndose y entonces nos hemos trasladado aqu\u00ed. Los amplios dep\u00f3sitos se vieron pronto colmados. Pero en este rinc\u00f3n conservamos religiosamente una reproducci\u00f3n exacta de las \u2018Las Delicias\u2019.\u201d<\/span><\/p>\n<p style=\"background-color: #ffffff; margin: 0pt; text-align: justify;\"><span style=\"color: #600000; font-family: Verdana; font-size: 10pt; font-weight: bold;\">Alzamos la vista, mientras nuestro informante nos lee, emocionado, un gran cartel que hay encima de una pila de cajas: \u2018Las Delicias\u2019.Con este nombre se inici\u00f3 en <\/span><span style=\"color: #600000; font-family: Verdana; font-size: 10pt; font-weight: bold;\">la Residencia Presidencial<\/span> <span style=\"color: #600000; font-family: Verdana; font-size: 10pt; font-weight: bold;\">la Fundaci\u00f3n Eva<\/span><span style=\"color: #600000; font-family: Verdana; font-size: 10pt; font-weight: bold;\"> Per\u00f3n.<\/span><br \/>\n<span style=\"color: #600000; font-family: Verdana; font-size: 10pt; font-weight: bold;\">Y agrega, con la mirada perdida en un horizonte de recuerdos:<\/span><span style=\"color: #600000; font-family: Verdana; font-size: 10pt; font-weight: bold;\">\u00a0<\/span><span style=\"color: #600000; font-family: Verdana; font-size: 10pt; font-style: italic; font-weight: bold;\">\u201cYo estuve desde un principio con Evita. Atend\u00eda, junto con otros compa\u00f1eros, \u2018Las Delicias\u2019, en la residencia presidencial.<\/span><span style=\"color: #600000; font-family: Verdana; font-size: 10pt; font-style: italic; font-weight: bold;\">\u00a0<\/span><span style=\"color: #600000; font-family: Verdana; font-size: 10pt; font-style: italic; font-weight: bold;\">\u00a0<\/span><span style=\"color: #600000; font-family: Verdana; font-size: 10pt; font-style: italic; font-weight: bold;\">\u00a0<\/span><span style=\"color: #600000; font-family: Verdana; font-size: 10pt; font-style: italic; font-weight: bold;\"> Hasta all\u00ed llegaba las boletas firmadas por Evita en sus agotadoras jornadas de ayuda social, primero en un oficina del Palacio de Correos y luego en su hist\u00f3rico despacho de la <\/span><span style=\"color: #600000; font-family: Verdana; font-size: 10pt; font-style: italic; font-weight: bold;\">\u00a0<\/span><span style=\"color: #600000; font-family: Verdana; font-size: 10pt; font-style: italic; font-weight: bold;\">Secretar\u00eda de Trabajo y Previsi\u00f3n. \u00a1Cu\u00e1ntas, cu\u00e1ntas cosas hemos entregado a los humildes por indicaci\u00f3n de Evita!\u201d<\/span><br \/>\n<span style=\"color: #600000; font-family: Verdana; font-size: 10pt; font-weight: bold;\">Nos acompa\u00f1a a recorrer las distintas dependencias de los actuales<\/span><span style=\"color: #600000; font-family: Verdana; font-size: 10pt; font-weight: bold;\">\u00a0<\/span><span style=\"color: #600000; font-family: Verdana; font-size: 10pt; font-weight: bold;\"> dep\u00f3sitos: la planta baja est\u00e1 dedicada a menajes y juguetes; en el primer piso a la secci\u00f3n se\u00f1oras; en los segundo y tercero, a los art\u00edculos para ni\u00f1os y ni\u00f1as; en el cuarto, art\u00edculos para hombres; el quinto, calzados, y en el sexto es atendida la secci\u00f3n de libros y <\/span><span style=\"color: #600000; font-family: Verdana; font-size: 10pt; font-weight: bold;\">la Expedici\u00f3n<\/span><span style=\"color: #600000; font-family: Verdana; font-size: 10pt; font-weight: bold;\"> al Exterior.<\/span><\/p>\n<p style=\"background-color: #ffffff; margin: 0pt; text-align: justify;\"><span style=\"color: #600000; font-family: Verdana; font-size: 10pt; font-weight: bold;\">Las realizaciones de <\/span><span style=\"color: #600000; font-family: Verdana; font-size: 10pt; font-weight: bold;\">la Fundaci\u00f3n<\/span><\/p>\n<p style=\"background-color: #ffffff; margin: 0pt; text-align: justify;\"><span style=\"color: #600000; font-family: Verdana; font-size: 10pt; font-weight: bold;\">Excede de las dimensiones de un art\u00edculo period\u00edstico nuestro af\u00e1n de destacar en su justo relieve la extraordinaria magnitud de la obra llevada a cabo en bien de los humildes por <\/span><span style=\"color: #600000; font-family: Verdana; font-size: 10pt; font-weight: bold;\">la Se\u00f1ora Eva<\/span><span style=\"color: #600000; font-family: Verdana; font-size: 10pt; font-weight: bold;\"> Per\u00f3n. La sola enunciaci\u00f3n cronol\u00f3gica de sus magn\u00edficas inauguraciones, en las que siempre estuvo presente el General Per\u00f3n con su consejo y palabra rectora, da una idea de tanta grandeza, de tanta obra de amor. En medio de la agobiadora labor de todos los d\u00edas, Evita hallaba tiempo para inspeccionar las obras en construcci\u00f3n e inaugurar consecutivamente Hogares de Tr\u00e1nsito, escuelas, policl\u00ednicos modelos y establecimientos que, por su estructura y comodidades modernas, son \u00fanicos en el mundo.<\/span><\/p>\n<p style=\"background-color: #ffffff; margin: 0pt; text-align: justify;\"><span style=\"color: #600000; font-family: Verdana; font-size: 10pt; font-weight: bold;\">\u00a0<\/span><br \/>\n<span style=\"color: #600000; font-family: Verdana; font-size: 10pt; font-weight: bold;\">El 3 de abril de 1948 inaugura el Hogar de Tr\u00e1nsito N\u00b01, situado en la calle Carlos Calvo N\u00ba 102.<\/span><\/p>\n<p style=\"background-color: #ffffff; margin: 0pt; text-align: justify;\"><span style=\"color: #600000; font-family: Verdana; font-size: 10pt; font-weight: bold;\">El 19 de junio de 1948, el Hogar de Tr\u00e1nsito N\u00ba2, en la calle Lafinur N\u00b0 2988.<\/span><\/p>\n<p style=\"background-color: #ffffff; margin: 0pt; text-align: justify;\"><span style=\"color: #600000; font-family: Verdana; font-size: 10pt; font-weight: bold;\">El 14 de agosto de 1948, el Hogar de Tr\u00e1nsito N\u00b03, de la calle Austria 2561.<\/span><span style=\"color: #600000; font-family: Verdana; font-size: 10pt; font-weight: bold;\">\u00a0<\/span><br \/>\n<span style=\"color: #600000; font-family: Verdana; font-size: 10pt; font-weight: bold;\">El 17 de octubre de 1948, el Hogar de Ancianos Coronel Per\u00f3n en Burzaco.<\/span><span style=\"color: #600000; font-family: Verdana; font-size: 10pt; font-weight: bold;\">\u00a0<\/span><br \/>\n<span style=\"color: #600000; font-family: Verdana; font-size: 10pt; font-weight: bold;\">El 30 de diciembre de 1949, el Hogar de <\/span><span style=\"color: #600000; font-family: Verdana; font-size: 10pt; font-weight: bold;\">la Empleada General<\/span><span style=\"color: #600000; font-family: Verdana; font-size: 10pt; font-weight: bold;\"> Jos\u00e9 de San Mart\u00edn, en <\/span><span style=\"color: #600000; font-family: Verdana; font-size: 10pt; font-weight: bold;\">la Avda.<\/span><span style=\"color: #600000; font-family: Verdana; font-size: 10pt; font-weight: bold;\"> de Mayo 869, de esta capital.<\/span><br \/>\n<span style=\"color: #600000; font-family: Verdana; font-size: 10pt; font-weight: bold;\">El 14 de julio de 1949, <\/span><span style=\"color: #600000; font-family: Verdana; font-size: 10pt; font-weight: bold;\">la Ciudad Infantil<\/span><span style=\"color: #600000; font-family: Verdana; font-size: 10pt; font-weight: bold;\">, en Echeverr\u00eda 955, de esta capital.<\/span><br \/>\n<span style=\"color: #600000; font-family: Verdana; font-size: 10pt; font-weight: bold;\">El 13 de septiembre de 1950, <\/span><span style=\"color: #600000; font-family: Verdana; font-size: 10pt; font-weight: bold;\">la Escuela<\/span><span style=\"color: #600000; font-family: Verdana; font-size: 10pt; font-weight: bold;\"> de Enfermeras, en Callao N\u00b0 1218.<\/span><\/p>\n<p><span style=\"color: #600000; font-family: Verdana; font-size: 10pt; font-weight: bold;\">\u00bfQu\u00e9 es hoy <\/span><span style=\"color: #600000; font-family: Verdana; font-size: 10pt; font-weight: bold;\">la Fundaci\u00f3n Eva<\/span><span style=\"color: #600000; font-family: Verdana; font-size: 10pt; font-weight: bold;\"> Per\u00f3n?<\/span><\/p>\n<p style=\"background-color: #ffffff; margin: 0pt; text-align: justify;\"><span style=\"color: #600000; font-family: Verdana; font-size: 10pt; font-weight: bold;\">La casa central de <\/span><span style=\"color: #600000; font-family: Verdana; font-size: 10pt; font-weight: bold;\">la Fundaci\u00f3n<\/span><span style=\"color: #600000; font-family: Verdana; font-size: 10pt; font-weight: bold;\"> funciona en dos grandes edificios situados uno en Paseo Col\u00f3n 533 y el otro en la misma avenida, enfrente, en el N\u00b0 568.<\/span><span style=\"color: #600000; font-family: Verdana; font-size: 10pt; font-weight: bold;\">\u00a0<\/span><br \/>\n<span style=\"color: #600000; font-family: Verdana; font-size: 10pt; font-weight: bold;\">El primero consta de once pesos y en \u00e9l sesiona el Honorable Consejo, existe un Museo de <\/span><span style=\"color: #600000; font-family: Verdana; font-size: 10pt; font-weight: bold;\">la Fundaci\u00f3n<\/span><span style=\"color: #600000; font-family: Verdana; font-size: 10pt; font-weight: bold;\"> y funcionan los Departamentos de Secretar\u00eda, Administraci\u00f3n, Educaci\u00f3n, Jur\u00eddico y <\/span><span style=\"color: #600000; font-family: Verdana; font-size: 10pt; font-weight: bold;\">la Gerencia<\/span><span style=\"color: #600000; font-family: Verdana; font-size: 10pt; font-weight: bold;\"> y Subgerencia. En Paseo Col\u00f3n 568 tienen su sede los Departamentos de Asistencia M\u00e9dica y de Turismo. Adem\u00e1s, en el edificio de <\/span><span style=\"color: #600000; font-family: Verdana; font-size: 10pt; font-weight: bold;\">la Avenida<\/span><span style=\"color: #600000; font-family: Verdana; font-size: 10pt; font-weight: bold;\"> de Mayo 591 realizan su cometido los Departamentos de Acci\u00f3n Social y Deportes, construcciones y <\/span><span style=\"color: #600000; font-family: Verdana; font-size: 10pt; font-weight: bold;\">la Comisi\u00f3n<\/span><span style=\"color: #600000; font-family: Verdana; font-size: 10pt; font-weight: bold;\"> de Fomento Cinematogr\u00e1fico, en el sexto piso de Diagonal Norte 501, el de Abastecimiento.<\/span><br \/>\n<span style=\"color: #600000; font-family: Verdana; font-size: 10pt; font-weight: bold;\">En Almafuerte 340, de esta Capital, tiene su sede <\/span><span style=\"color: #600000; font-family: Verdana; font-size: 10pt; font-weight: bold;\">la Divisi\u00f3n Proveedur\u00edas<\/span><span style=\"color: #600000; font-family: Verdana; font-size: 10pt; font-weight: bold;\">, de cuyo contralor dependen las 140 proveedur\u00edas que ha instalado <\/span><span style=\"color: #600000; font-family: Verdana; font-size: 10pt; font-weight: bold;\">la Fundaci\u00f3n Eva<\/span><span style=\"color: #600000; font-family: Verdana; font-size: 10pt; font-weight: bold;\"> Per\u00f3n en distintos barrios de <\/span><span style=\"color: #600000; font-family: Verdana; font-size: 10pt; font-weight: bold;\">la Capital.<\/span><br \/>\n<span style=\"color: #600000; font-family: Verdana; font-size: 10pt; font-weight: bold;\">Asimism<\/span><span style=\"color: #600000; font-family: Verdana; font-size: 10pt; font-weight: bold;\">o la Fundaci\u00f3n, adem\u00e1s de los mencionados dep\u00f3sitos de Jos\u00e9 Evaristo Uriburu 920, posee importantes locales de almacenamiento en los diques 1 y 4 del puerto de Buenos Aires.<\/span><\/p>\n<p style=\"background-color: #ffffff; margin: 0pt; text-align: justify;\"><span style=\"color: #600000; font-family: Verdana; font-size: 10pt; font-weight: bold;\">\u00a0<\/span><\/p>\n<p style=\"background-color: #ffffff; margin: 0pt; text-align: justify;\"><span style=\"color: #600000; font-family: Verdana; font-size: 10pt; font-weight: bold;\">Los establecimientos de <\/span><span style=\"color: #600000; font-family: Verdana; font-size: 10pt; font-weight: bold;\">la Fundaci\u00f3n Eva<\/span><span style=\"color: #600000; font-family: Verdana; font-size: 10pt; font-weight: bold;\"> Per\u00f3n que se hallan actualmente en funcionamiento en todo el pa\u00eds, adem\u00e1s de los que mencionamos al principio de esta nota, son los siguientes:<\/span><\/p>\n<p style=\"background-color: #ffffff; margin: 0pt; text-align: justify;\"><span style=\"color: #600000; font-family: Verdana; font-size: 10pt; font-weight: bold;\">Ciudad Estudiantil Presidente Per\u00f3n, situada en el barrio de Belgrano de esta Capital;<\/span><\/p>\n<p style=\"background-color: #ffffff; margin: 0pt; text-align: justify;\"><span style=\"color: #600000; font-family: Verdana; font-size: 10pt; font-weight: bold;\">Policl\u00ednico Presidente Per\u00f3n, Avellaneda, provincia de Buenos Aires;<\/span><span style=\"color: #600000; font-family: Verdana; font-size: 10pt; font-weight: bold;\">\u00a0<\/span><br \/>\n<span style=\"color: #600000; font-family: Verdana; font-size: 10pt; font-weight: bold;\">Policl\u00ednico Evita, Lan\u00fas, provincia de Buenos Aires;<\/span><span style=\"color: #600000; font-family: Verdana; font-size: 10pt; font-weight: bold;\">\u00a0<\/span><br \/>\n<span style=\"color: #600000; font-family: Verdana; font-size: 10pt; font-weight: bold;\">Policl\u00ednico Eva Per\u00f3n, San Mart\u00edn, provincia de Buenos Aires;<\/span><\/p>\n<p style=\"background-color: #ffffff; margin: 0pt; text-align: justify;\"><span style=\"color: #600000; font-family: Verdana; font-size: 10pt; font-weight: bold;\">Policl\u00ednico 22 de Agosto, Ezeiza, provincia de Buenos Aires;<\/span><span style=\"color: #600000; font-family: Verdana; font-size: 10pt; font-weight: bold;\">\u00a0<\/span><\/p>\n<p style=\"background-color: #ffffff; margin: 0pt; text-align: justify;\"><span style=\"color: #600000; font-family: Verdana; font-size: 10pt; font-weight: bold;\">Policl\u00ednico para Ni\u00f1os Presidente Per\u00f3n, Catamarca<\/span><span style=\"color: #600000; font-family: Verdana; font-size: 10pt; font-weight: bold;\">\u00a0<\/span><br \/>\n<span style=\"color: #600000; font-family: Verdana; font-size: 10pt; font-weight: bold;\">Policl\u00ednicos Regionales en Jujuy, Salta, Tucum\u00e1n, Catamarca, <\/span><span style=\"color: #600000; font-family: Verdana; font-size: 10pt; font-weight: bold;\">La Rioja<\/span><span style=\"color: #600000; font-family: Verdana; font-size: 10pt; font-weight: bold;\">, Mendoza, San Luis, Santiago del Estero, Santa Fe, Corrientes y Entre R\u00edos;<\/span><span style=\"color: #600000; font-family: Verdana; font-size: 10pt; font-weight: bold;\">\u00a0<\/span><br \/>\n<span style=\"color: #600000; font-family: Verdana; font-size: 10pt; font-weight: bold;\">Instituto de Quemados, Viamonte 2189 de esta Capital;<\/span><br \/>\n<span style=\"color: #600000; font-family: Verdana; font-size: 10pt; font-weight: bold;\">Hogar Escuela Evita, en Ezeiza;<\/span><br \/>\n<span style=\"color: #600000; font-family: Verdana; font-size: 10pt; font-weight: bold;\">Hogar Escuela Coronel Juan Per\u00f3n, en la capital de Jujuy;<\/span><br \/>\n<span style=\"color: #600000; font-family: Verdana; font-size: 10pt; font-weight: bold;\">Hogar Escuela Evita, Termas de Reyes, Jujuy;<\/span><span style=\"color: #600000; font-family: Verdana; font-size: 10pt; font-weight: bold;\">\u00a0<\/span><br \/>\n<span style=\"color: #600000; font-family: Verdana; font-size: 10pt; font-weight: bold;\">Hogar Escuela Juan D. Per\u00f3n en la capital de Salta;<\/span><span style=\"color: #600000; font-family: Verdana; font-size: 10pt; font-weight: bold;\">\u00a0<\/span><br \/>\n<span style=\"color: #600000; font-family: Verdana; font-size: 10pt; font-weight: bold;\">Hogar Escuela Presidente Per\u00f3n , Tucum\u00e1n, capital de provincia;<\/span><span style=\"color: #600000; font-family: Verdana; font-size: 10pt; font-weight: bold;\">\u00a0<\/span><br \/>\n<span style=\"color: #600000; font-family: Verdana; font-size: 10pt; font-weight: bold;\">Hogar Escuela 17 de Octubre, Catamarca;<\/span><\/p>\n<p style=\"background-color: #ffffff; margin: 0pt; text-align: justify;\"><span style=\"color: #600000; font-family: Verdana; font-size: 10pt; font-weight: bold;\">Hogar Escuela Coronel Per\u00f3n, <\/span><span style=\"color: #600000; font-family: Verdana; font-size: 10pt; font-weight: bold;\">La Rioja<\/span><span style=\"color: #600000; font-family: Verdana; font-size: 10pt; font-weight: bold;\">;<\/span><span style=\"color: #600000; font-family: Verdana; font-size: 10pt; font-weight: bold;\">\u00a0<\/span><br \/>\n<span style=\"color: #600000; font-family: Verdana; font-size: 10pt; font-weight: bold;\">Hogares Escuelas Coronel Juan Per\u00f3n y Gobernador Ruperto Godoy, en San Juan;<\/span><\/p>\n<p style=\"background-color: #ffffff; margin: 0pt; text-align: justify;\"><span style=\"color: #600000; font-family: Verdana; font-size: 10pt; font-weight: bold;\">Hogar Escuela 17 de Octubre en Mendoza;<\/span><span style=\"color: #600000; font-family: Verdana; font-size: 10pt; font-weight: bold;\">\u00a0<\/span><br \/>\n<span style=\"color: #600000; font-family: Verdana; font-size: 10pt; font-weight: bold;\">Hogar Escuela en Santa Rosa, provincia Eva Per\u00f3n;<\/span><span style=\"color: #600000; font-family: Verdana; font-size: 10pt; font-weight: bold;\">\u00a0<\/span><br \/>\n<span style=\"color: #600000; font-family: Verdana; font-size: 10pt; font-weight: bold;\">Hogar Escuela 22 de Agosto en Mercedes, San Luis;<\/span><\/p>\n<p style=\"background-color: #ffffff; margin: 0pt; text-align: justify;\"><span style=\"color: #600000; font-family: Verdana; font-size: 10pt; font-weight: bold;\">Hogar Escuela Presidente Per\u00f3n, en Santiago del Estero;<\/span><br \/>\n<span style=\"color: #600000; font-family: Verdana; font-size: 10pt; font-weight: bold;\">Hogar Escuela Coronel Per\u00f3n, C\u00f3rdoba;<\/span><span style=\"color: #600000; font-family: Verdana; font-size: 10pt; font-weight: bold;\">\u00a0<\/span><br \/>\n<span style=\"color: #600000; font-family: Verdana; font-size: 10pt; font-weight: bold;\">Hogar Escuela en Resistencia, Provincia Presidente Per\u00f3n;<\/span><span style=\"color: #600000; font-family: Verdana; font-size: 10pt; font-weight: bold;\">\u00a0<\/span><br \/>\n<span style=\"color: #600000; font-family: Verdana; font-size: 10pt; font-weight: bold;\">Hogar Escuela Coronel Juan Per\u00f3n en Granadero Baigorria, provincia de Santa Fe;<\/span><span style=\"color: #600000; font-family: Verdana; font-size: 10pt; font-weight: bold;\">\u00a0<\/span><br \/>\n<span style=\"color: #600000; font-family: Verdana; font-size: 10pt; font-weight: bold;\">Hogar Escuela Presidente Per\u00f3n en la capital de la provincia de Corrientes;<\/span><span style=\"color: #600000; font-family: Verdana; font-size: 10pt; font-weight: bold;\">\u00a0<\/span><br \/>\n<span style=\"color: #600000; font-family: Verdana; font-size: 10pt; font-weight: bold;\">Hogares Escuelas en Paran\u00e1, Entre R\u00edos y Comodoro Rivadavia;<\/span><span style=\"color: #600000; font-family: Verdana; font-size: 10pt; font-weight: bold;\">\u00a0<\/span><br \/>\n<span style=\"color: #600000; font-family: Verdana; font-size: 10pt; font-weight: bold;\">Hotel Internacional en Ezeiza, provincia de Buenos Aires;<\/span><span style=\"color: #600000; font-family: Verdana; font-size: 10pt; font-weight: bold;\">\u00a0<\/span><br \/>\n<span style=\"color: #600000; font-family: Verdana; font-size: 10pt; font-weight: bold;\">Hoteles de Turismo en Chapadmalal;<\/span><span style=\"color: #600000; font-family: Verdana; font-size: 10pt; font-weight: bold;\">\u00a0<\/span><br \/>\n<span style=\"color: #600000; font-family: Verdana; font-size: 10pt; font-weight: bold;\">Hotel Puente del Inca, Villa Eva Per\u00f3n, Mendoza;<\/span><span style=\"color: #600000; font-family: Verdana; font-size: 10pt; font-weight: bold;\">\u00a0<\/span><br \/>\n<span style=\"color: #600000; font-family: Verdana; font-size: 10pt; font-weight: bold;\">Hoteles y Grupos de Casitas en Embalse R\u00edo Tercero, C\u00f3rdoba.<\/span><\/p>\n<p><span style=\"color: #600000; font-family: Verdana; font-size: 10pt; font-weight: bold;\">Se encuentran en construcci\u00f3n y por habilitarse:<\/span><span style=\"color: #600000; font-family: Verdana; font-size: 10pt; font-weight: bold;\">\u00a0<\/span><\/p>\n<p style=\"background-color: #ffffff; margin: 0pt; text-align: justify;\"><span style=\"color: #600000; font-family: Verdana; font-size: 10pt; font-weight: bold;\">Ciudad Universitaria, en la capital de Mendoza;<\/span><span style=\"color: #600000; font-family: Verdana; font-size: 10pt; font-weight: bold;\">\u00a0<\/span><br \/>\n<span style=\"color: #600000; font-family: Verdana; font-size: 10pt; font-weight: bold;\">Ciudad Universitaria, en C\u00f3rdoba;<\/span><span style=\"color: #600000; font-family: Verdana; font-size: 10pt; font-weight: bold;\">\u00a0<\/span><br \/>\n<span style=\"color: #600000; font-family: Verdana; font-size: 10pt; font-weight: bold;\">Ciudad Universitaria, Ezeiza;<\/span><span style=\"color: #600000; font-family: Verdana; font-size: 10pt; font-weight: bold;\">\u00a0<\/span><br \/>\n<span style=\"color: #600000; font-family: Verdana; font-size: 10pt; font-weight: bold;\">Policl\u00ednico de Lactantes y de Epidemiolog\u00eda, en las calles Chorroar\u00edn y Warnes, de esta capital;<\/span><span style=\"color: #600000; font-family: Verdana; font-size: 10pt; font-weight: bold;\">\u00a0<\/span><br \/>\n<span style=\"color: #600000; font-family: Verdana; font-size: 10pt; font-weight: bold;\">Policl\u00ednicos Regionales en Paran\u00e1, Entre R\u00edos, y Neuqu\u00e9n;<\/span><\/p>\n<p style=\"background-color: #ffffff; margin: 0pt; text-align: justify;\"><span style=\"color: #600000; font-family: Verdana; font-size: 10pt; font-weight: bold;\">Hogar de Ancianos y Ancianas en Recreo, provincia de Santa Fe.<\/span><span style=\"color: #600000; font-family: Verdana; font-size: 10pt; font-weight: bold;\">\u00a0<\/span><\/p>\n<p><span style=\"color: #600000; font-family: Verdana; font-size: 10pt; font-weight: bold;\">Tal es, a grandes rasgos, <\/span><span style=\"color: #600000; font-family: Verdana; font-size: 10pt; font-weight: bold;\">la Fundaci\u00f3n Eva<\/span><span style=\"color: #600000; font-family: Verdana; font-size: 10pt; font-weight: bold;\"> Per\u00f3n en la actualidad.<\/span><span style=\"color: #600000; font-family: Verdana; font-size: 10pt; font-weight: bold;\">\u00a0<\/span><br \/>\n<span style=\"color: #600000; font-family: Verdana; font-size: 10pt; font-weight: bold;\">Es hoy enorme y de vastas proyecciones su acci\u00f3n de Justicia Social. Pero siempre es \u2018Las Delicias\u2019 y conserva intacto el recuerdo imborrable y el esp\u00edritu de su insigne fundadora.<\/span><\/td>\n<\/tr>\n<\/tbody>\n<\/table>\n<p style=\"background-color: #ffffff; margin: 0pt; text-align: justify;\"><span style=\"font-family: Verdana; font-size: 9pt;\">\u00a0<\/span><\/p>\n<p>&nbsp;<\/p>\n<p style=\"margin: 0pt; text-indent: 18pt; text-align: center; background-color: #ffffff;\"><span style=\"color: #000050; font-family: Verdana; font-size: 10pt; font-style: italic; font-weight: bold;\">\u201cEn mis hogares ning\u00fan descamisado debe sentirse pobre.<\/span><span style=\"color: #000050; font-family: Verdana; font-size: 10pt; font-style: italic; font-weight: bold;\">\u00a0<\/span><\/p>\n<p style=\"margin: 0pt; text-indent: 18pt; text-align: center; background-color: #ffffff;\"><span style=\"color: #000050; font-family: Verdana; font-size: 10pt; font-style: italic; font-weight: bold;\">\u00a0Todo debe ser familiar, hogare\u00f1o, amable. Mis hogares son generosamente ricos\u201d, Evita<\/span><span style=\"color: #000050; font-family: Arial; font-size: 8.5pt; font-style: italic;\">\u00a0<\/span><\/p>\n<p>&nbsp;<\/p>\n<p style=\"margin: 0pt; text-indent: 18pt; text-align: right; background-color: #ffffff;\"><span style=\"color: #000050; font-family: Verdana; font-size: 10pt; font-style: italic; font-weight: bold;\">\u00a0 \u00a0 \u00a0 \u00a0 \u00a0 \u00a0 \u00a0 \u00a0 \u00a0 \u00a0 \u00a0 \u00a0 \u00a0 \u00a0 \u00a0 \u00a0 \u00a0 \u00a0 \u00a0 \u00a0 \u00a0 \u00a0 \u00a0 \u00a0 \u00a0 \u00a0 \u00a0 \u00a0 \u00a0 \u00a0 \u00a0 \u00a0 \u00a0 \u00a0 \u00a0 \u00a0 \u00a0 \u00a0 \u00a0 \u00a0 \u00a0 \u00a0 \u00a0 \u00a0 \u00a0 \u00a0 \u00a0 \u00a0 \u00a0 \u00a0 \u00a0 \u00a0 \u00a0 \u00a0 \u00a0 \u00a0 \u00a0 \u00a0 \u00a0 \u00a0 \u00a0 \u00a0 \u00a0 \u00a0 \u00a0 \u00a0 \u00a0 \u00a0 \u00a0 \u00a0 \u00a0 \u00a0 \u00a0 \u00a0 \u00a0 \u00a0 \u00a0 \u00a0 \u00a0 \u00a0 \u00a0 \u00a0 \u00a0 \u00a0 \u00a0 \u00a0 \u00a0 \u00a0 \u00a0 \u00a0 \u00a0 \u00a0 \u00a0 \u00a0 \u00a0 \u00a0 \u00a0 \u00a0 \u00a0 \u00a0 \u00a0 \u00a0 \u00a0 \u00a0 \u00a0 \u00a0<\/span><span style=\"color: #000050; font-family: Verdana; font-size: 10pt; font-style: italic; font-weight: bold;\">\u00a0<\/span><span style=\"color: #000050; font-family: Verdana; font-size: 10pt; font-style: italic; font-weight: bold;\">\u00a0<\/span><span style=\"color: #000050; font-family: Verdana; font-size: 10pt; font-style: italic; font-weight: bold;\">\u00a0<\/span><span style=\"color: #000050; font-family: Verdana; font-size: 10pt; font-style: italic; font-weight: bold;\">\u00a0<\/span><span style=\"color: #000050; font-family: Verdana; font-size: 10pt; font-style: italic; font-weight: bold;\">\u00a0<\/span><span style=\"color: #000050; font-family: Verdana; font-size: 10pt; font-style: italic; font-weight: bold;\">\u00a0<\/span><span style=\"color: #000050; font-family: Verdana; font-size: 10pt; font-style: italic; font-weight: bold;\">\u00a0<\/span><span style=\"color: #000050; font-family: Verdana; font-size: 10pt; font-style: italic; font-weight: bold;\">\u00a0<\/span><span style=\"color: #000050; font-family: Verdana; font-size: 10pt; font-style: italic; font-weight: bold;\">\u00a0<\/span><span style=\"color: #000050; font-family: Verdana; font-size: 10pt; font-style: italic; font-weight: bold;\">\u00a0<\/span><span style=\"color: #000050; font-family: Verdana; font-size: 10pt; font-style: italic; font-weight: bold;\">\u00a0<\/span><span style=\"color: #000050; font-family: Verdana; font-size: 10pt; font-style: italic; font-weight: bold;\">\u00a0<\/span><span style=\"color: #000050; font-family: Verdana; font-size: 10pt; font-style: italic; font-weight: bold;\">\u00a0<\/span><span style=\"color: #000050; font-family: Verdana; font-size: 10pt; font-style: italic; font-weight: bold;\">\u00a0<\/span><span style=\"color: #000050; font-family: Verdana; font-size: 10pt; font-style: italic; font-weight: bold;\">\u00a0<\/span><span style=\"color: #000050; font-family: Verdana; font-size: 10pt; font-style: italic; font-weight: bold;\">\u00a0<\/span><span style=\"color: #000050; font-family: Verdana; font-size: 10pt; font-style: italic; font-weight: bold;\">\u00a0<\/span><span style=\"color: #000050; font-family: Verdana; font-size: 10pt; font-style: italic; font-weight: bold;\">\u00a0<\/span><span style=\"color: #000050; font-family: Verdana; font-size: 10pt; font-style: italic; font-weight: bold;\">\u00a0<\/span><span style=\"color: #000050; font-family: Verdana; font-size: 10pt; font-style: italic; font-weight: bold;\">\u00a0<\/span><span style=\"color: #000050; font-family: Verdana; font-size: 10pt; font-style: italic; font-weight: bold;\">\u00a0<\/span><span style=\"color: #000050; font-family: Verdana; font-size: 10pt; font-style: italic; font-weight: bold;\">\u00a0<\/span><span style=\"color: #000050; font-family: Verdana; font-size: 10pt; font-style: italic; font-weight: bold;\">\u00a0<\/span><span style=\"color: #000050; font-family: Verdana; font-size: 10pt; font-style: italic; font-weight: bold;\">\u00a0<\/span><span style=\"color: #000050; font-family: Verdana; font-size: 10pt; font-style: italic; font-weight: bold;\">\u00a0<\/span><span style=\"color: #000050; font-family: Verdana; font-size: 10pt; font-style: italic; font-weight: bold;\">\u00a0<\/span><span style=\"color: #000050; font-family: Verdana; font-size: 10pt; font-style: italic; font-weight: bold;\">\u00a0<\/span><span style=\"color: #000050; font-family: Verdana; font-size: 10pt; font-style: italic; font-weight: bold;\">\u00a0<\/span><span style=\"color: #000050; font-family: Verdana; font-size: 10pt; font-style: italic; font-weight: bold;\">\u00a0<\/span><span style=\"color: #000050; font-family: Verdana; font-size: 10pt; font-style: italic; font-weight: bold;\">\u00a0<\/span><span style=\"color: #000050; font-family: Verdana; font-size: 10pt; font-style: italic; font-weight: bold;\">\u00a0<\/span><span style=\"color: #000050; font-family: Verdana; font-size: 10pt; font-style: italic; font-weight: bold;\">\u00a0<\/span><span style=\"color: #000050; font-family: Verdana; font-size: 10pt; font-style: italic; font-weight: bold;\">\u00a0<\/span><span style=\"color: #000050; font-family: Verdana; font-size: 10pt; font-style: italic; font-weight: bold;\">\u00a0<\/span><span style=\"color: #000050; font-family: Verdana; font-size: 10pt; font-style: italic; font-weight: bold;\">\u00a0<\/span><span style=\"color: #000050; font-family: Verdana; font-size: 10pt; font-style: italic; font-weight: bold;\">\u00a0<\/span><span style=\"color: #000050; font-family: Verdana; font-size: 10pt; font-style: italic; font-weight: bold;\">\u00a0<\/span><span style=\"color: #000050; font-family: Verdana; font-size: 10pt; font-style: italic; font-weight: bold;\">\u00a0<\/span><span style=\"color: #000050; font-family: Verdana; font-size: 10pt; font-style: italic; font-weight: bold;\">\u00a0<\/span><span style=\"color: #000050; font-family: Verdana; font-size: 10pt; font-style: italic; font-weight: bold;\">\u00a0<\/span><span style=\"color: #000050; font-family: Verdana; font-size: 10pt; font-style: italic; font-weight: bold;\">\u00a0<\/span><span style=\"color: #000050; font-family: Verdana; font-size: 10pt; font-style: italic; font-weight: bold;\">\u00a0<\/span><span style=\"color: #000050; font-family: Verdana; font-size: 10pt; font-style: italic; font-weight: bold;\">\u00a0<\/span><span style=\"color: #000050; font-family: Verdana; font-size: 10pt; font-style: italic; font-weight: bold;\">\u00a0<\/span><span style=\"color: #000050; font-family: Verdana; font-size: 10pt; font-style: italic; font-weight: bold;\">\u00a0<\/span><span style=\"color: #000050; font-family: Verdana; font-size: 10pt; font-style: italic; font-weight: bold;\">\u00a0<\/span><span style=\"color: #000050; font-family: Verdana; font-size: 10pt; font-style: italic; font-weight: bold;\">\u00a0<\/span><span style=\"color: #000050; font-family: Verdana; font-size: 10pt; font-style: italic; font-weight: bold;\">\u00a0<\/span><span style=\"color: #000050; font-family: Verdana; font-size: 10pt; font-style: italic; font-weight: bold;\">\u00a0<\/span><span style=\"color: #000050; font-family: Verdana; font-size: 10pt; font-style: italic; font-weight: bold;\">\u00a0<\/span><span style=\"color: #000050; font-family: Verdana; font-size: 10pt; font-style: italic; font-weight: bold;\">\u00a0<\/span><span style=\"color: #000050; font-family: Verdana; font-size: 10pt; font-style: italic; font-weight: bold;\">\u00a0<\/span><span style=\"color: #000050; font-family: Verdana; font-size: 10pt; font-style: italic; font-weight: bold;\">\u00a0<\/span><span style=\"color: #000050; font-family: Verdana; font-size: 10pt; font-style: italic; font-weight: bold;\">\u00a0<\/span><span style=\"color: #000050; font-family: Verdana; font-size: 10pt; font-style: italic; font-weight: bold;\">\u00a0<\/span><span style=\"color: #000050; font-family: Verdana; font-size: 10pt; font-style: italic; font-weight: bold;\">\u00a0<\/span><span style=\"color: #000050; font-family: Verdana; font-size: 10pt; font-style: italic; font-weight: bold;\">\u00a0<\/span><span style=\"color: #000050; font-family: Verdana; font-size: 10pt; font-style: italic; font-weight: bold;\">\u00a0<\/span><span style=\"color: #000050; font-family: Verdana; font-size: 10pt; font-style: italic; font-weight: bold;\">\u00a0<\/span><span style=\"color: #000050; font-family: Verdana; font-size: 10pt; font-style: italic; font-weight: bold;\">\u00a0<\/span><span style=\"color: #000050; font-family: Verdana; font-size: 10pt; font-style: italic; font-weight: bold;\">\u00a0<\/span><span style=\"color: #000050; font-family: Verdana; font-size: 10pt; font-style: italic; font-weight: bold;\">\u00a0<\/span><span style=\"color: #000050; font-family: Verdana; font-size: 10pt; font-style: italic; font-weight: bold;\">\u00a0<\/span><span style=\"color: #000050; font-family: Verdana; font-size: 10pt; font-style: italic; font-weight: bold;\">\u00a0<\/span><span style=\"color: #000050; font-family: Verdana; font-size: 10pt; font-style: italic; font-weight: bold;\">\u00a0<\/span><span style=\"color: #000050; font-family: Verdana; font-size: 10pt; font-style: italic; font-weight: bold;\">\u00a0<\/span><span style=\"color: #000050; font-family: Verdana; font-size: 10pt; font-style: italic; font-weight: bold;\">\u00a0<\/span><span style=\"color: #000050; font-family: Verdana; font-size: 10pt; font-style: italic; font-weight: bold;\">\u00a0<\/span><span style=\"color: #000050; font-family: Verdana; font-size: 10pt; font-style: italic; font-weight: bold;\">\u00a0<\/span><span style=\"color: #000050; font-family: Verdana; font-size: 10pt; font-style: italic; font-weight: bold;\">\u00a0 \u00a0 \u00a0 \u00a0 \u00a0 \u00a0 \u00a0 \u00a0 \u00a0 \u00a0 \u00a0 \u00a0 \u00a0 \u00a0 \u00a0 \u00a0 \u00a0 \u00a0 \u00a0 \u00a0 \u00a0 \u00a0 \u00a0 \u00a0 \u00a0 \u00a0 \u00a0 \u00a0 \u00a0 \u00a0 \u00a0 \u00a0 \u00a0 \u00a0 \u00a0 \u00a0 \u00a0 \u00a0 \u00a0 \u00a0 \u00a0 \u00a0 \u00a0 \u00a0 \u00a0 \u00a0 \u00a0 \u00a0 \u00a0 \u00a0 \u00a0 \u00a0 \u00a0 \u00a0 \u00a0 \u00a0 \u00a0 \u00a0<\/span><span style=\"color: #000050; font-family: Verdana; font-size: 10pt; font-style: italic; font-weight: bold;\">\u00a0<\/span><span style=\"color: #000050; font-family: Verdana; font-size: 10pt; font-style: italic; font-weight: bold;\">\u00a0<\/span><\/p>\n<p>&nbsp;<\/p>\n<p style=\"margin: 0pt; text-indent: 18pt; text-align: center; background-color: #ffffff;\"><span style=\"font-family: Verdana; font-size: 10pt; font-style: italic; font-weight: bold;\">\u00a0<\/span><\/p>\n<p style=\"background-color: #ffffff; margin: 0pt; text-align: justify;\"><span style=\"font-family: Verdana; font-size: 9pt;\">\u00a0<\/span><span style=\"font-family: Verdana; font-size: 9pt;\">\u00a0<\/span><span style=\"font-family: Verdana; font-size: 9pt;\">\u00a0<\/span><span style=\"font-family: Verdana; font-size: 9pt;\">\u00a0<\/span><span style=\"font-family: Verdana; font-size: 9pt;\">\u00a0<\/span><span style=\"font-family: Verdana; font-size: 9pt;\">\u00a0<\/span><span style=\"font-family: Verdana; font-size: 9pt;\">\u00a0<\/span><span style=\"font-family: Verdana; font-size: 9pt;\">\u00a0<\/span><span style=\"font-family: Verdana; font-size: 9pt;\">\u00a0<\/span><span style=\"font-family: Verdana; font-size: 9pt;\">\u00a0<\/span><span style=\"font-family: Verdana; font-size: 9pt;\">\u00a0<\/span><span style=\"font-family: Verdana; font-size: 9pt;\">\u00a0<\/span><\/p>\n<p style=\"margin: 0pt; text-align: center; background-color: #ffffff;\"><img loading=\"lazy\" decoding=\"async\" class=\" wp-image-6427\" src=\"https:\/\/historiadelperonismo.com\/wp-content\/uploads\/558f203e071b4_img.jpeg\" alt=\"558f203e071b4_img\" width=\"306\" height=\"487\" srcset=\"https:\/\/historiadelperonismo.com\/wp-content\/uploads\/558f203e071b4_img.jpeg 242w, https:\/\/historiadelperonismo.com\/wp-content\/uploads\/558f203e071b4_img-189x300.jpeg 189w, https:\/\/historiadelperonismo.com\/wp-content\/uploads\/558f203e071b4_img-92x146.jpeg 92w, https:\/\/historiadelperonismo.com\/wp-content\/uploads\/558f203e071b4_img-31x50.jpeg 31w\" sizes=\"(max-width: 306px) 100vw, 306px\" \/><span style=\"font-family: Verdana; font-size: 9pt;\">\u00a0<\/span><span style=\"font-family: Verdana; font-size: 9pt;\">\u00a0<\/span><span style=\"font-family: Verdana; font-size: 9pt;\">\u00a0<\/span><span style=\"font-family: Verdana; font-size: 9pt;\">\u00a0<\/span><span style=\"font-family: Verdana; font-size: 9pt;\">\u00a0<\/span><span style=\"font-family: Verdana; font-size: 9pt;\">\u00a0<\/span><span style=\"font-family: Verdana; font-size: 9pt;\">\u00a0<\/span><span style=\"font-family: Verdana; font-size: 9pt;\">\u00a0<\/span><span style=\"font-family: Verdana; font-size: 9pt;\">\u00a0<\/span><span style=\"font-family: Verdana; font-size: 9pt;\">\u00a0<\/span><span style=\"font-family: Verdana; font-size: 9pt;\">\u00a0<\/span><span style=\"font-family: Verdana; font-size: 9pt;\">\u00a0<\/span><span style=\"font-family: Verdana; font-size: 9pt;\">\u00a0<\/span><span style=\"font-family: Verdana; font-size: 9pt;\">\u00a0<\/span><span style=\"font-family: Verdana; font-size: 9pt;\">\u00a0<\/span><span style=\"font-family: Verdana; font-size: 9pt;\">\u00a0<\/span><span style=\"font-family: Verdana; font-size: 9pt;\">\u00a0<\/span><span style=\"font-family: Verdana; font-size: 9pt;\">\u00a0<\/span><span style=\"font-family: Verdana; font-size: 9pt;\">\u00a0<\/span><span style=\"font-family: Verdana; font-size: 9pt;\">\u00a0 \u00a0 \u00a0\u00a0<\/span><img loading=\"lazy\" decoding=\"async\" class=\" wp-image-6428\" src=\"https:\/\/historiadelperonismo.com\/wp-content\/uploads\/558f203e0746b_img.jpeg\" alt=\"558f203e0746b_img\" width=\"309\" height=\"492\" srcset=\"https:\/\/historiadelperonismo.com\/wp-content\/uploads\/558f203e0746b_img.jpeg 242w, https:\/\/historiadelperonismo.com\/wp-content\/uploads\/558f203e0746b_img-189x300.jpeg 189w, https:\/\/historiadelperonismo.com\/wp-content\/uploads\/558f203e0746b_img-92x146.jpeg 92w, https:\/\/historiadelperonismo.com\/wp-content\/uploads\/558f203e0746b_img-31x50.jpeg 31w\" sizes=\"(max-width: 309px) 100vw, 309px\" \/><\/p>\n<p style=\"background-color: #ffffff; margin: 5pt 0pt; text-align: center;\"><span style=\"color: #800000; font-family: Verdana; font-size: 14pt; font-weight: bold;\">\u00a0<\/span><\/p>\n<p style=\"background-color: #ffffff; margin: 5pt 0pt; text-align: center;\"><span style=\"font-family: Verdana; font-size: 10pt; font-weight: bold;\">Vistas de la cocina y de la entrada del Hogar de Tr\u00e1nsito N\u00ba 2, hoy Museo Evita.<\/span><\/p>\n<p style=\"background-color: #ffffff; margin: 5pt 0pt; text-align: center;\"><span style=\"font-family: Verdana; font-size: 10pt; font-weight: bold;\">Revista Metro www.revistametro.com.ar<\/span><\/p>\n<p style=\"background-color: #ffffff; margin: 0pt; text-align: justify;\"><span style=\"font-family: Verdana; font-size: 10pt; font-weight: bold;\">\u00a0<\/span><\/p>\n<p style=\"background-color: #ffffff; margin: 0pt; text-align: justify;\"><span style=\"font-family: Verdana; font-size: 10pt; font-weight: bold;\">\u00a0<\/span><\/p>\n<p style=\"background-color: #ffffff; margin: 0pt; text-align: justify;\"><span style=\"font-family: Verdana; font-size: 10pt; font-weight: bold;\">\u00a0<\/span><\/p>\n<p style=\"background-color: #ffffff; margin: 0pt; text-align: justify;\"><span style=\"font-family: Verdana; font-size: 10pt; font-weight: bold;\">La Fundaci\u00f3n Eva<\/span><span style=\"font-family: Verdana; font-size: 10pt; font-weight: bold;\"> Per\u00f3n vista desde un gr\u00e1fico<\/span><\/p>\n<p style=\"background-color: #ffffff; margin: 0pt; text-align: justify;\"><span style=\"font-family: Verdana; font-size: 10pt; font-weight: bold;\">\u00a0<\/span><\/p>\n<p style=\"background-color: #ffffff; margin: 0pt; text-align: justify; text-indent: 18pt;\"><span style=\"font-family: Verdana; font-size: 10pt;\">Complementariamente con la excelente informaci\u00f3n que daba la revista \u201cMundo Peronista\u201d que nos precede, adjuntamos a nuestros lectores un gr\u00e1fico de los profundos objetivos de <\/span><span style=\"font-family: Verdana; font-size: 10pt;\">la Fundaci\u00f3n<\/span><span style=\"font-family: Verdana; font-size: 10pt;\">, donde se pueden apreciar cuatro grandes ramas de su accionar: la social, la educativa, la sanitaria y la tur\u00edstica. Esto permite apreciar de un modo sencillo la amplitud de los servicios de asistencia social que prove\u00eda.<\/span><\/p>\n<p style=\"background-color: #ffffff; margin: 5pt 0pt; text-align: center;\"><a style=\"color: #800000;\" href=\"http:\/\/www.historiadelperonismo.com\/fundacion-CUADRO.pdf\" target=\"_new\"><span style=\"color: #800000; font-family: Verdana; font-size: 14pt; font-weight: bold; text-decoration: none;\">CUADRO FUNDACI\u00d3N EVA PER\u00d3N<\/span><br \/>\n<span style=\"color: #800000; font-family: Verdana; font-size: 14pt; font-weight: bold; text-decoration: none;\">Clic<\/span> <span style=\"color: #800000; font-family: Verdana; font-size: 14pt; font-weight: bold; text-decoration: none;\">Aqu\u00ed<\/span><\/a><\/p>\n<p>&nbsp;<\/p>\n<p style=\"background-color: #ffffff; line-height: 14.4pt; margin: 0pt; text-align: justify;\"><span style=\"font-family: Verdana; font-size: 10pt; font-weight: bold;\">La Fundaci\u00f3n Eva<\/span><span style=\"font-family: Verdana; font-size: 10pt; font-weight: bold;\"> Per\u00f3n entre 1948 y 1950<\/span><\/p>\n<p style=\"background-color: #ffffff; line-height: 14.4pt; margin: 0pt; text-align: justify;\"><span style=\"font-family: Verdana; font-size: 10pt; font-weight: bold;\">Algunos datos num\u00e9ricos acerca de sus realizaciones<\/span><\/p>\n<p>&nbsp;<\/p>\n<ul style=\"margin: 0pt; padding-left: 0pt;\" type=\"disc\">\n<li style=\"background-color: #ffffff; font-family: serif; font-size: 10pt; margin: 5pt 0pt 5pt 27.6pt; padding-left: 8.4pt; text-align: justify; text-indent: 0pt;\"><span style=\"font-family: Verdana; font-size: 10pt;\">13.402 mujeres consiguieron empleo gracias a <\/span><span style=\"font-family: Verdana; font-size: 10pt;\">la Fundaci\u00f3n<\/span><span style=\"font-family: Verdana; font-size: 10pt;\">, entre 1948 y 1950.<\/span><\/li>\n<li style=\"background-color: #ffffff; font-family: serif; font-size: 10pt; margin: 5pt 0pt 5pt 27.6pt; padding-left: 8.4pt; text-align: justify; text-indent: 0pt;\"><span style=\"font-family: Verdana; font-size: 10pt;\">8.726 chicos fueron internados para su cuidado en colegios o instituciones de <\/span><span style=\"font-family: Verdana; font-size: 10pt;\">la Fundaci\u00f3n<\/span><span style=\"font-family: Verdana; font-size: 10pt;\"> entre 1948 y 1950.<\/span><\/li>\n<li style=\"background-color: #ffffff; font-family: serif; font-size: 10pt; margin: 5pt 0pt 5pt 27.6pt; padding-left: 8.4pt; text-align: justify; text-indent: 0pt;\"><span style=\"font-family: Verdana; font-size: 10pt;\">25.320 vacantes ten\u00edan los 19 Hogares Escuela, entre los ya construidos y en construcci\u00f3n por <\/span><span style=\"font-family: Verdana; font-size: 10pt;\">la Fundaci\u00f3n<\/span><span style=\"font-family: Verdana; font-size: 10pt;\">, en julio de 1952, distribuidos en 16 provincias. Los ni\u00f1os ingresaban como internos \u2014por razones de extrema pobreza o distancia\u2014 o externos. En los dos casos concurr\u00edan a la escuela estatal en un turno y en el otro recib\u00edan apoyo escolar en el Hogar.<\/span><\/li>\n<li style=\"background-color: #ffffff; font-family: serif; font-size: 10pt; margin: 5pt 0pt 5pt 27.6pt; padding-left: 8.4pt; text-align: justify; text-indent: 0pt;\"><span style=\"font-family: Verdana; font-size: 10pt;\">22.650 camas ten\u00edan los 21 hospitales y policl\u00ednicos construidos por <\/span><span style=\"font-family: Verdana; font-size: 10pt;\">la Fundaci\u00f3n<\/span><span style=\"font-family: Verdana; font-size: 10pt;\"> en 11 provincias.<\/span><\/li>\n<li style=\"background-color: #ffffff; font-family: serif; font-size: 10pt; margin: 5pt 0pt 5pt 27.6pt; padding-left: 8.4pt; text-align: justify; text-indent: 0pt;\"><span style=\"font-family: Verdana; font-size: 10pt;\">17.150 camas del total estaban distribuidas en los hospitales y policl\u00ednicos construidos en el<\/span><span style=\"font-family: Verdana; font-size: 10pt;\">\u00a0<\/span><span style=\"font-family: Verdana; font-size: 10pt;\">Gran Buenos Aires.<\/span><span style=\"font-family: Verdana; font-size: 10pt;\">\u00a0<\/span><span style=\"font-family: Verdana; font-size: 10pt;\">\u00a0<\/span><span style=\"font-family: Verdana; font-size: 10pt;\">\u00a0<\/span><span style=\"font-family: Verdana; font-size: 10pt;\">\u00a0<\/span><span style=\"font-family: Verdana; font-size: 10pt;\">\u00a0<\/span><span style=\"font-family: Verdana; font-size: 10pt;\">\u00a0<\/span><\/li>\n<li style=\"background-color: #ffffff; font-family: serif; font-size: 10pt; margin: 5pt 0pt 5pt 27.6pt; padding-left: 8.4pt; text-align: justify; text-indent: 0pt;\"><span style=\"font-family: Verdana; font-size: 10pt;\">2.350 ancianos fueron internados en los hogares para ancianos que construy\u00f3 <\/span><span style=\"font-family: Verdana; font-size: 10pt;\">la Fundaci\u00f3n. El<\/span><span style=\"font-family: Verdana; font-size: 10pt;\"> 17 de octubre de 1949 se inaugur\u00f3 el primero de ellos en Burzaco, hasta 1950 se abrieron otros cuatro. All\u00ed eran alimentados y atendidos por enfermeras y monjas.<\/span><\/li>\n<li style=\"background-color: #ffffff; font-family: serif; font-size: 10pt; margin: 5pt 0pt 5pt 27.6pt; padding-left: 8.4pt; text-align: justify; text-indent: 0pt;\"><span style=\"font-family: Verdana; font-size: 10pt;\">1.500 cubiertos era la capacidad del comedor del Hogar de <\/span><span style=\"font-family: Verdana; font-size: 10pt;\">la Empleada Gral.<\/span><span style=\"font-family: Verdana; font-size: 10pt;\"> San Mart\u00edn inaugurado en 1949. Ten\u00eda precios bajos y estaba abierto al p\u00fablico. Evita sol\u00eda cenar all\u00ed y hac\u00eda pagar a uno de sus empleados por vez. Adem\u00e1s, lo eleg\u00eda para ir con visitantes extranjeros. Se realizaban veladas literarias, bautizadas Pe\u00f1a Eva Per\u00f3n.<\/span><\/li>\n<li style=\"background-color: #ffffff; font-family: serif; font-size: 10pt; margin: 5pt 0pt 5pt 27.6pt; padding-left: 8.4pt; text-align: justify; text-indent: 0pt;\"><span style=\"font-family: Verdana; font-size: 10pt;\">500 mujeres pod\u00edan encontrar alojamiento en el Hogar de <\/span><span style=\"font-family: Verdana; font-size: 10pt;\">la Empleada<\/span><span style=\"font-family: Verdana; font-size: 10pt;\">, en un edificio que pose\u00eda <\/span><span style=\"font-family: Verdana; font-size: 10pt;\">la Fundaci\u00f3n<\/span><span style=\"font-family: Verdana; font-size: 10pt;\"> en Avenida de Mayo 869 de la ciudad de<\/span><span style=\"font-family: Verdana; font-size: 10pt;\">\u00a0<\/span><span style=\"font-family: Verdana; font-size: 10pt;\"> Buenos Aires. De los once pisos, nueve eran dormitorios. El Hogar estaba dirigido a todas aquellas mujeres que recib\u00edan un sueldo menor a $ 500, que no pose\u00edan vivienda ni familiares directos en dicha ciudad.<\/span><\/li>\n<li style=\"background-color: #ffffff; font-family: serif; font-size: 10pt; margin: 5pt 0pt 5pt 27.6pt; padding-left: 8.4pt; text-align: justify; text-indent: 0pt;\"><span style=\"font-family: Verdana; font-size: 10pt;\">Se construyeron tres Hogares de Tr\u00e1nsito, con varios centenares de camas entre todos ellos m\u00e1s las cunitas de los beb\u00e9s para aquellas mujeres que no ten\u00edan a donde cobijarse.<\/span><\/li>\n<li style=\"background-color: #ffffff; font-family: serif; font-size: 10pt; margin: 5pt 0pt 5pt 27.6pt; padding-left: 8.4pt; text-align: justify; text-indent: 0pt;\"><span style=\"font-family: Verdana; font-size: 10pt;\">20 pa\u00edses recibieron ayuda de <\/span><span style=\"font-family: Verdana; font-size: 10pt;\">la Fundaci\u00f3n<\/span><span style=\"font-family: Verdana; font-size: 10pt;\"> en 1950. Se les enviaban v\u00edveres, medicina y ropa.<\/span><\/li>\n<li style=\"background-color: #ffffff; font-family: serif; font-size: 10pt; margin: 5pt 0pt 5pt 27.6pt; padding-left: 8.4pt; text-align: justify; text-indent: 0pt;\"><span style=\"font-family: Verdana; font-size: 10pt;\">20.148 familias sin trabajo en la ciudad, fueron reinsertadas en sus provincias de origen con trabajo y vivienda entre 1948 y 1950.<\/span><\/li>\n<li style=\"background-color: #ffffff; font-family: serif; font-size: 10pt; margin: 5pt 0pt 5pt 27.6pt; padding-left: 8.4pt; text-align: justify; text-indent: 0pt;\"><span style=\"font-family: Verdana; font-size: 10pt;\">11.000 empleados tuvo <\/span><span style=\"font-family: Verdana; font-size: 10pt;\">la Fundaci\u00f3n Eva<\/span><span style=\"font-family: Verdana; font-size: 10pt;\"> Per\u00f3n hasta 1955<\/span><span style=\"font-family: Verdana; font-size: 10pt;\">\u00a0<\/span><span style=\"font-family: Verdana; font-size: 10pt;\">entre todas las instituciones que abarcaba.<\/span><\/li>\n<li style=\"background-color: #ffffff; font-family: serif; font-size: 10pt; margin: 5pt 0pt 5pt 27.6pt; padding-left: 8.4pt; text-align: justify; text-indent: 0pt;\"><span style=\"font-family: Verdana; font-size: 10pt;\">700 autos constitu\u00edan la flota de todas las instituciones que conformaban <\/span><span style=\"font-family: Verdana; font-size: 10pt;\">la Fundaci\u00f3n.<\/span><\/li>\n<li style=\"background-color: #ffffff; font-family: serif; font-size: 10pt; margin: 5pt 0pt 5pt 27.6pt; padding-left: 8.4pt; text-align: justify; text-indent: 0pt;\"><span style=\"font-family: Verdana; font-size: 10pt;\">$ 70.000.000: presupuesto otorgado por <\/span><span style=\"font-family: Verdana; font-size: 10pt;\">la Fundaci\u00f3n<\/span><span style=\"font-family: Verdana; font-size: 10pt;\"> a <\/span><span style=\"font-family: Verdana; font-size: 10pt;\">la Ciudad Universitaria<\/span><span style=\"font-family: Verdana; font-size: 10pt;\"> de C\u00f3rdoba, en construcci\u00f3n en el momento de la muerte de Evita. Estaba dispuesto que alojara a 400 alumnos argentinos y 150 extranjeros, distribuidos en 15 pabellones.<\/span><\/li>\n<li style=\"background-color: #ffffff; font-family: serif; font-size: 10pt; margin: 5pt 0pt 5pt 27.6pt; padding-left: 8.4pt; text-align: justify; text-indent: 0pt;\"><span style=\"font-family: Verdana; font-size: 10pt;\">1.500.000 sidras y unidades de pan dulce repart\u00eda todos los a\u00f1os <\/span><span style=\"font-family: Verdana; font-size: 10pt;\">la Fundaci\u00f3n<\/span><span style=\"font-family: Verdana; font-size: 10pt;\"> para las Fiestas.<\/span><\/li>\n<li style=\"background-color: #ffffff; font-family: serif; font-size: 10pt; margin: 5pt 0pt 5pt 27.6pt; padding-left: 8.4pt; text-align: justify; text-indent: 0pt;\"><span style=\"font-family: Verdana; font-size: 10pt;\">181 proveedur\u00edas fueron abiertas por <\/span><span style=\"font-family: Verdana; font-size: 10pt;\">la Fundaci\u00f3n<\/span><span style=\"font-family: Verdana; font-size: 10pt;\"> con el prop\u00f3sito de abastecer los art\u00edculos de 1\u00aa necesidad para las familias en forma regular y a bajos precios.<\/span><\/li>\n<li style=\"background-color: #ffffff; font-family: serif; font-size: 10pt; margin: 5pt 0pt 5pt 27.6pt; padding-left: 8.4pt; text-align: justify; text-indent: 0pt;\"><span style=\"font-family: Verdana; font-size: 10pt;\">120.000 ni\u00f1os participaron del tercer certamen de los Campeonatos Infantiles \u00abEvita\u00bb y los juveniles \u00abJuan D. Per\u00f3n\u00bb, organizados desde 1949 en forma anual. Entonces se realizaba un amplio control sanitario a nivel nacional, realizado por el Departamento m\u00e9dico de <\/span><span style=\"font-family: Verdana; font-size: 10pt;\">la Fundaci\u00f3n Eva<\/span><span style=\"font-family: Verdana; font-size: 10pt;\"> Per\u00f3n a cada uno de los participantes.<\/span><\/li>\n<li style=\"background-color: #ffffff; font-family: serif; font-size: 10pt; margin: 5pt 0pt 5pt 27.6pt; padding-left: 8.4pt; text-align: justify; text-indent: 0pt;\"><span style=\"font-family: Verdana; font-size: 10pt;\">3.000.000 de libros, juguetes, m\u00e1quinas de coser, bicicletas, y prendas de ropa distribu\u00eda anualmente <\/span><span style=\"font-family: Verdana; font-size: 10pt;\">la Fundaci\u00f3n.<\/span><\/li>\n<\/ul>\n<p>&nbsp;<\/p>\n<p style=\"margin: 0pt;\"><span style=\"font-family: Verdana; font-size: 9pt; font-weight: bold;\">Bibliograf\u00eda y Documentaci\u00f3n de apoyo<\/span><\/p>\n<p style=\"margin: 0pt;\"><span style=\"font-family: Verdana; font-size: 9pt;\">\u00a0<\/span><\/p>\n<p style=\"margin: 0pt;\"><span style=\"font-family: Verdana; font-size: 10pt; font-weight: bold;\">1. Per\u00f3n, J. D.- Como conoc\u00ed a Evita y me enamor\u00e9 de ella, Publicaci\u00f3n del Instituto Nacional Juan D. Per\u00f3n, Buenos Aires, 2006, pag. 8<\/span><\/p>\n<p style=\"margin: 0pt; text-align: justify;\"><span style=\"background-color: #ffffff; font-family: Verdana; font-size: 10pt; font-weight: bold;\">2. Navarro, Marysa-Evita, Ed. Corregidor, Buenos Aires, 1981, pag. 250<\/span><\/p>\n<p style=\"margin: 0pt; text-align: justify;\"><span style=\"background-color: #ffffff; font-family: Verdana; font-size: 10pt; font-weight: bold;\">3. Ferioli, N\u00e9stor-La Fundaci\u00f3n Eva Per\u00f3n, T.1, Centro Editor de Am\u00e9rica Latina, Buenos Aires, 1990, pag. 37<\/span><\/p>\n<p style=\"margin: 0pt;\"><span style=\"background-color: #ffffff; font-family: Verdana; font-size: 10pt; font-weight: bold;\">4. Instituto Nacional de Estad\u00edsticas y Censos.<\/span><\/p>\n<p style=\"margin: 0pt; text-align: justify;\"><span style=\"background-color: #ffffff; font-family: Verdana; font-size: 10pt; font-weight: bold;\">5. Ferioli, N\u00e9stor, Ob. Cit., pag. 40<\/span><\/p>\n<p style=\"margin: 0pt; text-align: justify;\"><span style=\"background-color: #ffffff; font-family: Verdana; font-size: 10pt; font-weight: bold;\">6. Lagomarsino, Lilian-Y ahora hablo yo, Ed. Sudamericana, Buenos Aires, 1996<\/span><\/p>\n<p style=\"margin: 0pt; text-align: justify;\"><span style=\"background-color: #ffffff; font-family: Verdana; font-size: 10pt; font-weight: bold;\">7. Revista Mundo Peronista, 1954<\/span><\/p>\n<p style=\"margin: 0pt; text-align: justify;\"><span style=\"background-color: #ffffff; font-family: Verdana; font-size: 10pt; font-weight: bold;\">8. Wikipedia y documentaci\u00f3n del autor<\/span><\/p>\n<p style=\"margin: 0pt;\"><span style=\"font-family: 'Times New Roman'; font-size: 12pt;\">\u00a0<\/span><\/p>\n<\/div>\n<p>&nbsp;<\/p>\n","protected":false},"excerpt":{"rendered":"<p>Primer Gobierno de Per\u00f3n \u00a0 LA FUNDACION EVA PERON &nbsp; &nbsp; Su organizaci\u00f3n administrativa, el financiamiento, las realizaciones, justicia social distributiva y atributiva Testimonios \u00a0 &nbsp; [&hellip;]<\/p>\n","protected":false},"author":2,"featured_media":0,"comment_status":"closed","ping_status":"closed","sticky":false,"template":"","format":"standard","meta":{"footnotes":""},"categories":[1],"tags":[],"class_list":["post-3273","post","type-post","status-publish","format-standard","hentry","category-sin-categoria"],"_links":{"self":[{"href":"https:\/\/historiadelperonismo.com\/index.php?rest_route=\/wp\/v2\/posts\/3273","targetHints":{"allow":["GET"]}}],"collection":[{"href":"https:\/\/historiadelperonismo.com\/index.php?rest_route=\/wp\/v2\/posts"}],"about":[{"href":"https:\/\/historiadelperonismo.com\/index.php?rest_route=\/wp\/v2\/types\/post"}],"author":[{"embeddable":true,"href":"https:\/\/historiadelperonismo.com\/index.php?rest_route=\/wp\/v2\/users\/2"}],"replies":[{"embeddable":true,"href":"https:\/\/historiadelperonismo.com\/index.php?rest_route=%2Fwp%2Fv2%2Fcomments&post=3273"}],"version-history":[{"count":15,"href":"https:\/\/historiadelperonismo.com\/index.php?rest_route=\/wp\/v2\/posts\/3273\/revisions"}],"predecessor-version":[{"id":12003,"href":"https:\/\/historiadelperonismo.com\/index.php?rest_route=\/wp\/v2\/posts\/3273\/revisions\/12003"}],"wp:attachment":[{"href":"https:\/\/historiadelperonismo.com\/index.php?rest_route=%2Fwp%2Fv2%2Fmedia&parent=3273"}],"wp:term":[{"taxonomy":"category","embeddable":true,"href":"https:\/\/historiadelperonismo.com\/index.php?rest_route=%2Fwp%2Fv2%2Fcategories&post=3273"},{"taxonomy":"post_tag","embeddable":true,"href":"https:\/\/historiadelperonismo.com\/index.php?rest_route=%2Fwp%2Fv2%2Ftags&post=3273"}],"curies":[{"name":"wp","href":"https:\/\/api.w.org\/{rel}","templated":true}]}}