{"id":3344,"date":"2015-06-29T00:46:23","date_gmt":"2015-06-29T00:46:23","guid":{"rendered":"http:\/\/www.xn--diseowebdmg4-dhb.com.ar\/historiadelperonismo\/?p=3344"},"modified":"2020-07-18T15:39:33","modified_gmt":"2020-07-18T18:39:33","slug":"la-argentina-previa-al-peronismo-vista-por-peron","status":"publish","type":"post","link":"https:\/\/historiadelperonismo.com\/?p=3344","title":{"rendered":"La Argentina previa al Peronismo, vista por Per\u00f3n"},"content":{"rendered":"<p>&nbsp;<\/p>\n<div>\n<p style=\"margin: 0pt;\"><span style=\"font-family: 'Times New Roman'; font-size: 12pt;\">\u00a0<\/span><\/p>\n<p style=\"margin: 0pt; text-align: justify;\"><img decoding=\"async\" style=\"-aw-left-pos: 0pt; -aw-rel-hpos: column; -aw-rel-vpos: paragraph; -aw-top-pos: 0pt; -aw-wrap-type: inline;\" src=\"http:\/wp-content\/uploads\/559094f54008c_img.png\" alt=\"\" width=\"1\" height=\"20\" \/><\/p>\n<div style=\"text-align: center;\">\n<table style=\"border-collapse: collapse; margin: 0 auto; width: 100%;\" cellspacing=\"0\" cellpadding=\"0\">\n<tbody>\n<tr>\n<td style=\"background-color: #ffffff; vertical-align: top; width: 0.0734214%;\">\n<p style=\"margin: 0pt; text-align: justify;\"><img decoding=\"async\" style=\"-aw-left-pos: 0pt; -aw-rel-hpos: column; -aw-rel-vpos: paragraph; -aw-top-pos: 0pt; -aw-wrap-type: inline;\" src=\"http:\/wp-content\/uploads\/559094f540132_img.png\" alt=\"\" width=\"51\" height=\"1\" \/><\/p>\n<p style=\"margin: 0pt; text-align: justify;\">\n<\/td>\n<td style=\"background-color: #ffffff; vertical-align: top; width: 100%;\">\n<div style=\"text-align: center;\">\n<table style=\"border-collapse: collapse; margin: 0px auto; width: 100%; height: 15080px;\" cellspacing=\"0\" cellpadding=\"0\">\n<tbody>\n<tr style=\"height: 15080px;\">\n<td style=\"vertical-align: top; width: 100%; height: 15080px;\">&nbsp;<\/p>\n<p style=\"margin: 0pt;\"><img decoding=\"async\" style=\"-aw-left-pos: 0pt; -aw-rel-hpos: column; -aw-rel-vpos: paragraph; -aw-top-pos: 0pt; -aw-wrap-type: inline;\" src=\"http:\/\/www.historiadelperonismo.com\/wp-content\/uploads\/2015\/06\/559094f540132_img.png\" alt=\"\" width=\"1\" height=\"20\" \/><span style=\"font-family: Verdana; font-size: 9pt;\">\u00a0<strong><span style=\"font-size: 24pt;\">LA ARGENTINA PREVIA AL PERONISMO<\/span><\/strong><\/span><\/p>\n<p>&nbsp;<\/p>\n<p style=\"margin: 0pt;\"><span style=\"font-family: Verdana; font-size: 9pt;\"><strong><span style=\"font-size: 24pt;\">VISTA POR PER\u00d3N<\/span><\/strong><\/span><\/p>\n<p>&nbsp;<\/p>\n<p>&nbsp;<\/p>\n<p>&nbsp;<\/p>\n<div style=\"text-align: center;\">\n<table style=\"border-collapse: collapse; margin: 0px auto; width: 100.074%; height: 342px;\" cellspacing=\"0\" cellpadding=\"0\">\n<tbody>\n<tr>\n<td style=\"padding: 0.38pt; vertical-align: top; border: 0.75pt solid #000000;\">\n<table style=\"border-collapse: collapse; margin-left: 0pt; width: 100%; height: 349px;\" cellspacing=\"0\" cellpadding=\"0\">\n<tbody>\n<tr style=\"height: 349px;\">\n<td style=\"padding: 0.75pt; vertical-align: top; height: 349px;\">\n<p style=\"margin: 5pt 0pt; text-align: justify;\"><span style=\"color: #963302;\"><strong><span style=\"font-family: Verdana; font-size: 9pt; font-style: italic;\">Es un hecho notable que el general Per\u00f3n habla de historia, cita a la historia y concluye en sus definiciones con sentido hist\u00f3rico en forma constante. Siempre habr\u00e1 un ejemplo de la historia que, citado por Per\u00f3n, sirva de norma o de valor para la vida de los hombres, para la conducci\u00f3n pol\u00edtica, para avizorar el futuro de los pueblos. Siempre se los encontrar\u00e1 en sus escritos, en sus libros, en sus discursos, en sus conversaciones. Siempre. La historia pareciera ser entonces su inseparable herramienta para la comprensi\u00f3n de su doctrina y de su conducci\u00f3n pol\u00edtica.<\/span><\/strong><\/span><br \/>\n<span style=\"color: #963302;\"><strong><span style=\"font-family: Verdana; font-size: 9pt; font-style: italic;\">Tal vez por eso sea que, virtualmente y aunque parezca parad\u00f3jico, escribi\u00f3 pocos libros o estudios de historia, porque en realidad, esta lo acompa\u00f1a inseparablemente en todos lo momentos de la expresi\u00f3n de su pensamiento.<\/span><\/strong><\/span><br \/>\n<span style=\"color: #963302;\"><strong><span style=\"font-family: Verdana; font-size: 9pt; font-style: italic;\">No obstante, una de las pocas publicaciones donde Per\u00f3n habla casi con exclusividad de historia y se extiende en un periodo considerable de tiempo hist\u00f3rico es en el libro \u00abAs\u00ed Hablaba Juan Per\u00f3n\u00bb, que en rigor es un largo reportaje de Eugenio P. Rom a Per\u00f3n en Madrid en varias entrevistas a fines de los 60.<\/span><\/strong><\/span><br \/>\n<span style=\"color: #963302;\"><span style=\"font-family: Verdana; font-size: 9pt; font-style: italic;\">Hemos elegido transcribir de ese libro aquellos pasajes que, arrancando con la retirada anglo-francesa durante el gobierno de Rosas, la posterior ca\u00edda de este del poder y la instauraci\u00f3n y desarrollo del liberalismo en <\/span><span style=\"font-family: Verdana; font-size: 9pt; font-style: italic;\">la Argentina<\/span><span style=\"font-family: Verdana; font-size: 9pt; font-style: italic;\"><span style=\"color: #963302; font-family: Verdana;\"><span style=\"font-size: 9pt;\"><b><i> hasta el momento mismo del nacimiento del peronismo, constituyen una narraci\u00f3n v\u00edvida, veraz, <\/i><\/b><\/span><\/span><span style=\"color: #963302; font-family: Verdana;\"><span style=\"font-size: 12px;\"><b><i>irreemplazable<\/i><\/b><\/span><\/span><span style=\"color: #963302; font-family: Verdana;\"><span style=\"font-size: 9pt;\"><b><i>, contundente y \u00fanica para la comprensi\u00f3n de todo el proceso hist\u00f3rico previo al peronismo de casi un siglo de duraci\u00f3n.<\/i><\/b><\/span><\/span><\/span><span style=\"font-family: Verdana; font-size: 9pt; font-style: italic;\">\u00a0<\/span><\/span><br \/>\n<span style=\"color: #963302;\"><strong><span style=\"font-family: Verdana; font-size: 9pt; font-style: italic;\">La labor de Rom es impecable, ya que el texto es la desgrabaci\u00f3n de sus conversaciones con Per\u00f3n, lo que garantiza la autenticidad del documento.<\/span><\/strong><\/span><br \/>\n<span style=\"color: #963302;\"><strong><span style=\"font-family: Verdana; font-size: 9pt; font-style: italic;\">Adem\u00e1s de nuestras propias investigaciones e interpretaciones sobre el mismo periodo, es insoslayable la interpretaci\u00f3n y la narraci\u00f3n de Per\u00f3n, siendo que el peronismo es la resultante y consecuencia de todo ese proceso.<\/span><\/strong><\/span><\/p>\n<p style=\"margin: 0pt; text-align: justify;\"><span style=\"color: #963302;\"><strong><span style=\"font-family: Verdana; font-size: 9pt; font-style: italic;\">Recomendamos la lectura \u00edntegra de este libro \u00abAs\u00ed hablaba Juan Per\u00f3n\u00bb, de Eugenio P. Rom, A. Pe\u00f1a Lillo Editor, Bs. As. 1980.<\/span><\/strong><\/span><\/p>\n<\/td>\n<\/tr>\n<\/tbody>\n<\/table>\n<p style=\"margin: 0pt; text-align: justify;\">\n<\/td>\n<\/tr>\n<\/tbody>\n<\/table>\n<\/div>\n<p>&nbsp;<\/p>\n<p>&nbsp;<\/p>\n<p style=\"margin: 5pt 0pt; text-align: justify;\"><span style=\"font-family: Verdana; font-size: 9pt; font-weight: bold;\">De p\u00e1gina <\/span><span style=\"font-family: Verdana; font-size: 9pt; font-weight: bold;\">66 a<\/span><span style=\"font-family: Verdana; font-size: 9pt; font-weight: bold;\"> 122<\/span><\/p>\n<p style=\"margin: 5pt 0pt; text-align: justify;\"><span style=\"font-family: Verdana; font-size: 9pt;\">\u00a0<\/span> <span style=\"font-family: Verdana; font-size: 9pt;\">\u00a0<\/span><span style=\"font-family: Verdana; font-size: 9pt;\">\u00abEl puerto de Buenos Aires, queda nuevamente libre. Brasil da marcha atr\u00e1s apresuradamente, sabe muy bien que \u00absolo\u00bb, no puede enfrentar a <\/span><span style=\"font-family: Verdana; font-size: 9pt;\">la Argentina.<\/span><br \/>\n<span style=\"font-family: Verdana; font-size: 9pt;\">E<\/span><span style=\"font-family: Verdana; font-size: 9pt;\">n adelante inicia una larga, paciente, y prolija b\u00fasqueda de<\/span><span style=\"font-family: Verdana; font-size: 9pt;\">\u00a0<\/span><span style=\"font-family: Verdana; font-size: 9pt;\"> nuevos aliados. Con el tiempo encontrar\u00e1 uno ideal, ya lo veremos.<\/span><br \/>\n<span style=\"font-family: Verdana; font-size: 9pt;\">Mientras tanto, las potencias negocian la paz con Rosas. El sigue \u00aben sus trece\u00bb: devoluci\u00f3n de todo y desagravio a <\/span><span style=\"font-family: Verdana; font-size: 9pt;\">la Bandera. Tanto<\/span><span style=\"font-family: Verdana; font-size: 9pt;\"> Francia como Inglaterra, reciben el mismo trato. Respetuosamente pero irreductible, por parte del Jefe de <\/span><span style=\"font-family: Verdana; font-size: 9pt;\">la Confederaci\u00f3n Argentina. <\/span><span style=\"font-family: Verdana; font-size: 9pt;\">Finalment<\/span><span style=\"font-family: Verdana; font-size: 9pt;\">e en el a\u00f1o 1848, se firman los tratados de paz, en las condiciones que exige nuestro Pa\u00eds.<\/span><br \/>\n<span style=\"font-family: Verdana; font-size: 9pt;\">Cumpliendo el mismo, se levanta tambi\u00e9n a las tropas europeas que est\u00e1n en Montevideo. Las dos escuadras se retiran.<\/span><br \/>\n<span style=\"font-family: Verdana; font-size: 9pt;\">Es el triunfo total de la pol\u00edtica de soberan\u00eda argentina. Suenen los ca\u00f1onazos de las escuadras antes de partir, en desagravio a la bandera azul y blanca de nuestra patria. Las escuadras que parten, son nada m\u00e1s, que las de las dos naciones m\u00e1s poderosas de la tierra.<\/span><\/p>\n<p style=\"margin: 5pt 0pt; text-align: justify;\"><span style=\"font-family: Verdana; font-size: 9pt;\">\u00a0<\/span><span style=\"font-family: Verdana; font-size: 9pt;\">\u00a0<\/span><span style=\"font-family: Verdana; font-size: 9pt;\"> Las noticias llegan a Francia, justo a tiempo para alegrar los \u00faltimos d\u00edas del general San Mart\u00edn. Muere en 1850.<\/span><br \/>\n<span style=\"font-family: Verdana; font-size: 9pt;\">En un inciso especial de su testamento, lega su sable de <\/span><span style=\"font-family: Verdana; font-size: 9pt;\">la Independencia<\/span><span style=\"font-family: Verdana; font-size: 9pt;\">\u00a0<\/span><span style=\"font-family: Verdana; font-size: 9pt; font-weight: bold;\">\u2018<\/span><span style=\"font-family: Verdana; font-size: 9pt; font-style: italic; font-weight: bold;\">al general argentino Don Juan Manuel de Rosas, como prueba de la satisfacci\u00f3n que como argentino, he tenido al ver con cuanta altura ha sostenido el honor de la Patria\u2019. <\/span><span style=\"font-family: Verdana; font-size: 9pt;\">Est\u00e1 todo dicho.<\/span><\/p>\n<p style=\"margin: 5pt 0pt; text-align: justify;\"><span style=\"font-family: Verdana; font-size: 9pt;\">\u00a0<\/span><span style=\"font-family: Verdana; font-size: 9pt;\">\u00a0<\/span><span style=\"font-family: Verdana; font-size: 9pt;\"> Los preparativos b\u00e9licos del Brasil sufren una nueva demora. Estallan movimientos republicanos en el interior y se desata una ola de peste amarilla.<\/span><br \/>\n<span style=\"font-family: Verdana; font-size: 9pt;\">Rosas, rompe relaciones con el Imperio y se prepara para la guerra. Reconstruye la escuadra y refuerza con todo el material y hombres que puede, AL Ej\u00e9rcito de Operaciones, al mando del general Urquiza.<\/span><br \/>\n<span style=\"font-family: Verdana; font-size: 9pt;\">Como era de esperar los argentinos de Montevideo, preparan un \u00abPlan de Guerra\u00bb para ponerlo a disposici\u00f3n del Brasil. Pero el Imperio no se mueve. Hasta que no encuentre un aliado, no piensa hacerlo. Si la guerra comenzara en esos momentos, nadie duda que el triunfo<\/span><br \/>\n<span style=\"font-family: Verdana; font-size: 9pt;\">ser\u00eda para <\/span><span style=\"font-family: Verdana; font-size: 9pt;\">la Argentina.<\/span><br \/>\n<span style=\"font-family: Verdana; font-size: 9pt;\">\u00a0 \u00a0E<\/span><span style=\"font-family: Verdana; font-size: 9pt;\">n eso estaban las cosas al comienzo del a\u00f1o 1851, cuando se produce el hecho m\u00e1s incre\u00edble de la historia argentina y uno de los acontecimientos m\u00e1s vergonzosos de la historia Universal.<\/span><\/p>\n<p style=\"margin: 5pt 0pt; text-align: justify;\"><span style=\"font-family: Verdana; font-size: 9pt;\">\u00a0<\/span><span style=\"font-family: Verdana; font-size: 9pt;\">\u00a0<\/span><span style=\"font-family: Verdana; font-size: 9pt;\"> El general en Jefe del Ej\u00e9rcito de Operaciones argentino,<\/span><span style=\"font-family: Verdana; font-size: 9pt;\">\u00a0<\/span><span style=\"font-family: Verdana; font-size: 9pt;\"> para la guerra contra el Brasil, Don Justo Jos\u00e9 de Urquiza, entra en tratativas con el enemigo, para pasarse a \u00e9l, y arrastrar las tropas que el pa\u00eds ha puesto bajo su mando y responsabilidad. As\u00ed tambi\u00e9n, todos los pertrechos y armamentos a su disposici\u00f3n.<\/span><br \/>\n<span style=\"font-family: Verdana; font-size: 9pt;\">Por supuesto que las negociaciones son lentas y \u00absecret\u00edsimas\u00bb. La posici\u00f3n de<\/span><span style=\"font-family: Verdana; font-size: 9pt;\">\u00a0<\/span><span style=\"font-family: Verdana; font-size: 9pt;\"> Urquiza, al mando del ej\u00e9rcito m\u00e1s poderoso de esta parte de Sudam\u00e9rica, en esos momentos, le da una carta de triunfo que s\u00f3lo est\u00e1 dispuesto a entregar a muy alto precio. Sobre todo dinero. Mucho dinero.\u00a0 <\/span><span style=\"font-family: Verdana; font-size: 9pt;\">Y adem\u00e1s la flota del Brasil, que es indispensable en este caso. Con la del almirante Brown no puede contar. El Almirante no \u00abse vende\u00bb.<\/span><br \/>\n<span style=\"font-family: Verdana; font-size: 9pt;\">\u00a0 \u00a0La coordinaci\u00f3n y el \u00abmanejo\u00bb de las tratativas, desde luego que est\u00e1, como siempre, a cargo de los exiliados argentinos de Montevideo. Rosas, que ignora todo esto, declara formalmente la guerra al Brasil. <\/span><span style=\"font-family: Verdana; font-size: 9pt;\">Urquiza se pronuncia en marzo de ese mismo a\u00f1o contra Rosas. Ya ha \u00abarreglado\u00bb con el Brasil. Acto seguido, entra en el Uruguay para atacar al ej\u00e9rcito de Oribe que sitia Montevideo y permanece leal.<\/span><br \/>\n<span style=\"font-family: Verdana; font-size: 9pt;\">\u00a0 \u00a0En cumplimiento de lo \u00abpactado\u00bb, las tropas del Brasil cruzan la frontera y entran tambi\u00e9n en el Uruguay. Las comanda el Marqu\u00e9s de Caxias. <\/span><span style=\"font-family: Verdana; font-size: 9pt;\">No hay batallas. Oribe nada puede contra esas tropas. Entrega su ej\u00e9rcito y se le permite retirarse. Otra cosa no pod\u00eda hacer. Traicionado por Urquiza, el pa\u00eds queda desguarnecido. <\/span><span style=\"font-family: Verdana; font-size: 9pt;\">Rosas ha perdido en dos meses, sus dos mejores ej\u00e9rcitos.<\/span><br \/>\n<span style=\"font-family: Verdana; font-size: 9pt;\">\u00a0 \u00a0Se dirige precipitadamente a Santos Lugares, a organizar una fuerza en base a tropas reclutadas a \u00faltimo momento y sin ninguna experiencia, la mayor\u00eda de ellos. <\/span><span style=\"font-family: Verdana; font-size: 9pt;\">Pero, dice, \u2018<\/span><span style=\"font-family: Verdana; font-size: 9pt; font-style: italic;\">Buenos Aires no se entregar\u00e1 al extranjero sin luchar\u2019<\/span><span style=\"font-family: Verdana; font-size: 9pt; font-style: italic; font-weight: bold;\">.<\/span><span style=\"font-family: Verdana; font-size: 9pt;\">\u00a0<\/span><span style=\"font-family: Verdana; font-size: 9pt;\">Desoye el consejo de sus generales de internarse en el interior y esperar los refuerzos de los caudillos, que le son adictos en su totalidad.<\/span><br \/>\n<span style=\"font-family: Verdana; font-size: 9pt;\">\u00a0 \u00a0Urquiza, con su ej\u00e9rcito reforzado con las tropas tomadas a Oribe, con m\u00e1s, las tropas del ej\u00e9rcito brasile\u00f1o, emprende el camino de Buenos Aires, Cuenta con casi 40.000 hombres. Antes de movilizarse ha exigido que se le de \u00abtodo el dinero prometido\u00bb. <\/span><span style=\"font-family: Verdana; font-size: 9pt;\">Se le da la mayor parte, \u00abel resto\u00bb al entrar en Buenos Aires. Quedan en el Uruguay 12.000 hombres del Brasil. Por las dudas.<\/span><br \/>\n<span style=\"font-family: Verdana; font-size: 9pt;\">\u00a0 \u00a0Ante la entrada de las tropas brasile\u00f1as al territorio argentino, Rosas recibe numerosas adhesiones. Entre ellas la de varios jefes unitarios, que se sienten \u00abrepugnados\u00bb por lo que est\u00e1 ocurriendo y vienen a ofrecer sus espadas para luchar contra el extranjero y contra los traidores.<\/span><\/p>\n<p style=\"margin: 5pt 0pt; text-align: justify;\"><span style=\"font-family: Verdana; font-size: 9pt;\">\u00a0<\/span><span style=\"font-family: Verdana; font-size: 9pt;\">\u00a0<\/span><span style=\"font-family: Verdana; font-size: 9pt;\"> La batalla se dio en Mor\u00f3n. Las fuerzas nacionales poco pudieron hacer contra un enemigo que las duplicaba en n\u00famero y armamentos.<\/span><br \/>\n<span style=\"font-family: Verdana; font-size: 9pt;\">La historia escolar, la conoce como de Caseros, porque los brasile\u00f1os exigieron que as\u00ed se llamara, dado que a <\/span><span style=\"font-family: Verdana; font-size: 9pt;\">la Divisi\u00f3n<\/span><span style=\"font-family: Verdana; font-size: 9pt;\"> de ese pa\u00eds le toc\u00f3 pelear en un sector conocido como \u00abPalomar de Caseros\u00bb. <\/span><span style=\"font-family: Verdana; font-size: 9pt;\">En la historia de Brasil, se la llama \u2018la revancha de Ituzaing\u00f3\u2019 y \u00abfin de la guerra contra Argentina\u00bb. <\/span><span style=\"font-family: Verdana; font-size: 9pt;\">En todas las ciudades de ese pa\u00eds, hay una calle o avenida que lleva su nombre. Es l\u00f3gico!<\/span><br \/>\n<span style=\"font-family: Verdana; font-size: 9pt;\">\u00a0 \u00a0Lo realmente incre\u00edble, es que en Buenos Aires y varias ciudades del interior, tambi\u00e9n hay calles que se llaman as\u00ed.<\/span><span style=\"font-family: Verdana; font-size: 9pt;\">\u00a0<\/span><span style=\"font-family: Verdana; font-size: 9pt;\">\u00a0<\/span><span style=\"font-family: Verdana; font-size: 9pt;\">\u00a0<\/span><span style=\"font-family: Verdana; font-size: 9pt;\">\u00a0<\/span><span style=\"font-family: Verdana; font-size: 9pt;\">\u00a0<\/span><\/p>\n<p style=\"text-align: justify;\"><span style=\"font-family: Verdana; font-size: 9pt;\">\u00a0\u00a0\u00a0 Bueno, Rosas renunci\u00f3 y se asil\u00f3 en Inglaterra. Urquiza se proclam\u00f3 Director provisorio de <\/span><span style=\"font-family: Verdana; font-size: 9pt;\">la Confederaci\u00f3n. El<\/span><span style=\"font-family: Verdana; font-size: 9pt;\"> d\u00eda 20 de febrero de 1852, aniversario de la batalla de Ituzaing\u00f3, el ej\u00e9rcito brasilero entr\u00f3 en Buenos Aires, con charangas y banderas desplegadas a su frente.<\/span><span style=\"font-family: Verdana; font-size: 9pt;\">\u00a0<\/span><br \/>\n<span style=\"font-family: Verdana; font-size: 9pt;\">\u00a0 \u00a0 Se fusil\u00f3 y degoll\u00f3 a tanta gente, que el r\u00edo que cruza Palermo, dicen los testigos de la \u00e9poca, bajaba con sus aguas de color rojo.<\/span><br \/>\n<span style=\"font-family: Verdana; font-size: 9pt;\">\u00a0 \u00a0Urquiza con la cabeza fr\u00eda, aprovechando la euforia de sus partidarios con el triunfo, pidi\u00f3 m\u00e1s dinero al Brasil. Se lo dieron, pese a que ya hab\u00edan empezado las discusiones y las desavenencias entre ellos. <\/span><span style=\"font-family: Verdana; font-size: 9pt;\">En esto estaban, cuando saltan a la luz los acuerdos secretos, y Brasil comunica que se queda en el Uruguay, con su ej\u00e9rcito. Exige a ese pa\u00eds, cuatro millones de pesos fuertes, como gastos de guerra y se incauta de los territorios orientales cedidos por Urquiza.<\/span><br \/>\n<span style=\"font-family: Verdana; font-size: 9pt;\">\u00a0 \u00a0Ante los hechos consumados, Inglaterra moviliz\u00f3 su diplomacia para tratar de recuperar las ventajas comerciales, que hab\u00eda perdido dos a\u00f1os antes, en el fracaso del bloqueo al puerto. <\/span><span style=\"font-family: Verdana; font-size: 9pt;\">Por lo pronto, exigi\u00f3 la famosa \u00ablibre navegaci\u00f3n\u00bb de los r\u00edos interiores.<\/span><\/p>\n<p style=\"margin: 5pt 0pt; text-align: justify;\"><span style=\"font-family: Verdana; font-size: 9pt;\">\u00a0<\/span><span style=\"font-family: Verdana; font-size: 9pt;\">\u00a0<\/span><span style=\"font-family: Verdana; font-size: 9pt;\"> Instalado en Buenos Aires, Urquiza tambi\u00e9n moviliza su estrategia. Por lo pronto, le conven\u00eda mantener al elenco de gobernadores rosistas en las provincias del interior. <\/span><span style=\"font-family: Verdana; font-size: 9pt;\">Si se entregaba totalmente a los unitarios, estos a la larga, seguramente le \u00abpresentar\u00edan la cuenta\u00bb de sus muchos a\u00f1os al servicio de <\/span><span style=\"font-family: Verdana; font-size: 9pt;\">la Federaci\u00f3n.<\/span><br \/>\n<span style=\"font-family: Verdana; font-size: 9pt;\">\u00a0 \u00a0S<\/span><span style=\"font-family: Verdana; font-size: 9pt;\">u \u00abespada libertadora\u00bb hab\u00eda cortado muchas cabezas de unitarios y estos no lo hab\u00edan olvidado. As\u00ed que comision\u00f3 a Bernardo de Irigoyen al interior, para invitar a las provincias a una reuni\u00f3n conjunta y all\u00ed la conducta a seguir.<\/span><br \/>\n<span style=\"font-family: Verdana; font-size: 9pt;\">\u00a0 \u00a0La provincia de Buenos Aires, fue convocada a \u00abelecciones\u00bb. Por supuesto que con lista \u00fanica. Ganan los unitarios. <\/span><span style=\"font-family: Verdana; font-size: 9pt;\">Eligen Gobernador, por pedido de Urquiza, al viejo don Vicente L\u00f3pez y Planes. Presidente del tribunal de Justicia de Rosas. <\/span><span style=\"font-family: Verdana; font-size: 9pt;\">Los caudillos del interior, se re\u00fanen en San Nicol\u00e1s de los Arroyos y firman, precipitadamente, un \u00abacuerdo\u00bb. <\/span><span style=\"font-family: Verdana; font-size: 9pt;\">Se designa a Urquiza Director<\/span><span style=\"font-family: Verdana; font-size: 9pt;\">\u00a0<\/span><span style=\"font-family: Verdana; font-size: 9pt;\"> de <\/span><span style=\"font-family: Verdana; font-size: 9pt;\">la Rep\u00fablica Argentina<\/span><span style=\"font-family: Verdana; font-size: 9pt;\"> y se llama tambi\u00e9n a un Congreso Constituyente.<\/span><\/p>\n<p style=\"margin: 5pt 0pt; text-align: justify;\"><span style=\"font-family: Verdana; font-size: 9pt;\">\u00a0<\/span><span style=\"font-family: Verdana; font-size: 9pt;\">\u00a0<\/span><span style=\"font-family: Verdana; font-size: 9pt;\"> La recientemente implantada Legislatura de Buenos Aires, rechaz\u00f3 el acuerdo y el viejo L\u00f3pez debi\u00f3 renunciar. <\/span><span style=\"font-family: Verdana; font-size: 9pt;\">Muy disgustado Urquiza, intervino la provincia y resolvi\u00f3 \u00abasumir el gobierno de la provincia\u00bb. D\u00edas m\u00e1s tarde, le devuelve el gobierno autor de las \u00abOdas Patri\u00f3ticas\u00bb. Dur\u00f3 poco, lo hacen renunciar de nuevo los unitarios. <\/span><span style=\"font-family: Verdana; font-size: 9pt;\">Resultado, Urquiza volvi\u00f3 a \u00abasumir\u00bb.<\/span><br \/>\n<span style=\"font-family: Verdana; font-size: 9pt;\">\u00a0 \u00a0En fin, un cuento de nunca acabar. Y lo peor es que m\u00e1s o menos as\u00ed va a seguir la cosa por bastante tiempo.<\/span><br \/>\n<span style=\"font-family: Verdana; font-size: 9pt;\">\u00a0 \u00a0Mientras en el resto del Pa\u00eds, los gobernadores enviaban a sus diputados por cada estado, para <\/span><span style=\"font-family: Verdana; font-size: 9pt;\">la Asamblea Constituyente<\/span><span style=\"font-family: Verdana; font-size: 9pt;\"> a celebrarse en Santa fe, Urquiza se traslada a esa Provincia, para la inauguraci\u00f3n. Claro, en un barco de la flota brit\u00e1nica.<\/span><br \/>\n<span style=\"font-family: Verdana; font-size: 9pt;\">\u00a0 \u00a0Los barcos ingleses est\u00e1n aqu\u00ed, para exigir la libre navegaci\u00f3n de los r\u00edos. Despu\u00e9s de esto, dem\u00e1s est\u00e1 decir que la obtienen.<\/span><br \/>\n<span style=\"font-family: Verdana; font-size: 9pt;\">\u00a0 \u00a0Muy bien. Ahora, los unitarios porte\u00f1os, aprovechan la ausencia de Urquiza para hacer una revoluci\u00f3n. Retiran sus diputados al Congreso de Santa Fe y separan el Estado de Buenos Aires de <\/span><span style=\"font-family: Verdana; font-size: 9pt;\">la Confederaci\u00f3n.<\/span><br \/>\n<span style=\"font-family: Verdana; font-size: 9pt;\">\u00a0 \u00a0Inmediatament<\/span><span style=\"font-family: Verdana; font-size: 9pt;\">e comienzan los preparativos para una guerra, esta vez, contra Urquiza. Pero cuando est\u00e1n en eso, se les subleva el Comandante de Luj\u00e1n, coronel Lagos, que fuera rosista y en esos momentos estaba con Urquiza.<\/span><br \/>\n<span style=\"font-family: Verdana; font-size: 9pt;\">\u00a0 \u00a0Lagos levant\u00f3 las tropas de la campa\u00f1a de la provincia y exigi\u00f3 el retiro del gobierno unitario. Acto seguido, puso sitio a la ciudad del puerto. <\/span><span style=\"font-family: Verdana; font-size: 9pt;\">A los pocos d\u00edas, la flota Confederada captur\u00f3 a la del Estado de Buenos Aires, y apoy\u00f3 el sitio con el bloqueo del puerto.<\/span><br \/>\n<span style=\"font-family: Verdana; font-size: 9pt;\">\u00a0 \u00a0En medio de esta confusi\u00f3n, a Urquiza no se le ocurri\u00f3 mejor idea que la de iniciar tratativas para proponer separar Entre R\u00edos y Corrientes del resto del Pa\u00eds y proclamar <\/span><span style=\"font-family: Verdana; font-size: 9pt;\">la Rep\u00fablica<\/span><span style=\"font-family: Verdana; font-size: 9pt;\"> de <\/span><span style=\"font-family: Verdana; font-size: 9pt;\">la Mesopotamia. Inglaterra<\/span><span style=\"font-family: Verdana; font-size: 9pt;\"> se lo prohibi\u00f3. <\/span><span style=\"font-family: Verdana; font-size: 9pt;\">No tuvo m\u00e1s remedio que presentarse en Buenos Aires en el car\u00e1cter de <\/span><span style=\"font-family: Verdana; font-size: 9pt;\">\u00a0<\/span><span style=\"font-family: Verdana; font-size: 9pt;\">\u00a0<\/span><span style=\"font-family: Verdana; font-size: 9pt;\">\u00a0<\/span><span style=\"font-family: Verdana; font-size: 9pt;\">\u00abmediador de paz\u00bb. Los unitarios no lo recibieron.<\/span><br \/>\n<span style=\"font-family: Verdana; font-size: 9pt;\">\u00a0 \u00a0Se reiniciaron las hostilidades. Urquiza tom\u00f3 el mando de los ej\u00e9rcitos sitiadores.<\/span><span style=\"font-family: Verdana; font-size: 9pt;\">\u00a0<\/span><span style=\"font-family: Verdana; font-size: 9pt;\">\u00a0<\/span><span style=\"font-family: Verdana; font-size: 9pt;\">\u00a0<\/span><span style=\"font-family: Verdana; font-size: 9pt;\">\u00a0<\/span><span style=\"font-family: Verdana; font-size: 9pt;\">\u00a0<\/span><span style=\"font-family: Verdana; font-size: 9pt;\">\u00a0<\/span><br \/>\n<span style=\"font-family: Verdana; font-size: 9pt;\">\u00a0 \u00a0Bueno, en esos momentos y en medio de ese ambiente, lleg\u00f3 la noticia de que en Santa Fe, se acababa de votar <\/span><span style=\"font-family: Verdana; font-size: 9pt;\">la Constituci\u00f3n Nacional.<\/span><span style=\"font-family: Verdana; font-size: 9pt;\"> Es el a\u00f1o 1853. <\/span><span style=\"font-family: Verdana; font-size: 9pt;\">La Constituci\u00f3n fue \u00abpromulgada\u00bb por Urquiza desde su cuartel de San Jos\u00e9 de Flores.<\/span><\/p>\n<p style=\"margin: 5pt 0pt; text-align: justify;\"><span style=\"font-family: Verdana; font-size: 9pt;\">\u00a0<\/span><span style=\"font-family: Verdana; font-size: 9pt;\">\u00a0<\/span><span style=\"font-family: Verdana; font-size: 9pt;\"> Muy bien, ahora, los unitarios porte\u00f1os, consiguen levantar el bloqueo del puerto por parte de la flota de <\/span><span style=\"font-family: Verdana; font-size: 9pt;\">la Confederaci\u00f3n. <\/span><span style=\"font-family: Verdana; font-size: 9pt;\">\u00bfEl<\/span><span style=\"font-family: Verdana; font-size: 9pt;\"> sistema? El de siempre; sobornar al Jefe, comodoro Coe, con <\/span><span style=\"font-family: Verdana; font-size: 9pt;\">20.000 onzas<\/span><span style=\"font-family: Verdana; font-size: 9pt;\"> de oro. Este cobra, entrega toda la escuadra en el puerto, y se marcha a los Estados Unidos de Norteam\u00e9rica. No regresa nunca m\u00e1s. El \u00abmaestro\u00bb tiene buenos disc\u00edpulos. El mal ejemplo cunde.<\/span><br \/>\n<span style=\"font-family: Verdana; font-size: 9pt;\">\u00a0 \u00a0El dinero del puerto, comienza a correr a manos llenas entre las filas, de los sitiadores. Poco a poco, corrompe a todos los Jefes. Los oficiales \u00abconfederados\u00bb abandonan las filas y concurren a cobrar \u00absu parte\u00bb. <\/span><span style=\"font-family: Verdana; font-size: 9pt;\">Urquiza se pone nervioso y pierde todo disimulo. Anuncia que lo mejor es que este asunto, lo resuelva el representante de la flota brit\u00e1nica, todav\u00eda surta en el r\u00edo de <\/span><span style=\"font-family: Verdana; font-size: 9pt;\">la Plata. <\/span><span style=\"font-family: Verdana; font-size: 9pt;\">Un<\/span><span style=\"font-family: Verdana; font-size: 9pt;\">a actitud realmente poco \u00absoberana\u00bb.<\/span><br \/>\n<span style=\"font-family: Verdana; font-size: 9pt;\">\u00a0 \u00a0Acto seguido, recurre al Brasil y le dirige id\u00e9ntico pedido al Ministro del Imperio en Buenos Aires. Otra.<\/span><br \/>\n<span style=\"font-family: Verdana; font-size: 9pt;\">\u00a0 \u00a0Y, como final. Triste final, se coloca en la cola de los que reciben dinero de los unitarios \u00abpara retirarse\u00bb. <\/span><span style=\"font-family: Verdana; font-size: 9pt;\">S\u00f3lo que en su caso la suma es mucho m\u00e1s grande, y se recibe como \u00abindemnizaci\u00f3n\u00bb. Dos millones. El mejor \u00abnegocio\u00bb, lo hizo Coe.<\/span><br \/>\n<span style=\"font-family: Verdana; font-size: 9pt;\">\u00a0 \u00a0El bueno de Lagos, que est\u00e1 de buena fe en todo esto, s\u00f3lo pide una amnist\u00eda general para todas las tropas. <\/span><span style=\"font-family: Verdana; font-size: 9pt;\">Se la dan, por supuesto. \u00a1A quien le importaba eso!<\/span><br \/>\n<span style=\"font-family: Verdana; font-size: 9pt;\">\u00a0 \u00a0Concluido este \u00abasunto\u00bb, las tropas se retiran y el Director de <\/span><span style=\"font-family: Verdana; font-size: 9pt;\">la Rep\u00fablica Argentina<\/span><span style=\"font-family: Verdana; font-size: 9pt;\"> lo hace en compa\u00f1\u00eda del representante ingl\u00e9s. Marcha a la cabeza de una caravana de mulas como transporte del dinero. Se embarca en la escuadra brit\u00e1nica, se retira a Santa Fe. <\/span><span style=\"font-family: Verdana; font-size: 9pt;\">Bueno, tiene que ir all\u00ed, pues se acaban de iniciar los festejos \u00abnacionales\u00bb, con motivo de la proclamaci\u00f3n de <\/span><span style=\"font-family: Verdana; font-size: 9pt;\">la Constituci\u00f3n. <\/span><span style=\"font-family: Verdana; font-size: 9pt;\">All<\/span><span style=\"font-family: Verdana; font-size: 9pt;\">\u00ed reinaba un ambiente de \u00abculto optimismo\u00bb.<\/span><br \/>\n<span style=\"font-family: Verdana; font-size: 9pt;\">\u00a0 \u00a0En realidad, no tuvieron demasiado trabajo. Pr\u00e1cticamente las Comisiones se limitaron a copiar el texto de <\/span><span style=\"font-family: Verdana; font-size: 9pt;\">la Constituci\u00f3n<\/span><span style=\"font-family: Verdana; font-size: 9pt;\"> de los Estados Unidos de Norteam\u00e9rica.<\/span><br \/>\n<span style=\"font-family: Verdana; font-size: 9pt;\">\u00a0 Lo hicieron con tan poco disimulo, que en algunos casos, aparec\u00edan en ingl\u00e9s. En otros, la traducci\u00f3n literal era tan confusa al no existir sin\u00f3nimos que resultaba dif\u00edcilmente comprensible. <\/span><span style=\"font-family: Verdana; font-size: 9pt;\">Bueno, hubo que pasarla en limpio despu\u00e9s de promulgada. Y ya est\u00e1, los festejos no pod\u00edan detenerse.<\/span> <span style=\"font-family: Verdana; font-size: 9pt;\">El \u00abEstado de Buenos Aires\u00bb la rechaz\u00f3. <\/span><span style=\"font-family: Verdana; font-size: 9pt;\">Sus portadores llegaron a la ciudad, pero fueron amenazados con ahorcarlos. Se retiraron precipitadamente.<\/span><br \/>\n<span style=\"font-family: Verdana; font-size: 9pt;\">\u00a0 No era para menos.\u00a0 <\/span><span style=\"font-family: Verdana; font-size: 9pt;\">Los festejos, despu\u00e9s del arreglo del sitio de Buenos Aires, hab\u00edan incluido gran cantidad de fusilamientos, como parte del espect\u00e1culo. Varios rosistas, que se hab\u00edan salvado de matanzas anteriores, fueron \u00abincluidos\u00bb esta vez. <\/span><span style=\"font-family: Verdana; font-size: 9pt;\">Ellos no estaban \u00abamparados\u00bb por la \u00abamnist\u00eda\u00bb. Eran civiles.<\/span><\/p>\n<p style=\"margin: 5pt 0pt; text-align: justify;\"><span style=\"font-family: Verdana; font-size: 9pt;\">\u00a0<\/span><span style=\"font-family: Verdana; font-size: 9pt;\">\u00a0<\/span><span style=\"font-family: Verdana; font-size: 9pt;\"> A todo esto, en Santa Fe, Urquiza es elegido Presidente de <\/span><span style=\"font-family: Verdana; font-size: 9pt;\">la Confederaci\u00f3n.\u00a0<\/span><br \/>\n<span style=\"font-family: Verdana; font-size: 9pt;\">\u00a0 \u00a0Buenos Aires<\/span><span style=\"font-family: Verdana; font-size: 9pt;\">, elige a Pastor Obligado como gobernador, y se da su propia Constituci\u00f3n. Ambos Estados, se preparan para una guerra inevitable.<\/span><br \/>\n<span style=\"font-family: Verdana; font-size: 9pt;\">\u00a0 \u00a0Para matizar el ambiente, se produce una invasi\u00f3n de los indios del sud. Invaden territorios de ambos Estados. Resulta casi c\u00f3mico. En el interregno, Valent\u00edn Alsina reemplaza como gobernador a Pastor Obligado. Hay de todo: sobornos, presiones diplom\u00e1ticas, fraude, etc., pero sobre todas las cosas, violencia y corrupci\u00f3n.\u00a0<\/span><br \/>\n<span style=\"font-family: Verdana; font-size: 9pt;\">\u00a0 \u00a0Aprovechando esta situaci\u00f3n, el Brasil permanece militarmente en <\/span><span style=\"font-family: Verdana; font-size: 9pt;\">la Rep\u00fablica Oriental<\/span><span style=\"font-family: Verdana; font-size: 9pt;\"> del Uruguay, con el pretexto de \u00abpreservar el orden\u00bb. <\/span><span style=\"font-family: Verdana; font-size: 9pt;\">Los Estados guardan silencio. El Brasil domina la regi\u00f3n.<\/span><br \/>\n<span style=\"font-family: Verdana; font-size: 9pt;\">Envalentonado, trata de hacer lo mismo con el Paraguay. Le va muy mal. Lo sacan con \u00abcajas destempladas\u00bb.<\/span><br \/>\n<span style=\"font-family: Verdana; font-size: 9pt;\">\u00a0 \u00a0Ya para ese entonces el Imperio ha comprado<\/span><span style=\"font-family: Verdana; font-size: 9pt;\">\u00a0<\/span><span style=\"font-family: Verdana; font-size: 9pt;\"> todo el sobrante de <\/span><span style=\"font-family: Verdana; font-size: 9pt;\">la Guerra<\/span><span style=\"font-family: Verdana; font-size: 9pt;\"> de Crimea. Nadie duda de adonde pensar\u00e1 usarlo. <\/span><\/p>\n<p style=\"margin: 5pt 0pt; text-align: justify;\"><span style=\"font-family: Verdana; font-size: 9pt;\">\u00a0 \u00a0Bueno, si no se arm\u00f3 un \u00abzafarrancho\u00bb m\u00e1s grande, fue sencillamente porque Inglaterra no le permiti\u00f3. Brasil dominaba la regi\u00f3n, pero Inglaterra gobernaba el mundo.<\/span><\/p>\n<p style=\"margin: 5pt 0pt; text-align: justify;\"><span style=\"font-family: Verdana; font-size: 9pt;\">\u00a0<\/span><span style=\"font-family: Verdana; font-size: 9pt;\">\u00a0<\/span><span style=\"font-family: Verdana; font-size: 9pt;\"> Urquiza para \u00abtranquilizar\u00bb al Paraguay, y no tener problemas en ese frente, le entrega<\/span><span style=\"font-family: Verdana; font-size: 9pt;\">\u00a0<\/span><span style=\"font-family: Verdana; font-size: 9pt;\"> todos los territorios al norte del r\u00edo Bermejo. Vale decir; toda Formosa y parte de Salta y Jujuy.<\/span><\/p>\n<p style=\"margin: 5pt 0pt; text-align: justify;\"><span style=\"font-family: Verdana; font-size: 9pt;\">\u00a0 \u00a0El Estado de Buenos Aires enarbola su propio pabell\u00f3n. Es necesario \u00abdistinguirse\u00bb del resto del pa\u00eds. \u00bfRecuerda aquella bandera de Mayo que levantara Lavalle fraudulentamente? \u00bfLa que se embarc\u00f3 en la flota Francesa? \u00bfLa \u00abceleste y blanca\u00bb, con el celeste de la divisa unitaria? Esa misma. Se manda a guardar para siempre a la bandera azul y blanca de Belgrano y de <\/span><span style=\"font-family: Verdana; font-size: 9pt;\">la Asamblea<\/span><span style=\"font-family: Verdana; font-size: 9pt;\"> del a\u00f1o 13. La de Salta y Tucum\u00e1n, la de los Andes, la de Ituzaing\u00f3, la de Obligado, la de Brown y de Bouchard.<\/span><span style=\"font-family: Verdana; font-size: 9pt;\">\u00a0<\/span><br \/>\n<span style=\"font-family: Verdana; font-size: 9pt;\">\u00a0 \u00a0Bueno, esa que se la guarden los \u00abgauchos del interior\u00bb. <\/span><span style=\"font-family: Verdana; font-size: 9pt;\">La Argentina<\/span><span style=\"font-family: Verdana; font-size: 9pt;\"> es un pa\u00eds, y Buenos Aires es otro. Y a otra cosa.<\/span><\/p>\n<p style=\"margin: 5pt 0pt; text-align: justify;\"><span style=\"font-family: Verdana; font-size: 9pt;\">\u00a0<\/span><span style=\"font-family: Verdana; font-size: 9pt;\">\u00a0<\/span><span style=\"font-family: Verdana; font-size: 9pt;\"> Mitre es el General en Jefe de los porte\u00f1os. Urquiza, de <\/span><span style=\"font-family: Verdana; font-size: 9pt;\">la Confederaci\u00f3n. Lamentablemente<\/span><span style=\"font-family: Verdana; font-size: 9pt;\">, no hay otro. Para no variar, pide dinero al Brasil antes de iniciar la campa\u00f1a. <\/span><span style=\"font-family: Verdana; font-size: 9pt;\">El pretexto esta vez es \u00abcuidar las concesiones\u00bb que ya les ha otorgado.<\/span><span style=\"font-family: Verdana; font-size: 9pt;\">\u00a0<\/span><br \/>\n<span style=\"font-family: Verdana; font-size: 9pt;\">\u00a0 \u00a0Chocan en Cepeda. En un episodio muy confuso, la batalla se inclin\u00f3 por <\/span><span style=\"font-family: Verdana; font-size: 9pt;\">la Confederaci\u00f3n.<\/span><br \/>\n<span style=\"font-family: Verdana; font-size: 9pt;\">\u00a0 \u00a0E<\/span><span style=\"font-family: Verdana; font-size: 9pt;\">n realidad, la batalla en s\u00ed, fue un caos. En un momento dado, ambas fuerzas cargaron en forma \u00aboblicua\u00bb, como estaba de moda en los \u00abt\u00e1cticos\u00bb de la \u00e9poca, y pr\u00e1cticamente se pasaron al lado una infanter\u00eda de la otra.<\/span><br \/>\n<span style=\"font-family: Verdana; font-size: 9pt;\">Ambos se atribuyeron haber \u00abahuyentado\u00bb al enemigo. No pas\u00f3 lo mismo con la caballer\u00eda. <\/span><span style=\"font-family: Verdana; font-size: 9pt;\">La del interior, literalmente \u00abbarrio\u00bb a la porte\u00f1a.<\/span><br \/>\n<span style=\"font-family: Verdana; font-size: 9pt;\">\u00a0 \u00a0Mitre, que en la confusi\u00f3n de las infanter\u00edas, se crey\u00f3 victorioso, se dio cuenta de golpe que estaba perdido. Procedi\u00f3 a iniciar una \u00abgloriosa retirada\u00bb, al grito de: \u00a1victoria!<\/span><br \/>\n<span style=\"font-family: Verdana; font-size: 9pt;\">\u00a0 \u00a0Llego a San Nicol\u00e1s y se embarc\u00f3 en la flota porte\u00f1a. Regres\u00f3 as\u00ed a Buenos Aires. Fue recibido en triunfo.<\/span><br \/>\n<span style=\"font-family: Verdana; font-size: 9pt;\">\u00a0 \u00a0A los pocos d\u00edas, al llegar los restos de la caballer\u00eda, se descubri\u00f3 la verdad. Cuando los jefes y oficiales, en vez de hablar de la \u00abvictoria\u00bb empezaron a calificar la batalla como \u00abdesastre\u00bb. Se hab\u00eda perdido toda la artiller\u00eda, las municiones, las caballadas y 2.000 prisioneros. Adem\u00e1s de dejar 500 muertos.<\/span><span style=\"font-family: Verdana; font-size: 9pt;\">\u00a0<\/span><br \/>\n<span style=\"font-family: Verdana; font-size: 9pt;\">\u00a0 \u00a0Urquiza que perdi\u00f3 en total, 300 hombres, avanz\u00f3 con los 16.000 restantes sobre Buenos Aires, donde cundi\u00f3 el p\u00e1nico. <\/span><span style=\"font-family: Verdana; font-size: 9pt;\">Pero, una vez m\u00e1s, pas\u00f3 lo de siempre. No debemos olvidar, qui\u00e9n estaba a cargo del ej\u00e9rcito victorioso. Se produjo un \u00abacuerdo de mediaci\u00f3n\u00bb, por parte del general paraguayo Francisco Solano L\u00f3pez. Se lleg\u00f3 a un armisticio y un \u00abpacto\u00bb. \u00abSecreto\u00bb, por supuesto. <\/span><span style=\"font-family: Verdana; font-size: 9pt;\">A los 15 d\u00edas, Urquiza se retira a Santa Fe con todas sus tropas.<\/span><br \/>\n<span style=\"font-family: Verdana; font-size: 9pt;\">\u00a0 \u00a0Mitre, queda due\u00f1o del puerto y es elegido Gobernador al poco tiempo. Mientras en <\/span><span style=\"font-family: Verdana; font-size: 9pt;\">la Confederaci\u00f3n<\/span><span style=\"font-family: Verdana; font-size: 9pt;\">, asume Derqui como Presidente.<\/span><span style=\"font-family: Verdana; font-size: 9pt;\">\u00a0<\/span><\/p>\n<p style=\"text-align: justify;\"><span style=\"font-family: Verdana; font-size: 9pt;\">\u00a0\u00a0 Se inicia una \u00abluna de miel\u00bb entre ambos Estados. A tal punto que Urquiza concurre especialmente invitado a Buenos Aires para los festejos del 9 de julio.<\/span><br \/>\n<span style=\"font-family: Verdana; font-size: 9pt;\">\u00a0 \u00a0Habl\u00f3 de \u00abretirarse\u00bb y coloc\u00f3 fuertes sumas en inversiones de negocios en Buenos Aires. No dur\u00f3 mucho todo esto. Apenas se retir\u00f3, los porte\u00f1os empezaron a hablar de \u00abrevancha\u00bb. <\/span><span style=\"font-family: Verdana; font-size: 9pt;\">Para empezar, el dinero del puerto, \u00abpilotea\u00bb varias revoluciones en el interior, mientras se rearma el ej\u00e9rcito porte\u00f1o.<\/span><span style=\"font-family: Verdana; font-size: 9pt;\">\u00a0<\/span><br \/>\n<span style=\"font-family: Verdana; font-size: 9pt;\">\u00a0 \u00a0Los liberales, invaden el interior con su dinero. Derqui, descubre todo el \u00abcomplot\u00bb a Urquiza y le pide respaldo. Este se lo da, pero de mala gana. Est\u00e1 dedicado a otros \u00abnegocios\u00bb. Recibe nuevamente el mando del ej\u00e9rcito Confederado. Grave error del Presidente Derqui. Con extraordinaria lentitud, y de mala gana, reinicia las operaciones.<\/span><br \/>\n<span style=\"font-family: Verdana; font-size: 9pt;\">Llegados a este punto, se produjo una verdadera \u00abmarat\u00f3n\u00bb de \u00abdiplomacia\u00bb.<\/span><span style=\"font-family: Verdana; font-size: 9pt;\"> \u00a0<\/span><span style=\"font-family: Verdana; font-size: 9pt;\">Ambos Estados, se disputa el \u00abapoyo\u00bb del Brasil y Paraguay.<\/span><br \/>\n<span style=\"font-family: Verdana; font-size: 9pt;\">\u00a0 \u00a0Bueno, los Ej\u00e9rcitos, se encuentran nuevamente. Esta vez es en el arroyo Pav\u00f3n, en septiembre de 1861. Mitre, ataca primero. Como de costumbre, la caballer\u00eda del interior desbanda a la porte\u00f1a. Esta pone los \u00abpies en polvorosa\u00bb con tanto entusiasmo, que no para hasta Luj\u00e1n, en una carrera que dura dos d\u00edas. <\/span><span style=\"font-family: Verdana; font-size: 9pt;\">Le fue mejor a la infanter\u00eda porte\u00f1a, que logra hacer retroceder a la del general Victorica \u2013yerno de Urquiza- lentamente.<\/span><br \/>\n<span style=\"font-family: Verdana; font-size: 9pt;\">\u00a0 \u00a0Pero \u2013impredecible Urquiza- cuando se esperaba la entrada en batalla de las reservas de Entre R\u00edos, que deber\u00edan definir todo y no han intervenido a\u00fan, el Comandante en Jefe, abandona el campo de batalla ante el desconcierto de todo el mundo. <\/span><span style=\"font-family: Verdana; font-size: 9pt;\">Se retira \u00abal trotecito\u00bb al frente de sus entrerrianos.<\/span><br \/>\n<span style=\"font-family: Verdana; font-size: 9pt;\">\u00a0 \u00a0El ej\u00e9rcito, a cuya mano se le ha confiado queda victorioso, pero abandonado a su suerte. Las fuerzas porte\u00f1as, que se han atrincherado, esperando el ataque, no saben que hacer. <\/span><span style=\"font-family: Verdana; font-size: 9pt;\">Al d\u00eda siguiente, al salir el sol, se dan cuenta que nadie los ataca. Deciden retirarse nuevamente a San Nicol\u00e1s, repitiendo el episodio de Cepeda y embarcarse en la flota. Pero, al llegar a San Nicol\u00e1s, no teniendo ni la menor noticia del ej\u00e9rcito de Urquiza, deciden atrincherarse all\u00ed y esperar.<\/span><br \/>\n<span style=\"font-family: Verdana; font-size: 9pt;\">\u00a0 \u00a0Urquiza a todo esto, ya ha cruzado Rosario y est\u00e1 en San Lorenzo. Nadie se explica lo ocurrido y a nadie da explicaciones el entrerriano.<\/span><br \/>\n<span style=\"font-family: Verdana; font-size: 9pt;\">\u00a0 \u00a0Tranquilamente, embarca sus tropas y cruza a su provincia. De all\u00ed a su palacio de San Jos\u00e9 de Concepci\u00f3n del Uruguay. <\/span><span style=\"font-family: Verdana; font-size: 9pt;\">As\u00ed termin\u00f3 Cepeda.<\/span><\/p>\n<p style=\"margin: 5pt 0pt; text-align: justify;\"><span style=\"font-family: Verdana; font-size: 9pt;\">\u00a0<\/span><span style=\"font-family: Verdana; font-size: 9pt;\">\u00a0<\/span><span style=\"font-family: Verdana; font-size: 9pt;\"> A todo esto, Mitre, crey\u00e9ndose derrotado, sigue atrincherado en San Nicol\u00e1s. En Buenos Aires, las noticias son tr\u00e1gicas. Las traen los fugitivos de la caballer\u00eda porte\u00f1a. Nuevamente se habla de un \u00abdesastre\u00bb. Cunde el p\u00e1nico otra vez. <\/span><span style=\"font-family: Verdana; font-size: 9pt;\">Pero all\u00ed se enteran, antes que Mitre, de los movimientos incre\u00edbles de Urquiza. Cuando \u00e9ste cruza el Paran\u00e1, la gente se lanza a la calle a festejar.<\/span><br \/>\n<span style=\"font-family: Verdana; font-size: 9pt;\">\u00a0 \u00a0Se recibe un parte de Mitre, diciendo que se retira a San Nicol\u00e1s, por razones \u00abt\u00e1cticas\u00bb. Le creyeron.<\/span><br \/>\n<span style=\"font-family: Verdana; font-size: 9pt;\">\u00a0 \u00a0Poco a poco, se fueron dando cuenta \u2013antes que Mitre, por supuesto- que se hab\u00eda ganado la batalla. <\/span><span style=\"font-family: Verdana; font-size: 9pt;\">\u00a1Incre\u00edble!<\/span><\/p>\n<p style=\"margin: 5pt 0pt; text-align: justify;\"><span style=\"font-family: Verdana; font-size: 9pt;\">\u00a0<\/span><span style=\"font-family: Verdana; font-size: 9pt;\"> \u00a1Claro! Los habitantes del pa\u00eds, en ese entonces, los dirigentes pol\u00edticos, y hasta la historia misma, se preguntaron: \u00bfQu\u00e9 motivos tuvo el general Urquiza para esa actitud? <\/span><span style=\"font-family: Verdana; font-size: 9pt;\">Pero nosotros no, nosotros no nos preguntamos. Conocemos bien al hombre y no tenemos dudas al respecto. <\/span><span style=\"font-family: Verdana; font-size: 9pt;\">La raz\u00f3n es la \u00abde siempre\u00bb. No creemos que haya variado. Con los antecedentes que contamos, podemos estar seguros.<\/span><br \/>\n<span style=\"font-family: Verdana; font-size: 9pt;\">\u00a0 M\u00e1s adelante, vamos a ver que de todas las consecuencias que tuvo esta batalla para el interior del Pa\u00eds, una sola persona sali\u00f3 indemne. Ni su provincia, ni sus posesiones, o sus inmensos bienes fueron tocados: el general Urquiza.<\/span><br \/>\n<span style=\"font-family: Verdana; font-size: 9pt;\">\u00a0 Lamentablemente, no ocurri\u00f3 con el interior. Fue \u00abbarrido\u00bb por los generales uruguayos de Mitre. Contando desde luego, con el aplauso caluroso de los \u00abliberales\u00bb unitarios.<\/span><\/p>\n<p style=\"margin: 5pt 0pt; text-align: justify;\"><span style=\"font-family: Verdana; font-size: 9pt;\">\u00a0<\/span><span style=\"font-family: Verdana; font-size: 9pt;\">\u00a0<\/span><span style=\"font-family: Verdana; font-size: 9pt;\"> En fin, abandonado por todos, el Presidente Derqui termin\u00f3 por renunciar.<\/span><br \/>\n<span style=\"font-family: Verdana; font-size: 9pt;\">\u00a0 \u00a0La Rep\u00fablica, fue \u00abunificada\u00bb por la espada del \u00abmitrismo\u00bb, y se le dio un nuevo presidente: Mitre, por supuesto.<\/span><br \/>\n<span style=\"font-family: Verdana; font-size: 9pt;\">\u00a0 \u00a0El general Urquiza, encerrado en su feudo de Entre R\u00edos, nada dijo.<\/span><br \/>\n<span style=\"font-family: Verdana; font-size: 9pt;\">\u00a0 \u00a0En el resto del pa\u00eds, se fusil\u00f3, se degoll\u00f3 y se someti\u00f3 al \u00abcredo\u00bb liberal a todas las provincias. <\/span><span style=\"font-family: Verdana; font-size: 9pt;\">A todas y cada una, se coloc\u00f3 a un gobernador \u00abliberal\u00bb. Generalmente un oficial de las tropas unitarias que ocuparon el pa\u00eds y que en varios casos, nunca hab\u00eda pisado \u00absu provincia\u00bb con anterioridad.<\/span><br \/>\n<span style=\"font-family: Verdana; font-size: 9pt;\">\u00a0 \u00a0Las tropas porte\u00f1as, con la ense\u00f1a de Mayo al frente, recorrieron el pa\u00eds sembrando el terror. <\/span><span style=\"font-family: Verdana; font-size: 9pt;\">Confiscando y persiguiendo a todo el que se opuso a sus designios y \u00abborrando\u00bb de la faz de esta tierra a todo lo que fuese Nacional y\/o siguiese a la vieja y odiada Bandera Argentina.<\/span><\/p>\n<p style=\"margin: 5pt 0pt; text-align: justify;\"><span style=\"font-family: Verdana; font-size: 9pt; font-weight: bold;\">\u00a0<\/span><span style=\"font-family: Verdana; font-size: 9pt; font-weight: bold;\">\u00a0<\/span><span style=\"font-family: Verdana; font-size: 9pt; font-weight: bold;\"> As\u00ed termina esta primera parte de nuestra historia.<\/span><br \/>\n<span style=\"font-family: Verdana; font-size: 9pt; font-weight: bold;\">\u00a0 \u00a0Con el entierro de <\/span><span style=\"font-family: Verdana; font-size: 9pt; font-weight: bold;\">la Patria Grande.<\/span><span style=\"font-family: Verdana; font-size: 9pt; font-weight: bold;\"> De <\/span><span style=\"font-family: Verdana; font-size: 9pt; font-weight: bold;\">la Argentina<\/span><span style=\"font-family: Verdana; font-size: 9pt; font-weight: bold;\"> concebida para ser el Estado fuerte de Am\u00e9rica del Sud.<\/span><span style=\"font-family: Verdana; font-size: 9pt; font-weight: bold;\">\u00a0<\/span><br \/>\n<span style=\"font-family: Verdana; font-size: 9pt; font-weight: bold;\">\u00a0 \u00a0Y con el nacimiento de una \u00abfactor\u00eda\u00bb internacional. Manejada desde el puerto de Buenos Aires, al servicio de una oligarqu\u00eda que se adue\u00f1a de todos los resortes del poder y los pone a su disposici\u00f3n.<\/span><br \/>\n<span style=\"font-family: Verdana; font-size: 9pt; font-weight: bold;\">\u00a0 Los pr\u00f3ximos pasos que daremos con nuestro \u00abamigo\u00bb el Brasil, estar\u00e1n encaminados hacia la \u00abeliminaci\u00f3n\u00bb de nuestro m\u00e1s leal hermano territorial. El pa\u00eds de donde salieron los fundadores del Puerto<\/span><span style=\"font-family: Verdana; font-size: 9pt;\">\u00a0<\/span><span style=\"font-family: Verdana; font-size: 9pt; font-weight: bold;\">de Buenos<\/span><span style=\"font-family: Verdana; font-size: 9pt;\">\u00a0<\/span><span style=\"font-family: Verdana; font-size: 9pt; font-weight: bold;\">Aires, y donde nacieron sus primeros pobladores. El Paraguay.<\/span><\/p>\n<p style=\"margin: 5pt 0pt; text-align: justify;\"><span style=\"font-family: Verdana; font-size: 9pt;\">\u00a0<\/span><span style=\"font-family: Verdana; font-size: 9pt;\">\u00a0<\/span><span style=\"font-family: Verdana; font-size: 9pt;\"> Pero, primero antes que nada, hab\u00eda que atropellar a nuestra hermana m\u00e1s d\u00e9bil. <\/span><span style=\"font-family: Verdana; font-size: 9pt;\">Aquella a quien m\u00e1s obligados estamos a respetar. A nuestra Banda Oriental del Uruguay. As\u00ed se hizo.<\/span><\/p>\n<p style=\"margin: 5pt 0pt; text-align: justify;\"><span style=\"font-family: Verdana; font-size: 9pt;\">\u00a0 Todo comenz\u00f3 con una maniobra de Mitre y su ministro Elizalde. Este que fuera anteriormente el m\u00e1s leal y genuflexo de los diputados federales en <\/span><span style=\"font-family: Verdana; font-size: 9pt;\">la Legislatura<\/span><span style=\"font-family: Verdana; font-size: 9pt;\"> rosista se propone \u00abcolocar\u00bb a uno de sus \u00abgenerales uruguayos\u00bb, en la presidencia de ese pa\u00eds.<\/span><br \/>\n<span style=\"font-family: Verdana; font-size: 9pt;\">\u00a0 \u00a0Mientras el candidato general Flores, se prepara, Elizalde da toda clase de \u00abgarant\u00edas\u00bb al presidente uruguayo Berro, con respecto al apoyo argentino a su persona.<\/span><br \/>\n<span style=\"font-family: Verdana; font-size: 9pt;\">\u00a0 \u00a0Los brasile\u00f1os, simult\u00e1neamente, inician una campa\u00f1a de acusaciones al Uruguay, diciendo que ese pa\u00eds est\u00e1 invadiendo sus fronteras. Bueno, esto, ya es realmente gracioso. <\/span><span style=\"font-family: Verdana; font-size: 9pt;\">Cuando todo est\u00e1 listo en el a\u00f1o 63, Flores embarca sus fuerzas rumbo a la costa oriental.<\/span><br \/>\n<span style=\"font-family: Verdana; font-size: 9pt;\">\u00a0 \u00a0Las naves son argentinas, por supuesto. Al igual que los uniformes y las armas. <\/span><span style=\"font-family: Verdana; font-size: 9pt;\">Lleva adem\u00e1s, una cantidad de oro en monedas. Mitre y su ministro, Elizalde, ofician al presidente uruguayo manifest\u00e1ndose \u00absorprendidos\u00bb por todo esto.<\/span><br \/>\n<span style=\"font-family: Verdana; font-size: 9pt;\">\u00a0 \u00a0A las fuerzas de Flores se les incorporan \u00abespont\u00e1neamente\u00bb, tropas reclutadas en Corrientes y en el sur del Brasil. <\/span><\/p>\n<p style=\"margin: 5pt 0pt; text-align: justify;\"><span style=\"font-family: Verdana; font-size: 9pt;\">\u00a0 \u00a0La poderosa flota del Brasil, llega \u00abcasualmente\u00bb al R\u00edo de <\/span><span style=\"font-family: Verdana; font-size: 9pt;\">la Plata. Ha<\/span><span style=\"font-family: Verdana; font-size: 9pt;\"> llegado \u00abde visita\u00bb.<\/span><br \/>\n<span style=\"font-family: Verdana; font-size: 9pt;\">\u00a0 \u00a0Flores va y vuelve de una frontera a otra de acuerdo a como le vayan las cosas. Las fuerzas nacionales del Uruguay, no gozan de esa \u00abmovilidad\u00bb.<\/span><br \/>\n<span style=\"font-family: Verdana; font-size: 9pt;\">\u00a0 \u00a0Cuando no! Urquiza, ofrece \u00absus servicios\u00bb a todos los bandos en pugna. Pero nadie quiere saber con \u00e9l. En fin. Queda a la expectativa. Algo va a sacar de todo esto, eso es seguro. Por de pronto, los brasile\u00f1os le mandan alg\u00fan dinero a cambio de que \u00abno haga nada\u00bb. Ya es algo.<\/span><br \/>\n<span style=\"font-family: Verdana; font-size: 9pt;\">\u00a0 \u00a0Libre su camino, Flores avanza sobre Montevideo, mientras una misi\u00f3n del Brasil viaja a Buenos Aires para firmar un acuerdo.<\/span><br \/>\n<span style=\"font-family: Verdana; font-size: 9pt;\">\u00a0 \u00a0Es extra\u00f1o, vienen a firmar algo de lo que aparentemente no se ha conversado nada. Las tropas del Brasil \u00abcansadas de los atropellos uruguayos\u00bb, cruzan la frontera y entran en territorio oriental. <\/span><span style=\"font-family: Verdana; font-size: 9pt;\">Silencio absoluto del gobierno argentino.<\/span><\/p>\n<p style=\"margin: 5pt 0pt; text-align: justify;\"><span style=\"font-family: Verdana; font-size: 9pt;\">\u00a0<\/span> <span style=\"font-family: Verdana; font-size: 9pt;\">\u00a0<\/span><span style=\"font-family: Verdana; font-size: 9pt;\">Es entonces, y con ese claro motivo, que se presenta el reclamo paraguayo. <\/span><span style=\"font-family: Verdana; font-size: 9pt;\">Exige el inmediato retiro de las tropas imperiales.<\/span><br \/>\n<span style=\"font-family: Verdana; font-size: 9pt;\">\u00a0 \u00a0Ni lerdo ni perezoso, Urquiza ofrece \u00absus servicios\u00bb a los paraguayos. Env\u00eda un delegado a tal efecto. Flores, detiene su ofensiva. Espera para unir sus tropas a las de Brasil.<\/span><br \/>\n<span style=\"font-family: Verdana; font-size: 9pt;\">\u00a0 \u00a0Mientras, desata una verdadera \u00abcarnicer\u00eda\u00bb entre sus compatriotas, especialmente en Paysand\u00fa, con ayuda del Brasil.<\/span><br \/>\n<span style=\"font-family: Verdana; font-size: 9pt;\">\u00a0 \u00a0La misi\u00f3n brasilera, llega a Buenos Aires. En el acto, Urquiza aprovecha para venderles 30.000 caballos. \u00abal doble de lo que valen\u00bb. <\/span><span style=\"font-family: Verdana; font-size: 9pt;\">Pero, los brasile\u00f1os no tienen alternativa, es mejor compr\u00e1rselos a \u00e9l, a que salga a venderlos a otros.<\/span><br \/>\n<span style=\"font-family: Verdana; font-size: 9pt;\">\u00a0 \u00a0El jefe de Estado del Paraguay, Mariscal Solano L\u00f3pez, que est\u00e1 en tratativas con el entrerriano sobre ese y otros temas, le env\u00eda una nota manifest\u00e1ndole la \u00abpenosa impresi\u00f3n\u00bb que le ha causado el \u00abnegocio\u00bb de los caballos. <\/span><span style=\"font-family: Verdana; font-size: 9pt;\">A Urquiza no se le mueve un pelo. Embolsa el dinero y adi\u00f3s.<\/span><br \/>\n<span style=\"font-family: Verdana; font-size: 9pt;\">\u00a0 \u00a0Al poco tiempo el ej\u00e9rcito brasilero entra en Montevideo. A la cola de las tropas brasile\u00f1as, entra el general Flores y asume la presidencia. Corre el a\u00f1o 1866.<\/span><br \/>\n<span style=\"font-family: Verdana; font-size: 9pt;\">\u00a0 \u00a0Paraguay declara la guerra al Brasil y a <\/span><span style=\"font-family: Verdana; font-size: 9pt;\">la Argentina. <\/span><span style=\"font-family: Verdana; font-size: 9pt;\">Valient<\/span><span style=\"font-family: Verdana; font-size: 9pt;\">e y digna actitud.<\/span><\/p>\n<p style=\"margin: 5pt 0pt; text-align: justify;\"><span style=\"font-family: Verdana; font-size: 9pt;\">\u00a0<\/span><span style=\"font-family: Verdana; font-size: 9pt;\">\u00a0<\/span><span style=\"font-family: Verdana; font-size: 9pt;\"> Pero el gobierno argentino, oculta la noticia. Espera a que las tropas paraguayas entren en territorio nacional, para aparecer ante la opini\u00f3n p\u00fablica e internacional, como \u00abagredido\u00bb. <\/span><span style=\"font-family: Verdana; font-size: 9pt;\">En realidad, las tropas paraguayas s\u00f3lo pasan por Corrientes con rumbo al Brasil, <\/span><span style=\"font-family: Verdana; font-size: 9pt;\">ellos se ubican muy bien con respecto a quienes son sus verdaderos enemigos.<\/span><br \/>\n<span style=\"font-family: Verdana; font-size: 9pt;\">\u00a0 \u00a0A los pocos d\u00edas, se firma en Buenos Aires el trabajo denominado como de <\/span><span style=\"font-family: Verdana; font-size: 9pt;\">la Triple Alianza.<\/span><br \/>\n<span style=\"font-family: Verdana; font-size: 9pt;\">\u00a0 \u00a0A<\/span><span style=\"font-family: Verdana; font-size: 9pt;\">l general Flores, Presidente del Uruguay, se le informa por una nota que se ha adherido al tratado.<\/span><br \/>\n<span style=\"font-family: Verdana; font-size: 9pt;\">\u00a0 \u00a0Tanto el Tratado como el Protocolo Adicional, contienen cl\u00e1usulas tan vergonzosas, que se resuelve mantenerlos en secreto. Despu\u00e9s de esto, se inicia<\/span><span style=\"font-family: Verdana; font-size: 9pt;\">\u00a0<\/span><span style=\"font-family: Verdana; font-size: 9pt;\"> una penosa convocatoria de tropas para la guerra.<\/span><br \/>\n<span style=\"font-family: Verdana; font-size: 9pt;\">Nadie quiere ir. Toda la opini\u00f3n est\u00e1 del lado de los paraguayos y de los uruguayos invadidos por los brasile\u00f1os. S\u00f3lo se presentan como \u00aboficiales\u00bb los j\u00f3venes hijos de familias de la oligarqu\u00eda.<\/span><\/p>\n<p style=\"margin: 5pt 0pt; text-align: justify;\"><span style=\"font-family: Verdana; font-size: 9pt;\">\u00a0<\/span><span style=\"font-family: Verdana; font-size: 9pt;\">\u00a0<\/span><span style=\"font-family: Verdana; font-size: 9pt;\"> Se conf\u00eda el mando del Ej\u00e9rcito de Vanguardia a: \u00a1Urquiza!<\/span><br \/>\n<span style=\"font-family: Verdana; font-size: 9pt;\">Ya nadie le responde. Las tropas que recluta a la ma\u00f1ana, \u00abdesertan\u00bb a la noche, sus generales, directamente, se niegan a acompa\u00f1arlo, finalmente, con un refuerzo de tropas correntinas y algunas porte\u00f1as, emprende una lenta marcha hacia el norte.<\/span><br \/>\n<span style=\"font-family: Verdana; font-size: 9pt;\">Lo primero que hace, como siempre, es ponerse en contacto con el general paraguayo de las tropas de vanguardia Robles. Le propone entrar en \u00abtratativas\u00bb.<\/span><span style=\"font-family: Verdana; font-size: 9pt;\">\u00a0<\/span><br \/>\n<span style=\"font-family: Verdana; font-size: 9pt;\">Por supuesto que el general paraguayo se neg\u00f3. Lo propuesto por Urquiza era simplemente \u00abtraicionar a su Pa\u00eds\u00bb.<\/span> <span style=\"font-family: Verdana; font-size: 9pt;\">En fin al entrerriano no le parec\u00eda \u00abnada realmente grave\u00bb eso.<\/span><\/p>\n<p style=\"margin: 5pt 0pt; text-align: justify;\"><span style=\"font-family: Verdana; font-size: 9pt;\">\u00a0<\/span><span style=\"font-family: Verdana; font-size: 9pt;\">\u00a0<\/span><span style=\"font-family: Verdana; font-size: 9pt;\"> El presidente Mitre, Comandante en Jefe de las fuerzas de <\/span><span style=\"font-family: Verdana; font-size: 9pt;\">la Triple Alianza<\/span><span style=\"font-family: Verdana; font-size: 9pt;\">, imparte la orden a Urquiza de avanzar con su ej\u00e9rcito. Este no obedece y se va a entrevistar con Mitre a Buenos Aires. <\/span><span style=\"font-family: Verdana; font-size: 9pt;\">Claro apenas abandona el campamento, sus tropas, que lo conocen, creen que los ha abandonado y comienzan a dispersarse.<\/span><br \/>\n<span style=\"font-family: Verdana; font-size: 9pt;\">\u00a0 \u00a0Tiene que regresar apresuradamente, cuando ya han desertado 3.000 hombres,<\/span><span style=\"font-family: Verdana; font-size: 9pt;\">\u00a0<\/span><span style=\"font-family: Verdana; font-size: 9pt;\">de resultas de esto, Mitre retira a Urquiza del mando del Ej\u00e9rcito de Vanguardia. Lo sustituye por el general Flores.<\/span><br \/>\n<span style=\"font-family: Verdana; font-size: 9pt;\">\u00a0 \u00a0Este, inmediatamente moviliza las tropas y derrota a los paraguayos en Yatay, las <\/span><span style=\"font-family: Verdana; font-size: 9pt;\">tropas de los \u00abaliados\u00bb, se unen en un solo ej\u00e9rcito, num\u00e9ricamente, es muy superior al paraguayo. Mitre toma el mando supremo.<\/span><br \/>\n<span style=\"font-family: Verdana; font-size: 9pt;\">\u00a0 \u00a0A todo esto el Imperio del Brasil \u2013 que no ha abolido la esclavitud- convierte a los prisioneros de guerra paraguayos en esclavos.<\/span><br \/>\n<span style=\"font-family: Verdana; font-size: 9pt;\">\u00a0 \u00a0Amenaza con vender a qui\u00e9n no quiera pasarse a sus filas, y combatir contra su propia patria. La mayor\u00eda no acepta. Son vendidos. Todo esto ante el silencio del Comandante en Jefe. <\/span><span style=\"font-family: Verdana; font-size: 9pt;\">Urquiza, mientras tanto, ha conseguido que los aliados le den un dinero \u00abpara formar otro ej\u00e9rcito\u00bb. \u00a1Incre\u00edble!<\/span><br \/>\n<span style=\"font-family: Verdana; font-size: 9pt;\">\u00a0 \u00a0Cuando junta algunos hombres, inicia la marcha. Delante de su vista, las tropas se fugan en todas direcciones. Debe regresar a su palacio.<\/span><br \/>\n<span style=\"font-family: Verdana; font-size: 9pt;\">Pero, Don Justo Jos\u00e9 a esa altura del partido, ya ha descubierto un \u00abnuevo negocio\u00bb ser\u00e1 el proveedor de carne de los ej\u00e9rcitos aliados, durante cuatro a\u00f1os,<\/span><span style=\"font-family: Verdana; font-size: 9pt;\">\u00a0<\/span><span style=\"font-family: Verdana; font-size: 9pt;\"> ganar\u00e1 millones.<\/span><\/p>\n<p style=\"margin: 5pt 0pt; text-align: justify;\"><span style=\"font-family: Verdana; font-size: 9pt;\">\u00a0<\/span><span style=\"font-family: Verdana; font-size: 9pt;\">\u00a0<\/span><span style=\"font-family: Verdana; font-size: 9pt;\"> La guerra contin\u00faa con un retiro de los ej\u00e9rcitos paraguayos, que cruzan a su propio territorio y se preparan para luchar defendi\u00e9ndolo hasta morir. La escuadra brasile\u00f1a domina los r\u00edos, y las tropas aliadas invaden el Paraguay. <\/span><span style=\"font-family: Verdana; font-size: 9pt;\">Pero tienen que pagar con sangre cada paso que dan. Los paraguayos se defienden heroicamente.<\/span><br \/>\n<span style=\"font-family: Verdana; font-size: 9pt;\">Mitre ha prometido \u00abterminar la guerra en pocos meses\u00bb. No ser\u00e1 as\u00ed. Su incapacidad en el mando, unida a la valent\u00eda de los guaran\u00edes, prolonga este \u00abepisodio\u00bb a cuatro a\u00f1os. Cuatro a\u00f1os de sangre, fuego y horror.<\/span><br \/>\n<span style=\"font-family: Verdana; font-size: 9pt;\">\u00a0 \u00a0El mundo entero observa avergonzado esa carnicer\u00eda.<\/span><br \/>\n<span style=\"font-family: Verdana; font-size: 9pt;\">\u00a0 \u00a0Bueno, finalmente despu\u00e9s de mil equivocaciones, los aliados dan el mando de las tropas, al general brasile\u00f1o Caxias. Esto, indudablemente contribuye a mejorar el cuadro militar.<\/span><br \/>\n<span style=\"font-family: Verdana; font-size: 9pt;\">\u00a0 \u00a0La \u00faltima etapa de la guerra, es triste y vergonzosa. Pr\u00e1cticamente no quedan m\u00e1s que mujeres o ancianos en el pa\u00eds, han muerto hasta ni\u00f1os, combatiendo. <\/span><span style=\"font-family: Verdana; font-size: 9pt;\">Los vencedores asesinan al Mariscal L\u00f3pez y sus hijos, menores de edad, despu\u00e9s de desnudarlos, los abandonan sin sepultar.<\/span><br \/>\n<span style=\"font-family: Verdana; font-size: 9pt;\">\u00a0 \u00a0As\u00ed comienza el reparto del Paraguay.<\/span><\/p>\n<p style=\"margin: 5pt 0pt; text-align: justify;\"><span style=\"font-family: Verdana; font-size: 9pt;\">\u00a0<\/span><span style=\"font-family: Verdana; font-size: 9pt;\">\u00a0<\/span><span style=\"font-family: Verdana; font-size: 9pt;\"> Fue una infamia. Un crimen cometido contra un pa\u00eds humano. Un pa\u00eds al que deb\u00edamos s\u00f3lo apoyo y amistad.<\/span> <span style=\"font-family: Verdana; font-size: 9pt;\">Lejos de brindarle eso, oficiamos de \u00abmercenarios\u00bb del Imperio brasile\u00f1o, nuestro \u00fanico y natural enemigo. Est\u00fapidamente colaboramos en la masacre de nuestro natural aliado.<\/span><br \/>\n<span style=\"font-family: Verdana; font-size: 9pt;\">\u00a0 Pero a\u00fan as\u00ed, aceptando la guerra, debimos habernos retirado de la contienda, apenas se desocup\u00f3 nuestro territorio. La prosecuci\u00f3n de la guerra, despu\u00e9s de que el Mariscal L\u00f3pez, pidi\u00f3 condiciones de paz, fue una verg\u00fcenza. <\/span><span style=\"font-family: Verdana; font-size: 9pt;\">Lejos de darnos honor, nos cubri\u00f3 de desprestigio.<\/span><br \/>\n<span style=\"font-family: Verdana; font-size: 9pt;\">\u00a0 \u00a0El pueblo y el ej\u00e9rcito paraguayos, s\u00ed que se cubrieron de gloria. Es por eso que tengo un gran orgullo el que se me haya hecho General de su glorioso Ej\u00e9rcito.<\/span><br \/>\n<span style=\"font-family: Verdana; font-size: 9pt;\">A nosotros los argentinos, la guerra nos fue impuesta de \u00abprepo\u00bb, por el Brasil y una \u00abcamarilla\u00bb local. Fue un acto de tal deshonor, que nuestro propio pa\u00eds no perdon\u00f3 nunca a los responsables.<\/span><br \/>\n<span style=\"font-family: Verdana; font-size: 9pt;\">\u00a0 Este result\u00f3 ser uno de los pocos casos en que, un Jefe de Estado y General de un \u00abej\u00e9rcito victorioso\u00bb, finalizada la contienda, no s\u00f3lo recibe la repulsa general de su pa\u00eds, en una elecci\u00f3n, sino que nunca m\u00e1s pudieron retornar al poder ni \u00e9l ni los principales responsables.<\/span><\/p>\n<p style=\"margin: 5pt 0pt; text-align: justify;\"><span style=\"font-family: Verdana; font-size: 9pt;\">\u00a0 Ni Mitre, ni ninguno de sus \u00abac\u00f3litos\u00bb volvieron jam\u00e1s al gobierno del pa\u00eds, que ellos mismos hab\u00edan \u00abmodelado\u00bb.<\/span><\/p>\n<p>&nbsp;<\/p>\n<p style=\"margin: 5pt 0pt; text-align: justify;\"><span style=\"font-family: Verdana; font-size: 9pt; font-weight: bold;\">LA<\/span><span style=\"font-family: Verdana; font-size: 9pt; font-weight: bold;\">\u00a0<\/span> <span style=\"font-family: Verdana; font-size: 9pt; font-weight: bold;\">\u00a0<\/span><span style=\"font-family: Verdana; font-size: 9pt; font-weight: bold;\">ENTREGA<\/span><\/p>\n<p style=\"margin: 5pt 0pt; text-align: justify;\"><span style=\"font-family: Verdana; font-size: 9pt;\">\u00a0<\/span><span style=\"font-family: Verdana; font-size: 9pt;\">\u00a0<\/span><span style=\"font-family: Verdana; font-size: 9pt;\"> Es en este momento de nuestro relato, que debemos detenernos<\/span><span style=\"font-family: Verdana; font-size: 9pt;\">\u00a0<\/span><span style=\"font-family: Verdana; font-size: 9pt;\"> un instante.<\/span><br \/>\n<span style=\"font-family: Verdana; font-size: 9pt;\">\u00a0 \u00a0A partir del fin de la guerra con el Paraguay, sobreviene un largo per\u00edodo de paz,<\/span><br \/>\n<span style=\"font-family: Verdana; font-size: 9pt;\">no pod\u00eda ser de otra forma.<\/span> <span style=\"font-family: Verdana; font-size: 9pt;\">Los hombres de Buenos Aires, se han quedado con todo el pa\u00eds. <\/span><span style=\"font-family: Verdana; font-size: 9pt;\">Ese fue desde el comienzo su prop\u00f3sito, y lo han logrado. Para ello, no han reparado en los medios a emplear.<\/span><br \/>\n<span style=\"font-family: Verdana; font-size: 9pt;\">Los \u00abgloriosos exiliados\u00bb ahora en el gobierno, han mentido, han asesinado, han sobornado, han hecho lo que sea, lo han sacrificado todo, la integridad territorial o el honor nacional. No se han detenido ante nada, en procura, de su objetivo.<\/span><br \/>\n<span style=\"font-family: Verdana; font-size: 9pt;\">\u00a0 \u00a0Otros, que no han sido ni \u00abexiliados\u00bb ni \u00abgloriosos\u00bb, se les han sumado. <\/span><span style=\"font-family: Verdana; font-size: 9pt;\">El viejo sue\u00f1o, desde la \u00e9poca del Directorio se ha logrado. El pa\u00eds entero, est\u00e1 al servicio del puerto.<\/span><br \/>\n<span style=\"font-family: Verdana; font-size: 9pt;\">\u00a0 \u00a0Y el puerto y el pa\u00eds, est\u00e1n al servicio de ellos. Bueno, y el puerto, el pa\u00eds y ellos mismos, todos al servicio de Inglaterra.<\/span><br \/>\n<span style=\"font-family: Verdana; font-size: 9pt; font-weight: bold;\">\u00a0<\/span><span style=\"font-family: Verdana; font-size: 9pt; font-weight: bold;\">\u00a0<\/span><span style=\"font-family: Verdana; font-size: 9pt; font-weight: bold;\"> El nuevo \u00abmodelo nacional\u00bb, tiene las fronteras que quisieron darle. Una Constituci\u00f3n, que tomaron prestada y que pone en sus manos, todos los resortes del poder civil y militar. Y finalmente, sus propios s\u00edmbolos. <\/span><span style=\"font-family: Verdana; font-size: 9pt; font-weight: bold;\">Es otra patria, de ellos.<\/span><br \/>\n<span style=\"font-family: Verdana; font-size: 9pt; font-weight: bold;\">\u00a0 \u00a0La otra anterior, muri\u00f3. Eso creen. Pero se equivocan, <\/span><span style=\"font-family: Verdana; font-size: 9pt; font-weight: bold;\">la Patria Vieja<\/span><span style=\"font-family: Verdana; font-size: 9pt; font-weight: bold;\"> no est\u00e1 muerta. Est\u00e1 all\u00ed al lado de ellos, s\u00f3lo que no la ven, ya veremos que cada tanto vuelve a surgir.<\/span><br \/>\n<span style=\"font-family: Verdana; font-size: 9pt; font-weight: bold;\">\u00a0 \u00a0Una y otra vez. Vuelve y volver\u00e1 siempre. Por que es <\/span><span style=\"font-family: Verdana; font-size: 9pt; font-weight: bold;\">La Verdadera. Es<\/span> <span style=\"font-family: Verdana; font-size: 9pt; font-weight: bold;\">La Nuestra.<\/span><br \/>\n<span style=\"font-family: Verdana; font-size: 9pt; font-weight: bold;\">\u00a0 \u00a0Y por que otra, No Queremos los Argentinos.<\/span><\/p>\n<p style=\"margin: 5pt 0pt; text-align: justify;\"><span style=\"font-family: Verdana; font-size: 9pt;\">\u00a0<\/span><span style=\"font-family: Verdana; font-size: 9pt;\">\u00a0<\/span><span style=\"font-family: Verdana; font-size: 9pt;\"> Los hombres de <\/span><span style=\"font-family: Verdana; font-size: 9pt;\">la Independencia<\/span><span style=\"font-family: Verdana; font-size: 9pt;\"> que todav\u00eda sobreviv\u00edan fueron mandados a \u00abcuarteles de invierno\u00bb. De todas formas, quedaban muy pocos. <\/span><span style=\"font-family: Verdana; font-size: 9pt;\">En el mejor de los casos, pasaron a formar parte de la \u00abaristocracia nativa\u00bb. Pero de ning\u00fan modo, fueron aceptados en la naciente Oligarqu\u00eda.<\/span><br \/>\n<span style=\"font-family: Verdana; font-size: 9pt;\">\u00a0 \u00a0Para pertenecer a esta \u00faltima, era necesario adem\u00e1s de someterse a sus r\u00edgidas normas, estar por completo al servicio de los capitales extranjeros. Especialmente de los brit\u00e1nicos. <\/span><span style=\"font-family: Verdana; font-size: 9pt;\">Formaron su n\u00facleo fundador, en primer lugar los hombres de Pav\u00f3n y los \u00abexiliados\u00bb unitarios en general.<\/span><br \/>\n<span style=\"font-family: Verdana; font-size: 9pt;\">\u00a0 \u00a0Adem\u00e1s, consiguieron \u00abentrar\u00bb en ella a \u00faltima hora, un abigarrado n\u00facleo de ex federales. Estos, descubrieron despu\u00e9s de Caseros, que hab\u00edan estado equivocados.<\/span><br \/>\n<span style=\"font-family: Verdana; font-size: 9pt;\">\u00a0 Otros, en cambio, que hab\u00edan aplaudido calurosamente a Don Juan Manuel en sus \u00e9pocas de gloria, anunciaron sorprendentemente que \u00absiempre hab\u00edan sido unitarios\u00bb. Hab\u00edan guardado estoicamente su secreto por razones de seguridad. Un \u00abramillete\u00bb de gente realmente \u00abmaravillosa\u00bb.<\/span><br \/>\n<span style=\"font-family: Verdana; font-size: 9pt;\">\u00a0 \u00a0En fin, despu\u00e9s vinieron los \u00abadulones\u00bb los \u00ablacayos\u00bb, los \u00abescribas y los fariseos\u00bb. <\/span><span style=\"font-family: Verdana; font-size: 9pt;\">De todo un poco y de lo malo mucho.<\/span><br \/>\n<span style=\"font-family: Verdana; font-size: 9pt;\">\u00a0 \u00a0Estos \u00faltimos, recientemente incorporados, deb\u00edan suplir su falta de m\u00e9ritos con una mayor devoci\u00f3n por los \u00abideales\u00bb. <\/span><span style=\"font-family: Verdana; font-size: 9pt;\">Y de esos \u00abm\u00e9ritos\u00bb, ninguno aportaba mayor prestigio que mostrarse entusiasta en la entrega de la soberan\u00eda econ\u00f3mica. Esa era realmente, la mejor carta de ingreso.<\/span><br \/>\n<span style=\"font-family: Verdana; font-size: 9pt;\">\u00a0 Controlaban y administraban en beneficio de su Majestad, el comercio interno, la banca y las finanzas, los grandes diarios y la opini\u00f3n sana en general. En cuanto al comercio exterior, all\u00ed actuaban como personeros. Se limitaban a recibir \u00f3rdenes.<\/span><br \/>\n<span style=\"font-family: Verdana; font-size: 9pt;\">\u00a0 En pol\u00edtica, su papel se limitaba a cubrir los cargos que se le indicaran, con las personas que se les impusieran. Lo que sobraba, se repart\u00eda entre sus amanuenses.<\/span><br \/>\n<span style=\"font-family: Verdana; font-size: 9pt;\">\u00a0 Tuvimos el raro privilegio de llegar a ser la mejor colonia del Imperio Brit\u00e1nico, y tambi\u00e9n una perla en la corona de Su Majestad, seg\u00fan palabras vertidas en el seno del Parlamento ingl\u00e9s.<\/span><br \/>\n<span style=\"font-family: Verdana; font-size: 9pt;\">\u00a0 Resulta extra\u00f1o, pero mucha buena gente que pertenec\u00eda a las familias tradicionales de nuestro pa\u00eds, se sinti\u00f3 identificada o atacada cuando, a\u00f1os m\u00e1s tarde, nosotros condenamos a la oligarqu\u00eda.<\/span><br \/>\n<span style=\"font-family: Verdana; font-size: 9pt;\">\u00a0 Nada m\u00e1s equivocado. Esas gentes, que justamente eran las primeras v\u00edctimas del despojo masivo que se estaba haciendo al pa\u00eds durante d\u00e9cadas, no eran ni fueron en ning\u00fan momento nuestros enemigos.<\/span><br \/>\n<span style=\"font-family: Verdana; font-size: 9pt;\">\u00a0 Buena gente, la mayor\u00eda<\/span><span style=\"font-family: Verdana; font-size: 9pt;\">\u00a0<\/span><span style=\"font-family: Verdana; font-size: 9pt;\"> sin fortuna. Que viv\u00edan de pensiones graciables como descendientes de guerreros y otras cosas por el estilo e integraban una especie de aristocr\u00e1tico proletariado. En su falta de informaci\u00f3n, se\u00a0 sintieron identificados con la oligarqu\u00eda o creyeron pertenecer a ella. <\/span><span style=\"font-family: Verdana; font-size: 9pt;\">Qu\u00e9 confusi\u00f3n! <\/span><span style=\"font-family: Verdana; font-size: 9pt;\">Nosotros nunca tuvimos nada contra ellos, eran inofensivos. Lo m\u00e1s que pod\u00edan esgrimir, eran algunos retratos antiguos de sus antepasados y una cuenta bancaria cerrada por falta de fondos. Eso era todo.<\/span><\/p>\n<p style=\"margin: 5pt 0pt; text-align: justify;\"><span style=\"font-family: Verdana; font-size: 9pt;\">\u00a0<\/span><span style=\"font-family: Verdana; font-size: 9pt;\">\u00a0<\/span><span style=\"font-family: Verdana; font-size: 9pt;\"> La oligarqu\u00eda es otra cosa. Otra cosa completamente distinta. <\/span><span style=\"font-family: Verdana; font-size: 9pt;\">En su mayor parte, no es de origen patricio. Ni mucho menos.<\/span><br \/>\n<span style=\"font-family: Verdana; font-size: 9pt;\">\u00a0 \u00a0La aristocracia no es condici\u00f3n suficiente para integrar la oligarqu\u00eda. As\u00ed como tampoco, la condici\u00f3n de \u00aboligarca\u00bb es suficiente para integrar la aristocracia. Esto es evidente. Pero m\u00e1s triste a\u00fan es el caso de la \u00abburgues\u00eda industrial\u00bb. Esta, que no pertenece a ninguno de los grupos anteriores, lo debe todo a la clase trabajadora. De la cual ha surgido justamente. Sin embargo, muchos de sus miembros, con el \u00fanico af\u00e1n de \u00abrelacionarse\u00bb, han ca\u00eddo en la estupidez de ponerse al servicio de la oligarqu\u00eda.<\/span><br \/>\n<span style=\"font-family: Verdana; font-size: 9pt;\">\u00a0 \u00a0Estos que son por naturaleza, sus peores enemigos, los utilizan por un tiempo y despu\u00e9s \u00ablos ponen en la vereda\u00bb.<\/span><br \/>\n<span style=\"font-family: Verdana; font-size: 9pt;\">\u00a0 Adem\u00e1s, por supuesto, se r\u00eden de ellos. Y no es para menos, \u00a1resultan tan grotescos tratando de aparentar que son oligarcas!\u00a0<\/span><span style=\"font-family: Verdana; font-size: 9pt;\"> Bueno, esta estructura olig\u00e1rquica, dur\u00f3 muchos a\u00f1os. A\u00fan hoy subsiste, deteriorada, pero todav\u00eda vigente. Yrigoyen no pudo con ella. La trab\u00f3, la enfrent\u00f3, pero a la postre, ellos acabaron con \u00e9l.<\/span><br \/>\n<span style=\"font-family: Verdana; font-size: 9pt;\">\u00a0 Hasta <\/span><span style=\"font-family: Verdana; font-size: 9pt;\">la Revoluci\u00f3n<\/span><span style=\"font-family: Verdana; font-size: 9pt;\"> de 1943, fue todopoderosa. S\u00f3lo nosotros logramos herirla de muerte. Por eso nos odian tanto. La herimos, pero no pudimos matarla. Prueba de ello, es que hoy estamos aqu\u00ed y ellos all\u00ed. Gobernando.<\/span><\/p>\n<p style=\"margin: 5pt 0pt; text-align: justify;\"><span style=\"font-family: Verdana; font-size: 9pt;\">\u00a0<\/span><span style=\"font-family: Verdana; font-size: 9pt;\">\u00a0<\/span><span style=\"font-family: Verdana; font-size: 9pt;\"> Pero volvamos atr\u00e1s.<\/span><br \/>\n<span style=\"font-family: Verdana; font-size: 9pt;\">\u00a0 \u00a0A partir del fin de la guerra del Paraguay, los presidentes se suceden unos a otros, como en una \u00abcarrera de postas\u00bb, pas\u00e1ndose la banda y el bast\u00f3n. Todo esto, por supuesto, bajo la direcci\u00f3n atenta de Gran Breta\u00f1a.<\/span><br \/>\n<span style=\"font-family: Verdana; font-size: 9pt;\">\u00a0 \u00a0El comercio se extiende y hay que traer mano de obra. El criollo \u00abno sirve\u00bb. No deja explotar y es altanero. Tiene una especie de est\u00fapido orgullo de ser argentino.<\/span> <span style=\"font-family: Verdana; font-size: 9pt;\">As\u00ed piensa la oligarqu\u00eda.<\/span><span style=\"font-family: Verdana; font-size: 9pt;\">\u00a0<\/span><span style=\"font-family: Verdana; font-size: 9pt;\">\u00a0<\/span><span style=\"font-family: Verdana; font-size: 9pt;\">\u00a0<\/span><span style=\"font-family: Verdana; font-size: 9pt;\">\u00a0<\/span><span style=\"font-family: Verdana; font-size: 9pt;\">\u00a0<\/span><span style=\"font-family: Verdana; font-size: 9pt;\">\u00a0<\/span><span style=\"font-family: Verdana; font-size: 9pt;\">\u00a0<\/span><span style=\"font-family: Verdana; font-size: 9pt;\">\u00a0<\/span><span style=\"font-family: Verdana; font-size: 9pt;\">\u00a0<\/span><span style=\"font-family: Verdana; font-size: 9pt;\">\u00a0<\/span><span style=\"font-family: Verdana; font-size: 9pt;\">\u00a0<\/span><\/p>\n<p style=\"margin: 5pt 0pt; text-align: justify;\"><span style=\"font-family: Verdana; font-size: 9pt;\">\u00a0<\/span><span style=\"font-family: Verdana; font-size: 9pt;\">\u00a0<\/span><span style=\"font-family: Verdana; font-size: 9pt;\"> Por lo tanto es mejor traer d\u00f3ciles europeos. Son mucho m\u00e1s civilizados que nuestros gauchos. <\/span><span style=\"font-family: Verdana; font-size: 9pt;\">Adem\u00e1s, si no se portan bien, se les aplica la \u00abley de residencia\u00bb y \u00a1adi\u00f3s! Sabe muy bien que todo depende de su \u00abbuena conducta\u00bb. Y esa buena conducta la determina la \u00abjusticia\u00bb de la oligarqu\u00eda. De todas formas, a qui\u00e9n le puede importar que se est\u00e9 explotando a un pa\u00eds, que, no es el suyo en \u00faltima instancia? <\/span><span style=\"font-family: Verdana; font-size: 9pt;\">Mientras se lo deje vivir, \u00a1adelante!<\/span><br \/>\n<span style=\"font-family: Verdana; font-size: 9pt;\">\u00a0 \u00a0Pero, con los hijos de estos fue otra cosa. Los hijos nacieron argentinos. Y no les gust\u00f3 nada lo que vieron cuando crecieron. A esto le dicen en el campo \u00ables sali\u00f3 un hijo macho\u00bb. <\/span><span style=\"font-family: Verdana; font-size: 9pt;\">Y as\u00ed fue.<\/span><\/p>\n<p style=\"margin: 5pt 0pt; text-align: justify;\"><span style=\"font-family: Verdana; font-size: 9pt;\">\u00a0<\/span><span style=\"font-family: Verdana; font-size: 9pt;\">\u00a0<\/span><span style=\"font-family: Verdana; font-size: 9pt;\"> A la ciudad de Buenos Aires, se la declar\u00f3 Capital de <\/span><span style=\"font-family: Verdana; font-size: 9pt;\">la Rep\u00fablica<\/span><span style=\"font-family: Verdana; font-size: 9pt;\">, y Distrito Federal. Ya no importaba que la aduana fuese \u00abnacional\u00bb por que \u00ab<\/span><span style=\"font-family: Verdana; font-size: 9pt;\">la Naci\u00f3n<\/span><span style=\"font-family: Verdana; font-size: 9pt;\"> era Buenos Aires\u00bb.<\/span><br \/>\n<span style=\"font-family: Verdana; font-size: 9pt;\">\u00a0 \u00a0La Conquista del Desierto, que, vino a completar la iniciada por Rosas 50 a\u00f1os antes, result\u00f3 un hecho positivo. Indudablemente lo fue. Sobre todo con respecto a los problemas lim\u00edtrofes y la posesi\u00f3n de <\/span><span style=\"font-family: Verdana; font-size: 9pt;\">la Patagonia.<\/span><br \/>\n<span style=\"font-family: Verdana; font-size: 9pt;\">\u00a0 \u00a0Po<\/span><span style=\"font-family: Verdana; font-size: 9pt;\">r supuesto que la oligarqu\u00eda sac\u00f3 abundante provecho, qued\u00e1ndose con las tierras y campos ganados al indio. Despu\u00e9s vinieron los ferrocarriles. Hab\u00eda que transportar la riqueza nacional al puerto, para que desde all\u00ed se la puedan llevar afuera.<\/span><br \/>\n<span style=\"font-family: Verdana; font-size: 9pt;\">\u00a0 La cosa era esa. Que importaba si aqu\u00ed hubiese hambre, como la hubo en muchas oportunidades. Eso era un problema de la \u00abgente pobre\u00bb. No de ellos. \u00a1Cuidadito con que les faltara algo a los ingleses! \u00a1A ver si se enojaban con nosotros, y entonces, qu\u00e9 ser\u00eda de nuestro pobre pa\u00eds! <\/span><span style=\"font-family: Verdana; font-size: 9pt;\">Se transportaba lo que le conven\u00eda a ellos, lo dem\u00e1s no.<\/span><br \/>\n<span style=\"font-family: Verdana; font-size: 9pt;\">\u00a0 \u00a0En fin, as\u00ed se hizo todo. Se \u00abprogresaba\u00bb, en la medida de que los intereses imperiales sacaran alg\u00fan provecho. Si no, se dec\u00eda que \u00abeso no era conveniente para \u00abel pa\u00eds\u00bb y ya estaba.<\/span><br \/>\n<span style=\"font-family: Verdana; font-size: 9pt;\">\u00a0 \u00a0Como la miner\u00eda, por ejemplo. Europa ten\u00eda su problema minero resuelto por otros lados. \u00bfPara qu\u00e9 quer\u00eda una industria minera nacional? Para nada. Se decret\u00f3: \u00ab<\/span><span style=\"font-family: Verdana; font-size: 9pt;\">la Argentina<\/span><span style=\"font-family: Verdana; font-size: 9pt;\"> no tiene minerales\u00bb, y los pocos que tiene, \u00abno sirven\u00bb y a otra cosa.<\/span><br \/>\n<span style=\"font-family: Verdana; font-size: 9pt;\">\u00a0 O la industria en general. Europa ten\u00eda su propia industria y no le interesaba para nada nuestro desarrollo industrial. Al contrario, s\u00f3lo le pod\u00eda producir inconvenientes, por la competencia. Ya bastantes problemas les tra\u00edan los Estados Unidos con su carrera industrial. <\/span><span style=\"font-family: Verdana; font-size: 9pt;\">No, de ninguna manera. \u00abA <\/span><span style=\"font-family: Verdana; font-size: 9pt;\">la Argentina<\/span><span style=\"font-family: Verdana; font-size: 9pt;\"> no le conviene tener industrias\u00bb, y se acab\u00f3 el asunto.<\/span><\/p>\n<p style=\"margin: 5pt 0pt; text-align: justify;\"><span style=\"font-family: Verdana; font-size: 9pt;\">\u00a0<\/span><span style=\"font-family: Verdana; font-size: 9pt;\">\u00a0<\/span><span style=\"font-family: Verdana; font-size: 9pt;\"> As\u00ed fueron pasando los a\u00f1os. Y con los a\u00f1os, los hombres. A los viejos \u00abexiliados\u00bb los \u00abm\u00e1rtires\u00bb y los primitivos representantes del comercio \u00ablibre\u00bb, los fueron reemplazando sus hijos o en otros casos, sus disc\u00edpulos.<\/span><br \/>\n<span style=\"font-family: Verdana; font-size: 9pt;\">Pero as\u00ed como los hijos de los inmigrantes y de los criollos, no resultaron iguales a sus padres, tampoco lo fueron los hijos de la oligarqu\u00eda primitiva. <\/span><span style=\"font-family: Verdana; font-size: 9pt;\">No se hab\u00edan ganado los puestos \u00abcon lucha\u00bb. No supieron conservarlos. O por los menos, empezaron a perderlos. Poco a poco.<\/span><br \/>\n<span style=\"font-family: Verdana; font-size: 9pt;\">\u00a0 Los movimientos sindicales, empezaban a nacer en Europa y en los Estados Unidos. <\/span><span style=\"font-family: Verdana; font-size: 9pt;\">Aqu\u00ed, lleg\u00f3 primero el movimiento anarquista. <\/span><span style=\"font-family: Verdana; font-size: 9pt;\">Vino en la maleta de los inmigrantes. Despu\u00e9s vino el socialismo. La oligarqu\u00eda de \u00abrecambio\u00bb de los fines del siglo diecinueve, no era como la otra, la anterior hubiese<\/span><span style=\"font-family: Verdana; font-size: 9pt;\">\u00a0<\/span><span style=\"font-family: Verdana; font-size: 9pt;\"> peleado de frente. Esta no. Se asust\u00f3 y opt\u00f3 por entregar, a principios del nuevo siglo, paulatinamente el poder.<\/span><br \/>\n<span style=\"font-family: Verdana; font-size: 9pt;\">\u00a0 \u00a0El radicalismo, era un movimiento que pod\u00eda hacer de \u00abamortiguador\u00bb. <\/span><span style=\"font-family: Verdana; font-size: 9pt;\">No era socialista. Tampoco era oligarca. Aunque contara en sus filas con muchos \u00abparientes\u00bb de la oligarqu\u00eda. En sus comienzos, fue revolucionario, pero ya no lo era.<\/span> <span style=\"font-family: Verdana; font-size: 9pt;\">Era nacionalista, pero no demasiado. En fin \u00abno era nada\u00bb. El ideal.<\/span><br \/>\n<span style=\"font-family: Verdana; font-size: 9pt;\">\u00a0 \u00a0Era indudablemente \u00abpopular\u00bb, y eso era lo que se necesitaba. Por lo menos \u00abpondr\u00eda la cara\u00bb contra el \u00abanarco-sindicalismo\u00bb. Y la verdad es que la puso. Hubo choques bastante feos al principio. Pero, con el tiempo, \u00abla vaca se les volvi\u00f3 toro\u00bb.<\/span><\/p>\n<p style=\"margin: 5pt 0pt; text-align: justify;\"><span style=\"font-family: Verdana; font-size: 9pt;\">\u00a0<\/span><span style=\"font-family: Verdana; font-size: 9pt;\">\u00a0<\/span><span style=\"font-family: Verdana; font-size: 9pt;\"> El \u00abtoro\u00bb result\u00f3 ser Hip\u00f3lito Yrigoyen. Un gran hombre. Pertenec\u00eda al pueblo y se identificaba con \u00e9l. <\/span><span style=\"font-family: Verdana; font-size: 9pt;\">El pueblo lo sigui\u00f3 con esa fidelidad maravillosa, que tiene para quienes saben comprenderlo. El pueblo es as\u00ed. Cuando da su coraz\u00f3n lo da para siempre. Lo acompa\u00f1o hasta su muerte. <\/span><span style=\"font-family: Verdana; font-size: 9pt;\">Pero eso es m\u00e1s adelante.<\/span><\/p>\n<p style=\"margin: 5pt 0pt; text-align: justify;\"><span style=\"font-family: Verdana; font-size: 9pt;\">\u00a0 \u00a0El 12 de Octubre de 1916, con el acompa\u00f1amiento de una mayor\u00eda popular aut\u00e9ntica, como desde hac\u00eda setenta a\u00f1os que no se ve\u00eda en el pa\u00eds, Yrigoyen asume el poder.<\/span><br \/>\n<span style=\"font-family: Verdana; font-size: 9pt;\">\u00a0 \u00a0Su programa, un poco confuso, estaba encaminado a restaurar los derechos y libertades civiles. Adem\u00e1s de una acci\u00f3n, de un tipo muy gen\u00e9rico, que \u00e9l denominaba \u00abreparaci\u00f3n nacional\u00bb.<\/span><br \/>\n<span style=\"font-family: Verdana; font-size: 9pt;\">\u00a0 \u00a0Se consideraba a s\u00ed mismo como una especie de ap\u00f3stol, cuya misi\u00f3n era salvar al pa\u00eds. Por supuesto que de una oligarqu\u00eda \u00abfalaz y descre\u00edda\u00bb. S\u00f3lo contaba con el pueblo para esto. Ya que toda la estructura \u00abtradicional\u00bb del pa\u00eds y del gobierno, estaba en su contra, y dispuesta a no dejarla gobernar en paz. Todas sus medidas de gobierno fueron criticadas. Algunas pr\u00e1cticamente sin analizarse siquiera. <\/span><span style=\"font-family: Verdana; font-size: 9pt;\">Todas sus palabras fueron tergiversadas, o, torcidamente interpretadas.<\/span><br \/>\n<span style=\"font-family: Verdana; font-size: 9pt;\">\u00a0 \u00a0Hab\u00eda so\u00f1ado llegar al gobierno por una conspiraci\u00f3n. No por el camino normal del comicio. Incluso \u00e9l mismo, nunca pens\u00f3 en llegar de esa manera.<\/span><br \/>\n<span style=\"font-family: Verdana; font-size: 9pt;\">\u00a0 \u00a0No se encontraba c\u00f3modo en el papel de Presidente. Sentado en el mismo lugar desde donde la oligarqu\u00eda hab\u00eda gobernado tantos a\u00f1os. Donde se hab\u00eda negociado tanta cosa \u00absucia\u00bb.<\/span><span style=\"font-family: Verdana; font-size: 9pt;\">\u00a0<\/span><span style=\"font-family: Verdana; font-size: 9pt;\">\u00a0<\/span><span style=\"font-family: Verdana; font-size: 9pt;\">\u00a0<\/span><span style=\"font-family: Verdana; font-size: 9pt;\">\u00a0<\/span><span style=\"font-family: Verdana; font-size: 9pt;\">\u00a0<\/span><span style=\"font-family: Verdana; font-size: 9pt;\">\u00a0<\/span><span style=\"font-family: Verdana; font-size: 9pt;\">\u00a0<\/span><span style=\"font-family: Verdana; font-size: 9pt;\">\u00a0<\/span><span style=\"font-family: Verdana; font-size: 9pt;\">\u00a0<\/span><span style=\"font-family: Verdana; font-size: 9pt;\">\u00a0<\/span><span style=\"font-family: Verdana; font-size: 9pt;\">\u00a0<\/span><br \/>\n<span style=\"font-family: Verdana; font-size: 9pt;\">Para diferenciarse, deliberadamente romp\u00eda con todos los \u00abusos\u00bb de la \u00e9poca. En lo administrativo y en lo protocolar. Intervino casi todas las provincias y puso en ellas gobernantes del radicalismo, elegidos en comicios puros.<\/span><span style=\"font-family: Verdana; font-size: 9pt;\">\u00a0<\/span><br \/>\n<span style=\"font-family: Verdana; font-size: 9pt;\">\u00a0 \u00a0Dict\u00f3 y propici\u00f3 leyes de contenido social. Leyes que favorec\u00edan a \u00ablos necesitados\u00bb. <\/span><span style=\"font-family: Verdana; font-size: 9pt;\">Pero no encontr\u00f3 comprensi\u00f3n. Ni entre sus opositores, ni dentro del c\u00edrculo de sus propios \u00abcorreligionarios\u00bb.<\/span><br \/>\n<span style=\"font-family: Verdana; font-size: 9pt;\">\u00a0 \u00a0Su carta m\u00e1s dif\u00edcil, result\u00f3 ser con el tiempo, tambi\u00e9n la m\u00e1s valiosa. La neutralidad argentina durante <\/span><span style=\"font-family: Verdana; font-size: 9pt;\">la Primera Guerra<\/span><span style=\"font-family: Verdana; font-size: 9pt;\"> Mundial. No fue comprendido, en esto, pr\u00e1cticamente por casi nadie. Sus propios ministros, no lo entend\u00edan. Sin embargo, impuso su criterio con una valent\u00eda y una tenacidad, como muy pocas veces vio el pa\u00eds.<\/span><br \/>\n<span style=\"font-family: Verdana; font-size: 9pt;\">\u00a0 \u00a0Lamentablemente, no se puede decir lo mismo de su actitud en los conflictos sociales de la \u00e9poca.<\/span> <span style=\"font-family: Verdana; font-size: 9pt;\">Hab\u00eda heredado una situaci\u00f3n explosiva de sus antecesores. Y la expectativa que despert\u00f3 su advenimiento, contribuy\u00f3 a\u00fan m\u00e1s a alentar las esperanzas de los despose\u00eddos, que lo contaban de su lado.<\/span><br \/>\n<span style=\"font-family: Verdana; font-size: 9pt;\">\u00a0 \u00a0Se desataron una serie de huelgas. Todas de indudable tipo sindical, por lo menos en sus comienzos. Pero sus aprensiones y temores, lo llevaron a confundir el proceso y creerse ante una ola \u00abmaximalista\u00bb.<\/span><br \/>\n<span style=\"font-family: Verdana; font-size: 9pt;\">\u00a0 \u00a0All\u00ed cometi\u00f3 el error m\u00e1s grave de su gobierno. Permiti\u00f3 que las \u00abfuerzas del orden\u00bb, tomaran cartas en el asunto. Ya sabemos como procedieron. En aquel entonces, todo ese aparato, estaba en manos de la oligarqu\u00eda y sus \u00absirvientes\u00bb. No <\/span><span style=\"font-family: Verdana; font-size: 9pt;\">s\u00f3lo eran enemigas de los sindicalistas, sino tambi\u00e9n lo eran del propio Yrigoyen, cuando se hicieron cargo de la \u00abrepresi\u00f3n\u00bb.<\/span><br \/>\n<span style=\"font-family: Verdana; font-size: 9pt;\">\u00a0 \u00a0Todos recordamos la tristemente c\u00e9lebre Semana Tr\u00e1gica y posteriormente, aunque con algunos atenuantes, los hechos de <\/span><span style=\"font-family: Verdana; font-size: 9pt;\">la Patagonia.<\/span><br \/>\n<span style=\"font-family: Verdana; font-size: 9pt;\">\u00a0 \u00a0Adem\u00e1<\/span><span style=\"font-family: Verdana; font-size: 9pt;\">s, las \u00abfuerzas del orden\u00bb, no obstante ser las encargadas de reprimir, no por eso dejaron de recriminarle, ser el \u00abresponsable\u00bb de lo ocurrido. Los obreros hab\u00edan sido \u00abalentados\u00bb por la actitud \u00abpaternalista\u00bb del presidente.<\/span><\/p>\n<p style=\"margin: 5pt 0pt; text-align: justify;\"><span style=\"font-family: Verdana; font-size: 9pt;\">\u00a0<\/span><span style=\"font-family: Verdana; font-size: 9pt;\">\u00a0<\/span><span style=\"font-family: Verdana; font-size: 9pt;\"> A Yrigoyen lo sucede Alvear. Un representante de la vieja oligarqu\u00eda \u00abenancado\u00bb <\/span><span style=\"font-family: Verdana; font-size: 9pt;\">en la estructura del radicalismo. Hab\u00eda varios de ellos. Ninguno era bueno.<\/span><span style=\"font-family: Verdana; font-size: 9pt;\">\u00a0<\/span><br \/>\n<span style=\"font-family: Verdana; font-size: 9pt;\">\u00a0 \u00a0Yrigoyen lo hab\u00eda puesto en <\/span><span style=\"font-family: Verdana; font-size: 9pt;\">la Presidencia<\/span><span style=\"font-family: Verdana; font-size: 9pt;\"> porque crey\u00f3 que, debi\u00e9ndole todo, le iba a ser leal. No fue as\u00ed. Tambi\u00e9n pens\u00f3 que con la presidencia de un oligarca, el radicalismo iba a tener acceso a todas las estructuras del poder, que se le hab\u00edan negado a \u00e9l. <\/span><span style=\"font-family: Verdana; font-size: 9pt;\">No result\u00f3. <\/span><\/p>\n<p style=\"margin: 5pt 0pt; text-align: justify;\"><span style=\"font-family: Verdana; font-size: 9pt;\">\u00a0 \u00a0Lo primero que hizo Alvear, fue volver a su lugar de origen. Gobern\u00f3 con y para la oligarqu\u00eda, a la que siempre perteneci\u00f3. Este hecho fue denominado por las gentes pol\u00edticas de ese entonces como la \u00abpatada hist\u00f3rica\u00bb.<\/span><span style=\"font-family: Verdana; font-size: 9pt;\">\u00a0<\/span><br \/>\n<span style=\"font-family: Verdana; font-size: 9pt;\">\u00a0 \u00a0No fue otra cosa que una traici\u00f3n. A su amigo y a su pueblo. <\/span><span style=\"font-family: Verdana; font-size: 9pt;\">Eso fue exactamente.<\/span><br \/>\n<span style=\"font-family: Verdana; font-size: 9pt;\">\u00a0 \u00a0Sobre su gobierno, podemos decir que se vio beneficiado, por la mejor \u00e9poca de nuestro comercio exterior. Esto como consecuencia de la situaci\u00f3n europea despu\u00e9s de la guerra. Hubo una demanda masiva de alimentos y eso trajo consigo una gran prosperidad.<\/span><br \/>\n<span style=\"font-family: Verdana; font-size: 9pt;\">\u00a0 \u00a0Desde luego que esa prosperidad s\u00f3lo lleg\u00f3 al pueblo com\u00fan p\u00e1lido reflejo, realmente se pudo haber hecho mucho m\u00e1s.<\/span><br \/>\n<span style=\"font-family: Verdana; font-size: 9pt;\">\u00a0 \u00a0Los \u00absecretos del poder\u00bb, no s\u00f3lo no interfirieron, sino que colaboraron con el Presidente. As\u00ed, complet\u00f3 su per\u00edodo en medio de la aprobaci\u00f3n general de los grandes monopolios internacionales.<\/span><br \/>\n<span style=\"font-family: Verdana; font-size: 9pt;\">\u00a0 \u00a0Tan s\u00f3lida crey\u00f3 su situaci\u00f3n, que trat\u00f3 de imponer un sucesor de su agrado. Y de los monopolios, desde luego. Esta actitud, no fue muy \u00ableal\u00bb que digamos para con su viejo amigo y Jefe del partido.<\/span><span style=\"font-family: Verdana; font-size: 9pt;\">\u00a0<\/span><br \/>\n<span style=\"font-family: Verdana; font-size: 9pt;\">\u00a0 \u00a0Don Hip\u00f3lito, que siempre fue remiso en lo que a candidaturas se refiere, advirti\u00f3 la maniobra y se lanz\u00f3 a la lucha con todo su esp\u00edritu. Se llev\u00f3 todo por delante. Ten\u00eda todav\u00eda al pueblo de su lado.<\/span><br \/>\n<span style=\"font-family: Verdana; font-size: 9pt;\">En las elecciones de 1928 gan\u00f3 por una abrumadora mayor\u00eda. Pese a los \u00abpalos en las ruedas\u00bb que le pusieron en todos los c\u00edrculos de la oligarqu\u00eda y sus servidores.<\/span><\/p>\n<p style=\"margin: 5pt 0pt; text-align: justify;\"><span style=\"font-family: Verdana; font-size: 9pt;\">\u00a0<\/span> <span style=\"font-family: Verdana; font-size: 9pt;\">En fin, el segundo gobierno de Yrigoyen, no fue como el primero. Realmente una l\u00e1stima. Ya no se hablaba de \u00abreparaciones\u00bb. El hombre ten\u00eda ya muchos a\u00f1os y el fuego revolucionario se hab\u00eda apagado. La administraci\u00f3n se paraliz\u00f3 y el presidente qued\u00f3 solo en el poder.<\/span><br \/>\n<span style=\"font-family: Verdana; font-size: 9pt;\">\u00a0 \u00a0Esta era la oportunidad que estaba esperando desde hace a\u00f1os la oligarqu\u00eda, s\u00fabitamente se dio cuenta de que ten\u00eda la posibilidad de apoderarse del gobierno y no la perdi\u00f3.<\/span><br \/>\n<span style=\"font-family: Verdana; font-size: 9pt;\">\u00a0 El 6 de septiembre de 1930 tom\u00f3 el poder. Por la fuerza, por supuesto. A partir de all\u00ed se inicia un regreso al \u00abviejo r\u00e9gimen\u00bb. Pero pronto descubren que ya es tarde. Ya, el pa\u00eds no es el mismo. El mundo, tampoco es el mismo. <\/span><span style=\"font-family: Verdana; font-size: 9pt;\">Todo ha cambiado.<\/span><br \/>\n<span style=\"font-family: Verdana; font-size: 9pt;\">\u00a0 Ellos tambi\u00e9n deben cambiar. Y as\u00ed lo hacen. Para mantenerse en el poder, deben recurrir a \u00abm\u00e9todos violentos\u00bb a los que nunca hab\u00edan recurrido antes. Naturalmente, a muchos les caus\u00f3 repugnancia. No aceptaron compartir ni el poder ni la responsabilidad de esos hechos. Se alejaron.<\/span><\/p>\n<p style=\"margin: 5pt 0pt; text-align: justify;\"><span style=\"font-family: Verdana; font-size: 9pt;\">\u00a0<\/span><span style=\"font-family: Verdana; font-size: 9pt;\">\u00a0<\/span><span style=\"font-family: Verdana; font-size: 9pt;\"> Para colmo, a lo largo de la \u00abnueva gesti\u00f3n\u00bb, de la oligarqu\u00eda, se van descubriendo negocios y manejos de toda clase.<\/span><br \/>\n<span style=\"font-family: Verdana; font-size: 9pt;\">\u00a0 \u00a0Con el comercio internacional de carnes. Con otros productos, etc. Todo lo cual produce un esc\u00e1ndalo en los medios de difusi\u00f3n y en el propio Senado de <\/span><span style=\"font-family: Verdana; font-size: 9pt;\">la Naci\u00f3n<\/span><span style=\"font-family: Verdana; font-size: 9pt;\">, donde cae abatido a balazos un senador de la bancada opositora.<\/span><br \/>\n<span style=\"font-family: Verdana; font-size: 9pt;\">\u00a0 \u00a0Saltan los \u00abnegocios\u00bb m\u00e1s diversos. El juego clandestino. Las concesiones de electricidad, la venta de tierras en \u00abEl Palomar\u00bb. Un proceso en el que intervienen ciudadanos extranjeros y que terminan en una acusaci\u00f3n de \u00abtraici\u00f3n a la patria\u00bb, etc.<\/span><\/p>\n<p style=\"margin: 0pt; text-align: justify;\"><span style=\"font-family: Verdana; font-size: 9pt;\">\u00a0<\/span><span style=\"font-family: Verdana; font-size: 9pt;\">\u00a0<\/span><span style=\"font-family: Verdana; font-size: 9pt;\"> Todo es matizado por una permanente pol\u00edtica de fraudes, sobornos y violencia. La estructura de poder y el sistema, realmente, no daban para m\u00e1s. S\u00f3lo la innata ineptitud de los radicales imped\u00eda que tomasen el poder nuevamente.<\/span><\/p>\n<p>&nbsp;<\/p>\n<p style=\"margin: 5pt 0pt; text-align: justify;\"><span style=\"font-family: Verdana; font-size: 9pt; font-weight: bold;\">EL PUEBLO<\/span><\/p>\n<p style=\"margin: 5pt 0pt; text-align: justify;\"><span style=\"font-family: Verdana; font-size: 9pt;\">\u00a0<\/span><span style=\"font-family: Verdana; font-size: 9pt;\">\u00a0<\/span><span style=\"font-family: Verdana; font-size: 9pt;\"> El r\u00e9gimen comenzaba a expirar, cuando yo regres\u00e9 al pa\u00eds, despu\u00e9s de una temporada como Agregado de <\/span><span style=\"font-family: Verdana; font-size: 9pt;\">la Embajada Argentina<\/span><span style=\"font-family: Verdana; font-size: 9pt;\"> en Chile.<\/span><br \/>\n<span style=\"font-family: Verdana; font-size: 9pt;\">\u00a0 \u00a0En Buenos Aires, tuve diversas entrevistas con varios oficiales que me quer\u00edan hablar de un movimiento de fuerza.<\/span><br \/>\n<span style=\"font-family: Verdana; font-size: 9pt;\">\u00a0 \u00a0Los objetivos, todav\u00eda no estaban suficientemente claros. Por lo que les dije que era mejor esperar un poco. No hab\u00eda que apresurar las cosas. De todas formas el gobierno estaba terminado, y nada se perd\u00eda con estudiar un poco mejor las cosas.<\/span><br \/>\n<span style=\"font-family: Verdana; font-size: 9pt;\">\u00a0 \u00a0Tomar el gobierno para fracasar, era una estupidez. Los convenc\u00ed a todos de esperar y de permanecer en contacto. As\u00ed lo hicieron.<\/span><\/p>\n<p style=\"margin: 5pt 0pt; text-align: justify;\"><span style=\"font-family: Verdana; font-size: 9pt;\">\u00a0<\/span><span style=\"font-family: Verdana; font-size: 9pt;\">\u00a0<\/span><span style=\"font-family: Verdana; font-size: 9pt;\"> Fui destinado a Italia, en plena guerra. Me toc\u00f3 presenciar los acontecimientos en el teatro directo de las operaciones.<\/span><br \/>\n<span style=\"font-family: Verdana; font-size: 9pt;\">\u00a0 \u00a0Pero la experiencia, para m\u00ed m\u00e1s importante, fue poder estudiar el experimento pol\u00edtico-social y sobre todo econ\u00f3mico, que se desarrollaba en ese pa\u00eds.<\/span><br \/>\n<span style=\"font-family: Verdana; font-size: 9pt;\">\u00a0 \u00a0Adem\u00e1s, complet\u00e9 un curso de Econom\u00eda<\/span> <span style=\"font-family: Verdana; font-size: 9pt;\">Pol\u00edtica con un grupo de profesores italianos. Considero maravillosa esta experiencia.<\/span><br \/>\n<span style=\"font-family: Verdana; font-size: 9pt;\">\u00a0 No creo que exista en el mundo, mejor escuela de econom\u00eda que la italiana. Se puede adecuar, al capitalismo, al fascismo y eventualmente al socialismo, sin perder coherencia. Porque tienen muy claro a todos esos sistemas y sus trampas. Resulta imposible venderles \u00abgato por liebre\u00bb en materia de producci\u00f3n o comercializaci\u00f3n.<\/span><br \/>\n<span style=\"font-family: Verdana; font-size: 9pt;\">\u00a0 Con esta y otras varias y muy valiosas experiencias m\u00e1s, regres\u00e9 a mi pa\u00eds.<\/span><br \/>\n<span style=\"font-family: Verdana; font-size: 9pt;\">\u00a0 All\u00ed me puse en contacto, apenas llegu\u00e9, con mis camaradas.<\/span><br \/>\n<span style=\"font-family: Verdana; font-size: 9pt;\">\u00a0 Tal como hab\u00eda previsto anteriormente, las cosas apremiaron para una \u00abdefinici\u00f3n\u00bb. Yo ped\u00ed tranquilidad, y que primero nos organiz\u00e1ramos nosotros y despu\u00e9s qu\u00e9 nos dec\u00edan los generales.<\/span><span style=\"font-family: Verdana; font-size: 9pt;\">\u00a0<\/span><br \/>\n<span style=\"font-family: Verdana; font-size: 9pt;\">\u00a0 Entre nosotros, la mayor\u00eda de los oficiales eran Mayores, o Teniente coroneles, muy pocos Coroneles y ning\u00fan general, y para hacer un \u00abmovimiento de fuerza\u00bb, siempre hay que tener un general, uno por lo menos.<\/span><br \/>\n<span style=\"font-family: Verdana; font-size: 9pt;\">\u00a0 As\u00ed fue que nos organizamos bajo la denominaci\u00f3n de \u00abGrupo de Oficiales Unidos\u00bb, m\u00e1s conocido por el GOU, y quedamos a la expectativa. Pero para ese entonces, ya a nivel \u00abgenerales\u00bb, estaba caminando una conjura\u00a0 \u00a0 \u00a0 \u00a0 que ten\u00eda por cabeza al ex presidente general Justo.<\/span><br \/>\n<span style=\"font-family: Verdana; font-size: 9pt;\">\u00a0 As\u00ed que resolvimos que lo mejor era seguir esperando y mientras tanto, organizar m\u00e1s a\u00fan el grupo. <\/span><span style=\"font-family: Verdana; font-size: 9pt;\">De todas maneras, si los generales hac\u00edan la revoluci\u00f3n, no podr\u00edan hacerla sin nosotros.<\/span><br \/>\n<span style=\"font-family: Verdana; font-size: 9pt;\">\u00a0 Todo estaba listo y montado cuando se vino a morir el general Justo. Bueno.<\/span><br \/>\n<span style=\"font-family: Verdana; font-size: 9pt;\">\u00a0 El asunto, se puso mucho mejor para nosotros. En los cuadros de las fuerzas armadas no hab\u00eda quedado, en esos momentos, ning\u00fan general con un prestigio o con un peso pol\u00edtico definitivo.<\/span><br \/>\n<span style=\"font-family: Verdana; font-size: 9pt;\">\u00a0 No tendr\u00edan m\u00e1s remedio que conversar con nosotros y llegar a un comando de tipo \u00abdeliberativo\u00bb. Y nosotros \u00e9ramos m\u00e1s que ellos, mejor organizados. Bueno, as\u00ed ocurri\u00f3 y al poco tiempo se produjo la revoluci\u00f3n y la toma del poder.<\/span><br \/>\n<span style=\"font-family: Verdana; font-size: 9pt;\">\u00a0 Como era de esperar, fuimos todos llamados a distintas funciones del gobierno. Algunos con m\u00e1s responsabilidad que otros, pero en casi todos los organismos del Estado, hab\u00eda un oficial del GOU.<\/span><br \/>\n<span style=\"font-family: Verdana; font-size: 9pt;\">\u00a0 Tal como yo hab\u00eda pronosticado. Ni siquiera tuvimos que pedir funciones, nos las ofrecieron.<\/span><span style=\"font-family: Verdana; font-size: 9pt;\">\u00a0<\/span><br \/>\n<span style=\"font-family: Verdana; font-size: 9pt;\">\u00a0 El problema principal que hab\u00eda en aquel entonces, era la actitud de <\/span><span style=\"font-family: Verdana; font-size: 9pt;\">la Argentina<\/span><span style=\"font-family: Verdana; font-size: 9pt;\"> con<\/span><span style=\"font-family: Verdana; font-size: 9pt;\">\u00a0<\/span><span style=\"font-family: Verdana; font-size: 9pt;\"> respecto a la guerra europea.<\/span><br \/>\n<span style=\"font-family: Verdana; font-size: 9pt;\">\u00a0 Sobre todo, la actitud<\/span><span style=\"font-family: Verdana; font-size: 9pt;\">\u00a0<\/span><span style=\"font-family: Verdana; font-size: 9pt;\"> que deb\u00eda tomarse con respecto a su futuro desenlace. Ya en el a\u00f1o 43, se hac\u00eda m\u00e1s o menos evidente que Alemania e Italia, llevar\u00edan las de perder. <\/span><span style=\"font-family: Verdana; font-size: 9pt;\">Pero tambi\u00e9n era evidente que eso no era motivo suficiente, ni argumento v\u00e1lido para declararles la guerra.<\/span><br \/>\n<span style=\"font-family: Verdana; font-size: 9pt;\">\u00a0El problema no era tan simple, porque por otra parte, tampoco ten\u00edamos nada que ganar con esta postura. Salvo un puesto en la cola de los imperialismos triunfantes. <\/span><span style=\"font-family: Verdana; font-size: 9pt;\">A m\u00ed personalmente, no me parec\u00eda compensaci\u00f3n suficiente.<\/span><br \/>\n<span style=\"font-family: Verdana; font-size: 9pt;\">En cuanto a los motivos de tipo ideol\u00f3gico o sentimental, eran muy relativos. En ambos bandos ten\u00edamos motivos suficientes para no sentirnos identificados. No debemos olvidar que Italia, estaba del lado del Eje y la poblaci\u00f3n italiano-argentina es enorme.<\/span><br \/>\n<span style=\"font-family: Verdana; font-size: 9pt;\">Es m\u00e1s, mucho m\u00e1s. La guerra mundial, fue una magn\u00edfica oportunidad, que no pod\u00edamos desaprovechar, para reasumir nuestra plena soberan\u00eda.<\/span><br \/>\n<span style=\"font-family: Verdana; font-size: 9pt;\">Era evidente que nuestros \u00abpa\u00edses tutelares\u00bb no estaban en condiciones de \u00abcontrolarnos\u00bb, en esos momentos.<\/span><br \/>\n<span style=\"font-family: Verdana; font-size: 9pt;\">No la dejamos pasar. Pese a que se desat\u00f3 una campa\u00f1a tremenda en todo el \u00e1mbito de opini\u00f3n dentro del pa\u00eds y en el exterior en pro de que nos aline\u00e1ramos del lado de nuestros \u00abtradicionales aliados\u00bb no lo hicimos.<\/span><\/p>\n<p style=\"margin: 5pt 0pt; text-align: justify;\"><span style=\"font-family: Verdana; font-size: 9pt;\">\u00a0<\/span><span style=\"font-family: Verdana; font-size: 9pt;\">\u00a0<\/span><span style=\"font-family: Verdana; font-size: 9pt;\"> Por ese entonces, yo hab\u00eda iniciado un desapercibido pero implacable accionar, desde el antiguo Departamento del Trabajo.<\/span><br \/>\n<span style=\"font-family: Verdana; font-size: 9pt;\">Hab\u00eda pedido que se le diera la categor\u00eda de Secretar\u00eda de Estado, con el nombre de Secretaria de Trabajo y Previsi\u00f3n.<\/span><br \/>\n<span style=\"font-family: Verdana; font-size: 9pt;\">Poco a poco, los dirigentes obreros se acostumbraron a llegarse hasta all\u00ed y a ser tratados como amigos.<\/span><br \/>\n<span style=\"font-family: Verdana; font-size: 9pt;\">Unos trajeron a otros y estos a terceros. Al poco tiempo, ten\u00edamos el respeto y la confianza, cuando no la simpat\u00eda, de casi todo el disperso cuadro del sindicalismo argentino.<\/span><br \/>\n<span style=\"font-family: Verdana; font-size: 9pt;\">Pero, cuando est\u00e1bamos muy bien encaminados en estas cosas, el Presidente, general Ram\u00edrez, pretextando que eso consolidar\u00eda la revoluci\u00f3n, no encontr\u00f3 mejor cosa que romper relaciones con el Eje. Una macana grande como una casa.<\/span><br \/>\n<span style=\"font-family: Verdana; font-size: 9pt;\">Fue una medida totalmente inconsulta con respecto a los mandos militares. Como consecuencia de eso, lo \u00abreemplazamos\u00bb en la presidencia por el general Farrell, un hombre de nuestra confianza.<\/span><br \/>\n<span style=\"font-family: Verdana; font-size: 9pt;\">Mientras estas cosas ocurr\u00edan, yo segu\u00eda avanzando en el terreno que realmente me interesaba.<\/span><br \/>\n<span style=\"font-family: Verdana; font-size: 9pt;\">La Secretar\u00eda de Trabajo y Previsi\u00f3n, era ya una verdadera \u00abasamblea permanente\u00bb de trabajadores y dirigentes. A todos se los escuchaba y a todos se les daba una soluci\u00f3n. O por lo menos, se dejaba bien en claro que intent\u00e1bamos d\u00e1rsela.<\/span><br \/>\n<span style=\"font-family: Verdana; font-size: 9pt;\">As\u00ed naci\u00f3, una corriente de confianza entre nosotros, que el tiempo se encarg\u00f3 de demostrar hasta que punto era verdadera.<\/span><\/p>\n<p style=\"margin: 5pt 0pt; text-align: justify;\"><span style=\"font-family: Verdana; font-size: 9pt;\">\u00a0<\/span><span style=\"font-family: Verdana; font-size: 9pt;\">\u00a0<\/span><span style=\"font-family: Verdana; font-size: 9pt;\"> Bueno, el tiempo pasa y la guerra en Europa toma un cariz dram\u00e1tico. Alemania est\u00e1 pr\u00e1cticamente perdida y esto cambia el panorama de su propio accionar. Nosotros, no hemos perdido el contacto con Alemania, pese a la \u00abruptura\u00bb de Ram\u00edrez.<\/span><br \/>\n<span style=\"font-family: Verdana; font-size: 9pt;\">As\u00ed las cosas, nos llega un extra\u00f1o pedido.<\/span><br \/>\n<span style=\"font-family: Verdana; font-size: 9pt;\">Pese a que pueda parecer contradictorio en un primer momento, a Alemania le \u00abconviene\u00bb que nosotros le \u00abdeclaremos la guerra\u00bb: si <\/span><span style=\"font-family: Verdana; font-size: 9pt;\">la Argentina<\/span><span style=\"font-family: Verdana; font-size: 9pt;\"> se convierte en \u00abpa\u00eds beligerante\u00bb, tiene derecho a entrar en Alemania cuando se produzca el desenlace final; esto quiere decir que nuestros aviones y barcos estar\u00edan en condiciones de prestar un gran servicio.<\/span><br \/>\n<span style=\"font-family: Verdana; font-size: 9pt;\">Nosotros cont\u00e1bamos en ese momento con los aviones comerciales de FAMA y los barcos que le hab\u00edamos comprado a Italia durante la guerra. Hicimos como se nos pidi\u00f3. El Presidente Farrell, declar\u00f3 la guerra, previa reuni\u00f3n de gabinete a tal efecto.<\/span><br \/>\n<span style=\"font-family: Verdana; font-size: 9pt;\">As\u00ed fue, como un gran n\u00famero<\/span><span style=\"font-family: Verdana; font-size: 9pt;\">\u00a0<\/span><span style=\"font-family: Verdana; font-size: 9pt;\"> de personas pudo venir a <\/span><span style=\"font-family: Verdana; font-size: 9pt;\">la Argentina.<\/span><br \/>\n<span style=\"font-family: Verdana; font-size: 9pt;\">Tod<\/span><span style=\"font-family: Verdana; font-size: 9pt;\">a clase de t\u00e9cnicos y otras especialidades con que no cont\u00e1bamos en el pa\u00eds,<\/span><br \/>\n<span style=\"font-family: Verdana; font-size: 9pt;\">pasaron a incorporarse al que hacer nacional.<\/span><span style=\"font-family: Verdana; font-size: 9pt;\">\u00a0<\/span><span style=\"font-family: Verdana; font-size: 9pt;\">\u00a0<\/span><br \/>\n<span style=\"font-family: Verdana; font-size: 9pt;\">Gente que al poco tiempo fue muy \u00fatil en sus distintas especialidades y que de otro modo nos hubiese llevado a\u00f1os formar.<\/span><br \/>\n<span style=\"font-family: Verdana; font-size: 9pt;\">Poco tiempo despu\u00e9s, cuando ya en el gobierno, tomamos a nuestro cargo los ferrocarriles ingleses, m\u00e1s de setecientos de esos muchachos venidos de Alemania, entraron a trabajar para nosotros.<\/span><br \/>\n<span style=\"font-family: Verdana; font-size: 9pt;\">Ni que decir, en las f\u00e1bricas de aviones militares y civiles, u otras especialidades, fue un aporte sumamente \u00fatil para nuestra naciente industria. Esto, lo sabe muy poca gente, porque a muy poca gente se lo dijimos.<\/span><br \/>\n<span style=\"font-family: Verdana; font-size: 9pt;\">Nosotros en esos momentos prefer\u00edamos hacerles creer a los imperialismos de turno, que hab\u00edamos cedido finalmente a sus solicitudes beligerantes. Para ese entonces, nos conven\u00eda hacer un poco de \u00abbuena letra\u00bb, sobre todo para ganar tiempo.<\/span><br \/>\n<span style=\"font-family: Verdana; font-size: 9pt;\">No falt\u00f3, por supuesto, un grupo de est\u00fapidos que nos acusaron de \u00abdebilidad\u00bb, esa pobre gente que nunca entiende nada de lo que pasa.<\/span><\/p>\n<p style=\"margin: 5pt 0pt; text-align: justify;\"><span style=\"font-family: Verdana; font-size: 9pt;\">\u00a0<\/span><span style=\"font-family: Verdana; font-size: 9pt;\">\u00a0<\/span><span style=\"font-family: Verdana; font-size: 9pt;\"> Pero, nosotros proseguimos con nuestra labor.<\/span><br \/>\n<span style=\"font-family: Verdana; font-size: 9pt;\">En el terreno social, creamos los Tribunales del Trabajo, con lo que conseguimos por primera vez en esta parte del mundo, la igualdad de condiciones entre los obreros y los patrones ante la ley.<\/span><br \/>\n<span style=\"font-family: Verdana; font-size: 9pt;\">El Decreto sobre Asociaciones Profesionales le dio a los Sindicatos una nueva dimensi\u00f3n en la vida nacional.<\/span><br \/>\n<span style=\"font-family: Verdana; font-size: 9pt;\">Los Estatutos, de much\u00edsimos gremios. Las vacaciones pagas. La prevenci\u00f3n de accidentes de trabajo. Y finalmente, el aguinaldo, terminaron por traer a nuestro lado a la casi totalidad de la masa trabajadora. En adelante, confiaron plenamente en nosotros.<\/span><br \/>\n<span style=\"font-family: Verdana; font-size: 9pt;\">Y puedo decir, que nosotros nunca defraudamos esa confianza.<\/span><br \/>\n<span style=\"font-family: Verdana; font-size: 9pt;\">Adem\u00e1s, de estas medidas, extend\u00edamos el r\u00e9gimen jubilatorio, a todos los trabajadores del pa\u00eds.<\/span><br \/>\n<span style=\"font-family: Verdana; font-size: 9pt;\">En la mec\u00e1nica de la lucha sindical, impusimos la elaboraci\u00f3n de los convenios colectivos de trabajo.<\/span><br \/>\n<span style=\"font-family: Verdana; font-size: 9pt;\">En suma. En tres a\u00f1os de labor constante, conseguimos mejorar m\u00e1s las condiciones de vida de los trabajadores, que lo que se hab\u00eda conseguido en casi un siglo de lucha. Y sin derramar una sola gota de sangre argentina.<\/span><br \/>\n<span style=\"font-family: Verdana; font-size: 9pt;\">Pero lo m\u00e1s importante de todo, no fueron las mejoras que \u00edbamos obteniendo, sino la conciencia de su propio valer que fuimos despertando en el alma de la masa trabajadora<\/span><\/p>\n<p style=\"margin: 5pt 0pt; text-align: justify;\"><span style=\"font-family: Verdana; font-size: 9pt;\">\u00a0<\/span><span style=\"font-family: Verdana; font-size: 9pt;\">\u00a0<\/span><span style=\"font-family: Verdana; font-size: 9pt;\"> Pero la oligarqu\u00eda, no tuvo ni siquiera la visi\u00f3n de acompa\u00f1ar el proceso. Lejos de ello, se emperr\u00f3 en poner todo de su parte para tratar de impedirlo. Esa fue la carta de triunfo que puso en mis manos. Al atacarme a m\u00ed, personalmente y sin quererlo, me colocaron en la c\u00faspide.<\/span><br \/>\n<span style=\"font-family: Verdana; font-size: 9pt;\">El pueblo trabajador identific\u00f3 mi nombre con su lucha por mejorar su nivel de vida. Instintivamente me respald\u00f3 con toda su lealtad.<\/span><br \/>\n<span style=\"font-family: Verdana; font-size: 9pt;\">Adem\u00e1s, a esta verdadera ola de torpezas, agregaron un ataque masivo contra los militares y todo lo que fuese militar. Esto tambi\u00e9n nos favoreci\u00f3. Mis camaradas, muchos de los cuales no compart\u00edan nuestro punto de vista, vi\u00e9ndose atacados, se apoyaron en nosotros. O por lo menos se abstuvieron de atacarnos abiertamente. Bueno, as\u00ed estaban las cosas, en ese momento crucial del enfrentamiento por el poder, cuando su aparici\u00f3n en el panorama pol\u00edtico nacional, el elemento que define toda la situaci\u00f3n a nuestro favor.<\/span><br \/>\n<span style=\"font-family: Verdana; font-size: 9pt;\">El nuevo embajador de los Estados Unidos en <\/span><span style=\"font-family: Verdana; font-size: 9pt;\">la Argentina<\/span><span style=\"font-family: Verdana; font-size: 9pt;\">, Spruille Braden, presenta sus credenciales al Gobierno. Desde su llegada, una ininterrumpida serie de torpezas cometidas por su parte, fue colocando del lado nuestro los factores que necesit\u00e1bamos y que a\u00fan no estaban definidos.<\/span><br \/>\n<span style=\"font-family: Verdana; font-size: 9pt;\">Comenz\u00f3, por reunirse diariamente y sin ocultarlo, con todas las cabezas de la oposici\u00f3n olig\u00e1rquica. Se hizo \u00abasesorar\u00bb por ellos. Despu\u00e9s de un tiempo, pidi\u00f3 verme a m\u00ed. Yo no ten\u00eda inconveniente, as\u00ed que nos vimos.<\/span><br \/>\n<span style=\"font-family: Verdana; font-size: 9pt;\">Hablamos de \u00abbueyes perdidos\u00bb y luego nos despedimos. Supongo que querr\u00eda \u00abestudiarme\u00bb. Pidi\u00f3 otra entrevista, y la misma cosa. Yo no mostraba mi juego y \u00e9l no encontraba como empezar. Finalmente, otro d\u00eda, vino a verme al Ministerio de Guerra. Pretendi\u00f3 \u00abexplicarme\u00bb lo que, a su juicio, seg\u00fan dijo, \u00abdeb\u00eda hacer el gobierno argentino\u00bb.<\/span><br \/>\n<span style=\"font-family: Verdana; font-size: 9pt;\">Si yo era \u00abbuenito\u00bb, a cambio de mi \u00abcomprensi\u00f3n\u00bb, era posible que los Estados Unidos no \u00abvetaran\u00bb mi eventual candidatura presidencial.<\/span><br \/>\n<span style=\"font-family: Verdana; font-size: 9pt;\">Yo le contest\u00e9 duramente, que eso era colocar al pa\u00eds en una situaci\u00f3n de dependencia. Una especie de resurrecci\u00f3n del \u00abprotectorado\u00bb. Y agregu\u00e9: \u00abYo entiendo que, el que le haga eso a su pa\u00eds, es un \u00abhijo de puta\u00bb.<\/span><br \/>\n<span style=\"font-family: Verdana; font-size: 9pt;\">Braden, se levant\u00f3 y se fue, sin despedirse.<\/span><br \/>\n<span style=\"font-family: Verdana; font-size: 9pt;\">La guerra estaba declarada entre nosotros. De all\u00ed en m\u00e1s ser\u00eda \u00abo Braden o Per\u00f3n\u00bb.<\/span><\/p>\n<p style=\"margin: 5pt 0pt; text-align: justify;\"><span style=\"font-family: Verdana; font-size: 9pt;\">\u00a0<\/span><span style=\"font-family: Verdana; font-size: 9pt;\">\u00a0<\/span><span style=\"font-family: Verdana; font-size: 9pt;\"> Yo, ya para esa \u00e9poca, contaba con el inestimable apoyo de Evita. Siempre he sido muy remiso a hablar sobre ella. M\u00e1s que eso, creo que es la primera vez que lo hago en esta forma.<\/span><br \/>\n<span style=\"font-family: Verdana; font-size: 9pt;\">Yo entend\u00ed enseguida, qu\u00e9 era realmente Evita.<\/span><br \/>\n<span style=\"font-family: Verdana; font-size: 9pt;\">Era puro amor por el pueblo.<\/span><br \/>\n<span style=\"font-family: Verdana; font-size: 9pt;\">Era una maravilla. Una mu\u00f1eca de belleza, acompa\u00f1ada de una tremenda fe. Esa fe, estaba depositada en su amor al pueblo y en su amor por m\u00ed. Por que en m\u00ed, ve\u00eda ella la encarnaci\u00f3n de ese amor popular.<\/span><br \/>\n<span style=\"font-family: Verdana; font-size: 9pt;\">Porqu\u00e9 fue eso. Fue amor, lo que nos uni\u00f3 al pueblo, a Eva y a m\u00ed. Juntos iniciamos el camino. No fue f\u00e1cil para ella. Hab\u00eda luchado desde abajo.<\/span><br \/>\n<span style=\"font-family: Verdana; font-size: 9pt;\">Un d\u00eda lleg\u00f3, al lado m\u00edo; era una chiquilla. Ten\u00eda luz en los ojos. Era capaz de todo, por su pueblo. Luch\u00f3 hasta morir por ellos. Hizo de su vida lo que quiso el pueblo.<\/span><br \/>\n<span style=\"font-family: Verdana; font-size: 9pt;\">Hizo una entrega total y absoluta. Tanto fue as\u00ed que le cost\u00f3 la vida. Ella se fue en su momento. Yo me ir\u00e9 en el m\u00edo. Pero lo que hicimos no se puede destruir con la muerte.<\/span><br \/>\n<span style=\"font-family: Verdana; font-size: 9pt;\">Cada uno de los tres, el Pueblo, Eva y Yo, en el otro que subsista, vivir\u00e1 y el pueblo ser\u00e1 el que nos sobrevivir\u00e1.<\/span><br \/>\n<span style=\"font-family: Verdana; font-size: 9pt;\">Pudo ser una princesa. Pudo tener el mundo a sus pies. Pero, prefiri\u00f3 ser la madre de los pobres y los descamisados. De los ni\u00f1os desamparados y de los ancianos, era realmente una santa.<\/span><br \/>\n<span style=\"font-family: Verdana; font-size: 9pt;\">Los humildes la adoraron y ella tom\u00f3 como \u00fanico precio por su vida, ese cari\u00f1o, lo prefiri\u00f3 a cualquier otra cosa en el mundo. Esta elecci\u00f3n, la hizo ella sola. Absolutamente.<\/span><span style=\"font-family: Verdana; font-size: 9pt;\">\u00a0<\/span><br \/>\n<span style=\"font-family: Verdana; font-size: 9pt;\">No le fue f\u00e1cil, pobrecita. Era una mujer muy fr\u00e1gil f\u00edsicamente. Pero dio todo de s\u00ed.<\/span><br \/>\n<span style=\"font-family: Verdana; font-size: 9pt;\">Nunca esper\u00f3 nada ni pidi\u00f3 nada. Nos quiso y eso fue todo. Nunca nos dejar\u00e1. Y siempre la necesitaremos. Ella tambi\u00e9n nos necesit\u00f3 tanto.<\/span><br \/>\n<span style=\"font-family: Verdana; font-size: 9pt;\">Estar\u00e1 siempre con nosotros.<\/span><span style=\"font-family: Verdana; font-size: 9pt;\">\u00a0<\/span><span style=\"font-family: Verdana; font-size: 9pt;\"> Siempre.<\/span><\/p>\n<p style=\"margin: 5pt 0pt; text-align: justify;\"><span style=\"font-family: Verdana; font-size: 9pt;\">\u00a0<\/span><span style=\"font-family: Verdana; font-size: 9pt;\">\u00a0<\/span><span style=\"font-family: Verdana; font-size: 9pt;\"> Bueno, despu\u00e9s vino la \u00abMarcha de <\/span><span style=\"font-family: Verdana; font-size: 9pt;\">la Libertad<\/span><span style=\"font-family: Verdana; font-size: 9pt;\">\u00ab. Para que se tenga una idea de lo que fue eso,<\/span><span style=\"font-family: Verdana; font-size: 9pt;\">\u00a0<\/span><span style=\"font-family: Verdana; font-size: 9pt;\">\u00a0<\/span><span style=\"font-family: Verdana; font-size: 9pt;\"> Basta decir que uno de los \u00abmanifestantes\u00bb, fue el propio Spruille Braden.<\/span><br \/>\n<span style=\"font-family: Verdana; font-size: 9pt;\">La concurrencia se dedic\u00f3 a cantar estribillos contra mi persona, Evita y algunos funcionarios del gobierno.<\/span><br \/>\n<span style=\"font-family: Verdana; font-size: 9pt;\">De tanto en tanto, interpretaban tambi\u00e9n \u00ab<\/span><span style=\"font-family: Verdana; font-size: 9pt;\">La Marsellesa<\/span><span style=\"font-family: Verdana; font-size: 9pt;\">\u00ab. En franc\u00e9s, por supuesto.<\/span><br \/>\n<span style=\"font-family: Verdana; font-size: 9pt;\">Yo personalmente nunca he visto<\/span><span style=\"font-family: Verdana; font-size: 9pt;\">\u00a0<\/span><span style=\"font-family: Verdana; font-size: 9pt;\"> a un obrero argentino cantar \u00ab<\/span><span style=\"font-family: Verdana; font-size: 9pt;\">La Marsellesa<\/span><span style=\"font-family: Verdana; font-size: 9pt;\">\u00bb en franc\u00e9s.<\/span><span style=\"font-family: Verdana; font-size: 9pt;\">\u00a0<\/span><br \/>\n<span style=\"font-family: Verdana; font-size: 9pt;\">Usted s\u00ed?<\/span><br \/>\n<span style=\"font-family: Verdana; font-size: 9pt;\">En fin, como colof\u00f3n de la \u00abdemostraci\u00f3n\u00bb que acaban de dar, una delegaci\u00f3n de \u00abnotables\u00bb, se present\u00f3 al Jefe de la guarnici\u00f3n de Campo de Mayo. Lo convencieron que \u00abpresionara\u00bb al general Farrell y exigiera que se escuche \u00abla voz del Ej\u00e9rcito\u00bb.<\/span><br \/>\n<span style=\"font-family: Verdana; font-size: 9pt;\">Yo, por mi parte, invit\u00e9 a todos los Jefes de <\/span><span style=\"font-family: Verdana; font-size: 9pt;\">la Guarnici\u00f3n<\/span><span style=\"font-family: Verdana; font-size: 9pt;\"> a que nos entrevist\u00e1semos en el Ministerio de Guerra.<\/span><br \/>\n<span style=\"font-family: Verdana; font-size: 9pt;\">Vinieron al d\u00eda siguiente.<\/span><br \/>\n<span style=\"font-family: Verdana; font-size: 9pt;\">All\u00ed, los recib\u00ed y les dije que Campo de Mayo no era la vos de \u00abtodo el Ej\u00e9rcito\u00bb\u00b4, que quer\u00eda una reuni\u00f3n m\u00e1s amplia. Con todos los Jefes de <\/span><span style=\"font-family: Verdana; font-size: 9pt;\">la Guarnici\u00f3n Buenos<\/span><span style=\"font-family: Verdana; font-size: 9pt;\"> Aires y que si yo resultaba en minor\u00eda, me retirar\u00eda. Pero, si resultaba en mayor\u00eda, se retirar\u00edan ellos. Dicho esto, se retiraron \u00abcon el rabo entre las piernas\u00bb. Pero, al d\u00eda siguiente, cobraron valor y pusieron a Campo de Mayo en \u00abpi\u00e9 de guerra\u00bb.<\/span><br \/>\n<span style=\"font-family: Verdana; font-size: 9pt;\">A mediod\u00eda lleg\u00f3 el Jefe, general Avalos, a la capital. Se entrevist\u00f3 con Farrell y le pidi\u00f3 que se trasladara de vuelta con \u00e9l. Despu\u00e9s de algunas demoras, fue para all\u00ed. Le pidieron terminantemente mi renuncia. Era el 9 de Octubre de 1945.<\/span><br \/>\n<span style=\"font-family: Verdana; font-size: 9pt;\">En principio, Farrell acept\u00f3. De todos modos, si no aceptaba, le pedir\u00edan la renuncia suya y entonces s\u00ed que se pondr\u00eda fea la cosa.<\/span><br \/>\n<span style=\"font-family: Verdana; font-size: 9pt;\">Yo quise facilitar las cosas y entregu\u00e9 mi renuncia a los cargos de Vicepresidente, Ministro de Guerra y Secretario de Trabajo y Previsi\u00f3n. La deposit\u00e9 en manos del general Pistarini que era mi amigo. Por cuerda separada, ped\u00ed mi retiro de la actividad militar.<\/span><br \/>\n<span style=\"font-family: Verdana; font-size: 9pt;\">Hecho esto, me fui a mi casa a descansar, donde al cabo de un rato me vinieron a visitar algunos amigos. Eva estaba conmigo. En la tarde del d\u00eda siguiente, Avalos fue designado Ministro de Guerra. Ese mismo d\u00eda, una nutrida delegaci\u00f3n de dirigentes sindicales me vino a ver a<\/span><span style=\"font-family: Verdana; font-size: 9pt;\">\u00a0<\/span><span style=\"font-family: Verdana; font-size: 9pt;\"> mi casa para expresarme su total solidaridad.<\/span><br \/>\n<span style=\"font-family: Verdana; font-size: 9pt;\">All\u00ed quedamos en que me despedir\u00eda de los obreros, en un acto a realizarse al d\u00eda siguiente, frente al edificio de <\/span><span style=\"font-family: Verdana; font-size: 9pt;\">la Secretar\u00eda<\/span><span style=\"font-family: Verdana; font-size: 9pt;\"> de Trabajo y Previsi\u00f3n. Muy bien, as\u00ed lo hicimos y al cabo de unas horas, cuando ya ca\u00eda la tarde, habl\u00e9 ante una verdadera multitud de trabajadores.<\/span><br \/>\n<span style=\"font-family: Verdana; font-size: 9pt;\">Los exhort\u00e9 a tener fe y mantenerse unidos. A estar dispuestos a la lucha, para mantener sus conquistas, si fuera necesario.<\/span><br \/>\n<span style=\"font-family: Verdana; font-size: 9pt;\">Para finalizar, les dije que en adelante pod\u00edan contar conmigo al lado de ellos en esa lucha, como un trabajador m\u00e1s. Para terminar, de all\u00ed me fui al Departamento de Polic\u00eda a despedirme del general Velasco que hab\u00eda renunciado en solidaridad conmigo.<\/span><br \/>\n<span style=\"font-family: Verdana; font-size: 9pt;\">Desde luego que<\/span><span style=\"font-family: Verdana; font-size: 9pt;\">\u00a0<\/span><span style=\"font-family: Verdana; font-size: 9pt;\"> despu\u00e9s de esto, la oligarqu\u00eda pidi\u00f3 mi arresto \u00abinmediato\u00bb. Esto fue al mismo d\u00eda siguiente. Farrell se resisti\u00f3, al principio. Pidi\u00f3 tiempo. Pero le dijeron que si no proced\u00eda en el acto ser\u00eda reemplazado. En fin, tuvo que ceder.<\/span><br \/>\n<span style=\"font-family: Verdana; font-size: 9pt;\">Mientras tanto, en las calles, se produc\u00edan choques entre obreros y elementos de provocaci\u00f3n contratados. Se cre\u00f3 deliberadamente un clima de violencia.<\/span><span style=\"font-family: Verdana; font-size: 9pt;\">\u00a0<\/span><br \/>\n<span style=\"font-family: Verdana; font-size: 9pt;\">Se buscaba el pretexto para eliminarme del panorama, de cualquier forma. Por el lado nuestro, Evita y sobre todo Mercante, se estaban moviendo con mucha eficacia entre los muchachos de <\/span><span style=\"font-family: Verdana; font-size: 9pt;\">la Confederaci\u00f3n General<\/span><span style=\"font-family: Verdana; font-size: 9pt;\"> del Trabajo. As\u00ed que decid\u00ed dejar las cosas en manos de los amigos y me retir\u00e9 con Evita a una casa en el Tigre.<\/span><br \/>\n<span style=\"font-family: Verdana; font-size: 9pt;\">All\u00ed me lleg\u00f3, el 12 de octubre, la orden de detenci\u00f3n.<\/span><br \/>\n<span style=\"font-family: Verdana; font-size: 9pt;\">Me llevaron a Buenos Aires. All\u00ed me desped\u00ed de Eva que estaba hecha un mar de l\u00e1grimas en el puerto, porque me embarcaron para la isla de Mart\u00edn Garc\u00eda. Le ped\u00eda a Mercante que cuidara de Evita y le reiter\u00e9 que dejaba todo en sus manos y en la de los muchachos de <\/span><span style=\"font-family: Verdana; font-size: 9pt;\">la C.G<\/span><span style=\"font-family: Verdana; font-size: 9pt;\">.T.<\/span><br \/>\n<span style=\"font-family: Verdana; font-size: 9pt;\">El Gabinete Nacional, hab\u00eda renunciado, as\u00ed que las noticias del d\u00eda, tomaron estado p\u00fablico dando la impresi\u00f3n de que todo estaba perdido para nosotros. Tres d\u00edas despu\u00e9s, arrestaban a Mercante tambi\u00e9n.<\/span><br \/>\n<span style=\"font-family: Verdana; font-size: 9pt;\">Era el fin.<\/span><\/p>\n<p style=\"margin: 5pt 0pt; text-align: justify;\"><span style=\"font-family: Verdana; font-size: 9pt;\">\u00a0<\/span><span style=\"font-family: Verdana; font-size: 9pt;\">\u00a0<\/span><span style=\"font-family: Verdana; font-size: 9pt;\"> El d\u00eda 16 de octubre, se reuni\u00f3 <\/span><span style=\"font-family: Verdana; font-size: 9pt;\">la Comisi\u00f3n Confederal<\/span><span style=\"font-family: Verdana; font-size: 9pt;\"> de <\/span><span style=\"font-family: Verdana; font-size: 9pt;\">la C.G<\/span><span style=\"font-family: Verdana; font-size: 9pt;\">.T. Era un martes. Dispuso una Huelga General para el d\u00eda jueves 18.<\/span><br \/>\n<span style=\"font-family: Verdana; font-size: 9pt;\">Pero de esto, la mayor\u00eda de los trabajadores ni se enter\u00f3. No estaban para esperar un d\u00eda m\u00e1s. Movidos al un\u00edsono, por un maravilloso y poderoso v\u00ednculo, se lanzaron a la calle en las primeras horas del d\u00eda 17, arrasando todo cuanto se pon\u00eda a su paso.<\/span><br \/>\n<span style=\"font-family: Verdana; font-size: 9pt;\">Piquetes de obreros se apostaron espont\u00e1neamente en las entradas de las f\u00e1bricas y talleres. Invitaban a sus compa\u00f1eros a no entrar y en cambio, dirigirse a Plaza de Mayo. Nada ni nadie, lo hab\u00eda dispuesto as\u00ed de antemano. Fue el resultado puro de la improvisaci\u00f3n.<\/span><br \/>\n<span style=\"font-family: Verdana; font-size: 9pt;\">La \u00abhuega espont\u00e1nea\u00bb corri\u00f3 como un reguero de p\u00f3lvora. De una f\u00e1brica pasaba a otra y de all\u00ed a un taller. A veces, los obreros desde la calle vociferaban en las puertas, hasta que sal\u00edan los pocos que, por confusi\u00f3n, hab\u00edan entrado a trabajar.<\/span><br \/>\n<span style=\"font-family: Verdana; font-size: 9pt;\">Yo, por mi parte, ese mismo d\u00eda hab\u00eda sido trasladado al Hospital Militar Central, debido a una bronquitis.<\/span><br \/>\n<span style=\"font-family: Verdana; font-size: 9pt;\">All\u00ed, tuve la alegr\u00eda de comunicarme por tel\u00e9fono con Evita, que me infundi\u00f3 \u00e1nimo y me inst\u00f3 a tener fe.<\/span><br \/>\n<span style=\"font-family: Verdana; font-size: 9pt;\">Mientras tanto, miles y miles de hombres y mujeres, cruzaban <\/span><span style=\"font-family: Verdana; font-size: 9pt;\">la Avenida General<\/span><span style=\"font-family: Verdana; font-size: 9pt;\"> Paz, desde las zonas industriales. Matanza, San Mart\u00edn, Vicente L\u00f3pez, etc.<\/span><br \/>\n<span style=\"font-family: Verdana; font-size: 9pt;\">Caminando, en su enorme mayor\u00eda, algunos en camiones, otros en veh\u00edculos de las propias f\u00e1bricas que hab\u00edan \u00abdecomisado\u00bb. Adem\u00e1s de muchos \u00abtranv\u00edas\u00bb<\/span><span style=\"font-family: Verdana; font-size: 9pt;\">\u00a0<\/span><span style=\"font-family: Verdana; font-size: 9pt;\"> que fueron tomados y conducidos a la plaza por sus propios guardas.<\/span><br \/>\n<span style=\"font-family: Verdana; font-size: 9pt;\">No hab\u00eda jefes ni soldados, todos eran \u00abcompa\u00f1eros\u00bb<\/span><br \/>\n<span style=\"font-family: Verdana; font-size: 9pt;\">Lleg\u00f3 una \u00aborden\u00bb de levantar el puente de Avellaneda. Tarde, ya lo hab\u00eda pasado el grueso de los trabajadores de la zona sud. Pero igual, desde Gerli, Banfield, Quilmes y Lan\u00fas, en botes o lanchas y luego a pie, marchaba a <\/span><span style=\"font-family: Verdana; font-size: 9pt;\">la Casa<\/span><span style=\"font-family: Verdana; font-size: 9pt;\"> de Gobierno, el ej\u00e9rcito de los trabajadores.<\/span><span style=\"font-family: Verdana; font-size: 9pt;\">\u00a0<\/span><br \/>\n<span style=\"font-family: Verdana; font-size: 9pt;\">Sin armas. Uniformados \u00fanicamente por sus ropas de trabajo por sus manos callosas de obreros. Muchos con las herramientas de trabajo en los bolsillos de sus mamelucos. Otros con el almuerzo de mediod\u00eda en un paquete de bolsillo.<\/span><span style=\"font-family: Verdana; font-size: 9pt;\">\u00a0<\/span><br \/>\n<span style=\"font-family: Verdana; font-size: 9pt;\">Todos. Eso s\u00ed, todos, con la irrenunciable decisi\u00f3n de no regresar a sus hogares sin obtener mi libertad, en las ciudades del interior, ocurr\u00eda otro tanto.<\/span><br \/>\n<span style=\"font-family: Verdana; font-size: 9pt;\">A mediod\u00eda, <\/span><span style=\"font-family: Verdana; font-size: 9pt;\">la Plaza<\/span><span style=\"font-family: Verdana; font-size: 9pt;\"> de Mayo estaba repleta. Al caer la tarde, ya no cab\u00eda un alfiler.<\/span><br \/>\n<span style=\"font-family: Verdana; font-size: 9pt;\">Era el basamento social del pa\u00eds que afloraba.<\/span><br \/>\n<span style=\"font-family: Verdana; font-size: 9pt;\">Era el pa\u00eds subyacente que la orgullosa gente de la \u00abclase dirigente\u00bb no conoc\u00eda, era el pueblo argentino, fuente de toda soberan\u00eda, mando y poder leg\u00edtimo, sin cuya aprobaci\u00f3n nada es v\u00e1lido.<\/span><br \/>\n<span style=\"font-family: Verdana; font-size: 9pt;\">Yo, por mi parte, segu\u00eda preso en Hospital Militar. Mercante, que hab\u00eda sido llamado desesperado por Avalos, vino a verme y me inform\u00f3 de todo. Lo hab\u00edan llamado a Casa de Gobierno, pero en el camino consigui\u00f3 escabull\u00edrseles por unos minutos. Estaba euf\u00f3rico. Su fe era contagiosa y nos llen\u00f3 a todos de la seguridad en el triunfo.<\/span><br \/>\n<span style=\"font-family: Verdana; font-size: 9pt;\">Otras informaciones, nos llegaron inform\u00e1ndonos de que el paro en el gran Buenos Aires, era total.<\/span><br \/>\n<span style=\"font-family: Verdana; font-size: 9pt;\">Al caer la tarde, Farrell me llam\u00f3 por tel\u00e9fono proponi\u00e9ndome una negociaci\u00f3n, nosotros, que ya est\u00e1bamos al tanto de todo, decidimos que lo mejor era esperar para tener todos los triunfos en la mano. Mercante ya estaba de regreso de <\/span><span style=\"font-family: Verdana; font-size: 9pt;\">la Casa<\/span><span style=\"font-family: Verdana; font-size: 9pt;\"> de Gobierno y decidi\u00f3 quedarse con nosotros.<\/span><br \/>\n<span style=\"font-family: Verdana; font-size: 9pt;\">Est\u00e1bamos deliberando, cuando se present\u00f3 el general Pistarini. Ven\u00eda de parte del Presidente. Me trasmiti\u00f3 en su nombre que yo hab\u00eda ganado la partida. Solo me pidi\u00f3 que fuese considerado con el general Avalos. Muy bien, yo le garantic\u00e9 su persona, con la \u00fanica condici\u00f3n de que desapareciese del panorama de inmediato.<\/span><br \/>\n<span style=\"font-family: Verdana; font-size: 9pt;\">As\u00ed fue.<\/span><br \/>\n<span style=\"font-family: Verdana; font-size: 9pt;\">Se convino una reuni\u00f3n con Farrell en <\/span><span style=\"font-family: Verdana; font-size: 9pt;\">la Residencia Presidencial<\/span><span style=\"font-family: Verdana; font-size: 9pt;\"> y all\u00ed fuimos. Conversamos amigablemente y al cabo de un rato termin\u00f3 por poner todo en mis manos y decirme que, en adelante, yo decidiera.<\/span><span style=\"font-family: Verdana; font-size: 9pt;\">\u00a0<\/span><br \/>\n<span style=\"font-family: Verdana; font-size: 9pt;\">As\u00ed fue que nos trasladamos todos a Casa de Gobierno, cuando ya estaba entrada la noche.<\/span><\/p>\n<p style=\"margin: 5pt 0pt; text-align: justify;\"><span style=\"font-family: Verdana; font-size: 9pt;\">\u00a0<\/span><span style=\"font-family: Verdana; font-size: 9pt;\">\u00a0<\/span><span style=\"font-family: Verdana; font-size: 9pt;\"> Bueno, all\u00ed me encontr\u00e9 con un espect\u00e1culo grandioso. La plaza entera vociferaba y ped\u00eda mi libertad. Cuando se anunci\u00f3 que iba a hablarles, la ovaci\u00f3n dur\u00f3 varios minutos.<\/span><br \/>\n<span style=\"font-family: Verdana; font-size: 9pt;\">Me present\u00e9 en el balc\u00f3n y salud\u00e9. Tuve que esperar un largo rato antes de que me permitiesen hablar.<\/span><br \/>\n<span style=\"font-family: Verdana; font-size: 9pt;\">Los tranquilic\u00e9 y les promet\u00ed que en adelante estar\u00eda junto a ellos para siempre, les ped\u00ed confianza, trabajo y uni\u00f3n.<\/span><br \/>\n<span style=\"font-family: Verdana; font-size: 9pt;\">Que se cumpliera con el paro dispuesto para el d\u00eda siguiente, pero en el mayor de los \u00f3rdenes y festejando el triunfo de todos.<\/span><br \/>\n<span style=\"font-family: Verdana; font-size: 9pt;\">Les dej\u00e9 mi coraz\u00f3n y me desped\u00ed de ellos.<\/span><br \/>\n<span style=\"font-family: Verdana; font-size: 9pt;\">Ellos se despidieron de m\u00ed, dejando en mi visi\u00f3n el espect\u00e1culo m\u00e1s maravilloso a que pueda aspirar un hombre que ha consagrado su vida a <\/span><span style=\"font-family: Verdana; font-size: 9pt;\">la Patria<\/span><span style=\"font-family: Verdana; font-size: 9pt;\">: el amor del pueblo. Despu\u00e9s de unos minutos nos retiramos. Me desped\u00ed de Farrell y me fui a buscar a mi compa\u00f1era. Eva me esperaba para retirarnos unos d\u00edas a una quinta a descansar.<\/span><\/p>\n<p style=\"margin: 5pt 0pt; text-align: justify;\"><span style=\"font-family: Verdana; font-size: 9pt; font-weight: bold;\">Hab\u00eda terminado el 17 de octubre. El d\u00eda m\u00e1s importante de mi vida<\/span><span style=\"font-family: Verdana; font-size: 9pt;\">.<\/span><br \/>\n<span style=\"font-family: Verdana; font-size: 9pt;\">El d\u00eda en que qued\u00f3 sellada definitivamente nuestra uni\u00f3n con el pueblo. Una uni\u00f3n que no se quebrar\u00eda jam\u00e1s.<\/span><\/p>\n<p style=\"margin: 5pt 0pt; text-align: justify;\"><span style=\"font-family: Verdana; font-size: 9pt;\">\u00a0<\/span><span style=\"font-family: Verdana; font-size: 9pt;\">\u00a0<\/span><span style=\"font-family: Verdana; font-size: 9pt;\"> Definitivamente, el pueblo hab\u00eda tomado conciencia de su propio valer. Entendi\u00f3 claramente que mientras se mantuviera unido, ser\u00eda invencible. Ese d\u00eda, hab\u00edan caducado todos los esquemas pol\u00edticos tradicionales, y en medio de ese clima comenz\u00f3 la repechada electoral definitiva.<\/span><br \/>\n<span style=\"font-family: Verdana; font-size: 9pt;\">Bueno, debo decir para finalizar que la oligarqu\u00eda, siempre tuvo un defecto m\u00e1s desarrollado, que los otros varios que la adorna: su tremenda ceguera.<\/span><br \/>\n<span style=\"font-family: Verdana; font-size: 9pt;\">No entendieron en absoluto lo que acababa de ocurrir en el pa\u00eds. No le hicieron caso. Ni siquiera se detuvieron a analizarlo. Esta nueva demostraci\u00f3n de su torpeza, fue definitiva para ellos.<\/span><\/p>\n<p style=\"margin: 5pt 0pt; text-align: justify;\"><span style=\"font-family: Verdana; font-size: 9pt;\">\u00a0<\/span><span style=\"font-family: Verdana; font-size: 9pt;\">\u00a0<\/span><span style=\"font-family: Verdana; font-size: 9pt;\"> Se unieron precipitadamente en un confuso \u00abpaquete\u00bb de partidos pol\u00edticos tradicionales. All\u00ed entraron desde los conservadores de la \u00e9poca del fraude, pasando por los radicales y socialistas, hasta los comunistas de la l\u00ednea de Mosc\u00fa.<\/span><br \/>\n<span style=\"font-family: Verdana; font-size: 9pt;\">Se titularon Uni\u00f3n Democr\u00e1tica y recibieron p\u00fablicamente la bendici\u00f3n de Braden, que escribi\u00f3 desde los Estados Unidos, para \u00abadherirse\u00bb. Tuvieron, desde luego, una c\u00e1lida acogida en la denominada \u00abprensa independiente\u00bb.<\/span><br \/>\n<span style=\"font-family: Verdana; font-size: 9pt;\">Nosotros no cont\u00e1bamos con ning\u00fan partido pol\u00edtico armado, ni mucho menos con estructuras electorales organizadas y los medios de difusi\u00f3n al un\u00edsono, estaban contra nosotros.<\/span><br \/>\n<span style=\"font-family: Verdana; font-size: 9pt;\">Pero ten\u00edamos los sindicatos obreros, que mov\u00edan mucho m\u00e1s gente y con m\u00e1s fe que todos los \u00abcomit\u00e9s\u00bb tradicionales. En base a esto, formamos nuestro Partido Laborista.<\/span><br \/>\n<span style=\"font-family: Verdana; font-size: 9pt;\">Adem\u00e1s y como \u00abpostre\u00bb, para esos d\u00edas, le sacamos al gobierno un aumento general de salarios. Y para el mes de diciembre, el \u00abaguinaldo\u00bb.<\/span><br \/>\n<span style=\"font-family: Verdana; font-size: 9pt;\">Aunque parezca incre\u00edble, las fuerzas patronales, cometieron nuevamente el error de oponerse a estas mejoras. Esto, provoc\u00f3 un enfrentamiento con las organizaciones laborales que nos permiti\u00f3 colocarnos, c\u00f3modamente, del lado de \u00e9stas.<\/span><br \/>\n<span style=\"font-family: Verdana; font-size: 9pt;\">No se concibe mayor torpeza. Dos meses antes de la elecci\u00f3n, se las arreglaron para que quedara nuevamente bien en claro, que las conquistas obtenidas, solo pod\u00edan subsistir bajo nuestro gobierno.<\/span><\/p>\n<p style=\"text-align: justify;\"><span style=\"font-family: Verdana; font-size: 9pt;\">Despu\u00e9s de muchos tiras y aflojes y de una huelga general, la patronal termin\u00f3 por pagar todo. Sueldos y aguinaldo. O sea que pagaron y encima quedaron mal. Bueno, no hac\u00eda falta nada m\u00e1s.<\/span><br \/>\n<span style=\"font-family: Verdana; font-size: 9pt;\">Pero no. Todav\u00eda algo m\u00e1s.<\/span><br \/>\n<span style=\"font-family: Verdana; font-size: 9pt;\">Esto fue algo que realmente cuesta creerlo, pero ocurri\u00f3. Un diplom\u00e1tico de carrera, argentino, dirigi\u00f3 una carta a Braden, que estaba en los Estados Unidos, exponi\u00e9ndole que los aumentos de salarios y el aguinaldo se hab\u00edan otorgado \u00a1contra la voluntad del pueblo! Finalizaba su \u00abmensaje\u00bb con un pedido de intervenci\u00f3n, del gobierno de Norteam\u00e9rica, para poner remedio a \u00e9stas y otras situaciones.<\/span><br \/>\n<span style=\"font-family: Verdana; font-size: 9pt;\">La carta tuvo estado p\u00fablico, e inmediatamente la oligarqu\u00eda se sinti\u00f3 alentada a hablar de la posibilidad de una intervenci\u00f3n militar. Es incre\u00edble hasta donde puede llegar la falta de escr\u00fapulos de esa gente.<\/span><br \/>\n<span style=\"font-family: Verdana; font-size: 9pt;\">En medio de ese clima, que se produce la llegada a Buenos Aires del famoso \u00abLibro Azul\u00bb publicado por Braden.<\/span><br \/>\n<span style=\"font-family: Verdana; font-size: 9pt;\">En ese \u00ablibro\u00bb, se acusaba a una gran cantidad de civiles y militares argentinos de haber sido \u00abnazis\u00bb durante la guerra. Por supuesto que yo encabezaba la lista.<\/span><br \/>\n<span style=\"font-family: Verdana; font-size: 9pt;\">La cosa estuvo tan mal manejada, que pr\u00e1cticamente pareci\u00f3 como si se quisiera acusar al pa\u00eds entero. No a un determinado sector. Esto, aparte de la monstruosidad que significa el hecho de que un diplom\u00e1tico extranjero, se inmiscuya groseramente en los asuntos internos de un Estado Soberano.<\/span><\/p>\n<p style=\"margin: 5pt 0pt; text-align: justify;\"><span style=\"font-family: Verdana; font-size: 9pt;\">\u00a0<\/span><span style=\"font-family: Verdana; font-size: 9pt;\">\u00a0<\/span><span style=\"font-family: Verdana; font-size: 9pt;\"> Bueno, de all\u00ed en adelante, se coloc\u00f3 los t\u00e9rminos de la opci\u00f3n electoral en un punto ideal para nosotros.<\/span><span style=\"font-family: Verdana; font-size: 9pt;\">\u00a0<\/span><br \/>\n<span style=\"font-family: Verdana; font-size: 9pt;\">Denunciamos la ingerencia extranjera y lanzamos el \u00abslogan\u00bb que nos dio el triunfo definitivo: \u00abo Braden o Per\u00f3n\u00bb.<\/span><br \/>\n<span style=\"font-family: Verdana; font-size: 9pt;\">Como el libro de Braden se llamaba \u00abLibro Azul\u00bb, yo hice publicar nuestra r\u00e9plica en un libro que llamamos \u00abAzul y Blanco\u00bb, como los colores de nuestra bandera.<\/span><br \/>\n<span style=\"font-family: Verdana; font-size: 9pt;\">Esto ya era definitivo, no hac\u00eda falta realmente nada m\u00e1s.<\/span><br \/>\n<span style=\"font-family: Verdana; font-size: 9pt;\">Terminamos nuestra campa\u00f1a con el acompa\u00f1amiento masivo de la clase trabajadora y con el amparo incontrastable de estar\u00a0defendiendo <\/span><span style=\"font-family: Verdana; font-size: 9pt;\">la Soberan\u00eda Nacional.<\/span><span style=\"font-family: Verdana; font-size: 9pt;\"> Pueblo y Patria, ambos de nuestro lado.<\/span><br \/>\n<span style=\"font-family: Verdana; font-size: 9pt;\">A la semana siguiente gan\u00e1bamos las elecciones en todo el Pa\u00eds. Fue uno de los comicios m\u00e1s limpios que se recuerdan en <\/span><span style=\"font-family: Verdana; font-size: 9pt;\">la Historia Argentina.<\/span><\/p>\n<p style=\"margin: 5pt 0pt; text-align: justify;\"><strong><span style=\"font-family: verdana, geneva, sans-serif;\">Juan Domingo Per\u00f3n<\/span><\/strong><\/p>\n<p>&nbsp;<\/td>\n<\/tr>\n<\/tbody>\n<\/table>\n<\/div>\n<\/td>\n<\/tr>\n<\/tbody>\n<\/table>\n<\/div>\n<p style=\"margin: 0pt; text-align: justify;\">\n<\/div>\n","protected":false},"excerpt":{"rendered":"<p>Leer m\u00e1s<\/p>\n","protected":false},"author":2,"featured_media":0,"comment_status":"closed","ping_status":"closed","sticky":false,"template":"","format":"standard","meta":{"footnotes":""},"categories":[20],"tags":[],"class_list":["post-3344","post","type-post","status-publish","format-standard","hentry","category-peron-juan-domingo"],"_links":{"self":[{"href":"https:\/\/historiadelperonismo.com\/index.php?rest_route=\/wp\/v2\/posts\/3344","targetHints":{"allow":["GET"]}}],"collection":[{"href":"https:\/\/historiadelperonismo.com\/index.php?rest_route=\/wp\/v2\/posts"}],"about":[{"href":"https:\/\/historiadelperonismo.com\/index.php?rest_route=\/wp\/v2\/types\/post"}],"author":[{"embeddable":true,"href":"https:\/\/historiadelperonismo.com\/index.php?rest_route=\/wp\/v2\/users\/2"}],"replies":[{"embeddable":true,"href":"https:\/\/historiadelperonismo.com\/index.php?rest_route=%2Fwp%2Fv2%2Fcomments&post=3344"}],"version-history":[{"count":10,"href":"https:\/\/historiadelperonismo.com\/index.php?rest_route=\/wp\/v2\/posts\/3344\/revisions"}],"predecessor-version":[{"id":12733,"href":"https:\/\/historiadelperonismo.com\/index.php?rest_route=\/wp\/v2\/posts\/3344\/revisions\/12733"}],"wp:attachment":[{"href":"https:\/\/historiadelperonismo.com\/index.php?rest_route=%2Fwp%2Fv2%2Fmedia&parent=3344"}],"wp:term":[{"taxonomy":"category","embeddable":true,"href":"https:\/\/historiadelperonismo.com\/index.php?rest_route=%2Fwp%2Fv2%2Fcategories&post=3344"},{"taxonomy":"post_tag","embeddable":true,"href":"https:\/\/historiadelperonismo.com\/index.php?rest_route=%2Fwp%2Fv2%2Ftags&post=3344"}],"curies":[{"name":"wp","href":"https:\/\/api.w.org\/{rel}","templated":true}]}}