{"id":3474,"date":"2015-04-18T01:07:24","date_gmt":"2015-04-18T01:07:24","guid":{"rendered":"http:\/\/www.xn--diseowebdmg4-dhb.com.ar\/historiadelperonismo\/?p=3474"},"modified":"2018-08-14T21:50:57","modified_gmt":"2018-08-15T00:50:57","slug":"mi-campana-hispaoamericana","status":"publish","type":"post","link":"https:\/\/historiadelperonismo.com\/?p=3474","title":{"rendered":"Mi campa\u00f1a hispanoamericana"},"content":{"rendered":"<p>&nbsp;<\/p>\n<div>\n<p><span style=\"font-family: verdana,geneva;\"><strong><span style=\"font-size: 20pt;\">DOCUMENTACI\u00d3N<\/span><\/strong><\/span><br style=\"font-family: 'Times New Roman'; font-size: 12pt;\" \/><span style=\"font-family: 'Times New Roman'; font-size: 12pt;\">\u00a0<\/span><\/p>\n<h2 style=\"background-color: #ffffff; margin: 0pt; text-align: center;\"><span style=\"color: #800000; font-family: Verdana; font-size: 13.5pt; font-weight: bold;\">\u00a0<\/span><\/h2>\n<h2 style=\"background-color: #ffffff; margin: 0pt; text-align: center;\"><span style=\"color: #800000; font-family: Verdana; font-size: 13.5pt; font-weight: bold;\">\u201cSomos indios, somos espa\u00f1oles, somos latinos, somos negros, pero somos lo que somos y no queremos ser otra cosa\u201d<\/span><\/h2>\n<h2 style=\"background-color: #ffffff; margin: 0pt; text-align: center;\"><span style=\"color: #800000; font-family: Verdana; font-size: 13.5pt; font-weight: bold;\">\u00a0<\/span><\/h2>\n<h2 style=\"background-color: #ffffff; margin: 0pt; text-align: center;\"><span style=\"color: #800000; font-family: Verdana; font-size: 13.5pt; font-weight: bold;\">Manuel Baldomero Ugarte<\/span><span style=\"color: #800000; font-family: Verdana; font-size: 13.5pt; font-weight: bold;\">\u00a0<\/span><span style=\"color: #800000; font-family: Verdana; font-size: 10pt; font-weight: bold;\">1875-1951<\/span><span style=\"color: #4c0000; font-family: Verdana; font-size: 18pt; font-weight: bold;\">\u00a0<\/span><span style=\"color: #4c0000; font-family: Verdana; font-size: 18pt; font-weight: bold;\">\u00a0<\/span><span style=\"color: #4c0000; font-family: Verdana; font-size: 18pt; font-weight: bold;\">\u00a0<\/span><span style=\"color: #4c0000; font-family: Verdana; font-size: 18pt; font-weight: bold;\">\u00a0<\/span><\/h2>\n<hr style=\"height: 2px; text-align: center; width: 100%;\" \/>\n<h2 style=\"background-color: #ffffff; margin: 0pt; text-align: center;\"><span style=\"color: #4c0000; font-family: Verdana; font-size: 18pt; font-weight: bold;\">\u00a0<\/span><\/h2>\n<h2 style=\"background-color: #ffffff; margin: 0pt; text-align: center;\"><span style=\"color: #4c0000; font-family: Verdana; font-size: 18pt; font-weight: bold;\">Mi campa\u00f1a hispanoamericana<\/span><\/h2>\n<h2 style=\"background-color: #ffffff; margin: 0pt; text-align: justify;\"><span style=\"color: #4c0000; font-family: Georgia; font-size: 18pt; font-weight: normal;\">\u00a0<\/span><\/h2>\n<p style=\"background-color: #ffffff; line-height: 13.5pt; margin: 5pt 0pt; text-align: center;\"><span style=\"color: #540000; font-family: Verdana; font-size: 10pt; font-weight: bold;\">Publicado por<\/span><span style=\"color: #540000; font-family: Verdana; font-size: 10pt; font-weight: bold;\">\u00a0<\/span><span style=\"color: #540000; font-family: Verdana; font-size: 10pt; font-weight: bold;\">\u00a0<\/span><a style=\"color: #540000;\" href=\"http:\/\/www.hispanoamericaunida.com\/\"><span style=\"color: #540000; font-family: Verdana; font-size: 10pt; font-weight: bold; text-decoration: none;\">www.hispanoamericaunida.com<\/span><\/a><span style=\"color: #540000; font-family: Verdana; font-size: 10pt; font-weight: bold;\">\u00a0<\/span><span style=\"color: #540000; font-family: Verdana; font-size: 10pt; font-weight: bold;\">y por Agenda de Reflexi\u00f3n<\/span><\/p>\n<p style=\"background-color: #ffffff; margin: 0pt; text-align: justify;\"><span style=\"color: #333333; font-family: Georgia; font-size: 9pt; font-style: italic;\">\u00a0<\/span><\/p>\n<p style=\"background-color: #ffffff; line-height: 13.5pt; margin: 5pt 0pt; text-align: center;\"><img fetchpriority=\"high\" decoding=\"async\" class=\"aligncenter size-full wp-image-5882\" src=\"https:\/\/historiadelperonismo.com\/wp-content\/uploads\/55ec5ae958114_img1.jpeg\" alt=\"55ec5ae958114_img\" width=\"454\" height=\"523\" srcset=\"https:\/\/historiadelperonismo.com\/wp-content\/uploads\/55ec5ae958114_img1.jpeg 454w, https:\/\/historiadelperonismo.com\/wp-content\/uploads\/55ec5ae958114_img1-260x300.jpeg 260w, https:\/\/historiadelperonismo.com\/wp-content\/uploads\/55ec5ae958114_img1-127x146.jpeg 127w, https:\/\/historiadelperonismo.com\/wp-content\/uploads\/55ec5ae958114_img1-43x50.jpeg 43w\" sizes=\"(max-width: 454px) 100vw, 454px\" \/><\/p>\n<p style=\"background-color: #ffffff; line-height: 13.5pt; margin: 5pt 0pt; text-align: center;\"><span style=\"color: #333333; font-family: Georgia; font-size: 9pt;\">\u00a0<\/span><\/p>\n<p style=\"background-color: #ffffff; line-height: 13.5pt; margin: 5pt 0pt; text-align: justify;\"><span style=\"color: #333333; font-family: Verdana; font-size: 10pt; font-style: italic; font-weight: bold;\">El siguiente texto es un fragmento del pr\u00f3logo de la obra \u201cMi campa\u00f1a hispanoamericana\u201d (1922) del escritor, diplom\u00e1tico y pol\u00edtico socialista Manuel Ugarte.<\/span><\/p>\n<p style=\"background-color: #ffffff; line-height: 13.5pt; margin: 5pt 0pt; text-align: justify;\"><span style=\"color: #333333; font-family: Verdana; font-size: 10pt;\">\u201cLas rep\u00fablicas hispanoamericanas, que han sido presionadas o desmembradas de una manera<\/span><span style=\"color: #333333; font-family: Verdana; font-size: 10pt;\">\u00a0<\/span><span style=\"color: #333333; font-family: Verdana; font-size: 10pt;\">implacable, no han tenido iniciativa suficiente para intentar una acci\u00f3n de autodefensa, ni a\u00fan<\/span><span style=\"color: #333333; font-family: Verdana; font-size: 10pt;\">\u00a0<\/span><span style=\"color: #333333; font-family: Verdana; font-size: 10pt;\">en los \u00f3rdenes que est\u00e1n m\u00e1s a su alcance, que son el diplom\u00e1tico y el comercial (\u2026)<\/span><span style=\"color: #333333; font-family: Verdana; font-size: 10pt;\">\u00a0<\/span><span style=\"color: #333333; font-family: Verdana; font-size: 10pt;\">La<\/span><span style=\"color: #333333; font-family: Verdana; font-size: 10pt;\">\u00a0<\/span><span style=\"color: #333333; font-family: Verdana; font-size: 10pt;\">Am\u00e9rica Espa\u00f1ola unida, pudo tener el fin de prolongar y<\/span><span style=\"color: #333333; font-family: Verdana; font-size: 10pt;\">\u00a0<\/span><span style=\"color: #333333; font-family: Verdana; font-size: 10pt;\">superiorizar<\/span><span style=\"color: #333333; font-family: Verdana; font-size: 10pt;\">\u00a0<\/span><span style=\"color: #333333; font-family: Verdana; font-size: 10pt;\">en el Nuevo Mundo la<\/span><span style=\"color: #333333; font-family: Verdana; font-size: 10pt;\">\u00a0<\/span><span style=\"color: #333333; font-family: Verdana; font-size: 10pt;\">civilizaci\u00f3n ib\u00e9rica y la influencia de la latinidad como <\/span><span style=\"color: #333333; font-family: Verdana; font-size: 10pt;\">la Am\u00e9rica<\/span><span style=\"color: #333333; font-family: Verdana; font-size: 10pt;\"> anglosajona hac\u00eda triunfar<\/span><span style=\"color: #333333; font-family: Verdana; font-size: 10pt;\">\u00a0<\/span><span style=\"color: #333333; font-family: Verdana; font-size: 10pt;\">en el norte la tradici\u00f3n ensanchada de la civilizaci\u00f3n inglesa; pero (\u2026) fraccionada (\u2026) solo pod\u00eda ser presa de las ambiciones de<\/span><span style=\"color: #333333; font-family: Verdana; font-size: 10pt;\">\u00a0<\/span><span style=\"color: #333333; font-family: Verdana; font-size: 10pt;\">grupos expeditivos, fascinados por el poder\u201d<\/span><\/p>\n<p style=\"background-color: #ffffff; line-height: 13.5pt; margin: 5pt 0pt; text-align: justify;\"><span style=\"color: #333333; font-family: Verdana; font-size: 10pt;\">En cuestiones de pol\u00edtica internacional, como en la guerra, la t\u00e1ctica defensiva es<\/span><span style=\"color: #333333; font-family: Verdana; font-size: 10pt;\">\u00a0<\/span><span style=\"color: #333333; font-family: Verdana; font-size: 10pt;\">contraproducente y la inmovilidad equivale a la derrota. De aqu\u00ed el empuje que me ha llevado a<\/span><span style=\"color: #333333; font-family: Verdana; font-size: 10pt;\">\u00a0<\/span><span style=\"color: #333333; font-family: Verdana; font-size: 10pt;\">pensar que en nuestra Am\u00e9rica, sitiada por problemas improrrogables, todo es preferible al<\/span><span style=\"color: #333333; font-family: Verdana; font-size: 10pt;\">\u00a0<\/span><span style=\"color: #333333; font-family: Verdana; font-size: 10pt;\">indiferentismo de hoy; de aqu\u00ed el razonamiento que me ha conducido a creer que una acci\u00f3n<\/span><span style=\"color: #333333; font-family: Verdana; font-size: 10pt;\">\u00a0<\/span><span style=\"color: #333333; font-family: Verdana; font-size: 10pt;\">popular y juvenil puede contrarrestar, en parte, el ensimismamiento de la vida diplom\u00e1tica,<\/span><span style=\"color: #333333; font-family: Verdana; font-size: 10pt;\">\u00a0<\/span><span style=\"color: #333333; font-family: Verdana; font-size: 10pt;\">prisionera aun de concepciones decr\u00e9pitas, desorientada ante las vastas perspectivas, ciega en el campo de batalla de un Nuevo Mundo abierto a las ambiciones.<\/span><\/p>\n<p style=\"background-color: #ffffff; line-height: 13.5pt; margin: 5pt 0pt; text-align: justify;\"><span style=\"color: #333333; font-family: Verdana; font-size: 10pt;\">Ha llegado la hora de que los hispanoamericanos se ocupen realmente de los asuntos de<\/span><span style=\"color: #333333; font-family: Verdana; font-size: 10pt;\">\u00a0<\/span><span style=\"color: #333333; font-family: Verdana; font-size: 10pt;\">Am\u00e9rica, por encima de las querellas, de primac\u00eda y los apetitos de la pol\u00edtica interior. La<\/span><span style=\"color: #333333; font-family: Verdana; font-size: 10pt;\">\u00a0<\/span><span style=\"color: #333333; font-family: Verdana; font-size: 10pt;\">realidad de nuestra vida depende de una amplia intervenci\u00f3n en las controversias del<\/span><span style=\"color: #333333; font-family: Verdana; font-size: 10pt;\">\u00a0<\/span><span style=\"color: #333333; font-family: Verdana; font-size: 10pt;\">Continente, porque as\u00ed como Inglaterra, desde 1806 vio en el R\u00edo de <\/span><span style=\"color: #333333; font-family: Verdana; font-size: 10pt;\">la Plata<\/span><span style=\"color: #333333; font-family: Verdana; font-size: 10pt;\"> el \u00fanico<\/span><span style=\"color: #333333; font-family: Verdana; font-size: 10pt;\">\u00a0<\/span><span style=\"color: #333333; font-family: Verdana; font-size: 10pt;\">contrapeso a la rivalidad avasalladora de los Estados Unidos, en el R\u00edo de <\/span><span style=\"color: #333333; font-family: Verdana; font-size: 10pt;\">la Plata<\/span><span style=\"color: #333333; font-family: Verdana; font-size: 10pt;\"> puede estar<\/span><span style=\"color: #333333; font-family: Verdana; font-size: 10pt;\">\u00a0<\/span><span style=\"color: #333333; font-family: Verdana; font-size: 10pt;\">en estos momentos, para todos los hispanoamericanos; el punto de mira de una pol\u00edtica<\/span><span style=\"color: #333333; font-family: Verdana; font-size: 10pt;\">\u00a0<\/span><span style=\"color: #333333; font-family: Verdana; font-size: 10pt;\">\u201cnuestra\u201d, desvinculada del Panamericanismo y opuesta a \u00e9l cuando sea menester. El asunto es<\/span><span style=\"color: #333333; font-family: Verdana; font-size: 10pt;\">\u00a0<\/span><span style=\"color: #333333; font-family: Verdana; font-size: 10pt;\">urgente y cada d\u00eda acrecen las dificultades que tendremos que resolver. En aras de esta<\/span><span style=\"color: #333333; font-family: Verdana; font-size: 10pt;\">\u00a0<\/span><span style=\"color: #333333; font-family: Verdana; font-size: 10pt;\">certidumbre me he levantado contra el acatamiento de los que creen suprimir los conflictos<\/span><span style=\"color: #333333; font-family: Verdana; font-size: 10pt;\">\u00a0<\/span><span style=\"color: #333333; font-family: Verdana; font-size: 10pt;\">ignor\u00e1ndolos, de los que no parecen perseguir m\u00e1s ideal en las cosas exteriores que aplazar la<\/span><span style=\"color: #333333; font-family: Verdana; font-size: 10pt;\">\u00a0<\/span><span style=\"color: #333333; font-family: Verdana; font-size: 10pt;\">crisis, para liquidarla cada vez con mayor desventaja.<\/span><\/p>\n<p style=\"background-color: #ffffff; line-height: 13.5pt; margin: 5pt 0pt; text-align: justify;\"><span style=\"color: #333333; font-family: Verdana; font-size: 10pt;\">\u00a0<\/span><\/p>\n<p style=\"background-color: #ffffff; line-height: 13.5pt; margin: 5pt 0pt; text-align: center;\"><img decoding=\"async\" class=\"aligncenter size-full wp-image-5883\" src=\"https:\/\/historiadelperonismo.com\/wp-content\/uploads\/55ec5ae9582cc_img1.jpeg\" alt=\"55ec5ae9582cc_img\" width=\"181\" height=\"254\" srcset=\"https:\/\/historiadelperonismo.com\/wp-content\/uploads\/55ec5ae9582cc_img1.jpeg 181w, https:\/\/historiadelperonismo.com\/wp-content\/uploads\/55ec5ae9582cc_img1-104x146.jpeg 104w, https:\/\/historiadelperonismo.com\/wp-content\/uploads\/55ec5ae9582cc_img1-36x50.jpeg 36w\" sizes=\"(max-width: 181px) 100vw, 181px\" \/><\/p>\n<p style=\"background-color: #ffffff; line-height: 13.5pt; margin: 5pt 0pt; text-align: center;\"><span style=\"color: #333333; font-family: Verdana; font-size: 10pt;\">\u00a0<\/span><\/p>\n<p style=\"background-color: #ffffff; line-height: 13.5pt; margin: 5pt 0pt; text-align: center;\"><span style=\"font-family: Verdana; font-size: 9pt;\">\u00a0<\/span><\/p>\n<p style=\"background-color: #ffffff; line-height: 13.5pt; margin: 5pt 0pt; text-align: justify;\"><span style=\"color: #333333; font-family: Verdana; font-size: 10pt;\">Claro est\u00e1 que en un Continente que acaba de salir de la violencia y que la prolonga en algunas<\/span><span style=\"color: #333333; font-family: Verdana; font-size: 10pt;\">\u00a0<\/span><span style=\"color: #333333; font-family: Verdana; font-size: 10pt;\">zonas en forma de end\u00e9micas revoluciones suicidas, la indicaci\u00f3n de este rumbo ten\u00eda que<\/span><span style=\"color: #333333; font-family: Verdana; font-size: 10pt;\">\u00a0<\/span><span style=\"color: #333333; font-family: Verdana; font-size: 10pt;\">aparecer como una imprudencia peligrosa, habituados como est\u00e1n los esp\u00edritus a concebirlo<\/span><span style=\"color: #333333; font-family: Verdana; font-size: 10pt;\">\u00a0<\/span><span style=\"color: #333333; font-family: Verdana; font-size: 10pt;\">todo en forma rotunda y agresiva, sin escalonamientos, ni matices, dentro de empujes<\/span><span style=\"color: #333333; font-family: Verdana; font-size: 10pt;\">\u00a0<\/span><span style=\"color: #333333; font-family: Verdana; font-size: 10pt;\">invariablemente unilaterales. No inclinarse ante el imperialismo, equivale-dicen- a entrar en<\/span><span style=\"color: #333333; font-family: Verdana; font-size: 10pt;\">\u00a0<\/span><span style=\"color: #333333; font-family: Verdana; font-size: 10pt;\">conflicto con \u00e9l. Esta apreciaci\u00f3n primaria basta para dar una idea de la zona en que se mueven<\/span><span style=\"color: #333333; font-family: Verdana; font-size: 10pt;\">\u00a0<\/span><span style=\"color: #333333; font-family: Verdana; font-size: 10pt;\">todav\u00eda algunos inspiradores de nuestra acci\u00f3n internacional.<\/span><\/p>\n<p style=\"background-color: #ffffff; line-height: 13.5pt; margin: 5pt 0pt; text-align: justify;\"><span style=\"color: #333333; font-family: Verdana; font-size: 10pt;\">Si oponerse en el orden<\/span><span style=\"color: #333333; font-family: Verdana; font-size: 10pt;\">\u00a0<\/span><span style=\"color: #333333; font-family: Verdana; font-size: 10pt;\">diplom\u00e1tico a las pretensiones de otro pa\u00eds fuera causa inevitable de ruptura, todos los pueblos<\/span><span style=\"color: #333333; font-family: Verdana; font-size: 10pt;\">\u00a0<\/span><span style=\"color: #333333; font-family: Verdana; font-size: 10pt;\">del mundo estar\u00edan en guerra constante desde el principio de la humanidad y la diplomacia<\/span><span style=\"color: #333333; font-family: Verdana; font-size: 10pt;\">\u00a0<\/span><span style=\"color: #333333; font-family: Verdana; font-size: 10pt;\">misma habr\u00eda dejado de existir, suplantada por una floraci\u00f3n imperiosa de generales y<\/span><span style=\"color: #333333; font-family: Verdana; font-size: 10pt;\">\u00a0<\/span><span style=\"color: #333333; font-family: Verdana; font-size: 10pt;\">proc\u00f3nsules. Lo que precisamente caracteriza la acci\u00f3n diplom\u00e1tica es la posibilidad de disentir<\/span><span style=\"color: #333333; font-family: Verdana; font-size: 10pt;\">\u00a0<\/span><span style=\"color: #333333; font-family: Verdana; font-size: 10pt;\">sin chocar y de obtener ventajas o disminuir las del adversario sin utilizar un solo grano de<\/span><span style=\"color: #333333; font-family: Verdana; font-size: 10pt;\">\u00a0<\/span><span style=\"color: #333333; font-family: Verdana; font-size: 10pt;\">p\u00f3lvora, manejando exclusivamente la sutileza, el razonamiento, el inter\u00e9s, o movilizando las<\/span><span style=\"color: #333333; font-family: Verdana; font-size: 10pt;\">\u00a0<\/span><span style=\"color: #333333; font-family: Verdana; font-size: 10pt;\">fuerzas extra\u00f1as que gravitan sobre cada asunto y pueden contribuir a esclarecerlo. El conflicto<\/span><span style=\"color: #333333; font-family: Verdana; font-size: 10pt;\">\u00a0<\/span><span style=\"color: #333333; font-family: Verdana; font-size: 10pt;\">armado no es m\u00e1s que la faz resolutiva, a que solo se llega de tarde en tarde, despu\u00e9s de un<\/span><span style=\"color: #333333; font-family: Verdana; font-size: 10pt;\">\u00a0<\/span><span style=\"color: #333333; font-family: Verdana; font-size: 10pt;\">largo proceso de deliberaciones, evasivas, fintas, presiones, aplazamientos y complicaciones de<\/span><span style=\"color: #333333; font-family: Verdana; font-size: 10pt;\">\u00a0<\/span><span style=\"color: #333333; font-family: Verdana; font-size: 10pt;\">todo g\u00e9nero, en el curso de las cuales siempre queda al que se considere m\u00e1s d\u00e9bil la facultad<\/span><span style=\"color: #333333; font-family: Verdana; font-size: 10pt;\">\u00a0<\/span><span style=\"color: #333333; font-family: Verdana; font-size: 10pt;\">de ceder honrosamente, teniendo en cuenta que tanto menos perder\u00e1 cuanto mayor sea la<\/span><span style=\"color: #333333; font-family: Verdana; font-size: 10pt;\">\u00a0<\/span><span style=\"color: #333333; font-family: Verdana; font-size: 10pt;\">confianza, el tes\u00f3n y la habilidad con que discuta. El encogimiento y la sumisi\u00f3n equivalen a<\/span><span style=\"color: #333333; font-family: Verdana; font-size: 10pt;\">\u00a0<\/span><span style=\"color: #333333; font-family: Verdana; font-size: 10pt;\">renunciar y a entregarse. Un pueblo puede ser inferior a otro en superficie, poblaci\u00f3n y eficacia<\/span><span style=\"color: #333333; font-family: Verdana; font-size: 10pt;\">\u00a0<\/span><span style=\"color: #333333; font-family: Verdana; font-size: 10pt;\">militar; pero esto no constituye un juicio de Dios que le obligue a inclinarse en todo momento,<\/span><span style=\"color: #333333; font-family: Verdana; font-size: 10pt;\">\u00a0<\/span><span style=\"color: #333333; font-family: Verdana; font-size: 10pt;\">porque fuera de las fuerzas morales, -que pesan tambi\u00e9n en la soluci\u00f3n de los conflictos-, hay<\/span><span style=\"color: #333333; font-family: Verdana; font-size: 10pt;\">\u00a0<\/span><span style=\"color: #333333; font-family: Verdana; font-size: 10pt;\">fuerzas materiales concurrentes que pueden dosificar o anular las agresiones, dentro de los<\/span><span style=\"color: #333333; font-family: Verdana; font-size: 10pt;\">\u00a0<\/span><span style=\"color: #333333; font-family: Verdana; font-size: 10pt;\">equilibrios y las equidistancias de la pol\u00edtica universal. Es en este ir y volver de marchas y<\/span><span style=\"color: #333333; font-family: Verdana; font-size: 10pt;\">\u00a0<\/span><span style=\"color: #333333; font-family: Verdana; font-size: 10pt;\">contramarchas, exigencias y concesiones, previendo siempre lejos y aprovechando todos los<\/span><span style=\"color: #333333; font-family: Verdana; font-size: 10pt;\">\u00a0<\/span><span style=\"color: #333333; font-family: Verdana; font-size: 10pt;\">accidentes del terreno, que estriba casualmente la misi\u00f3n de los embajadores y basta echar una<\/span><span style=\"color: #333333; font-family: Verdana; font-size: 10pt;\">\u00a0<\/span><span style=\"color: #333333; font-family: Verdana; font-size: 10pt;\">ojeada sobre la pol\u00edtica del mundo para advertir la eficacia de estos procedimientos, que son los<\/span><span style=\"color: #333333; font-family: Verdana; font-size: 10pt;\">\u00a0<\/span><span style=\"color: #333333; font-family: Verdana; font-size: 10pt;\">que verdaderamente rigen la evoluci\u00f3n de las naciones.<\/span><\/p>\n<p style=\"background-color: #ffffff; line-height: 13.5pt; margin: 5pt 0pt; text-align: justify;\"><span style=\"color: #333333; font-family: Verdana; font-size: 10pt;\">Las rep\u00fablicas hispanoamericanas, que han sido presionadas o desmembradas de una manera<\/span><span style=\"color: #333333; font-family: Verdana; font-size: 10pt;\">\u00a0<\/span><span style=\"color: #333333; font-family: Verdana; font-size: 10pt;\">implacable, no han tenido iniciativa suficiente para intentar una acci\u00f3n de autodefensa, ni a\u00fan<\/span><span style=\"color: #333333; font-family: Verdana; font-size: 10pt;\">\u00a0<\/span><span style=\"color: #333333; font-family: Verdana; font-size: 10pt;\">en los \u00f3rdenes que est\u00e1n m\u00e1s a su alcance, que son el diplom\u00e1tico y el comercial; y esa<\/span><span style=\"color: #333333; font-family: Verdana; font-size: 10pt;\">\u00a0<\/span><span style=\"color: #333333; font-family: Verdana; font-size: 10pt;\">situaci\u00f3n deriva principalmente de una concepci\u00f3n err\u00f3nea de su historia, de una interpretaci\u00f3n<\/span><span style=\"color: #333333; font-family: Verdana; font-size: 10pt;\">\u00a0<\/span><span style=\"color: #333333; font-family: Verdana; font-size: 10pt;\">inadecuada de su acci\u00f3n en Am\u00e9rica y de una falta dolorosa de idealismo para coordinar<\/span><span style=\"color: #333333; font-family: Verdana; font-size: 10pt;\">\u00a0<\/span><span style=\"color: #333333; font-family: Verdana; font-size: 10pt;\">acciones superiores.<\/span><\/p>\n<p style=\"background-color: #ffffff; line-height: 13.5pt; margin: 5pt 0pt; text-align: justify;\"><span style=\"color: #333333; font-family: Verdana; font-size: 10pt;\">Nos hemos alejado del punto de vista que defendieron los h\u00e9roes de nuestra emancipaci\u00f3n, los<\/span><span style=\"color: #333333; font-family: Verdana; font-size: 10pt;\">\u00a0<\/span><span style=\"color: #333333; font-family: Verdana; font-size: 10pt;\">cuales entendieron que las antiguas colonias espa\u00f1olas se separaban de Espa\u00f1a para desarrollar<\/span><span style=\"color: #333333; font-family: Verdana; font-size: 10pt;\">\u00a0<\/span><span style=\"color: #333333; font-family: Verdana; font-size: 10pt;\">su propio esp\u00edritu y no para caer, con matices de forma y de procedimiento, en la zona de<\/span><span style=\"color: #333333; font-family: Verdana; font-size: 10pt;\">\u00a0<\/span><span style=\"color: #333333; font-family: Verdana; font-size: 10pt;\">atracci\u00f3n de un neocolonialismo paradojal, bajo la influencia de pueblos de car\u00e1cter<\/span><br \/>\n<span style=\"color: #333333; font-family: Verdana; font-size: 10pt;\">antag\u00f3nico.<\/span><\/p>\n<p style=\"background-color: #ffffff; line-height: 13.5pt; margin: 5pt 0pt; text-align: justify;\"><span style=\"color: #333333; font-family: Verdana; font-size: 10pt;\">La conmoci\u00f3n de<\/span><span style=\"color: #333333; font-family: Verdana; font-size: 10pt;\">\u00a0<\/span><span style=\"color: #333333; font-family: Verdana; font-size: 10pt;\">1810, ha<\/span><span style=\"color: #333333; font-family: Verdana; font-size: 10pt;\">\u00a0<\/span><span style=\"color: #333333; font-family: Verdana; font-size: 10pt;\">sido interpretada en forma contraria a la realidad de los hechos,<\/span><span style=\"color: #333333; font-family: Verdana; font-size: 10pt;\">\u00a0<\/span><span style=\"color: #333333; font-family: Verdana; font-size: 10pt;\">primero por el car\u00e1cter desmigajado que se ha querido dar a lo que fue un solo movimiento; y<\/span><span style=\"color: #333333; font-family: Verdana; font-size: 10pt;\">\u00a0<\/span><span style=\"color: #333333; font-family: Verdana; font-size: 10pt;\">segundo, por las consecuencias que se han pretendido sacar de \u00e9l. No hubo una revoluci\u00f3n en la<\/span><span style=\"color: #333333; font-family: Verdana; font-size: 10pt;\">\u00a0<\/span><span style=\"color: #333333; font-family: Verdana; font-size: 10pt;\">Gran Colombia, una revoluci\u00f3n en M\u00e9xico, una revoluci\u00f3n en <\/span><span style=\"color: #333333; font-family: Verdana; font-size: 10pt;\">la Argentina<\/span><span style=\"color: #333333; font-family: Verdana; font-size: 10pt;\">, etc., sino un<\/span><span style=\"color: #333333; font-family: Verdana; font-size: 10pt;\">\u00a0<\/span><span style=\"color: #333333; font-family: Verdana; font-size: 10pt;\">levantamiento general de las colonias de Am\u00e9rica, simult\u00e1neo, con ligeras variantes, en todos<\/span><span style=\"color: #333333; font-family: Verdana; font-size: 10pt;\">\u00a0<\/span><span style=\"color: #333333; font-family: Verdana; font-size: 10pt;\">los virreinatos; y no hubo separaci\u00f3n fundamental de Espa\u00f1a, sino disyunci\u00f3n de jurisdicciones<\/span><span style=\"color: #333333; font-family: Verdana; font-size: 10pt;\">\u00a0<\/span><span style=\"color: #333333; font-family: Verdana; font-size: 10pt;\">y creaci\u00f3n de nuevas soberan\u00edas.<\/span><\/p>\n<p style=\"background-color: #ffffff; line-height: 13.5pt; margin: 5pt 0pt; text-align: justify;\"><span style=\"color: #333333; font-family: Verdana; font-size: 10pt;\">La efervescencia de la lucha separatista, las pasiones nacidas de la batalla y las naturales<\/span><span style=\"color: #333333; font-family: Verdana; font-size: 10pt;\">\u00a0<\/span><span style=\"color: #333333; font-family: Verdana; font-size: 10pt;\">limitaciones localistas que deb\u00edan surgir en un campo tan vasto, no pueden cuajar en historia<\/span><span style=\"color: #333333; font-family: Verdana; font-size: 10pt;\">\u00a0<\/span><span style=\"color: #333333; font-family: Verdana; font-size: 10pt;\">superior sobreponi\u00e9ndose a comprobaciones experimentales que nacen del examen sereno de<\/span><span style=\"color: #333333; font-family: Verdana; font-size: 10pt;\">\u00a0<\/span><span style=\"color: #333333; font-family: Verdana; font-size: 10pt;\">los acontecimientos. Parece in\u00fatil recurrir a las citas para establecer que los diversos estallidos<\/span><span style=\"color: #333333; font-family: Verdana; font-size: 10pt;\">\u00a0<\/span><span style=\"color: #333333; font-family: Verdana; font-size: 10pt;\">revolucionarios se enlazaron entre s\u00ed, obedeciendo a una concepci\u00f3n general, que los h\u00e9roes<\/span><span style=\"color: #333333; font-family: Verdana; font-size: 10pt;\">\u00a0<\/span><span style=\"color: #333333; font-family: Verdana; font-size: 10pt;\">fueron en muchos casos comunes a varios pueblos y que hubo una fervorosa comunicaci\u00f3n y<\/span><span style=\"color: #333333; font-family: Verdana; font-size: 10pt;\">\u00a0<\/span><span style=\"color: #333333; font-family: Verdana; font-size: 10pt;\">correspondencia entre las m\u00e1s apartadas regiones, estrechamente solidarias dentro y fuera de la<\/span><span style=\"color: #333333; font-family: Verdana; font-size: 10pt;\">\u00a0<\/span><span style=\"color: #333333; font-family: Verdana; font-size: 10pt;\">lucha.<\/span><\/p>\n<p style=\"background-color: #ffffff; line-height: 13.5pt; margin: 5pt 0pt; text-align: justify;\"><span style=\"color: #333333; font-family: Verdana; font-size: 10pt;\">\u00a0<\/span><\/p>\n<p style=\"background-color: #ffffff; line-height: 13.5pt; margin: 5pt 0pt; text-align: center;\"><img decoding=\"async\" class=\"aligncenter size-full wp-image-5884\" src=\"https:\/\/historiadelperonismo.com\/wp-content\/uploads\/55ec5ae958478_img1.jpeg\" alt=\"55ec5ae958478_img\" width=\"349\" height=\"350\" srcset=\"https:\/\/historiadelperonismo.com\/wp-content\/uploads\/55ec5ae958478_img1.jpeg 349w, https:\/\/historiadelperonismo.com\/wp-content\/uploads\/55ec5ae958478_img1-150x150.jpeg 150w, https:\/\/historiadelperonismo.com\/wp-content\/uploads\/55ec5ae958478_img1-300x300.jpeg 300w, https:\/\/historiadelperonismo.com\/wp-content\/uploads\/55ec5ae958478_img1-146x146.jpeg 146w, https:\/\/historiadelperonismo.com\/wp-content\/uploads\/55ec5ae958478_img1-50x50.jpeg 50w, https:\/\/historiadelperonismo.com\/wp-content\/uploads\/55ec5ae958478_img1-80x80.jpeg 80w, https:\/\/historiadelperonismo.com\/wp-content\/uploads\/55ec5ae958478_img1-85x85.jpeg 85w\" sizes=\"(max-width: 349px) 100vw, 349px\" \/><\/p>\n<p style=\"background-color: #ffffff; line-height: 13.5pt; margin: 5pt 0pt; text-align: center;\"><span style=\"color: #333333; font-family: Verdana; font-size: 10pt;\">\u00a0<\/span><\/p>\n<p style=\"background-color: #ffffff; line-height: 13.5pt; margin: 5pt 0pt; text-align: justify;\"><span style=\"color: #333333; font-family: Verdana; font-size: 10pt;\">Por otra parte, Am\u00e9rica renunci\u00f3 a la dominaci\u00f3n pol\u00edtica de Espa\u00f1a, pero no a la composici\u00f3n<\/span><span style=\"color: #333333; font-family: Verdana; font-size: 10pt;\">\u00a0<\/span><span style=\"color: #333333; font-family: Verdana; font-size: 10pt;\">\u00e9tnica de sus clases directoras, a las inspiraciones morales, a las costumbres, a cuanto<\/span><span style=\"color: #333333; font-family: Verdana; font-size: 10pt;\">\u00a0<\/span><span style=\"color: #333333; font-family: Verdana; font-size: 10pt;\">caracteriza y sit\u00faa a los pueblos. Decir que a una hora determinada y al golpe de una varilla<\/span><span style=\"color: #333333; font-family: Verdana; font-size: 10pt;\">\u00a0<\/span><span style=\"color: #333333; font-family: Verdana; font-size: 10pt;\">m\u00e1gica, por la simple virtud de un pergamino firmado en un Cabildo por varias docenas de<\/span><span style=\"color: #333333; font-family: Verdana; font-size: 10pt;\">\u00a0<\/span><span style=\"color: #333333; font-family: Verdana; font-size: 10pt;\">patriotas se cortaron los hilos que un\u00edan a <\/span><span style=\"color: #333333; font-family: Verdana; font-size: 10pt;\">la Metr\u00f3poli<\/span><span style=\"color: #333333; font-family: Verdana; font-size: 10pt;\"> con las tierras descubiertas y civilizadas<\/span><span style=\"color: #333333; font-family: Verdana; font-size: 10pt;\">\u00a0<\/span><span style=\"color: #333333; font-family: Verdana; font-size: 10pt;\">por ella durante tres siglos, es una paradoja que seguir\u00eda siendo paradoja hasta en el caso de que<\/span><span style=\"color: #333333; font-family: Verdana; font-size: 10pt;\">\u00a0<\/span><span style=\"color: #333333; font-family: Verdana; font-size: 10pt;\">los autores, directores y usufructuarios de la revoluci\u00f3n hubieran sido exclusivamente los<\/span><span style=\"color: #333333; font-family: Verdana; font-size: 10pt;\">\u00a0<\/span><span style=\"color: #333333; font-family: Verdana; font-size: 10pt;\">ind\u00edgenas, primitivos due\u00f1os de aquellos territorios, porque hasta ellos se hallaban<\/span><span style=\"color: #333333; font-family: Verdana; font-size: 10pt;\">\u00a0<\/span><span style=\"color: #333333; font-family: Verdana; font-size: 10pt;\">influenciados y retenidos moralmente por los h\u00e1bitos y las ideas de los \u00faltimos dominadores.<\/span><span style=\"color: #333333; font-family: Verdana; font-size: 10pt;\">\u00a0<\/span><span style=\"color: #333333; font-family: Verdana; font-size: 10pt;\">Como los revolucionarios fueron en su casi totalidad hombres de raza blanca o mestizos en los<\/span><span style=\"color: #333333; font-family: Verdana; font-size: 10pt;\">\u00a0<\/span><span style=\"color: #333333; font-family: Verdana; font-size: 10pt;\">cuales predominaba la sangre ibera, el error es tan evidente que se hace innecesario subrayarlo.<\/span><span style=\"color: #333333; font-family: Verdana; font-size: 10pt;\">\u00a0<\/span><span style=\"color: #333333; font-family: Verdana; font-size: 10pt;\">La de 1810 no fue una revoluci\u00f3n de aztecas o de patagones que reivindicaban el derecho de<\/span><span style=\"color: #333333; font-family: Verdana; font-size: 10pt;\">\u00a0<\/span><span style=\"color: #333333; font-family: Verdana; font-size: 10pt;\">gobernarse con exclusi\u00f3n del invasor, sino un movimiento encabezado por los invasores<\/span><span style=\"color: #333333; font-family: Verdana; font-size: 10pt;\">\u00a0<\/span><span style=\"color: #333333; font-family: Verdana; font-size: 10pt;\">mismos que concretaban acaso inconscientemente, en un hecho final, todas las rebeld\u00edas, las<\/span><span style=\"color: #333333; font-family: Verdana; font-size: 10pt;\">\u00a0<\/span><span style=\"color: #333333; font-family: Verdana; font-size: 10pt;\">codicias y las insubordinaciones de los guerreros conquistadores y los mandatarios arrogantes,<\/span><span style=\"color: #333333; font-family: Verdana; font-size: 10pt;\">\u00a0<\/span><span style=\"color: #333333; font-family: Verdana; font-size: 10pt;\">que despu\u00e9s de afirmar la dominaci\u00f3n con su esfuerzo y el peligro de sus vidas, soportaban de<\/span><span style=\"color: #333333; font-family: Verdana; font-size: 10pt;\">\u00a0<\/span><span style=\"color: #333333; font-family: Verdana; font-size: 10pt;\">mal grado la autoridad y las decisiones del poder central. A este instinto levantisco e<\/span><span style=\"color: #333333; font-family: Verdana; font-size: 10pt;\">\u00a0<\/span><span style=\"color: #333333; font-family: Verdana; font-size: 10pt;\">indisciplinado del espa\u00f1ol de la conquista se unieron poderosos intereses econ\u00f3micos, folclores<\/span><span style=\"color: #333333; font-family: Verdana; font-size: 10pt;\">\u00a0<\/span><span style=\"color: #333333; font-family: Verdana; font-size: 10pt;\">culturales y acaso apoyos indirectos, -ignorados por los ejecutores y los te\u00f3ricos de la<\/span><span style=\"color: #333333; font-family: Verdana; font-size: 10pt;\">\u00a0<\/span><span style=\"color: #333333; font-family: Verdana; font-size: 10pt;\">insurrecci\u00f3n, -de naciones interesadas en extender su comercio y su influencia por encima de<\/span><span style=\"color: #333333; font-family: Verdana; font-size: 10pt;\">\u00a0<\/span><span style=\"color: #333333; font-family: Verdana; font-size: 10pt;\">las val\u00edas que opon\u00eda Espa\u00f1a.<\/span><\/p>\n<p style=\"background-color: #ffffff; line-height: 13.5pt; margin: 5pt 0pt; text-align: justify;\"><span style=\"color: #333333; font-family: Verdana; font-size: 10pt;\">Enfocado en esta forma el movimiento de 1810, comprendemos que el pensamiento superior de<\/span><span style=\"color: #333333; font-family: Verdana; font-size: 10pt;\">\u00a0<\/span><span style=\"color: #333333; font-family: Verdana; font-size: 10pt;\">sus autores tend\u00eda a la misma unidad suprema y a la misma autonom\u00eda absoluta dentro de la<\/span><span style=\"color: #333333; font-family: Verdana; font-size: 10pt;\">\u00a0<\/span><span style=\"color: #333333; font-family: Verdana; font-size: 10pt;\">fidelidad a los antecedentes y al idioma, que el movimiento de emancipaci\u00f3n que algunos a\u00f1os<\/span><span style=\"color: #333333; font-family: Verdana; font-size: 10pt;\">\u00a0<\/span><span style=\"color: #333333; font-family: Verdana; font-size: 10pt;\">antes hab\u00eda segregado de Inglaterra a las colonias de origen anglosaj\u00f3n.<\/span><\/p>\n<p style=\"background-color: #ffffff; line-height: 13.5pt; margin: 5pt 0pt; text-align: justify;\"><span style=\"color: #333333; font-family: Verdana; font-size: 10pt;\">Al margen de la l\u00f3gica surgieron despu\u00e9s veinte rep\u00fablicas, fruto de la \u00e9pica anarqu\u00eda que<\/span><span style=\"color: #333333; font-family: Verdana; font-size: 10pt;\">\u00a0<\/span><span style=\"color: #333333; font-family: Verdana; font-size: 10pt;\">empez\u00f3 desterrando a los iniciadores del separatismo y acab\u00f3 sacrificando los ideales que lo<\/span><span style=\"color: #333333; font-family: Verdana; font-size: 10pt;\">\u00a0<\/span><span style=\"color: #333333; font-family: Verdana; font-size: 10pt;\">determinaron; y de acuerdo con la natural evoluci\u00f3n humana se cre\u00f3 un tipo nuevo que es hoy<\/span><span style=\"color: #333333; font-family: Verdana; font-size: 10pt;\">\u00a0<\/span><span style=\"color: #333333; font-family: Verdana; font-size: 10pt;\">con respecto al espa\u00f1ol lo que el norteamericano es con respecto al ingl\u00e9s.<\/span><\/p>\n<p style=\"background-color: #ffffff; line-height: 13.5pt; margin: 5pt 0pt; text-align: justify;\"><span style=\"color: #333333; font-family: Verdana; font-size: 10pt;\">Ni Bol\u00edvar ni San Mart\u00edn concibieron el imposible de dar a <\/span><span style=\"color: #333333; font-family: Verdana; font-size: 10pt;\">la Am\u00e9rica Espa\u00f1ola<\/span><span style=\"color: #333333; font-family: Verdana; font-size: 10pt;\"> un gobierno<\/span><span style=\"color: #333333; font-family: Verdana; font-size: 10pt;\">\u00a0<\/span><span style=\"color: #333333; font-family: Verdana; font-size: 10pt;\">\u00fanico. Sin tener en cuenta la diversidad de las zonas, bastaban las distancias y la dificultad de<\/span><span style=\"color: #333333; font-family: Verdana; font-size: 10pt;\">\u00a0<\/span><span style=\"color: #333333; font-family: Verdana; font-size: 10pt;\">comunicaciones para imponer la necesidad de organismos locales, seg\u00fan el desarrollo y las<\/span><span style=\"color: #333333; font-family: Verdana; font-size: 10pt;\">\u00a0<\/span><span style=\"color: #333333; font-family: Verdana; font-size: 10pt;\">caracter\u00edsticas de cada regi\u00f3n; pero todo esto dentro de una confederaci\u00f3n superior que diera<\/span><span style=\"color: #333333; font-family: Verdana; font-size: 10pt;\">\u00a0<\/span><span style=\"color: #333333; font-family: Verdana; font-size: 10pt;\">alma, personer\u00eda y poder a aquella masa que de otra suerte, en medio de las inevitables avideces<\/span><span style=\"color: #333333; font-family: Verdana; font-size: 10pt;\">\u00a0<\/span><span style=\"color: #333333; font-family: Verdana; font-size: 10pt;\">de la vida internacional, ten\u00eda que volver a quedar,-como si no hubiera aprendido nada en tres<\/span><span style=\"color: #333333; font-family: Verdana; font-size: 10pt;\">\u00a0<\/span><span style=\"color: #333333; font-family: Verdana; font-size: 10pt;\">siglos,-en la misma dispersi\u00f3n en que se hallaron los mejicanos cuando lleg\u00f3 Hern\u00e1n Cort\u00e9s.<\/span><\/p>\n<p style=\"background-color: #ffffff; line-height: 13.5pt; margin: 5pt 0pt; text-align: justify;\"><span style=\"color: #333333; font-family: Verdana; font-size: 10pt;\">Que <\/span><span style=\"color: #333333; font-family: Verdana; font-size: 10pt;\">la Am\u00e9rica<\/span><span style=\"color: #333333; font-family: Verdana; font-size: 10pt;\"> derivada de Espa\u00f1a tuviera una sola fisonom\u00eda y una sola voz en las cosas<\/span><span style=\"color: #333333; font-family: Verdana; font-size: 10pt;\">\u00a0<\/span><span style=\"color: #333333; font-family: Verdana; font-size: 10pt;\">internacionales y en los asuntos de inter\u00e9s vital, fue el sue\u00f1o de los grandes caudillos de los<\/span><span style=\"color: #333333; font-family: Verdana; font-size: 10pt;\">\u00a0<\/span><span style=\"color: #333333; font-family: Verdana; font-size: 10pt;\">primeros tiempos de la insurrecci\u00f3n; y este sentido que podr\u00edamos llamar global de la revoluci\u00f3n americana no obedec\u00eda al instinto de defender la revoluci\u00f3n misma contra la<\/span><span style=\"color: #333333; font-family: Verdana; font-size: 10pt;\">\u00a0<\/span><span style=\"color: #333333; font-family: Verdana; font-size: 10pt;\">resistencia o la posible vuelta ofensiva de Espa\u00f1a, sino a una visi\u00f3n que salvaba lo inmediato y<\/span><span style=\"color: #333333; font-family: Verdana; font-size: 10pt;\">\u00a0<\/span><span style=\"color: #333333; font-family: Verdana; font-size: 10pt;\">se extend\u00eda hasta el m\u00e1s lejano porvenir.<\/span><\/p>\n<p style=\"background-color: #ffffff; line-height: 13.5pt; margin: 5pt 0pt; text-align: justify;\"><span style=\"color: #333333; font-family: Verdana; font-size: 10pt;\">Pero la nueva entidad que surg\u00eda a la luz del mundo tra\u00eda dentro de si el germen de dos<\/span><span style=\"color: #333333; font-family: Verdana; font-size: 10pt;\">\u00a0<\/span><span style=\"color: #333333; font-family: Verdana; font-size: 10pt;\">atavismos de anarqu\u00eda, el que fluye de su ascendencia espa\u00f1ola agigantada en el car\u00e1cter de los<\/span><span style=\"color: #333333; font-family: Verdana; font-size: 10pt;\">\u00a0<\/span><span style=\"color: #333333; font-family: Verdana; font-size: 10pt;\">rudos conquistadores ambiciosos y el que prolonga la eterna pugna entre las tribus indias de<\/span><span style=\"color: #333333; font-family: Verdana; font-size: 10pt;\">\u00a0<\/span><span style=\"color: #333333; font-family: Verdana; font-size: 10pt;\">Am\u00e9rica, cuyos odios y divisiones hicieron posible la conquista. Eran dos herencias de<\/span><span style=\"color: #333333; font-family: Verdana; font-size: 10pt;\">\u00a0<\/span><span style=\"color: #333333; font-family: Verdana; font-size: 10pt;\">emulaci\u00f3n mal entendida y de individualismo disolvente que se enlazaban al rededor de la cuna<\/span><span style=\"color: #333333; font-family: Verdana; font-size: 10pt;\">\u00a0<\/span><span style=\"color: #333333; font-family: Verdana; font-size: 10pt;\">de un pueblo nuevo, cuya inexperiencia y falta de preparaci\u00f3n deb\u00eda llevar al paroxismo esos<\/span><span style=\"color: #333333; font-family: Verdana; font-size: 10pt;\">\u00a0<\/span><span style=\"color: #333333; font-family: Verdana; font-size: 10pt;\">defectos, corregidos hoy, solo en algunas zonas, con ayuda de inmigraciones posteriores.<\/span><\/p>\n<p style=\"background-color: #ffffff; line-height: 13.5pt; margin: 5pt 0pt; text-align: justify;\"><span style=\"color: #333333; font-family: Verdana; font-size: 10pt;\">As\u00ed surgi\u00f3, por encima de las mismas jurisdicciones coloniales trazadas por Espa\u00f1a, y al azar, a<\/span><span style=\"color: #333333; font-family: Verdana; font-size: 10pt;\">\u00a0<\/span><span style=\"color: #333333; font-family: Verdana; font-size: 10pt;\">veces, de las rencillas de lugartenientes y caudillos, un profuso mosaico de rep\u00fablicas<\/span><span style=\"color: #333333; font-family: Verdana; font-size: 10pt;\">\u00a0<\/span><span style=\"color: #333333; font-family: Verdana; font-size: 10pt;\">aut\u00f3nomas, cuya creaci\u00f3n no obedec\u00eda en muchos casos ni a razones pol\u00edticas, ni a causas<\/span><span style=\"color: #333333; font-family: Verdana; font-size: 10pt;\">\u00a0<\/span><span style=\"color: #333333; font-family: Verdana; font-size: 10pt;\">geogr\u00e1ficas. Fue lo que podr\u00edamos llamar la \u00e9poca feudal de nuestra Am\u00e9rica, porque tales<\/span><span style=\"color: #333333; font-family: Verdana; font-size: 10pt;\">\u00a0<\/span><span style=\"color: #333333; font-family: Verdana; font-size: 10pt;\">entidades se crearon al conjuro de la fiereza y del esp\u00edritu dominador de algunos hombres. No<\/span><span style=\"color: #333333; font-family: Verdana; font-size: 10pt;\">\u00a0<\/span><span style=\"color: #333333; font-family: Verdana; font-size: 10pt;\">se consult\u00f3 en muchos casos ni la posibilidad de vivir que llegar\u00edan a tener esos n\u00facleos desde<\/span><span style=\"color: #333333; font-family: Verdana; font-size: 10pt;\">\u00a0<\/span><span style=\"color: #333333; font-family: Verdana; font-size: 10pt;\">el punto de vista de la producci\u00f3n o la riqueza, como no se tuvo en cuenta las probabilidades<\/span><span style=\"color: #333333; font-family: Verdana; font-size: 10pt;\">\u00a0<\/span><span style=\"color: #333333; font-family: Verdana; font-size: 10pt;\">que pod\u00edan tener de durar, dada su peque\u00f1ez y su desamparo en medio de los mares.<\/span><\/p>\n<p style=\"background-color: #ffffff; line-height: 13.5pt; margin: 5pt 0pt; text-align: justify;\"><span style=\"color: #333333; font-family: Verdana; font-size: 10pt;\">Y estos no hubieran sido los peores yerros. Lo que en realidad compromet\u00eda la suerte de esos<\/span><span style=\"color: #333333; font-family: Verdana; font-size: 10pt;\">\u00a0<\/span><span style=\"color: #333333; font-family: Verdana; font-size: 10pt;\">pueblos, que han seguido viviendo como los pedazos cortados de un cuerpo, con una vida<\/span><span style=\"color: #333333; font-family: Verdana; font-size: 10pt;\">\u00a0<\/span><span style=\"color: #333333; font-family: Verdana; font-size: 10pt;\">espasm\u00f3dica, era la imposibilidad de darles un ideal.<\/span><\/p>\n<p style=\"background-color: #ffffff; line-height: 13.5pt; margin: 5pt 0pt; text-align: justify;\"><span style=\"color: #333333; font-family: Verdana; font-size: 10pt;\">En lo que se refiere a la historia, podemos hacer en Am\u00e9rica una cr\u00f3nica especial de los<\/span><span style=\"color: #333333; font-family: Verdana; font-size: 10pt;\">\u00a0<\/span><span style=\"color: #333333; font-family: Verdana; font-size: 10pt;\">diversos focos donde se inici\u00f3 el separatismo, desarticulando un poco los movimientos, como si<\/span><span style=\"color: #333333; font-family: Verdana; font-size: 10pt;\">\u00a0<\/span><span style=\"color: #333333; font-family: Verdana; font-size: 10pt;\">en una batalla nos limit\u00e1semos a referir lo que realiz\u00f3 un cuerpo de ej\u00e9rcito; y as\u00ed cabe hablar<\/span><span style=\"color: #333333; font-family: Verdana; font-size: 10pt;\">\u00a0<\/span><span style=\"color: #333333; font-family: Verdana; font-size: 10pt;\">del separatismo de <\/span><span style=\"color: #333333; font-family: Verdana; font-size: 10pt;\">la Gran Colombia<\/span><span style=\"color: #333333; font-family: Verdana; font-size: 10pt;\">, del R\u00edo de <\/span><span style=\"color: #333333; font-family: Verdana; font-size: 10pt;\">la Plata<\/span><span style=\"color: #333333; font-family: Verdana; font-size: 10pt;\">, del Alto Per\u00fa, de M\u00e9xico o de la<\/span><span style=\"color: #333333; font-family: Verdana; font-size: 10pt;\">\u00a0<\/span><span style=\"color: #333333; font-family: Verdana; font-size: 10pt;\">Am\u00e9rica Central. Pero tendremos que forzar mucho los hechos, si dentro de esas divisiones<\/span><span style=\"color: #333333; font-family: Verdana; font-size: 10pt;\">\u00a0<\/span><span style=\"color: #333333; font-family: Verdana; font-size: 10pt;\">queremos crear otras y atribuir a cada una su historia particular. Los episodios locales que se<\/span><span style=\"color: #333333; font-family: Verdana; font-size: 10pt;\">\u00a0<\/span><span style=\"color: #333333; font-family: Verdana; font-size: 10pt;\">pueden evocar solo alcanzan a tener antecedentes y finalidad, enlaz\u00e1ndolos con los de la naci\u00f3n<\/span><span style=\"color: #333333; font-family: Verdana; font-size: 10pt;\">\u00a0<\/span><span style=\"color: #333333; font-family: Verdana; font-size: 10pt;\">vecina y coordin\u00e1ndolos con los movimientos generales de una zona, zona que a su vez ha<\/span><span style=\"color: #333333; font-family: Verdana; font-size: 10pt;\">\u00a0<\/span><span style=\"color: #333333; font-family: Verdana; font-size: 10pt;\">vibrado con el ritmo de una conmoci\u00f3n continental. Y si es ardua tarea improvisar una historia<\/span><span style=\"color: #333333; font-family: Verdana; font-size: 10pt;\">\u00a0<\/span><span style=\"color: #333333; font-family: Verdana; font-size: 10pt;\">especial para cada una de estas demarcaciones artificiosas, cuanto m\u00e1s dif\u00edcil a\u00fan es hacer<\/span><span style=\"color: #333333; font-family: Verdana; font-size: 10pt;\">\u00a0<\/span><span style=\"color: #333333; font-family: Verdana; font-size: 10pt;\">surgir de esa historia y de esa vida un ideal particular y un derrotero propio para el futuro. La<\/span><span style=\"color: #333333; font-family: Verdana; font-size: 10pt;\">\u00a0<\/span><span style=\"color: #333333; font-family: Verdana; font-size: 10pt;\">Am\u00e9rica Espa\u00f1ola unida, pudo tener el fin de prolongar y<\/span><span style=\"color: #333333; font-family: Verdana; font-size: 10pt;\">\u00a0<\/span><span style=\"color: #333333; font-family: Verdana; font-size: 10pt;\">superiorizar<\/span><span style=\"color: #333333; font-family: Verdana; font-size: 10pt;\">\u00a0<\/span><span style=\"color: #333333; font-family: Verdana; font-size: 10pt;\">en el Nuevo Mundo la<\/span><span style=\"color: #333333; font-family: Verdana; font-size: 10pt;\">\u00a0<\/span><span style=\"color: #333333; font-family: Verdana; font-size: 10pt;\">civilizaci\u00f3n ib\u00e9rica y la influencia de la latinidad como <\/span><span style=\"color: #333333; font-family: Verdana; font-size: 10pt;\">la Am\u00e9rica<\/span><span style=\"color: #333333; font-family: Verdana; font-size: 10pt;\"> anglosajona hac\u00eda triunfar<\/span><span style=\"color: #333333; font-family: Verdana; font-size: 10pt;\">\u00a0<\/span><span style=\"color: #333333; font-family: Verdana; font-size: 10pt;\">en el norte la tradici\u00f3n ensanchada de la civilizaci\u00f3n inglesa; pero <\/span><span style=\"color: #333333; font-family: Verdana; font-size: 10pt;\">la Am\u00e9rica Espa\u00f1ola<\/span><span style=\"color: #333333; font-family: Verdana; font-size: 10pt;\">\u00a0<\/span><span style=\"color: #333333; font-family: Verdana; font-size: 10pt;\">fraccionada en naciones de trescientos mil habitantes, solo pod\u00eda ser presa de las ambiciones de<\/span><span style=\"color: #333333; font-family: Verdana; font-size: 10pt;\">\u00a0<\/span><span style=\"color: #333333; font-family: Verdana; font-size: 10pt;\">grupos expeditivos, fascinados por el poder.<\/span><\/p>\n<p style=\"background-color: #ffffff; line-height: 13.5pt; margin: 5pt 0pt; text-align: justify;\"><span style=\"color: #333333; font-family: Verdana; font-size: 10pt;\">\u00a0<\/span><\/p>\n<p style=\"background-color: #ffffff; line-height: 13.5pt; margin: 5pt 0pt; text-align: center;\"><img loading=\"lazy\" decoding=\"async\" class=\"aligncenter size-full wp-image-5885\" src=\"https:\/\/historiadelperonismo.com\/wp-content\/uploads\/55ec5ae9585e1_img1.jpeg\" alt=\"55ec5ae9585e1_img\" width=\"185\" height=\"238\" srcset=\"https:\/\/historiadelperonismo.com\/wp-content\/uploads\/55ec5ae9585e1_img1.jpeg 185w, https:\/\/historiadelperonismo.com\/wp-content\/uploads\/55ec5ae9585e1_img1-113x146.jpeg 113w, https:\/\/historiadelperonismo.com\/wp-content\/uploads\/55ec5ae9585e1_img1-39x50.jpeg 39w\" sizes=\"(max-width: 185px) 100vw, 185px\" \/><\/p>\n<p style=\"background-color: #ffffff; line-height: 13.5pt; margin: 5pt 0pt; text-align: center;\"><span style=\"color: #333333; font-family: Verdana; font-size: 10pt;\">\u00a0<\/span><\/p>\n<p style=\"background-color: #ffffff; line-height: 13.5pt; margin: 5pt 0pt; text-align: justify;\"><span style=\"color: #333333; font-family: Verdana; font-size: 10pt;\">Sin una ra\u00edz en el pasado, sin un punto de mira en el porvenir, sin m\u00e1s ejemplo, tradici\u00f3n o<\/span><span style=\"color: #333333; font-family: Verdana; font-size: 10pt;\">\u00a0<\/span><span style=\"color: #333333; font-family: Verdana; font-size: 10pt;\">esperanza que la conquista del mando, esos n\u00facleos perdieron de vista cuanto constituy\u00f3 la<\/span><span style=\"color: #333333; font-family: Verdana; font-size: 10pt;\">\u00a0<\/span><span style=\"color: #333333; font-family: Verdana; font-size: 10pt;\">virtud inicial de un movimiento para hacerse profesionalmente revoltosos.<\/span><\/p>\n<p style=\"background-color: #ffffff; line-height: 13.5pt; margin: 5pt 0pt; text-align: justify;\"><span style=\"color: #333333; font-family: Verdana; font-size: 10pt;\">Claro est\u00e1 que al hablar as\u00ed del conjunto, pongo de relieve, en las zonas aquietadas o renovadas<\/span><span style=\"color: #333333; font-family: Verdana; font-size: 10pt;\">\u00a0<\/span><span style=\"color: #333333; font-family: Verdana; font-size: 10pt;\">por fuertes corrientes inmigratorias, la excepci\u00f3n y el triunfo de algunas rep\u00fablicas que parecen<\/span><span style=\"color: #333333; font-family: Verdana; font-size: 10pt;\">\u00a0<\/span><span style=\"color: #333333; font-family: Verdana; font-size: 10pt;\">desmentir estos asertos con su maravilloso desarrollo. Pero ellas mismas se resienten de la<\/span><span style=\"color: #333333; font-family: Verdana; font-size: 10pt;\">\u00a0<\/span><span style=\"color: #333333; font-family: Verdana; font-size: 10pt;\">desmembraci\u00f3n inicial y de la forma en que han tenido que desenvolverse, atendiendo a la vez<\/span><span style=\"color: #333333; font-family: Verdana; font-size: 10pt;\">\u00a0<\/span><span style=\"color: #333333; font-family: Verdana; font-size: 10pt;\">a las presiones exteriores y a la asechanza de los hermanos vecinos, dentro del desconcierto que<\/span><span style=\"color: #333333; font-family: Verdana; font-size: 10pt;\">\u00a0<\/span><span style=\"color: #333333; font-family: Verdana; font-size: 10pt;\">caracteriza la pol\u00edtica continental. Y la impresi\u00f3n se acent\u00faa cuando advertimos que esos<\/span><span style=\"color: #333333; font-family: Verdana; font-size: 10pt;\">\u00a0<\/span><span style=\"color: #333333; font-family: Verdana; font-size: 10pt;\">mismos pa\u00edses, lejos de sanear sus finanzas, siguen solicitando pr\u00e9stamos, lejos de explotar sus<\/span><span style=\"color: #333333; font-family: Verdana; font-size: 10pt;\">\u00a0<\/span><span style=\"color: #333333; font-family: Verdana; font-size: 10pt;\">riquezas, las ceden a las compa\u00f1\u00edas extranjeras, lejos de extender su irradiaci\u00f3n por Am\u00e9rica, se<\/span><span style=\"color: #333333; font-family: Verdana; font-size: 10pt;\">\u00a0<\/span><span style=\"color: #333333; font-family: Verdana; font-size: 10pt;\">recluyen en localismos infecundos, como si la r\u00e1pida elevaci\u00f3n les impidiera pensar en el<\/span><span style=\"color: #333333; font-family: Verdana; font-size: 10pt;\">\u00a0<\/span><span style=\"color: #333333; font-family: Verdana; font-size: 10pt;\">porvenir.<\/span><\/p>\n<p style=\"background-color: #ffffff; line-height: 13.5pt; margin: 5pt 0pt; text-align: justify;\"><span style=\"color: #333333; font-family: Verdana; font-size: 10pt;\">En la f\u00e1cil tarea de adularnos a nosotros mismos, fomentando errores peligrosos, hemos<\/span><span style=\"color: #333333; font-family: Verdana; font-size: 10pt;\">\u00a0<\/span><span style=\"color: #333333; font-family: Verdana; font-size: 10pt;\">empleado muchas de las cualidades que debimos poner al servicio de la observaci\u00f3n y el<\/span><span style=\"color: #333333; font-family: Verdana; font-size: 10pt;\">\u00a0<\/span><span style=\"color: #333333; font-family: Verdana; font-size: 10pt;\">mejoramiento de la vida americana. La sana divergencia patri\u00f3tica que revela debilidades y<\/span><span style=\"color: #333333; font-family: Verdana; font-size: 10pt;\">\u00a0<\/span><span style=\"color: #333333; font-family: Verdana; font-size: 10pt;\">deficiencias, no para exhibirlas, sino precisamente para hacerlas desaparecer, puede levantar en<\/span><span style=\"color: #333333; font-family: Verdana; font-size: 10pt;\">\u00a0<\/span><span style=\"color: #333333; font-family: Verdana; font-size: 10pt;\">los comienzos un revuelo hostil en el seno de pa\u00edses poco acostumbrados a la autocr\u00edtica y<\/span><span style=\"color: #333333; font-family: Verdana; font-size: 10pt;\">\u00a0<\/span><span style=\"color: #333333; font-family: Verdana; font-size: 10pt;\">estragados por la lisonja, pero quien recapacite serenamente, ver\u00e1 en la inquieta vigilancia y en<\/span><span style=\"color: #333333; font-family: Verdana; font-size: 10pt;\">\u00a0<\/span><span style=\"color: #333333; font-family: Verdana; font-size: 10pt;\">el examen severo de los factores que nos debilitan una forma de patriotismo mas \u00fatil que en la<\/span><span style=\"color: #333333; font-family: Verdana; font-size: 10pt;\">\u00a0<\/span><span style=\"color: #333333; font-family: Verdana; font-size: 10pt;\">ciega aceptaci\u00f3n y el obstinado cultivo de todo lo malo que nos rodea.<\/span><\/p>\n<p style=\"background-color: #ffffff; line-height: 13.5pt; margin: 5pt 0pt; text-align: justify;\"><span style=\"color: #333333; font-family: Verdana; font-size: 10pt;\">Los errores de Am\u00e9rica est\u00e1n desgraciadamente subrayados por hechos dolorosos cuya<\/span><span style=\"color: #333333; font-family: Verdana; font-size: 10pt;\">\u00a0<\/span><span style=\"color: #333333; font-family: Verdana; font-size: 10pt;\">autenticidad nadie puede discutir. Las provincias perdidas por M\u00e9xico en 1848, la<\/span><span style=\"color: #333333; font-family: Verdana; font-size: 10pt;\">\u00a0<\/span><span style=\"color: #333333; font-family: Verdana; font-size: 10pt;\">desmembraci\u00f3n de Colombia, el protectorado en Cuba, la ocupaci\u00f3n de Puerto Rico y Santo<\/span><span style=\"color: #333333; font-family: Verdana; font-size: 10pt;\">\u00a0<\/span><span style=\"color: #333333; font-family: Verdana; font-size: 10pt;\">Domingo, las injerencias que perturban la vida de <\/span><span style=\"color: #333333; font-family: Verdana; font-size: 10pt;\">la Am\u00e9rica Central<\/span><span style=\"color: #333333; font-family: Verdana; font-size: 10pt;\">, -para hablar solo de lo<\/span><span style=\"color: #333333; font-family: Verdana; font-size: 10pt;\">\u00a0<\/span><span style=\"color: #333333; font-family: Verdana; font-size: 10pt;\">m\u00e1s conocido-, no son fracasos imputables exclusivamente al imperialismo. Para que todo ello<\/span><span style=\"color: #333333; font-family: Verdana; font-size: 10pt;\">\u00a0<\/span><span style=\"color: #333333; font-family: Verdana; font-size: 10pt;\">haya podido producirse, ha sido necesaria una continuidad de imprudencias fatales, de olvidos<\/span><span style=\"color: #333333; font-family: Verdana; font-size: 10pt;\">\u00a0<\/span><span style=\"color: #333333; font-family: Verdana; font-size: 10pt;\">sistem\u00e1ticos, de impericias lamentables y de torpezas end\u00e9micas que prepararon el ambiente de<\/span><span style=\"color: #333333; font-family: Verdana; font-size: 10pt;\">\u00a0<\/span><span style=\"color: #333333; font-family: Verdana; font-size: 10pt;\">descr\u00e9dito, dentro del cual los atentados pudieron consumarse, sin riesgo ni protesta, en medio<\/span><span style=\"color: #333333; font-family: Verdana; font-size: 10pt;\">\u00a0<\/span><span style=\"color: #333333; font-family: Verdana; font-size: 10pt;\">del sometimiento de los lastimados y el silencio de la opini\u00f3n universal.<\/span><\/p>\n<p style=\"background-color: #ffffff; line-height: 13.5pt; margin: 5pt 0pt; text-align: justify;\"><span style=\"color: #333333; font-family: Verdana; font-size: 10pt;\">No hay que buscar en la debilidad una explicaci\u00f3n. Las debilidades s\u00f3lo empiezan cuando el esp\u00edritu desmaya o se resigna. La existencia de Suiza y de B\u00e9lgica prueba que los pueblos<\/span><span style=\"color: #333333; font-family: Verdana; font-size: 10pt;\">\u00a0<\/span><span style=\"color: #333333; font-family: Verdana; font-size: 10pt;\">peque\u00f1os pueden perdurar si los vivifica y los sostiene la previsi\u00f3n y la inquietud constante de<\/span><span style=\"color: #333333; font-family: Verdana; font-size: 10pt;\">\u00a0<\/span><span style=\"color: #333333; font-family: Verdana; font-size: 10pt;\">su destino. Nuestra Am\u00e9rica no ha sufrido esos golpes porque es d\u00e9bil ; los ha sufrido porque<\/span><span style=\"color: #333333; font-family: Verdana; font-size: 10pt;\">\u00a0<\/span><span style=\"color: #333333; font-family: Verdana; font-size: 10pt;\">no supo intervenir a tiempo para evitar las causas que los determinaron y porque no atin\u00f3 a<\/span><span style=\"color: #333333; font-family: Verdana; font-size: 10pt;\">\u00a0<\/span><span style=\"color: #333333; font-family: Verdana; font-size: 10pt;\">corregir dentro de su propio seno los vicios que deb\u00edan hacerlos fatales. La falta de preparaci\u00f3n<\/span><span style=\"color: #333333; font-family: Verdana; font-size: 10pt;\">\u00a0<\/span><span style=\"color: #333333; font-family: Verdana; font-size: 10pt;\">en los hombres de gobierno, las revoluciones interminables, el desbarajuste de la hacienda, el<\/span><span style=\"color: #333333; font-family: Verdana; font-size: 10pt;\">\u00a0<\/span><span style=\"color: #333333; font-family: Verdana; font-size: 10pt;\">descuido para explotar las riquezas naturales, la ingenua facilidad con que se otorgan<\/span><span style=\"color: #333333; font-family: Verdana; font-size: 10pt;\">\u00a0<\/span><span style=\"color: #333333; font-family: Verdana; font-size: 10pt;\">concesiones al extranjero, las infecundas rivalidades con las rep\u00fablicas lim\u00edtrofes y el<\/span><span style=\"color: #333333; font-family: Verdana; font-size: 10pt;\">\u00a0<\/span><span style=\"color: #333333; font-family: Verdana; font-size: 10pt;\">desconocimiento de lo que puede ser la pol\u00edtica internacional fueron factores m\u00e1s eficaces en el<\/span><span style=\"color: #333333; font-family: Verdana; font-size: 10pt;\">\u00a0<\/span><span style=\"color: #333333; font-family: Verdana; font-size: 10pt;\">desastre que la avidez del conquistador.<\/span><\/p>\n<p style=\"background-color: #ffffff; line-height: 13.5pt; margin: 5pt 0pt; text-align: justify;\"><span style=\"color: #333333; font-family: Verdana; font-size: 10pt;\">Modificando una f\u00f3rmula consagrada, podr\u00edamos decir que para los pueblos \u00abprever es vivir\u00bb.<\/span><span style=\"color: #333333; font-family: Verdana; font-size: 10pt;\">\u00a0<\/span><span style=\"color: #333333; font-family: Verdana; font-size: 10pt;\">Y los nuestros no han previsto nunca, deslumbrados por las luchas internas o las rivalidades<\/span><span style=\"color: #333333; font-family: Verdana; font-size: 10pt;\">\u00a0<\/span><span style=\"color: #333333; font-family: Verdana; font-size: 10pt;\">min\u00fasculas con los hermanos establecidos del otro lado de una frontera en la mayor parte de los<\/span><span style=\"color: #333333; font-family: Verdana; font-size: 10pt;\">\u00a0<\/span><span style=\"color: #333333; font-family: Verdana; font-size: 10pt;\">casos artificial.<\/span><\/p>\n<p style=\"background-color: #ffffff; line-height: 13.5pt; margin: 5pt 0pt; text-align: justify;\"><span style=\"color: #333333; font-family: Verdana; font-size: 10pt;\">Las mismas rep\u00fablicas del extremo sur, aparentemente ilesas en medio del auge de sus<\/span><span style=\"color: #333333; font-family: Verdana; font-size: 10pt;\">\u00a0<\/span><span style=\"color: #333333; font-family: Verdana; font-size: 10pt;\">negocios y su vida europea, se dejan marear por la facilidad de su propia vida, olvidando dosificar el cosmopolitismo, postergando las alianzas necesarias con sus vecinos inmediatos y<\/span><span style=\"color: #333333; font-family: Verdana; font-size: 10pt;\">\u00a0<\/span><span style=\"color: #333333; font-family: Verdana; font-size: 10pt;\">absteni\u00e9ndose de ejercer en el resto del Continente la acci\u00f3n moral a que las invita su destino.<\/span><\/p>\n<p style=\"background-color: #ffffff; line-height: 13.5pt; margin: 5pt 0pt; text-align: justify;\"><span style=\"color: #333333; font-family: Verdana; font-size: 10pt;\">\u00a0<\/span><\/p>\n<p style=\"background-color: #ffffff; line-height: 13.5pt; margin: 5pt 0pt; text-align: center;\"><img loading=\"lazy\" decoding=\"async\" class=\"aligncenter size-full wp-image-5886\" src=\"https:\/\/historiadelperonismo.com\/wp-content\/uploads\/55ec5ae958abf_img1.jpeg\" alt=\"55ec5ae958abf_img\" width=\"522\" height=\"295\" srcset=\"https:\/\/historiadelperonismo.com\/wp-content\/uploads\/55ec5ae958abf_img1.jpeg 522w, https:\/\/historiadelperonismo.com\/wp-content\/uploads\/55ec5ae958abf_img1-300x170.jpeg 300w, https:\/\/historiadelperonismo.com\/wp-content\/uploads\/55ec5ae958abf_img1-258x146.jpeg 258w, https:\/\/historiadelperonismo.com\/wp-content\/uploads\/55ec5ae958abf_img1-50x28.jpeg 50w\" sizes=\"(max-width: 522px) 100vw, 522px\" \/><\/p>\n<p style=\"background-color: #ffffff; line-height: 13.5pt; margin: 5pt 0pt; text-align: center;\"><span style=\"color: #333333; font-family: Verdana; font-size: 10pt;\">\u00a0<\/span><\/p>\n<p style=\"margin: 0pt;\"><span style=\"font-family: 'Times New Roman'; font-size: 12pt;\">\u00a0<\/span><\/p>\n<\/div>\n<p>&nbsp;<\/p>\n","protected":false},"excerpt":{"rendered":"<p><a style=\"color: #626262; text-decoration:none;\" href=\"https:\/\/historiadelperonismo.com\/?p=3474\">por Manuel Ugarte<br \/>\n Leer mas<\/a><\/p>\n","protected":false},"author":2,"featured_media":0,"comment_status":"closed","ping_status":"closed","sticky":false,"template":"","format":"standard","meta":{"footnotes":""},"categories":[13],"tags":[],"class_list":["post-3474","post","type-post","status-publish","format-standard","hentry","category-temas-especiales"],"_links":{"self":[{"href":"https:\/\/historiadelperonismo.com\/index.php?rest_route=\/wp\/v2\/posts\/3474","targetHints":{"allow":["GET"]}}],"collection":[{"href":"https:\/\/historiadelperonismo.com\/index.php?rest_route=\/wp\/v2\/posts"}],"about":[{"href":"https:\/\/historiadelperonismo.com\/index.php?rest_route=\/wp\/v2\/types\/post"}],"author":[{"embeddable":true,"href":"https:\/\/historiadelperonismo.com\/index.php?rest_route=\/wp\/v2\/users\/2"}],"replies":[{"embeddable":true,"href":"https:\/\/historiadelperonismo.com\/index.php?rest_route=%2Fwp%2Fv2%2Fcomments&post=3474"}],"version-history":[{"count":4,"href":"https:\/\/historiadelperonismo.com\/index.php?rest_route=\/wp\/v2\/posts\/3474\/revisions"}],"predecessor-version":[{"id":11442,"href":"https:\/\/historiadelperonismo.com\/index.php?rest_route=\/wp\/v2\/posts\/3474\/revisions\/11442"}],"wp:attachment":[{"href":"https:\/\/historiadelperonismo.com\/index.php?rest_route=%2Fwp%2Fv2%2Fmedia&parent=3474"}],"wp:term":[{"taxonomy":"category","embeddable":true,"href":"https:\/\/historiadelperonismo.com\/index.php?rest_route=%2Fwp%2Fv2%2Fcategories&post=3474"},{"taxonomy":"post_tag","embeddable":true,"href":"https:\/\/historiadelperonismo.com\/index.php?rest_route=%2Fwp%2Fv2%2Ftags&post=3474"}],"curies":[{"name":"wp","href":"https:\/\/api.w.org\/{rel}","templated":true}]}}