{"id":3856,"date":"2015-06-11T10:53:39","date_gmt":"2015-06-11T10:53:39","guid":{"rendered":"http:\/\/www.xn--diseowebdmg4-dhb.com.ar\/historiadelperonismo\/?p=3856"},"modified":"2018-09-05T16:53:26","modified_gmt":"2018-09-05T19:53:26","slug":"la-rama-sindical-del-movimiento-peronista","status":"publish","type":"post","link":"https:\/\/historiadelperonismo.com\/?p=3856","title":{"rendered":"La Rama Sindical del Movimiento Peronista"},"content":{"rendered":"<p>&nbsp;<\/p>\n<div>\n<p style=\"margin: 0pt; background-color: #ffffff;\"><img decoding=\"async\" class=\"size-full wp-image-6301 alignnone\" src=\"https:\/\/historiadelperonismo.com\/wp-content\/uploads\/55d12fdbb6bce_img.png\" alt=\"55d12fdbb6bce_img\" width=\"256\" height=\"31\" srcset=\"https:\/\/historiadelperonismo.com\/wp-content\/uploads\/55d12fdbb6bce_img.png 256w, https:\/\/historiadelperonismo.com\/wp-content\/uploads\/55d12fdbb6bce_img-50x6.png 50w\" sizes=\"(max-width: 256px) 100vw, 256px\" \/><img decoding=\"async\" style=\"-aw-left-pos: 0pt; -aw-rel-hpos: column; -aw-rel-vpos: paragraph; -aw-top-pos: 0pt; -aw-wrap-type: inline;\" src=\"http:\/\/www.xn--diseowebdmg4-dhb.com.ar\/historiadelperonismo\/wp-content\/uploads\/2015\/08\/55d12fdbb6ce9_img.png\" alt=\"\" width=\"1\" height=\"20\" \/><span style=\"font-family: 'Times New Roman'; font-size: 12pt;\">\u00a0<\/span><\/p>\n<p style=\"margin: 5pt 0pt; background-color: #ffffff;\"><span style=\"font-family: Verdana; font-size: 9pt; font-weight: bold;\">Parte III:<\/span><span style=\"font-family: Verdana; font-size: 9pt;\">\u00a0<\/span><br \/>\n<span style=\"font-family: Verdana; font-size: 9pt; font-weight: bold;\">PRIMER GOBIERNO DE PERON<\/span><span style=\"font-family: Verdana; font-size: 9pt;\">\u00a0<\/span><br \/>\n<span style=\"font-family: Verdana; font-size: 9pt; font-weight: bold;\">1946-1952<\/span><\/p>\n<p style=\"margin: 5pt 0pt; background-color: #ffffff;\"><span style=\"font-family: Verdana; font-size: 9pt; font-weight: bold;\">En lo pol\u00edtico:<\/span><br \/>\n<span style=\"font-family: Verdana; font-size: 9pt; font-weight: bold;\">La Rama Sindical<\/span><span style=\"font-family: Verdana; font-size: 9pt; font-weight: bold;\"> del Movimiento Peronista<\/span><br \/>\n<span style=\"font-family: Verdana; font-size: 9pt; font-weight: bold;\">La Organizaci\u00f3n<\/span><span style=\"font-family: Verdana; font-size: 9pt; font-weight: bold;\"> de los Trabajadores<\/span><br \/>\n<span style=\"font-family: Verdana; font-size: 9pt; font-weight: bold;\">Antecedentes<\/span><br \/>\n<span style=\"font-family: Verdana; font-size: 9pt; font-weight: bold;\">El nuevo sindicalismo<\/span><\/p>\n<p style=\"margin: 5pt 0pt; background-color: #ffffff;\"><span style=\"font-family: Verdana; font-size: 9pt; font-weight: bold;\">\u00a0<\/span><\/p>\n<p style=\"margin: 5pt 0pt; background-color: #ffffff;\"><span style=\"font-family: Verdana; font-size: 9pt; font-weight: bold;\">\u201c<\/span><span style=\"font-family: Verdana; font-size: 9pt; font-style: italic; font-weight: bold;\">La organizaci\u00f3n llegar\u00e1 a ser indestructible cuando las voluntades humanas se encaminen al bien y a la justicia, con un sentido a la colectivo y patri\u00f3tico. Y, para alcanzar las ventajas que la sindicaci\u00f3n trae aparejadas, las asociaciones profesionales deben sujetarse a uno de los imperativos categ\u00f3ricos de nuestra \u00e9poca: el imperativo de la organizaci\u00f3n.\u201d<\/span><\/p>\n<p style=\"margin: 5pt 0pt; background-color: #ffffff;\"><span style=\"font-family: Verdana; font-size: 9pt; font-style: italic; font-weight: bold;\">\u201cLa organizaci\u00f3n obrera es para nosotros la base de nuestros procedimientos, pues no podemos ir a preguntar a cada uno de los obreros cu\u00e1les son sus necesidades y cu\u00e1l la obra que nosotros debemos realizar. Para ello necesitamos la organizaci\u00f3n obrera. Y que estas organizaciones est\u00e9n representadas por aut\u00e9nticos trabajadores.\u201d<\/span><br \/>\n<span style=\"font-family: Verdana; font-size: 9pt; font-style: italic; font-weight: bold;\">\u00a0<\/span><span style=\"font-family: Verdana; font-size: 9pt; font-style: italic; font-weight: bold;\">\u00a0<\/span><span style=\"font-family: Verdana; font-size: 9pt; font-style: italic; font-weight: bold;\">\u00a0<\/span><span style=\"font-family: Verdana; font-size: 9pt; font-style: italic; font-weight: bold;\">\u00a0<\/span><span style=\"font-family: Verdana; font-size: 9pt; font-style: italic; font-weight: bold;\">\u00a0<\/span><span style=\"font-family: Verdana; font-size: 9pt; font-style: italic; font-weight: bold;\">\u00a0<\/span><span style=\"font-family: Verdana; font-size: 9pt; font-style: italic; font-weight: bold;\">\u00a0<\/span><span style=\"font-family: Verdana; font-size: 9pt; font-style: italic; font-weight: bold;\">\u00a0<\/span><span style=\"font-family: Verdana; font-size: 9pt; font-style: italic; font-weight: bold;\">\u00a0<\/span><span style=\"font-family: Verdana; font-size: 9pt; font-style: italic; font-weight: bold;\">\u00a0<\/span><span style=\"font-family: Verdana; font-size: 9pt; font-style: italic; font-weight: bold;\">\u00a0<\/span><span style=\"font-family: Verdana; font-size: 9pt; font-style: italic; font-weight: bold;\">\u00a0<\/span><span style=\"font-family: Verdana; font-size: 9pt; font-style: italic; font-weight: bold;\">\u00a0<\/span><span style=\"font-family: Verdana; font-size: 9pt; font-style: italic; font-weight: bold;\">\u00a0<\/span><span style=\"font-family: Verdana; font-size: 9pt; font-style: italic; font-weight: bold;\">\u00a0<\/span><span style=\"font-family: Verdana; font-size: 9pt; font-style: italic; font-weight: bold;\">\u00a0<\/span><span style=\"font-family: Verdana; font-size: 9pt; font-style: italic; font-weight: bold;\">\u00a0<\/span><span style=\"font-family: Verdana; font-size: 9pt; font-style: italic; font-weight: bold;\">\u00a0<\/span><span style=\"font-family: Verdana; font-size: 9pt; font-style: italic; font-weight: bold;\">\u00a0<\/span><span style=\"font-family: Verdana; font-size: 9pt; font-style: italic; font-weight: bold;\">\u00a0<\/span><span style=\"font-family: Verdana; font-size: 9pt; font-style: italic; font-weight: bold;\">\u00a0<\/span><span style=\"font-family: Verdana; font-size: 9pt; font-style: italic; font-weight: bold;\">\u00a0<\/span><span style=\"font-family: Verdana; font-size: 9pt; font-style: italic; font-weight: bold;\">\u00a0<\/span><span style=\"font-family: Verdana; font-size: 9pt; font-style: italic; font-weight: bold;\">\u00a0<\/span><span style=\"font-family: Verdana; font-size: 9pt; font-style: italic; font-weight: bold;\">\u00a0<\/span><span style=\"font-family: Verdana; font-size: 9pt; font-style: italic; font-weight: bold;\">\u00a0<\/span><span style=\"font-family: Verdana; font-size: 9pt; font-style: italic; font-weight: bold;\">\u00a0<\/span><span style=\"font-family: Verdana; font-size: 9pt; font-style: italic; font-weight: bold;\">\u00a0<\/span><span style=\"font-family: Verdana; font-size: 9pt; font-style: italic; font-weight: bold;\">\u00a0<\/span><span style=\"font-family: Verdana; font-size: 9pt; font-style: italic; font-weight: bold;\">\u00a0<\/span><span style=\"font-family: Verdana; font-size: 9pt; font-style: italic; font-weight: bold;\">\u00a0<\/span><span style=\"font-family: Verdana; font-size: 9pt; font-style: italic; font-weight: bold;\">\u00a0<\/span><span style=\"font-family: Verdana; font-size: 9pt; font-style: italic; font-weight: bold;\">\u00a0<\/span> <span style=\"font-family: Verdana; font-size: 9pt; font-style: italic; font-weight: bold;\">\u00a0<\/span><span style=\"font-family: Verdana; font-size: 9pt; font-style: italic; font-weight: bold;\">\u00a0<\/span><span style=\"font-family: Verdana; font-size: 9pt; font-style: italic; font-weight: bold;\">\u00a0<\/span><span style=\"font-family: Verdana; font-size: 9pt; font-style: italic; font-weight: bold;\">\u00a0<\/span><span style=\"font-family: Verdana; font-size: 9pt; font-style: italic; font-weight: bold;\">\u00a0<\/span><span style=\"font-family: Verdana; font-size: 9pt; font-style: italic; font-weight: bold;\">\u00a0<\/span><span style=\"font-family: Verdana; font-size: 9pt; font-style: italic; font-weight: bold;\">\u00a0<\/span><span style=\"font-family: Verdana; font-size: 9pt; font-style: italic; font-weight: bold;\">\u00a0<\/span><span style=\"font-family: Verdana; font-size: 9pt; font-style: italic; font-weight: bold;\">\u00a0<\/span><span style=\"font-family: Verdana; font-size: 9pt; font-style: italic; font-weight: bold;\">\u00a0<\/span><span style=\"font-family: Verdana; font-size: 9pt; font-style: italic; font-weight: bold;\">\u00a0<\/span><span style=\"font-family: Verdana; font-size: 9pt; font-style: italic; font-weight: bold;\">\u00a0<\/span><span style=\"font-family: Verdana; font-size: 9pt; font-style: italic; font-weight: bold;\">\u00a0<\/span><span style=\"font-family: Verdana; font-size: 9pt; font-style: italic; font-weight: bold;\">\u00a0<\/span><span style=\"font-family: Verdana; font-size: 9pt; font-style: italic; font-weight: bold;\">\u00a0<\/span><span style=\"font-family: Verdana; font-size: 9pt; font-style: italic; font-weight: bold;\">\u00a0<\/span><span style=\"font-family: Verdana; font-size: 9pt; font-style: italic; font-weight: bold;\">\u00a0<\/span><span style=\"font-family: Verdana; font-size: 9pt; font-style: italic; font-weight: bold;\">\u00a0<\/span><span style=\"font-family: Verdana; font-size: 9pt; font-style: italic; font-weight: bold;\">\u00a0<\/span><span style=\"font-family: Verdana; font-size: 9pt; font-style: italic; font-weight: bold;\">\u00a0<\/span><span style=\"font-family: Verdana; font-size: 9pt; font-style: italic; font-weight: bold;\">\u00a0<\/span><span style=\"font-family: Verdana; font-size: 9pt; font-style: italic; font-weight: bold;\">\u00a0<\/span><span style=\"font-family: Verdana; font-size: 9pt; font-style: italic; font-weight: bold;\">\u00a0<\/span><span style=\"font-family: Verdana; font-size: 9pt; font-style: italic; font-weight: bold;\">\u00a0<\/span><span style=\"font-family: Verdana; font-size: 9pt; font-style: italic; font-weight: bold;\">\u00a0<\/span><span style=\"font-family: Verdana; font-size: 9pt; font-style: italic; font-weight: bold;\">\u00a0<\/span><span style=\"font-family: Verdana; font-size: 9pt; font-style: italic; font-weight: bold;\">\u00a0<\/span><span style=\"font-family: Verdana; font-size: 9pt; font-style: italic; font-weight: bold;\">\u00a0<\/span><span style=\"font-family: Verdana; font-size: 9pt; font-style: italic; font-weight: bold;\">\u00a0<\/span><span style=\"font-family: Verdana; font-size: 9pt; font-style: italic; font-weight: bold;\">\u00a0<\/span><span style=\"font-family: Verdana; font-size: 9pt; font-style: italic; font-weight: bold;\">\u00a0<\/span><span style=\"font-family: Verdana; font-size: 9pt; font-style: italic; font-weight: bold;\">\u00a0<\/span><span style=\"font-family: Verdana; font-size: 9pt; font-style: italic; font-weight: bold;\">\u00a0<\/span><span style=\"font-family: Verdana; font-size: 9pt; font-style: italic; font-weight: bold;\">\u00a0<\/span><span style=\"font-family: Verdana; font-size: 9pt; font-style: italic; font-weight: bold;\">\u00a0<\/span><span style=\"font-family: Verdana; font-size: 9pt; font-style: italic; font-weight: bold;\">\u00a0<\/span><span style=\"font-family: Verdana; font-size: 9pt; font-style: italic; font-weight: bold;\">\u00a0<\/span><span style=\"font-family: Verdana; font-size: 9pt; font-style: italic; font-weight: bold;\">\u00a0<\/span><span style=\"font-family: Verdana; font-size: 9pt; font-style: italic; font-weight: bold;\">\u00a0<\/span><span style=\"font-family: Verdana; font-size: 9pt; font-style: italic; font-weight: bold;\">\u00a0<\/span><span style=\"font-family: Verdana; font-size: 9pt; font-style: italic; font-weight: bold;\">\u00a0<\/span><span style=\"font-family: Verdana; font-size: 9pt; font-style: italic; font-weight: bold;\">\u00a0<\/span><span style=\"font-family: Verdana; font-size: 9pt; font-style: italic; font-weight: bold;\">\u00a0<\/span><span style=\"font-family: Verdana; font-size: 9pt; font-style: italic; font-weight: bold;\">\u00a0<\/span><span style=\"font-family: Verdana; font-size: 9pt; font-style: italic; font-weight: bold;\">\u00a0<\/span><span style=\"font-family: Verdana; font-size: 9pt; font-style: italic; font-weight: bold;\">\u00a0<\/span><span style=\"font-family: Verdana; font-size: 9pt; font-style: italic; font-weight: bold;\">\u00a0<\/span><span style=\"font-family: Verdana; font-size: 9pt; font-style: italic; font-weight: bold;\">Juan Domingo Per\u00f3n<\/span><\/p>\n<p style=\"margin: 5pt 0pt; background-color: #ffffff;\"><span style=\"font-family: Verdana; font-size: 9pt;\">\u00a0<\/span><\/p>\n<p style=\"margin: 5pt 0pt; background-color: #ffffff;\"><span style=\"font-family: Verdana; font-size: 9pt; font-weight: bold;\">Introducci\u00f3n<\/span><br \/>\n<span style=\"font-family: Verdana; font-size: 9pt; font-weight: bold;\">Cuadro de situaci\u00f3n del sindicalismo en 1943<\/span><\/p>\n<p style=\"margin: 5pt 0pt; background-color: #ffffff;\"><span style=\"font-family: Verdana; font-size: 9pt;\">\u00a0<\/span><span style=\"font-family: Verdana; font-size: 9pt;\">\u00a0<\/span><span style=\"font-family: Verdana; font-size: 9pt;\">\u00a0<\/span><span style=\"font-family: Verdana; font-size: 9pt;\">\u00a0<\/span><span style=\"font-family: Verdana; font-size: 9pt;\">Tal como qued\u00f3 planteada la cuesti\u00f3n esencial, referida a c\u00f3mo organizar<\/span><span style=\"font-family: Verdana; font-size: 9pt;\">\u00a0<\/span><span style=\"font-family: Verdana; font-size: 9pt;\"> los diferentes sectores del pueblo en un gran movimiento que congregara a todos ellos, se<\/span><span style=\"font-family: Verdana; font-size: 9pt;\">\u00a0<\/span><span style=\"font-family: Verdana; font-size: 9pt;\"> ver\u00e1 a partir de ahora como Per\u00f3n crea esa org\u00e1nica para los trabajadores.<\/span><\/p>\n<p style=\"margin: 5pt 0pt; background-color: #ffffff;\"><span style=\"font-family: Verdana; font-size: 9pt;\">\u00a0<\/span><span style=\"font-family: Verdana; font-size: 9pt;\">\u00a0<\/span><span style=\"font-family: Verdana; font-size: 9pt;\">\u00a0<\/span><span style=\"font-family: Verdana; font-size: 9pt;\">\u00a0<\/span><span style=\"font-family: Verdana; font-size: 9pt;\">Antes de 1943, a\u00f1o en que Per\u00f3n llega a <\/span><span style=\"font-family: Verdana; font-size: 9pt;\">la Secretar\u00eda<\/span><span style=\"font-family: Verdana; font-size: 9pt;\"> de Trabajo y Previsi\u00f3n, la fuerza obrera organizada era minoritaria, no solamente respecto del resto de la sociedad, sino que lo era dentro del propio campo de los trabajadores. Es decir, solo una porci\u00f3n de ellos ten\u00eda afiliaci\u00f3n a un sindicato y estos a su vez pertenec\u00edan a una de las varias centrales de trabajadores. El resultado obvio era que, con pocos trabajadores sindicalizados y divididos en numerosas tendencias pol\u00edticas; tambi\u00e9n fragmentados al estar organizados los sindicatos por oficios y no por ramas de actividad, cuesti\u00f3n esta de una importancia may\u00fascula, la incidencia de esa fuerza laboral en el resultado de sus justos reclamos era casi nula. El r\u00e9gimen patronal, a su vez, los manten\u00eda al margen de toda ley y juridicidad. No exist\u00eda el fuero laboral ni una ley madre respecto de las asociaciones relativas al trabajo humano y las pocas leyes de trabajo que hab\u00eda eran ignoradas y su cumplimiento era inexistente.<\/span><br \/>\n<span style=\"font-family: Verdana; font-size: 9pt;\">\u00a0<\/span><span style=\"font-family: Verdana; font-size: 9pt;\">\u00a0<\/span><span style=\"font-family: Verdana; font-size: 9pt;\">\u00a0<\/span><span style=\"font-family: Verdana; font-size: 9pt;\">\u00a0<\/span><span style=\"font-family: Verdana; font-size: 9pt;\">Todo ello derivaba, como estamos diciendo, en que los trabajadores y sus organizaciones estaban pol\u00edticamente en minor\u00eda. En tal situaci\u00f3n, la desventaja para obtener cualquier mejora en los salarios o en las condiciones de trabajo, solo pod\u00eda ser equilibrada con la heroicidad de las protestas que pudieran llevarse a cabo. As\u00ed, desde los or\u00edgenes de la organizaci\u00f3n obrera en <\/span><span style=\"font-family: Verdana; font-size: 9pt;\">la Argentina<\/span><span style=\"font-family: Verdana; font-size: 9pt;\"> a fines del siglo XIX, eran muchos m\u00e1s los muertos en batallas y conflictos obreros, que las conquistas obtenidas. La situaci\u00f3n social era por dem\u00e1s extrema y angustiante.<\/span><\/p>\n<table style=\"border-collapse: collapse; margin-left: 0pt; width: 264pt;\" cellspacing=\"0\" cellpadding=\"0\">\n<tbody>\n<tr>\n<td style=\"background-color: #ffffff; padding: 0.38pt; vertical-align: middle; width: 254.25pt; border: 0.75pt solid #000000;\">\n<p style=\"margin: 5pt 0pt;\"><span style=\"color: #4c0000; font-family: Verdana; font-size: 9pt; font-weight: bold;\">\u00a0<\/span><\/p>\n<p style=\"margin: 5pt 0pt; text-align: center;\"><span style=\"color: #4c0000; font-family: Verdana; font-size: 9pt; font-weight: bold;\">El Tango y la protesta social<\/span><\/p>\n<p style=\"margin: 5pt 0pt; text-align: center;\"><span style=\"color: #4c0000; font-family: Verdana; font-size: 9pt; font-weight: bold;\">La situaci\u00f3n de las masas populares era de tal<\/span><br \/>\n<span style=\"color: #4c0000; font-family: Verdana; font-size: 9pt; font-weight: bold;\">postraci\u00f3n y la conciencia promovida del<\/span><span style=\"color: #4c0000; font-family: Verdana; font-size: 9pt; font-weight: bold;\">\u00a0<\/span><br \/>\n<span style=\"color: #4c0000; font-family: Verdana; font-size: 9pt; font-weight: bold;\">abandono y del pesimismo impregnaba de tal<\/span><span style=\"color: #4c0000; font-family: Verdana; font-size: 9pt; font-weight: bold;\">\u00a0<\/span><br \/>\n<span style=\"color: #4c0000; font-family: Verdana; font-size: 9pt; font-weight: bold;\">modo a la sociedad, que dieron lugar a un<\/span><span style=\"color: #4c0000; font-family: Verdana; font-size: 9pt; font-weight: bold;\">\u00a0<\/span><br \/>\n<span style=\"color: #4c0000; font-family: Verdana; font-size: 9pt; font-weight: bold;\">subg\u00e9nero dentro del tango, tal cual fue el que<\/span><span style=\"color: #4c0000; font-family: Verdana; font-size: 9pt; font-weight: bold;\">\u00a0<\/span><br \/>\n<span style=\"color: #4c0000; font-family: Verdana; font-size: 9pt; font-weight: bold;\">se ocup\u00f3 de fotografiar estos fen\u00f3menos<\/span><span style=\"color: #4c0000; font-family: Verdana; font-size: 9pt; font-weight: bold;\">\u00a0<\/span><br \/>\n<span style=\"color: #4c0000; font-family: Verdana; font-size: 9pt; font-weight: bold;\">sociales. La cantidad de t\u00edtulos producida es muy<\/span><span style=\"color: #4c0000; font-family: Verdana; font-size: 9pt; font-weight: bold;\">\u00a0<\/span><br \/>\n<span style=\"color: #4c0000; font-family: Verdana; font-size: 9pt; font-weight: bold;\">extensa. Solo a t\u00edtulo de mencionar algunos<\/span><span style=\"color: #4c0000; font-family: Verdana; font-size: 9pt; font-weight: bold;\">\u00a0<\/span><br \/>\n<span style=\"color: #4c0000; font-family: Verdana; font-size: 9pt; font-weight: bold;\">hacemos una breve lista de los m\u00e1s destacados:<\/span><span style=\"color: #4c0000; font-family: Verdana; font-size: 9pt; font-weight: bold;\">\u00a0<\/span><br \/>\n<span style=\"color: #4c0000; font-family: Verdana; font-size: 9pt; font-weight: bold;\">Pan, Que Vachache, Yira Yira, Cambalache,<\/span><span style=\"color: #4c0000; font-family: Verdana; font-size: 9pt; font-weight: bold;\">\u00a0<\/span><br \/>\n<span style=\"color: #4c0000; font-family: Verdana; font-size: 9pt; font-weight: bold;\">Pol\u00edtica Chica, Dios te salve m\u2019hijo, Si volviera<\/span><span style=\"color: #4c0000; font-family: Verdana; font-size: 9pt; font-weight: bold;\">\u00a0<\/span><br \/>\n<span style=\"color: #4c0000; font-family: Verdana; font-size: 9pt; font-weight: bold;\">Jes\u00fas, Matufias<\/span><span style=\"color: #4c0000; font-family: Verdana; font-size: 9pt; font-weight: bold;\">\u00a0<\/span><span style=\"color: #4c0000; font-family: Verdana; font-size: 9pt; font-weight: bold;\"> (O el arte de vivir), Se viene la<\/span><span style=\"color: #4c0000; font-family: Verdana; font-size: 9pt; font-weight: bold;\">\u00a0<\/span><br \/>\n<span style=\"color: #4c0000; font-family: Verdana; font-size: 9pt; font-weight: bold;\">maroma, Al pi\u00e9 de <\/span><span style=\"color: #4c0000; font-family: Verdana; font-size: 9pt; font-weight: bold;\">La Santa Cruz<\/span><span style=\"color: #4c0000; font-family: Verdana; font-size: 9pt; font-weight: bold;\">, Pordioseros,<\/span><span style=\"color: #4c0000; font-family: Verdana; font-size: 9pt; font-weight: bold;\">\u00a0<\/span><br \/>\n<span style=\"color: #4c0000; font-family: Verdana; font-size: 9pt; font-weight: bold;\">etc. y desarrollamos la letra de uno de ellos,<\/span><span style=\"color: #4c0000; font-family: Verdana; font-size: 9pt; font-weight: bold;\">\u00a0<\/span><br \/>\n<span style=\"color: #4c0000; font-family: Verdana; font-size: 9pt; font-weight: bold;\">\u201cAcquaforte\u201d, popularizado por Carlos Gardel.<\/span><\/p>\n<p style=\"margin: 5pt 0pt; text-align: center;\"><span style=\"color: #4c0000; font-family: Verdana; font-size: 9pt; font-weight: bold;\">\u00a0<\/span><br \/>\n<span style=\"color: #4c0000; font-family: Verdana; font-size: 9pt; font-weight: bold;\">Acquaforte<\/span><\/p>\n<p style=\"margin: 5pt 0pt; text-align: center;\"><span style=\"color: #4c0000; font-family: Verdana; font-size: 9pt; font-weight: bold;\">Tango, 1932<\/span><br \/>\n<span style=\"color: #4c0000; font-family: Verdana; font-size: 9pt; font-weight: bold;\">M\u00fasica: Horacio Pettorossi<\/span><br \/>\n<span style=\"color: #4c0000; font-family: Verdana; font-size: 9pt; font-weight: bold;\">Letra: Juan Carlos Marambio Cat\u00e1n<\/span><\/p>\n<p style=\"text-align: center;\"><span style=\"color: #4c0000; font-family: Verdana; font-size: 9pt; font-weight: bold;\">Es media noche. El cabaret despierta.<\/span><span style=\"color: #4c0000; font-family: Verdana; font-size: 9pt; font-weight: bold;\">\u00a0<\/span><br \/>\n<span style=\"color: #4c0000; font-family: Verdana; font-size: 9pt; font-weight: bold;\">Muchas mujeres, flores y champ\u00e1n.<\/span><span style=\"color: #4c0000; font-family: Verdana; font-size: 9pt; font-weight: bold;\">\u00a0<\/span><br \/>\n<span style=\"color: #4c0000; font-family: Verdana; font-size: 9pt; font-weight: bold;\">Va a comenzar la eterna y triste fiesta<\/span><span style=\"color: #4c0000; font-family: Verdana; font-size: 9pt; font-weight: bold;\">\u00a0<\/span><br \/>\n<span style=\"color: #4c0000; font-family: Verdana; font-size: 9pt; font-weight: bold;\">de los que viven al ritmo de un got\u00e1n.<\/span><span style=\"color: #4c0000; font-family: Verdana; font-size: 9pt; font-weight: bold;\">\u00a0<\/span><br \/>\n<span style=\"color: #4c0000; font-family: Verdana; font-size: 9pt; font-weight: bold;\">Cuarenta a\u00f1os de vida me encadenan,<\/span><span style=\"color: #4c0000; font-family: Verdana; font-size: 9pt; font-weight: bold;\">\u00a0<\/span><br \/>\n<span style=\"color: #4c0000; font-family: Verdana; font-size: 9pt; font-weight: bold;\">blanca la testa, viejo el coraz\u00f3n:<\/span><span style=\"color: #4c0000; font-family: Verdana; font-size: 9pt; font-weight: bold;\">\u00a0<\/span><br \/>\n<span style=\"color: #4c0000; font-family: Verdana; font-size: 9pt; font-weight: bold;\">hoy puedo ya mirar con mucha pena<\/span><span style=\"color: #4c0000; font-family: Verdana; font-size: 9pt; font-weight: bold;\">\u00a0<\/span><br \/>\n<span style=\"color: #4c0000; font-family: Verdana; font-size: 9pt; font-weight: bold;\">lo que otros tiempos mir\u00e9 con ilusi\u00f3n.<\/span><span style=\"color: #4c0000; font-family: Verdana; font-size: 9pt; font-weight: bold;\">\u00a0<\/span><\/p>\n<p style=\"text-align: center;\"><span style=\"color: #4c0000; font-family: Verdana; font-size: 9pt; font-weight: bold;\">Las pobres milongas,<\/span><span style=\"color: #4c0000; font-family: Verdana; font-size: 9pt; font-weight: bold;\">\u00a0<\/span><br \/>\n<span style=\"color: #4c0000; font-family: Verdana; font-size: 9pt; font-weight: bold;\">dopadas de besos,<\/span><span style=\"color: #4c0000; font-family: Verdana; font-size: 9pt; font-weight: bold;\">\u00a0<\/span><br \/>\n<span style=\"color: #4c0000; font-family: Verdana; font-size: 9pt; font-weight: bold;\">me miran extra\u00f1as,<\/span><span style=\"color: #4c0000; font-family: Verdana; font-size: 9pt; font-weight: bold;\">\u00a0<\/span><br \/>\n<span style=\"color: #4c0000; font-family: Verdana; font-size: 9pt; font-weight: bold;\">con curiosidad.<\/span><span style=\"color: #4c0000; font-family: Verdana; font-size: 9pt; font-weight: bold;\">\u00a0<\/span><br \/>\n<span style=\"color: #4c0000; font-family: Verdana; font-size: 9pt; font-weight: bold;\">Ya no me conocen:<\/span><span style=\"color: #4c0000; font-family: Verdana; font-size: 9pt; font-weight: bold;\">\u00a0<\/span><br \/>\n<span style=\"color: #4c0000; font-family: Verdana; font-size: 9pt; font-weight: bold;\">estoy solo y viejo,<\/span><span style=\"color: #4c0000; font-family: Verdana; font-size: 9pt; font-weight: bold;\">\u00a0<\/span><br \/>\n<span style=\"color: #4c0000; font-family: Verdana; font-size: 9pt; font-weight: bold;\">no hay luz en mis ojos&#8230;<\/span><span style=\"color: #4c0000; font-family: Verdana; font-size: 9pt; font-weight: bold;\">\u00a0<\/span><br \/>\n<span style=\"color: #4c0000; font-family: Verdana; font-size: 9pt; font-weight: bold;\">La vida se va&#8230;<\/span><span style=\"color: #4c0000; font-family: Verdana; font-size: 9pt; font-weight: bold;\">\u00a0<\/span><\/p>\n<p style=\"text-align: center;\"><span style=\"color: #4c0000; font-family: Verdana; font-size: 9pt; font-weight: bold;\">Un viejo verde que gasta su dinero<\/span><span style=\"color: #4c0000; font-family: Verdana; font-size: 9pt; font-weight: bold;\">\u00a0<\/span><br \/>\n<span style=\"color: #4c0000; font-family: Verdana; font-size: 9pt; font-weight: bold;\">emborrachando a Lul\u00fa con el champ\u00e1n<\/span><span style=\"color: #4c0000; font-family: Verdana; font-size: 9pt; font-weight: bold;\">\u00a0<\/span><br \/>\n<span style=\"color: #4c0000; font-family: Verdana; font-size: 9pt; font-weight: bold;\">hoy le neg\u00f3 el aumento a un pobre obrero<\/span><span style=\"color: #4c0000; font-family: Verdana; font-size: 9pt; font-weight: bold;\">\u00a0<\/span><br \/>\n<span style=\"color: #4c0000; font-family: Verdana; font-size: 9pt; font-weight: bold;\">que le pidi\u00f3 un pedazo m\u00e1s de pan.<\/span><span style=\"color: #4c0000; font-family: Verdana; font-size: 9pt; font-weight: bold;\">\u00a0<\/span><br \/>\n<span style=\"color: #4c0000; font-family: Verdana; font-size: 9pt; font-weight: bold;\">Aquella pobre mujer que vende flores<\/span><span style=\"color: #4c0000; font-family: Verdana; font-size: 9pt; font-weight: bold;\">\u00a0<\/span><br \/>\n<span style=\"color: #4c0000; font-family: Verdana; font-size: 9pt; font-weight: bold;\">y fue en mi tiempo la reina de Montmartre<\/span><span style=\"color: #4c0000; font-family: Verdana; font-size: 9pt; font-weight: bold;\">\u00a0<\/span><br \/>\n<span style=\"color: #4c0000; font-family: Verdana; font-size: 9pt; font-weight: bold;\">me ofrece, con sonrisa, unas violetas<\/span><span style=\"color: #4c0000; font-family: Verdana; font-size: 9pt; font-weight: bold;\">\u00a0<\/span><br \/>\n<span style=\"color: #4c0000; font-family: Verdana; font-size: 9pt; font-weight: bold;\">para que alegren, tal vez, mi soledad.<\/span><span style=\"color: #4c0000; font-family: Verdana; font-size: 9pt; font-weight: bold;\">\u00a0<\/span><\/p>\n<p style=\"text-align: center;\"><span style=\"color: #4c0000; font-family: Verdana; font-size: 9pt; font-weight: bold;\">Y pienso en la vida:<\/span><span style=\"color: #4c0000; font-family: Verdana; font-size: 9pt; font-weight: bold;\">\u00a0<\/span><br \/>\n<span style=\"color: #4c0000; font-family: Verdana; font-size: 9pt; font-weight: bold;\">las madres que sufren,<\/span><span style=\"color: #4c0000; font-family: Verdana; font-size: 9pt; font-weight: bold;\">\u00a0<\/span><br \/>\n<span style=\"color: #4c0000; font-family: Verdana; font-size: 9pt; font-weight: bold;\">los hijos que vagan<\/span><span style=\"color: #4c0000; font-family: Verdana; font-size: 9pt; font-weight: bold;\">\u00a0<\/span><br \/>\n<span style=\"color: #4c0000; font-family: Verdana; font-size: 9pt; font-weight: bold;\">sin techo ni pan,<\/span><span style=\"color: #4c0000; font-family: Verdana; font-size: 9pt; font-weight: bold;\">\u00a0<\/span><br \/>\n<span style=\"color: #4c0000; font-family: Verdana; font-size: 9pt; font-weight: bold;\">vendiendo \u00ab<\/span><span style=\"color: #4c0000; font-family: Verdana; font-size: 9pt; font-weight: bold;\">La Prensa<\/span><span style=\"color: #4c0000; font-family: Verdana; font-size: 9pt; font-weight: bold;\">\u00ab,<\/span><span style=\"color: #4c0000; font-family: Verdana; font-size: 9pt; font-weight: bold;\">\u00a0<\/span><br \/>\n<span style=\"color: #4c0000; font-family: Verdana; font-size: 9pt; font-weight: bold;\">ganando dos guitas&#8230;<\/span><span style=\"color: #4c0000; font-family: Verdana; font-size: 9pt; font-weight: bold;\">\u00a0<\/span><br \/>\n<span style=\"color: #4c0000; font-family: Verdana; font-size: 9pt; font-weight: bold;\">\u00a1Qu\u00e9 triste es todo esto!<\/span><span style=\"color: #4c0000; font-family: Verdana; font-size: 9pt; font-weight: bold;\">\u00a0<\/span><br \/>\n<span style=\"color: #4c0000; font-family: Verdana; font-size: 9pt; font-weight: bold;\">\u00a1Quisiera llorar!<\/span><span style=\"color: #4c0000; font-family: Verdana; font-size: 9pt; font-weight: bold;\">\u00a0<\/span><\/p>\n<p style=\"margin: 5pt 0pt; text-align: center;\"><span style=\"color: #4c0000; font-family: Verdana; font-size: 9pt; font-weight: bold;\">\u00a0<\/span><\/p>\n<p style=\"margin: 5pt 0pt; text-align: center;\"><img decoding=\"async\" class=\"aligncenter size-full wp-image-6303\" src=\"https:\/\/historiadelperonismo.com\/wp-content\/uploads\/55d12fdbb6eb0_img.jpeg\" alt=\"55d12fdbb6eb0_img\" width=\"233\" height=\"108\" srcset=\"https:\/\/historiadelperonismo.com\/wp-content\/uploads\/55d12fdbb6eb0_img.jpeg 233w, https:\/\/historiadelperonismo.com\/wp-content\/uploads\/55d12fdbb6eb0_img-50x23.jpeg 50w\" sizes=\"(max-width: 233px) 100vw, 233px\" \/><\/p>\n<p style=\"margin: 5pt 0pt; text-align: center;\"><span style=\"color: #4c0000; font-family: Verdana; font-size: 9pt; font-weight: bold;\">\u00a0<\/span><\/p>\n<p style=\"margin: 5pt 0pt; text-align: center;\"><span style=\"color: #4c0000; font-family: Verdana; font-size: 9pt; font-weight: bold;\">Carlos Gardel<\/span><\/p>\n<p style=\"margin: 5pt 0pt;\"><span style=\"color: #4c0000; font-family: Verdana; font-size: 9pt; font-weight: bold;\">\u00a0<\/span><\/p>\n<\/td>\n<\/tr>\n<\/tbody>\n<\/table>\n<p style=\"margin: 5pt 0pt; background-color: #ffffff;\"><span style=\"font-family: Verdana; font-size: 9pt; font-weight: bold;\">\u00a0<\/span><\/p>\n<p style=\"margin: 5pt 0pt; background-color: #ffffff;\"><a href=\"http:\/\/www.youtube.com\/watch?v=wAYnXnViWYQ\"><img loading=\"lazy\" decoding=\"async\" class=\"alignnone wp-image-6304 size-full\" src=\"https:\/\/historiadelperonismo.com\/wp-content\/uploads\/55d12fdbb6fb7_img.jpeg\" alt=\"55d12fdbb6fb7_img\" width=\"187\" height=\"106\" srcset=\"https:\/\/historiadelperonismo.com\/wp-content\/uploads\/55d12fdbb6fb7_img.jpeg 187w, https:\/\/historiadelperonismo.com\/wp-content\/uploads\/55d12fdbb6fb7_img-50x28.jpeg 50w\" sizes=\"(max-width: 187px) 100vw, 187px\" \/><\/a><\/p>\n<p style=\"margin: 5pt 0pt; background-color: #ffffff;\"><span style=\"font-family: Verdana; font-size: 9pt; font-weight: bold;\">Carlos Gardel-ACQUAFORTE<\/span><br \/>\n<span style=\"font-family: Verdana; font-size: 9pt;\">publicado por <\/span><span style=\"font-family: Verdana; font-size: 9pt; font-weight: bold;\">De regallo 8764<\/span><\/p>\n<p style=\"margin: 5pt 0pt; background-color: #ffffff;\"><span style=\"font-family: Verdana; font-size: 9pt; font-style: italic; font-weight: bold;\">\u00a0<\/span><span style=\"font-family: Verdana; font-size: 9pt; font-style: italic; font-weight: bold;\">\u00a0<\/span><span style=\"font-family: Verdana; font-size: 9pt; font-style: italic; font-weight: bold;\">\u00a0<\/span><span style=\"font-family: Verdana; font-size: 9pt; font-style: italic; font-weight: bold;\">\u00a0<\/span><span style=\"font-family: Verdana; font-size: 9pt; font-style: italic; font-weight: bold;\">\u201cEl aislamiento pol\u00edtico los condenaba al fracaso, su peque\u00f1ez num\u00e9rica y org\u00e1nica aumentaba su debilidad.\u201d.<\/span><span style=\"font-family: Verdana; font-size: 9pt; font-style: italic; font-weight: bold;\">\u00a0<\/span><span style=\"font-family: Verdana; font-size: 9pt;\">Y era as\u00ed por cuanto el origen y g\u00e9nesis de estas organizaciones en nuestro pa\u00eds, estaba vinculado a la experiencia en <\/span><span style=\"font-family: Verdana; font-size: 9pt;\">la Europa<\/span><span style=\"font-family: Verdana; font-size: 9pt;\"> de <\/span><span style=\"font-family: Verdana; font-size: 9pt;\">la Revoluci\u00f3n Industrial.<\/span><span style=\"font-family: Verdana; font-size: 9pt;\"> La mirada de estos primeros obreros organizados estaba puesta en como se resolv\u00edan sus problemas en aquel continente y en aquellas comunidades. La inserci\u00f3n con el esp\u00edritu nacional argentino y con cualquier fuerza pol\u00edtica con este arraigo era absolutamente nula. La debilidad entonces era may\u00fascula.<\/span><\/p>\n<table class=\" alignleft\" style=\"border-color: #000000;\" cellpadding=\"1\">\n<tbody>\n<tr>\n<td><span style=\"color: #000080;\"><strong><span style=\"font-family: verdana, geneva; font-size: 10pt;\">Ver en esta p\u00e1gina: TEXTOS CENTRALES\/\/Parte II)\/\/ Movimiento Obrero Organizado antes del Peronismo-Ch\u00e1vez, Ferm\u00edn\/Maffeis, Roberto<\/span><\/strong><\/span><\/td>\n<\/tr>\n<\/tbody>\n<\/table>\n<p style=\"background-color: #ffffff; margin: 5pt 0pt; text-align: center;\"><span style=\"font-family: Verdana; font-size: 9pt;\">\u00a0<\/span><span style=\"font-family: Verdana; font-size: 9pt;\">\u00a0<\/span><span style=\"font-family: Verdana; font-size: 9pt;\">\u00a0<\/span><\/p>\n<p style=\"margin: 5pt 0pt; background-color: #ffffff;\"><span style=\"font-family: Verdana; font-size: 9pt;\">\u00a0<\/span><span style=\"font-family: Verdana; font-size: 9pt;\">Mucho m\u00e1s luz todav\u00eda es la que aporta Per\u00f3n al decir:<\/span><span style=\"font-family: Verdana; font-size: 9pt;\">\u00a0<\/span><span style=\"font-family: Verdana; font-size: 9pt; font-style: italic; font-weight: bold;\">\u00ab\u2026.la<\/span><span style=\"font-family: Verdana; font-size: 9pt; font-style: italic; font-weight: bold;\">\u00a0<\/span><span style=\"font-family: Verdana; font-size: 9pt; font-style: italic; font-weight: bold;\"> burgues\u00eda organiza el Estado Nuevo. El andamiaje de ese Estado nuevo fue simplemente crear sindicatos para anular las corporaciones que hab\u00edan hecho la revoluci\u00f3n y por lo tanto estaban fuertes. Hab\u00eda que debilitarlas.<\/span><br \/>\n<span style=\"font-family: Verdana; font-size: 9pt; font-style: italic; font-weight: bold;\">\u00a0<\/span><span style=\"font-family: Verdana; font-size: 9pt; font-style: italic; font-weight: bold;\">\u00a0<\/span><span style=\"font-family: Verdana; font-size: 9pt; font-style: italic; font-weight: bold;\">\u00a0<\/span><span style=\"font-family: Verdana; font-size: 9pt; font-style: italic; font-weight: bold;\">\u00a0<\/span><span style=\"font-family: Verdana; font-size: 9pt; font-style: italic; font-weight: bold;\">Crearon los sindicatos a los que dieron la misi\u00f3n de discutir por diez o veinte centavos de aumento en los salarios, mientras la burgues\u00eda organiz\u00f3 los partidos pol\u00edticos que eran los que hac\u00edan las leyes y, en consecuencia, ten\u00edan la parte del le\u00f3n.\u00bb<\/span><span style=\"font-family: Verdana; font-size: 9pt;\">\u00a0<\/span><span style=\"font-family: Verdana; font-size: 9pt; font-weight: bold;\">(1)<\/span><\/p>\n<p style=\"margin: 5pt 0pt; background-color: #ffffff;\"><span style=\"font-family: Verdana; font-size: 9pt;\">\u00a0<\/span><span style=\"font-family: Verdana; font-size: 9pt;\">\u00a0<\/span><span style=\"font-family: Verdana; font-size: 9pt;\">\u00a0<\/span><span style=\"font-family: Verdana; font-size: 9pt;\">\u00a0<\/span><span style=\"font-family: Verdana; font-size: 9pt;\">Esta realidad a la que nos referimos, traducida en n\u00fameros, muestra que en 1945 el movimiento obrero organizado contaba solo con 550.000 personas enroladas en dos Confederaciones Generales del Trabajo-C.G.T., <\/span><span style=\"font-family: Verdana; font-size: 9pt;\">la N<\/span><span style=\"font-family: Verdana; font-size: 9pt;\">\u00ba 1 y <\/span><span style=\"font-family: Verdana; font-size: 9pt;\">la N<\/span><span style=\"font-family: Verdana; font-size: 9pt;\">\u00ba 2, ambas controladas por dirigentes socialistas que era la tendencia pol\u00edtica predominante. Adem\u00e1s y jugando un rol minoritario tambi\u00e9n coexist\u00edan en el sindicalismo argentino el comunismo y el anarquismo (en franca decadencia este \u00faltimo) y m\u00e1s atr\u00e1s todav\u00eda, el trotskismo.<\/span><\/p>\n<p style=\"background-color: #ffffff; margin: 5pt 0pt; text-align: center;\"><img loading=\"lazy\" decoding=\"async\" class=\"aligncenter size-full wp-image-6305\" src=\"https:\/\/historiadelperonismo.com\/wp-content\/uploads\/55d12fdbb730c_img.jpeg\" alt=\"55d12fdbb730c_img\" width=\"207\" height=\"207\" srcset=\"https:\/\/historiadelperonismo.com\/wp-content\/uploads\/55d12fdbb730c_img.jpeg 207w, https:\/\/historiadelperonismo.com\/wp-content\/uploads\/55d12fdbb730c_img-150x150.jpeg 150w, https:\/\/historiadelperonismo.com\/wp-content\/uploads\/55d12fdbb730c_img-146x146.jpeg 146w, https:\/\/historiadelperonismo.com\/wp-content\/uploads\/55d12fdbb730c_img-50x50.jpeg 50w, https:\/\/historiadelperonismo.com\/wp-content\/uploads\/55d12fdbb730c_img-80x80.jpeg 80w, https:\/\/historiadelperonismo.com\/wp-content\/uploads\/55d12fdbb730c_img-85x85.jpeg 85w\" sizes=\"(max-width: 207px) 100vw, 207px\" \/><\/p>\n<p style=\"background-color: #ffffff; margin: 5pt 0pt; text-align: center;\"><span style=\"font-family: Verdana; font-size: 9pt;\">\u00a0<\/span><\/p>\n<p style=\"background-color: #ffffff; margin: 5pt 0pt; text-align: center;\"><span style=\"font-family: Verdana; font-size: 9pt; font-weight: bold;\">Escudo insignia<\/span><span style=\"font-family: Verdana; font-size: 9pt; font-weight: bold;\">\u00a0<\/span><span style=\"font-family: Verdana; font-size: 9pt; font-weight: bold;\"> de la central de trabajadores<\/span><br \/>\n<span style=\"font-family: Verdana; font-size: 9pt; font-weight: bold;\">\u00a0<\/span><span style=\"font-family: Verdana; font-size: 9pt; font-weight: bold;\">F.O.R.A. a principios del siglo XX<\/span><\/p>\n<p style=\"margin: 5pt 0pt; background-color: #ffffff;\"><span style=\"font-family: Verdana; font-size: 9pt;\">\u00a0<\/span><\/p>\n<p style=\"margin: 5pt 0pt; background-color: #ffffff;\"><span style=\"font-family: Verdana; font-size: 9pt;\">\u00a0<\/span><span style=\"font-family: Verdana; font-size: 9pt;\">\u00a0<\/span><span style=\"font-family: Verdana; font-size: 9pt;\">\u00a0<\/span><span style=\"font-family: Verdana; font-size: 9pt;\">\u00a0<\/span><span style=\"font-family: Verdana; font-size: 9pt;\">Movi\u00e9ndose entre la \u201c<\/span><span style=\"font-family: Verdana; font-size: 9pt; font-style: italic; font-weight: bold;\">indiferencia y la semiclandestinidad\u201d<\/span><span style=\"font-family: Verdana; font-size: 9pt;\">\u00a0<\/span><span style=\"font-family: Verdana; font-size: 9pt;\">durante medio siglo y atomizado como lo estaba, el sindicalismo argentino no ten\u00eda posibilidad alguna para torcer la realidad que agobiaba al nivel de vida de los trabajadores.<\/span><span style=\"font-family: Verdana; font-size: 9pt;\">\u00a0<\/span><br \/>\n<span style=\"font-family: Verdana; font-size: 9pt;\">\u00a0<\/span><span style=\"font-family: Verdana; font-size: 9pt;\">\u00a0<\/span><span style=\"font-family: Verdana; font-size: 9pt;\">\u00a0<\/span><span style=\"font-family: Verdana; font-size: 9pt;\">\u00a0<\/span><span style=\"font-family: Verdana; font-size: 9pt;\">La \u00fanica opci\u00f3n de avance en las condiciones laborales y en los salarios estaba dada por la acci\u00f3n individual de alg\u00fan sindicato organizado alrededor de un oficio y en total soledad. As\u00ed, y antes de 1943 son conocidas las exitosas huelgas y reclamos llevadas adelante por el Sindicato de Empleados de Comercio de <\/span><span style=\"font-family: Verdana; font-size: 9pt;\">la Capital<\/span><span style=\"font-family: Verdana; font-size: 9pt;\">, donde militaba un joven socialista llamado en el futuro a una enorme y gigantesca tarea junto a Per\u00f3n, Angel Borlenghi. Pero no mucho m\u00e1s, solo pod\u00edan avanzar peque\u00f1\u00edsimos pasos en procura de justicia laboral. Solo eso. Ni los partidos de los que depend\u00edan (por caso el del Partido Socialista Independiente, aliado de la oligarqu\u00eda en <\/span><span style=\"font-family: Verdana; font-size: 9pt;\">la Concordancia<\/span><span style=\"font-family: Verdana; font-size: 9pt;\"> de la d\u00e9cada del 30), ni su propia atomizaci\u00f3n se los permit\u00eda.<\/span><br \/>\n<span style=\"font-family: Verdana; font-size: 9pt;\">\u00a0<\/span><span style=\"font-family: Verdana; font-size: 9pt;\">\u00a0<\/span><span style=\"font-family: Verdana; font-size: 9pt;\">\u00a0<\/span><span style=\"font-family: Verdana; font-size: 9pt;\">\u00a0<\/span><span style=\"font-family: Verdana; font-size: 9pt;\">Roberto Carri lo dice de este modo:<\/span><span style=\"font-family: Verdana; font-size: 9pt;\">\u00a0<\/span><span style=\"font-family: Verdana; font-size: 9pt; font-style: italic; font-weight: bold;\">\u201cToda esa \u00e9poca del movimiento sindical se caracteriz\u00f3 por una legislaci\u00f3n social incipiente y que no se cumpl\u00eda; convenios de alcance limitado y con empresas particulares, cuyo logro costaba grandes esfuerzos que debilitaban a los sindicatos en mayor medida que los beneficios que otorgaba el convenio; carencia de leyes obreras y de previsi\u00f3n; desconocimiento legal de las organizaciones de los trabajadores.\u201d<\/span><span style=\"font-family: Verdana; font-size: 9pt; font-weight: bold;\">(2)<\/span><\/p>\n<p style=\"background-color: #ffffff; margin: 5pt 0pt; text-align: center;\"><img loading=\"lazy\" decoding=\"async\" class=\"aligncenter size-full wp-image-6306\" src=\"https:\/\/historiadelperonismo.com\/wp-content\/uploads\/55d12fdbb7673_img.jpeg\" alt=\"55d12fdbb7673_img\" width=\"318\" height=\"224\" srcset=\"https:\/\/historiadelperonismo.com\/wp-content\/uploads\/55d12fdbb7673_img.jpeg 318w, https:\/\/historiadelperonismo.com\/wp-content\/uploads\/55d12fdbb7673_img-300x211.jpeg 300w, https:\/\/historiadelperonismo.com\/wp-content\/uploads\/55d12fdbb7673_img-207x146.jpeg 207w, https:\/\/historiadelperonismo.com\/wp-content\/uploads\/55d12fdbb7673_img-50x35.jpeg 50w\" sizes=\"(max-width: 318px) 100vw, 318px\" \/><\/p>\n<p style=\"background-color: #ffffff; margin: 5pt 0pt; text-align: center;\"><span style=\"font-family: Verdana; font-size: 9pt; font-weight: bold;\">Manifestaci\u00f3n de <\/span><span style=\"font-family: Verdana; font-size: 9pt; font-weight: bold;\">la F.O<\/span><span style=\"font-family: Verdana; font-size: 9pt; font-weight: bold;\">.R.A.<\/span><\/p>\n<p style=\"margin: 5pt 0pt; background-color: #ffffff;\"><span style=\"font-family: Verdana; font-size: 9pt;\">\u00a0<\/span><\/p>\n<p style=\"background-color: #ffffff; margin: 5pt 0pt; text-align: center;\"><img loading=\"lazy\" decoding=\"async\" class=\"aligncenter size-full wp-image-6307\" src=\"https:\/\/historiadelperonismo.com\/wp-content\/uploads\/55d12fdbb7935_img.jpeg\" alt=\"55d12fdbb7935_img\" width=\"198\" height=\"240\" srcset=\"https:\/\/historiadelperonismo.com\/wp-content\/uploads\/55d12fdbb7935_img.jpeg 198w, https:\/\/historiadelperonismo.com\/wp-content\/uploads\/55d12fdbb7935_img-120x146.jpeg 120w, https:\/\/historiadelperonismo.com\/wp-content\/uploads\/55d12fdbb7935_img-41x50.jpeg 41w\" sizes=\"(max-width: 198px) 100vw, 198px\" \/><\/p>\n<p style=\"background-color: #ffffff; margin: 5pt 0pt; text-align: center;\"><span style=\"font-family: Verdana; font-size: 9pt; font-weight: bold;\">D\u00eda de los Trabajadores<\/span><br \/>\n<span style=\"font-family: Verdana; font-size: 9pt; font-weight: bold;\">Aguafuerte de Benito Quinquela Mart\u00edn<\/span><\/p>\n<p style=\"background-color: #ffffff; margin: 5pt 0pt; text-align: center;\"><span style=\"font-family: Verdana; font-size: 9pt; font-weight: bold;\">\u00a0<\/span><\/p>\n<p style=\"background-color: #ffffff; margin: 5pt 0pt; text-align: center;\"><span style=\"font-family: Verdana; font-size: 9pt; font-weight: bold;\">\u00a0<\/span><\/p>\n<p style=\"background-color: #ffffff; margin: 5pt 0pt; text-align: center;\"><img loading=\"lazy\" decoding=\"async\" class=\"aligncenter size-full wp-image-6308\" src=\"https:\/\/historiadelperonismo.com\/wp-content\/uploads\/55d12fdbb7f45_img.jpeg\" alt=\"55d12fdbb7f45_img\" width=\"456\" height=\"334\" srcset=\"https:\/\/historiadelperonismo.com\/wp-content\/uploads\/55d12fdbb7f45_img.jpeg 456w, https:\/\/historiadelperonismo.com\/wp-content\/uploads\/55d12fdbb7f45_img-300x220.jpeg 300w, https:\/\/historiadelperonismo.com\/wp-content\/uploads\/55d12fdbb7f45_img-199x146.jpeg 199w, https:\/\/historiadelperonismo.com\/wp-content\/uploads\/55d12fdbb7f45_img-50x37.jpeg 50w\" sizes=\"(max-width: 456px) 100vw, 456px\" \/><\/p>\n<p style=\"background-color: #ffffff; margin: 5pt 0pt; text-align: center;\"><span style=\"font-family: Verdana; font-size: 9pt;\">\u00a0<\/span><\/p>\n<p style=\"background-color: #ffffff; margin: 5pt 0pt; text-align: center;\"><span style=\"font-family: Verdana; font-size: 9pt; font-weight: bold;\">\u00a0<\/span><span style=\"font-family: Verdana; font-size: 9pt; font-weight: bold;\">Cuadro de Berni relativo a los Desocupados<\/span><\/p>\n<p style=\"background-color: #ffffff; margin: 5pt 0pt; text-align: center;\"><span style=\"font-family: Verdana; font-size: 9pt; font-weight: bold;\">\u00a0<\/span><\/p>\n<p style=\"background-color: #ffffff; margin: 5pt 0pt; text-align: center;\"><span style=\"font-family: Verdana; font-size: 9pt; font-weight: bold;\">\u00a0<\/span><\/p>\n<p style=\"background-color: #ffffff; margin: 5pt 0pt; text-align: center;\"><img loading=\"lazy\" decoding=\"async\" class=\"aligncenter size-full wp-image-6309\" src=\"https:\/\/historiadelperonismo.com\/wp-content\/uploads\/55d12fdbb820b_img.jpeg\" alt=\"55d12fdbb820b_img\" width=\"421\" height=\"373\" srcset=\"https:\/\/historiadelperonismo.com\/wp-content\/uploads\/55d12fdbb820b_img.jpeg 421w, https:\/\/historiadelperonismo.com\/wp-content\/uploads\/55d12fdbb820b_img-300x266.jpeg 300w, https:\/\/historiadelperonismo.com\/wp-content\/uploads\/55d12fdbb820b_img-165x146.jpeg 165w, https:\/\/historiadelperonismo.com\/wp-content\/uploads\/55d12fdbb820b_img-50x44.jpeg 50w\" sizes=\"(max-width: 421px) 100vw, 421px\" \/><\/p>\n<p style=\"background-color: #ffffff; margin: 5pt 0pt; text-align: center;\"><span style=\"font-family: Verdana; font-size: 9pt; font-weight: bold;\">Embarque de cereales<\/span><br \/>\n<span style=\"font-family: Verdana; font-size: 9pt; font-weight: bold;\">Benito Quinquela Mart\u00edn<\/span><\/p>\n<p style=\"margin: 5pt 0pt; background-color: #ffffff;\"><span style=\"font-family: Verdana; font-size: 9pt;\">\u00a0<\/span><\/p>\n<p style=\"margin: 5pt 0pt; background-color: #ffffff;\"><span style=\"font-family: Verdana; font-size: 9pt;\">\u00a0<\/span><span style=\"font-family: Verdana; font-size: 9pt;\">\u00a0<\/span><span style=\"font-family: Verdana; font-size: 9pt;\">\u00a0<\/span><span style=\"font-family: Verdana; font-size: 9pt;\">\u00a0<\/span><span style=\"font-family: Verdana; font-size: 9pt;\">\u00a0<\/span><span style=\"font-family: Verdana; font-size: 9pt;\">En 1955 el movimiento obrero organizado alcanzar\u00e1 la cifra de aproximadamente 5.000.000<\/span><span style=\"font-family: Verdana; font-size: 9pt; font-weight: bold;\">\u00a0<\/span><span style=\"font-family: Verdana; font-size: 9pt;\">personas afiliadas a una sola C.G.T. y bajo un mismo pensamiento, la doctrina justicialista.<\/span><span style=\"font-family: Verdana; font-size: 9pt;\">\u00a0<\/span><span style=\"font-family: Verdana; font-size: 9pt; font-weight: bold;\">Es el paso de la debilidad y de la impotencia a la fortaleza.<\/span><\/p>\n<p style=\"margin: 5pt 0pt; background-color: #ffffff;\"><span style=\"font-family: Verdana; font-size: 9pt;\">\u00a0<\/span><\/p>\n<p style=\"margin: 5pt 0pt; background-color: #ffffff;\"><span style=\"font-family: Verdana; font-size: 9pt; font-weight: bold;\">Desde 1943 en adelante<\/span><\/p>\n<p style=\"margin: 5pt 0pt; background-color: #ffffff;\"><span style=\"font-family: Verdana; font-size: 9pt;\">\u00a0<\/span><span style=\"font-family: Verdana; font-size: 9pt;\">\u00a0<\/span><span style=\"font-family: Verdana; font-size: 9pt;\">\u00a0<\/span><span style=\"font-family: Verdana; font-size: 9pt;\">\u00a0<\/span><span style=\"font-family: Verdana; font-size: 9pt;\">\u00a0<\/span><span style=\"font-family: Verdana; font-size: 9pt;\">Este es el<\/span><span style=\"font-family: Verdana; font-size: 9pt;\">\u00a0<\/span><span style=\"font-family: Verdana; font-size: 9pt; font-weight: bold;\">cuadro de situaci\u00f3n<\/span><span style=\"font-family: Verdana; font-size: 9pt;\">\u00a0<\/span><span style=\"font-family: Verdana; font-size: 9pt;\">que el coronel Per\u00f3n encuentra en 1943 cuando asume en el Departamento Nacional del Trabajo convertido inmediatamente a Secretar\u00eda de Trabajo y Previsi\u00f3n.<\/span><br \/>\n<span style=\"font-family: Verdana; font-size: 9pt;\">\u00a0<\/span><span style=\"font-family: Verdana; font-size: 9pt;\">\u00a0<\/span><span style=\"font-family: Verdana; font-size: 9pt;\">\u00a0<\/span><span style=\"font-family: Verdana; font-size: 9pt;\">\u00a0<\/span><span style=\"font-family: Verdana; font-size: 9pt;\">De acuerdo con su plan estrat\u00e9gico, esto es, iniciar una revoluci\u00f3n social encuadrando a la mayor\u00eda del pueblo argentino en un movimiento pol\u00edtico, inicia desde <\/span><span style=\"font-family: Verdana; font-size: 9pt;\">la Secretar\u00eda<\/span><span style=\"font-family: Verdana; font-size: 9pt;\"> dos acciones de gran envergadura. Una, la de accionar sobre todas las normas y leyes laborales preexistentes para que fuesen cumplidas y<\/span><span style=\"font-family: Verdana; font-size: 9pt;\">\u00a0<\/span><span style=\"font-family: Verdana; font-size: 9pt;\"> much\u00edsimo m\u00e1s a\u00fan, de todas las nuevas por crear, esto es en el campo de las relaciones laborales. Paralelamente a esto y dentro de esa misma direcci\u00f3n de la<\/span><span style=\"font-family: Verdana; font-size: 9pt;\">\u00a0<\/span><span style=\"font-family: Verdana; font-size: 9pt;\"> acci\u00f3n, laudar, invariablemente en el 100% de los conflictos laborales producidos entre 1943 y 1945 con resoluciones favorables a los trabajadores, ya sea por mejores condiciones de trabajo o por mejoras salariales.<\/span><br \/>\n<span style=\"font-family: Verdana; font-size: 9pt;\">\u00a0<\/span><span style=\"font-family: Verdana; font-size: 9pt;\">\u00a0<\/span><span style=\"font-family: Verdana; font-size: 9pt;\">\u00a0<\/span><span style=\"font-family: Verdana; font-size: 9pt;\">\u00a0<\/span><span style=\"font-family: Verdana; font-size: 9pt;\">La segunda gran acci\u00f3n, consisti\u00f3 en ganar para el nuevo proyecto, a la mayor\u00eda de los dirigentes sindicales que tuvo la posibilidad de hacerlo en el brev\u00edsimo lapso de tiempo que va desde <\/span><span style=\"font-family: Verdana; font-size: 9pt;\">1943 a<\/span><span style=\"font-family: Verdana; font-size: 9pt;\"> 1945.<\/span><span style=\"font-family: Verdana; font-size: 9pt;\">\u00a0<\/span><br \/>\n<span style=\"font-family: Verdana; font-size: 9pt;\">\u00a0<\/span><span style=\"font-family: Verdana; font-size: 9pt;\">\u00a0<\/span><span style=\"font-family: Verdana; font-size: 9pt;\">\u00a0<\/span><span style=\"font-family: Verdana; font-size: 9pt;\">\u00a0<\/span><span style=\"font-family: Verdana; font-size: 9pt;\">Resultado, la enorme masa de trabajadores reconoce y adhiere al nuevo proyecto. Per\u00f3n pasa a ser su conductor. Comienza a nacer el peronismo.<\/span><\/p>\n<p style=\"margin: 5pt 0pt; background-color: #ffffff;\"><span style=\"font-family: Verdana; font-size: 9pt;\">\u00a0<\/span><span style=\"font-family: Verdana; font-size: 9pt;\">\u00a0<\/span><span style=\"font-family: Verdana; font-size: 9pt;\">\u00a0<\/span><span style=\"font-family: Verdana; font-size: 9pt;\">\u00a0<\/span><span style=\"font-family: Verdana; font-size: 9pt;\">\u00a0<\/span><span style=\"font-family: Verdana; font-size: 9pt;\">Cuando sucede el hecho revolucionario del 17 de octubre de 1945,<\/span><span style=\"font-family: Verdana; font-size: 9pt;\">\u00a0<\/span><span style=\"font-family: Verdana; font-size: 9pt; font-style: italic; font-weight: bold;\">\u201cel d\u00eda m\u00e1s importante de mi vida\u201d,<\/span><span style=\"font-family: Verdana; font-size: 9pt;\">\u00a0<\/span><span style=\"font-family: Verdana; font-size: 9pt; font-weight: bold;\">(3)<\/span><span style=\"font-family: Verdana; font-size: 9pt;\">\u00a0<\/span><span style=\"font-family: Verdana; font-size: 9pt;\">esa masa de trabajadores es totalmente inorg\u00e1nica. La<\/span><span style=\"font-family: Verdana; font-size: 9pt;\">\u00a0<\/span><span style=\"font-family: Verdana; font-size: 9pt; font-weight: bold;\">minor\u00eda<\/span><span style=\"font-family: Verdana; font-size: 9pt;\">\u00a0<\/span><span style=\"font-family: Verdana; font-size: 9pt;\">de ellos, que est\u00e1 encuadrada por los sindicatos (de oficios), fuerza a la direcci\u00f3n de estos a movilizarse para rescatar a Per\u00f3n. En muchos sindicatos, esas direcciones quedan a la zaga de los propios trabajadores, lo que prueba que nos lo conducen. La<\/span><span style=\"font-family: Verdana; font-size: 9pt;\">\u00a0<\/span><span style=\"font-family: Verdana; font-size: 9pt; font-weight: bold;\">mayor\u00eda<\/span><span style=\"font-family: Verdana; font-size: 9pt;\">\u00a0<\/span><span style=\"font-family: Verdana; font-size: 9pt;\">de los trabajadores, o sea, quienes no est\u00e1n afiliados a los sindicatos, se vuelca a la calle y ocurre lo que ocurre el 17 de octubre. Esa masa inorg\u00e1nica, m\u00e1s los que estaban afiliados pero que pasaron por encima de sus dirigentes, ser\u00e1n los que se encolumnar\u00e1n en la rama gremial-sindical del Movimiento Peronista.<\/span><span style=\"font-family: Verdana; font-size: 9pt;\">\u00a0<\/span><br \/>\n<span style=\"font-family: Verdana; font-size: 9pt;\">\u00a0<\/span><span style=\"font-family: Verdana; font-size: 9pt;\">\u00a0<\/span><span style=\"font-family: Verdana; font-size: 9pt;\">\u00a0<\/span><span style=\"font-family: Verdana; font-size: 9pt;\">\u00a0<\/span><span style=\"font-family: Verdana; font-size: 9pt;\">La C.G<\/span><span style=\"font-family: Verdana; font-size: 9pt;\">.T., por entonces unificada, tambi\u00e9n es sobrepasada por la masa de trabajadores, porque en decisi\u00f3n dividida, el 16 de octubre, convoca a una huelga general para el d\u00eda 18 de la que nadie se entera puesto que ya est\u00e1 en marcha la gesta popular del 17.<\/span><\/p>\n<p style=\"margin: 5pt 0pt; background-color: #ffffff;\"><span style=\"font-family: Verdana; font-size: 9pt;\">\u00a0<\/span><span style=\"font-family: Verdana; font-size: 9pt;\">\u00a0<\/span><span style=\"font-family: Verdana; font-size: 9pt;\">\u00a0<\/span><span style=\"font-family: Verdana; font-size: 9pt;\">\u00a0<\/span><span style=\"font-family: Verdana; font-size: 9pt;\">\u00a0<\/span><span style=\"font-family: Verdana; font-size: 9pt;\">Entonces, recuperada y ganada la conciencia de las masas trabajadoras,<\/span><span style=\"font-family: Verdana; font-size: 9pt; font-weight: bold;\">\u201c<\/span><span style=\"font-family: Verdana; font-size: 9pt; font-style: italic; font-weight: bold;\">Muchas veces he asistido a reuniones de trabajadores. Siempre he sentido una enorme <\/span><span style=\"font-family: Verdana; font-size: 9pt; font-style: italic; font-weight: bold;\">\u00a0<\/span><span style=\"font-family: Verdana; font-size: 9pt; font-style: italic; font-weight: bold;\">satisfacci\u00f3n, pero desde hoy sentir\u00e9 un verdadero orgullo de argentino,<\/span><span style=\"font-family: Verdana; font-size: 9pt; font-style: italic; font-weight: bold;\">\u00a0<\/span><span style=\"font-family: Verdana; font-size: 9pt; font-style: italic; font-weight: bold; text-decoration: underline;\">porque interpreto este movimiento colectivo como el renacimiento de una conciencia de los trabajadores, que es lo \u00fanico que puede hacer grande e inmortal a <\/span><span style=\"font-family: Verdana; font-size: 9pt; font-style: italic; font-weight: bold; text-decoration: underline;\">la Naci\u00f3n<\/span><span style=\"font-family: Verdana; font-size: 9pt; font-style: italic; font-weight: bold;\">.\u201d<\/span><span style=\"font-family: Verdana; font-size: 9pt; font-style: italic; font-weight: bold;\">,<\/span><span style=\"font-family: Verdana; font-size: 9pt; font-style: italic; font-weight: bold;\">\u00a0<\/span><span style=\"font-family: Verdana; font-size: 9pt; font-style: italic; font-weight: bold;\">(4)<\/span><span style=\"font-family: Verdana; font-size: 9pt;\">\u00a0<\/span><span style=\"font-family: Verdana; font-size: 9pt;\">estas pueden ser y ser\u00e1n guiadas por un conductor. Per\u00f3n alcanza simult\u00e1neamente este estad\u00edo y reconoce la necesidad pol\u00edtica de darles organicidad dentro de un espacio social y pol\u00edtico espec\u00edfico para los trabajadores y esto tendr\u00e1 como objetivo permitir que resuelvan sus contradicciones en forma no antag\u00f3nica con el capital y se encolumnen detr\u00e1s de un objetivo com\u00fan, tal como ser\u00e1 en el movimiento por nacer.<\/span><\/p>\n<table style=\"border-collapse: collapse; margin-left: 0pt; width: 939px; height: 146px;\" cellspacing=\"0\" cellpadding=\"0\">\n<tbody>\n<tr>\n<td style=\"background-color: #ffffff; padding: 0.38pt; vertical-align: middle; width: 383.25pt; border: 0.75pt solid #000000;\">\n<p style=\"margin: 5pt 0pt; text-align: left;\"><span style=\"color: #000066; font-family: Verdana; font-size: 9pt; font-weight: bold;\">Ver en esta p\u00e1gina:<\/span><br \/>\n<span style=\"color: #000066; font-family: Verdana; font-size: 9pt; font-weight: bold;\">-Textos Centrales\/\/Parte II\/\/<\/span><span style=\"color: #000066; font-family: Verdana; font-size: 9pt; font-weight: bold;\">La Ruta<\/span><span style=\"color: #000066; font-family: Verdana; font-size: 9pt; font-weight: bold;\"> de Per\u00f3n <\/span><span style=\"color: #000066; font-family: Verdana; font-size: 9pt; font-weight: bold;\">1893 a<\/span><span style=\"color: #000066; font-family: Verdana; font-size: 9pt; font-weight: bold;\"> 1945-La Gesta del 17 de<\/span><span style=\"color: #000066; font-family: Verdana; font-size: 9pt; font-weight: bold;\">\u00a0<\/span><span style=\"color: #000066; font-family: Verdana; font-size: 9pt; font-weight: bold;\">octubre de 1945<\/span><br \/>\n<span style=\"color: #000066; font-family: Verdana; font-size: 9pt; font-weight: bold;\">\u00a0<\/span><span style=\"color: #000066; font-family: Verdana; font-size: 9pt; font-weight: bold;\">Y para comprender el fen\u00f3meno de c\u00f3mo se movi\u00f3 la masa de trabajadores con<\/span><span style=\"color: #000066; font-family: Verdana; font-size: 9pt; font-weight: bold;\">\u00a0<\/span><span style=\"color: #000066; font-family: Verdana; font-size: 9pt; font-weight: bold;\">sus <\/span><span style=\"color: #000066; font-family: Verdana; font-size: 9pt; font-weight: bold;\">\u00a0<\/span><span style=\"color: #000066; font-family: Verdana; font-size: 9pt; font-weight: bold;\">dirigentes a la cabeza o sin ellos, ver especialmente:<\/span><br \/>\n<span style=\"color: #000066; font-family: Verdana; font-size: 9pt; font-weight: bold;\">-Documentaci\u00f3n\/\/<\/span><span style=\"color: #000066; font-family: Verdana; font-size: 9pt; font-weight: bold;\">\u00a0<\/span><img loading=\"lazy\" decoding=\"async\" style=\"-aw-left-pos: 0pt; -aw-rel-hpos: column; -aw-rel-vpos: paragraph; -aw-top-pos: 0pt; -aw-wrap-type: inline;\" src=\"http:\/\/www.xn--diseowebdmg4-dhb.com.ar\/historiadelperonismo\/wp-content\/uploads\/2015\/08\/55d12fdbb8337_img.png\" alt=\"\" width=\"1\" height=\"5\" \/><span style=\"color: #000066; font-family: Verdana; font-size: 9pt; font-weight: bold;\">Per\u00f3n, Evita y autores varios\/\/17 de Octubre, Poes\u00edas,<\/span><span style=\"color: #000066; font-family: Verdana; font-size: 9pt; font-weight: bold;\">\u00a0<\/span><span style=\"color: #000066; font-family: Verdana; font-size: 9pt; font-weight: bold;\">Testimonios y Reflexiones<\/span><br \/>\n<span style=\"color: #000066; font-family: Verdana; font-size: 9pt; font-weight: bold;\">-Documentaci\u00f3n\/\/C.G.T. Actas del 16 de octubre de 1945<\/span><\/p>\n<\/td>\n<\/tr>\n<\/tbody>\n<\/table>\n<p style=\"margin: 5pt 0pt; background-color: #ffffff;\"><span style=\"font-family: Verdana; font-size: 9pt; font-weight: bold;\">Ley de Asociaciones Profesionales<\/span><br \/>\n<span style=\"font-family: Verdana; font-size: 9pt; font-weight: bold;\">Sindicatos por ramas de actividad<\/span><\/p>\n<p style=\"margin: 5pt 0pt; background-color: #ffffff;\"><span style=\"font-family: Verdana; font-size: 9pt;\">\u00a0<\/span><span style=\"font-family: Verdana; font-size: 9pt;\">\u00a0<\/span><span style=\"font-family: Verdana; font-size: 9pt;\">\u00a0<\/span><span style=\"font-family: Verdana; font-size: 9pt;\">\u00a0<\/span><span style=\"font-family: Verdana; font-size: 9pt;\">\u00a0<\/span><span style=\"font-family: Verdana; font-size: 9pt;\">El Decreto N\u00ba 23.852\/45, firmado por el entonces coronel Per\u00f3n el 2 de octubre de 1945 (a pocos d\u00edas de la dram\u00e1tica semana que desemboca en el 17 de octubre) es el conocido como Ley de Asociaciones Profesionales.<\/span><br \/>\n<span style=\"font-family: Verdana; font-size: 9pt;\">\u00a0<\/span><span style=\"font-family: Verdana; font-size: 9pt;\">\u00a0<\/span><span style=\"font-family: Verdana; font-size: 9pt;\">\u00a0<\/span><span style=\"font-family: Verdana; font-size: 9pt;\">\u00a0<\/span><span style=\"font-family: Verdana; font-size: 9pt;\">Es de una importancia vital para el futuro del Movimiento Obrero Organizado. <\/span><span style=\"font-family: Verdana; font-size: 9pt;\">\u00a0<\/span><br \/>\n<span style=\"font-family: Verdana; font-size: 9pt;\">\u00a0<\/span><span style=\"font-family: Verdana; font-size: 9pt;\">\u00a0<\/span><span style=\"font-family: Verdana; font-size: 9pt;\">\u00a0<\/span><span style=\"font-family: Verdana; font-size: 9pt;\">\u00a0<\/span><span style=\"font-family: Verdana; font-size: 9pt;\">En primer lugar coloca a los sindicatos dentro de un marco legal. O sea, pasan a estar reconocidos por la ley, que, adem\u00e1s y previamente, tambi\u00e9n se hab\u00eda dado lugar a la creaci\u00f3n de los Tribunales de Trabajo. El c\u00edrculo virtuoso es entonces, Tribunales de Trabajo para los litigios obreros y sindicatos reconocidos jur\u00eddicamente.<\/span><br \/>\n<span style=\"font-family: Verdana; font-size: 9pt;\">\u00a0<\/span><span style=\"font-family: Verdana; font-size: 9pt;\">\u00a0<\/span><span style=\"font-family: Verdana; font-size: 9pt;\">\u00a0<\/span><span style=\"font-family: Verdana; font-size: 9pt;\">\u00a0<\/span><span style=\"font-family: Verdana; font-size: 9pt;\">En segundo lugar y como hecho trascendental para la historia del sindicalismo argentino, esta misma ley impone el sindicalismo por rama de actividad. Es decir, se termina en un solo acto con los sindicatos por oficio o categor\u00eda. <\/span><span style=\"font-family: Verdana; font-size: 9pt;\">\u00a0<\/span><span style=\"font-family: Verdana; font-size: 9pt;\">\u00a0<\/span><span style=\"font-family: Verdana; font-size: 9pt;\">\u00a0<\/span><span style=\"font-family: Verdana; font-size: 9pt;\">\u00a0<\/span><span style=\"font-family: Verdana; font-size: 9pt;\">Este tipo de asociaciones, pertenec\u00edan al modelo impuesto por la oligarqu\u00eda argentina desde los primeros agrupamientos sindicales a fines del siglo XIX y a\u00fan con el correr de las siguientes d\u00e9cadas, frente al incipiente desarrollo industrial del pa\u00eds. Obedec\u00eda a la l\u00f3gica del fraccionamiento para debilitar a las organizaciones y estas a su vez, como qued\u00f3 dicho anteriormente, no ten\u00edan una pertenencia al movimiento nacional, por lo cual estaban totalmente a merced de los caprichos e imposiciones de las patronales. Si a esto se le agregaba que actuaban al margen de ley, la situaci\u00f3n no pod\u00eda ser peor.<\/span><\/p>\n<p style=\"margin: 5pt 0pt; background-color: #ffffff;\"><span style=\"font-family: Verdana; font-size: 9pt;\">\u00a0<\/span><span style=\"font-family: Verdana; font-size: 9pt;\">\u00a0<\/span><span style=\"font-family: Verdana; font-size: 9pt;\">\u00a0<\/span><span style=\"font-family: Verdana; font-size: 9pt;\">\u00a0<\/span><span style=\"font-family: Verdana; font-size: 9pt;\">\u00a0<\/span><span style=\"font-family: Verdana; font-size: 9pt;\">Al agruparse por ramas de actividad, lo que se consigui\u00f3 fue exactamente lo contrario. Se fortalecieron las organizaciones y su poder de negociaci\u00f3n frente a las patronales fue exponencialmente superior.<\/span><span style=\"font-family: Verdana; font-size: 9pt;\">\u00a0<\/span><br \/>\n<span style=\"font-family: Verdana; font-size: 9pt;\">Faltaba su encuadramiento y encolumnamiento pol\u00edtico en la org\u00e1nica del Movimiento Nacional, encarnado en ese presente por el Movimiento Peronista.<\/span><\/p>\n<p style=\"margin: 5pt 0pt; background-color: #ffffff;\"><span style=\"font-family: Verdana; font-size: 9pt; font-weight: bold;\">La Columna Vertebral<\/span><span style=\"font-family: Verdana; font-size: 9pt; font-weight: bold;\"> del Movimiento Peronista<\/span><\/p>\n<p style=\"margin: 5pt 0pt; background-color: #ffffff;\"><span style=\"font-family: Verdana; font-size: 9pt;\">\u00a0<\/span><span style=\"font-family: Verdana; font-size: 9pt;\">\u00a0<\/span><span style=\"font-family: Verdana; font-size: 9pt;\">\u00a0<\/span><span style=\"font-family: Verdana; font-size: 9pt;\">\u00a0<\/span><span style=\"font-family: Verdana; font-size: 9pt;\">\u00a0<\/span><span style=\"font-family: Verdana; font-size: 9pt;\">Es sabida y reconocida la definici\u00f3n de Per\u00f3n sobre la rama sindical del Movimiento Peronista, como<\/span><span style=\"font-family: Verdana; font-size: 9pt;\">\u00a0<\/span><span style=\"font-family: Verdana; font-size: 9pt; font-style: italic; font-weight: bold;\">\u201cla columna vertebral del movimiento\u201d.<\/span><br \/>\n<span style=\"font-family: Verdana; font-size: 9pt;\">\u00a0<\/span><span style=\"font-family: Verdana; font-size: 9pt;\">\u00a0<\/span><span style=\"font-family: Verdana; font-size: 9pt;\">\u00a0<\/span><span style=\"font-family: Verdana; font-size: 9pt;\">\u00a0<\/span><span style=\"font-family: Verdana; font-size: 9pt;\">\u00bfCu\u00e1l es el significado de esta definici\u00f3n y cual es el objetivo que impone la misma?<\/span><span style=\"font-family: Verdana; font-size: 9pt;\">\u00a0<\/span><br \/>\n<span style=\"font-family: Verdana; font-size: 9pt;\">La org\u00e1nica del movimiento se constituy\u00f3 alrededor del M.O.A. Movimiento Obrero Organizado. Fue el primero en organizarse y por lo tanto pas\u00f3 a constituir la primera de las tres ramas que compondr\u00edan el Movimiento Peronista.<\/span><br \/>\n<span style=\"font-family: Verdana; font-size: 9pt;\">No pod\u00eda ser de otro modo. El peronismo naci\u00f3 con los trabajadores, los que recibieron los primeros beneficios de la justicia social y los que rescataron a Per\u00f3n el 17 de octubre. Los m\u00e1s humildes, los m\u00e1s postergados, son los que ser\u00e1n el basamento del naciente movimiento. Por eso, organizados,<\/span><span style=\"font-family: Verdana; font-size: 9pt;\">\u00a0<\/span><span style=\"font-family: Verdana; font-size: 9pt; font-weight: bold;\">ser\u00e1n la columna vertebral.<\/span><span style=\"font-family: Verdana; font-size: 9pt;\">\u00a0<\/span><span style=\"font-family: Verdana; font-size: 9pt;\">Porque ser\u00e1n los primeros en ser redimidos y porque a partir de ellos se propondr\u00e1 al resto de la comunidad que se integre en un objetivo com\u00fan. Dice Per\u00f3n:<\/span><span style=\"font-family: Verdana; font-size: 9pt;\">\u00a0<\/span><span style=\"font-family: Verdana; font-size: 9pt; font-style: italic; font-weight: bold;\">\u201cTrabajadores: \u00fananse, sean m\u00e1s hermanos que nunca.<\/span><span style=\"font-family: Verdana; font-size: 9pt;\">\u00a0<\/span><span style=\"font-family: Verdana; font-size: 9pt; font-style: italic; font-weight: bold;\">Sobre la hermandad de los que trabajan ha de levantarse en nuestra hermosa tierra, la unidad de todos los argentinos.\u201d<\/span><span style=\"font-family: Verdana; font-size: 9pt; font-style: italic; font-weight: bold;\">\u00a0<\/span><span style=\"font-family: Verdana; font-size: 9pt;\">Clar\u00edsimo, pide la unidad a los trabajadores para fundar alrededor de ellos la unidad de todos los argentinos. Y para que no quede ninguna duda, agrega: \u201c<\/span><span style=\"font-family: Verdana; font-size: 9pt; font-style: italic; font-weight: bold;\">Esa unidad, base de toda felicidad futura,<\/span><span style=\"font-family: Verdana; font-size: 9pt; font-style: italic; font-weight: bold;\">\u00a0<\/span><span style=\"font-family: Verdana; font-size: 9pt; font-style: italic; font-weight: bold; text-decoration: underline;\">ha de fundarse en un estrato formidable de este pueblo<\/span><span style=\"font-family: Verdana; font-size: 9pt; font-style: italic; font-weight: bold;\">, que al mostrarse hoy en esta plaza, en n\u00famero de medio mill\u00f3n, est\u00e1 indicando al mundo su grandeza espiritual.\u201d (5)<\/span><span style=\"font-family: Verdana; font-size: 9pt; font-style: italic; font-weight: bold;\">\u00a0<\/span><span style=\"font-family: Verdana; font-size: 9pt; font-style: italic; font-weight: bold;\">\u00a0<\/span><span style=\"font-family: Verdana; font-size: 9pt; font-weight: bold;\">\u00a0<\/span><span style=\"font-family: Verdana; font-size: 9pt;\">El estrato formidable son los trabajadores.<\/span><\/p>\n<p style=\"margin: 5pt 0pt; background-color: #ffffff;\"><span style=\"font-family: Verdana; font-size: 9pt;\">\u00a0<\/span><span style=\"font-family: Verdana; font-size: 9pt;\">\u00a0<\/span><span style=\"font-family: Verdana; font-size: 9pt;\">\u00a0<\/span><span style=\"font-family: Verdana; font-size: 9pt;\">\u00a0<\/span><span style=\"font-family: Verdana; font-size: 9pt;\">\u00a0<\/span><span style=\"font-family: Verdana; font-size: 9pt;\">Ya organizada la mayor\u00eda del movimiento obrero como rama del Movimiento Peronista, convivir\u00e1 dentro de \u00e9l conservando su espacio determinado, con otros sectores sociales y pol\u00edticos. Su volumen num\u00e9rico y su peso pol\u00edtico especifico tambi\u00e9n contribuyen a entender el por que era la columna vertebral. Tal como lo es en el cuerpo humano, expresa el centro de las preocupaciones y de las reivindicaciones del gobierno y de la conducci\u00f3n, pero no es monop\u00f3lico y no debe entrar en contradicciones<\/span><span style=\"font-family: Verdana; font-size: 9pt;\">\u00a0<\/span><span style=\"font-family: Verdana; font-size: 9pt; font-weight: bold;\">(aunque de hecho lo har\u00e1 la direcci\u00f3n de <\/span><span style=\"font-family: Verdana; font-size: 9pt; font-weight: bold;\">la C.G<\/span><span style=\"font-family: Verdana; font-size: 9pt; font-weight: bold;\">.T.)<\/span><span style=\"font-family: Verdana; font-size: 9pt;\">\u00a0<\/span><span style=\"font-family: Verdana; font-size: 9pt;\">con las otras ramas y<\/span><span style=\"font-family: Verdana; font-size: 9pt;\">\u00a0<\/span><span style=\"font-family: Verdana; font-size: 9pt; font-weight: bold;\">a\u00fan con la propia conducci\u00f3n de Per\u00f3n<\/span><span style=\"font-family: Verdana; font-size: 9pt;\">, por ejemplo el 22 de agosto de 1951 cuando lo enfrentan con una decisi\u00f3n a todas luces traum\u00e1tica y desequilibrante del dispositivo del movimiento, tal como fue la de proponer a Evita como candidata a vicepresidente.<\/span><\/p>\n<table style=\"border-collapse: collapse; margin-left: 0pt; width: 939px; height: 83px;\" cellspacing=\"0\" cellpadding=\"0\">\n<tbody>\n<tr>\n<td style=\"background-color: #ffffff; padding: 0.38pt; vertical-align: middle; width: 351.75pt; border: 0.75pt solid #000000;\">\n<p style=\"margin: 5pt 0pt; text-align: left;\"><span style=\"font-family: Verdana; font-size: 9pt; font-weight: bold; color: #000000;\">Cuando avancemos en nuestra historia y llegado el punto del Renunciamiento de Evita, desnudaremos las contradicciones entre la c\u00fapula sindical y Per\u00f3n y Evita.<\/span><\/p>\n<\/td>\n<\/tr>\n<\/tbody>\n<\/table>\n<p style=\"background-color: #ffffff; margin: 5pt 0pt; text-align: justify;\"><span style=\"font-family: Verdana; font-size: 9pt;\">\u00a0<\/span><span style=\"font-family: Verdana; font-size: 9pt;\">\u00a0<\/span><span style=\"font-family: Verdana; font-size: 9pt;\">\u00a0<\/span><span style=\"font-family: Verdana; font-size: 9pt;\">\u00a0<\/span><span style=\"font-family: Verdana; font-size: 9pt;\">\u00a0<\/span><span style=\"font-family: Verdana; font-size: 9pt;\">El espacio de <\/span><span style=\"font-family: Verdana; font-size: 9pt;\">la Rama Sindical<\/span><span style=\"font-family: Verdana; font-size: 9pt;\"> es complementario al de las dem\u00e1s. Tiene su propia doble conducci\u00f3n t\u00e1ctica, <\/span><span style=\"font-family: Verdana; font-size: 9pt;\">la C.G<\/span><span style=\"font-family: Verdana; font-size: 9pt;\">.T. y esta central, como los sindicatos, est\u00e1n en estrech\u00edsima ligaz\u00f3n con Evita, qui\u00e9n en rigor es la verdadera Conducci\u00f3n T\u00e1ctica de Per\u00f3n en ese espacio.<\/span><\/p>\n<p style=\"background-color: #ffffff; margin: 5pt 0pt; text-align: justify;\"><span style=\"font-family: Verdana; font-size: 9pt;\">\u00a0<\/span><\/p>\n<p style=\"background-color: #ffffff; margin: 5pt 0pt; text-align: justify;\"><span style=\"font-family: Verdana; font-size: 9pt; font-weight: bold;\">La autonom\u00eda<\/span><\/p>\n<p style=\"background-color: #ffffff; margin: 5pt 0pt; text-align: justify;\"><span style=\"font-family: Verdana; font-size: 9pt; font-weight: bold;\">\u00a0<\/span><\/p>\n<p style=\"background-color: #ffffff; margin: 5pt 0pt; text-align: justify;\"><img loading=\"lazy\" decoding=\"async\" class=\"size-full wp-image-6310 alignnone\" src=\"https:\/\/historiadelperonismo.com\/wp-content\/uploads\/55d12fdbb84e3_img.jpeg\" alt=\"55d12fdbb84e3_img\" width=\"242\" height=\"271\" srcset=\"https:\/\/historiadelperonismo.com\/wp-content\/uploads\/55d12fdbb84e3_img.jpeg 242w, https:\/\/historiadelperonismo.com\/wp-content\/uploads\/55d12fdbb84e3_img-130x146.jpeg 130w, https:\/\/historiadelperonismo.com\/wp-content\/uploads\/55d12fdbb84e3_img-45x50.jpeg 45w\" sizes=\"(max-width: 242px) 100vw, 242px\" \/><\/p>\n<p style=\"background-color: #ffffff; margin: 5pt 0pt; text-align: justify;\"><span style=\"font-family: Verdana; font-size: 9pt; font-weight: bold;\">\u00a0<\/span><span style=\"font-family: Verdana; font-size: 9pt; font-weight: bold;\">\u00a0<\/span><span style=\"font-family: Verdana; font-size: 9pt; font-weight: bold;\">\u00a0<\/span><span style=\"font-family: Verdana; font-size: 9pt; font-weight: bold;\"> Cuadro de Ricardo Carpani<\/span><\/p>\n<p style=\"background-color: #ffffff; margin: 5pt 0pt; text-align: justify;\"><span style=\"font-family: Verdana; font-size: 9pt;\">\u00a0<\/span><span style=\"font-family: Verdana; font-size: 9pt;\">\u00a0<\/span><span style=\"font-family: Verdana; font-size: 9pt;\">\u00a0<\/span><span style=\"font-family: Verdana; font-size: 9pt;\">\u00a0<\/span><span style=\"font-family: Verdana; font-size: 9pt;\">\u00a0<\/span><span style=\"font-family: Verdana; font-size: 9pt;\">Es aut\u00f3noma, como las otras dos ramas del movimiento. No<\/span><span style=\"font-family: Verdana; font-size: 9pt;\">\u00a0<\/span><span style=\"font-family: Verdana; font-size: 9pt; font-weight: bold;\">independiente<\/span><span style=\"font-family: Verdana; font-size: 9pt;\">\u00a0<\/span><span style=\"font-family: Verdana; font-size: 9pt;\">en el sentido que los sindicatos usaban el t\u00e9rmino en las d\u00e9cadas previas al peronismo<\/span><span style=\"font-family: Verdana; font-size: 9pt; font-weight: bold;\">,<\/span><span style=\"font-family: Verdana; font-size: 9pt;\">\u00a0<\/span><span style=\"font-family: Verdana; font-size: 9pt;\">por cuanto est\u00e1 integrada dentro del movimiento compartiendo sus objetivos pol\u00edticos y adem\u00e1s porque tiene una muy estrecha ligaz\u00f3n con el Estado. Es m\u00e1s, participa de \u00e9l, pues aporta ministros, legisladores y por primera vez en la historia de la diplomacia de <\/span><span style=\"font-family: Verdana; font-size: 9pt;\">la Argentina<\/span><span style=\"font-family: Verdana; font-size: 9pt;\">, delegados obreros en la embajadas ante otros pa\u00edses.<\/span><br \/>\n<span style=\"font-family: Verdana; font-size: 9pt;\">Y es aut\u00f3noma porque dentro de su espacio, <\/span><span style=\"font-family: Verdana; font-size: 9pt;\">la Rama Sindical<\/span><span style=\"font-family: Verdana; font-size: 9pt;\"> toma sus propias determinaciones en lo relativo a las relaciones laborales de sus integrantes con el capital. As\u00ed, negocia condiciones laborales, salariales y regula sus v\u00ednculos de conducci\u00f3n entre<\/span><span style=\"font-family: Verdana; font-size: 9pt;\">\u00a0<\/span><span style=\"font-family: Verdana; font-size: 9pt;\"> C.G.T., federaciones, sindicatos y afiliados.<\/span><span style=\"font-family: Verdana; font-size: 9pt;\">\u00a0<\/span><br \/>\n<span style=\"font-family: Verdana; font-size: 9pt;\">No es<\/span><span style=\"font-family: Verdana; font-size: 9pt;\">\u00a0<\/span><span style=\"font-family: Verdana; font-size: 9pt; font-weight: bold;\">independiente<\/span><span style=\"font-family: Verdana; font-size: 9pt;\">\u00a0<\/span><span style=\"font-family: Verdana; font-size: 9pt;\">por las razones que apuntamos cuando mencionamos como participa del Estado. Pero tambi\u00e9n porque esa condici\u00f3n era una consecuencia pol\u00edtica del anterior esquema olig\u00e1rquico-patronal-sindicatos.<\/span><\/p>\n<p style=\"background-color: #ffffff; margin: 5pt 0pt; text-align: justify;\"><span style=\"font-family: Verdana; font-size: 9pt;\">\u00a0<\/span><span style=\"font-family: Verdana; font-size: 9pt;\">\u00a0<\/span><span style=\"font-family: Verdana; font-size: 9pt;\">\u00a0<\/span><span style=\"font-family: Verdana; font-size: 9pt;\">\u00a0<\/span><span style=\"font-family: Verdana; font-size: 9pt;\">\u00a0<\/span><span style=\"font-family: Verdana; font-size: 9pt;\">Estos \u00faltimos, en las d\u00e9cadas anteriores al peronismo, eran<\/span><span style=\"font-family: Verdana; font-size: 9pt;\">\u00a0<\/span><span style=\"font-family: Verdana; font-size: 9pt; font-weight: bold;\">independientes<\/span><span style=\"font-family: Verdana; font-size: 9pt;\">del Estado porque este no daba cabida a ninguna organizaci\u00f3n que pudiese cuestionarlo. Por eso lo eran y esa situaci\u00f3n equival\u00eda a la marginalidad social y pol\u00edtica. Los sindicatos estaban fuera de la ley, no hab\u00eda leyes laborales que se cumpliesen y entonces se pod\u00eda decir que eran<\/span><span style=\"font-family: Verdana; font-size: 9pt;\">\u00a0<\/span><span style=\"font-family: Verdana; font-size: 9pt; font-weight: bold;\">independientes<\/span><span style=\"font-family: Verdana; font-size: 9pt;\">. \u00bfDe que? En rigor de toda justicia social. Esa era la trampa. Los necesitaban afuera de todo esquema de participaci\u00f3n, y esta situaci\u00f3n no les prove\u00eda de ninguna autoridad o ventaja. Por el contrario los pon\u00eda lejos de cualquier soluci\u00f3n. La igualdad y la equidad parec\u00edan inalcanzables.<\/span><br \/>\n<span style=\"font-family: Verdana; font-size: 9pt;\">Como el sistema era el olig\u00e1rquico, los sindicatos a su vez, repudiaban y rechazaban naturalmente toda la pol\u00edtica que de \u00e9l ven\u00eda, cerrando entonces un c\u00edrculo perverso de marginaci\u00f3n e injusticia.<\/span><\/p>\n<p style=\"background-color: #ffffff; margin: 5pt 0pt; text-align: justify;\"><span style=\"font-family: Verdana; font-size: 9pt;\">\u00a0<\/span><span style=\"font-family: Verdana; font-size: 9pt;\">\u00a0<\/span><span style=\"font-family: Verdana; font-size: 9pt;\">\u00a0<\/span><span style=\"font-family: Verdana; font-size: 9pt;\">\u00a0<\/span><span style=\"font-family: Verdana; font-size: 9pt;\">\u00a0<\/span><span style=\"font-family: Verdana; font-size: 9pt;\">Frente al advenimiento del peronismo el sindicalismo se nacionaliza, esto es, comprende la doctrina nacional de Per\u00f3n y pasa a formar parte, mediante el nuevo sistema de agrupamiento sindical por rama de actividad, masivamente de la org\u00e1nica del Movimiento Peronista y en estrecha ligaz\u00f3n con el Estado.<\/span><br \/>\n<span style=\"font-family: Verdana; font-size: 9pt;\">Dicho por Carri de este modo<\/span><span style=\"font-family: Verdana; font-size: 9pt; font-weight: bold;\">:<\/span><span style=\"font-family: Verdana; font-size: 9pt; font-style: italic; font-weight: bold;\">\u00a0<\/span><span style=\"font-family: Verdana; font-size: 9pt; font-style: italic; font-weight: bold;\">\u201cLa ejecuci\u00f3n de una pol\u00edtica que pon\u00eda en primer plano a <\/span><span style=\"font-family: Verdana; font-size: 9pt; font-style: italic; font-weight: bold;\">la Naci\u00f3n<\/span><span style=\"font-family: Verdana; font-size: 9pt; font-style: italic; font-weight: bold;\"> \u2013desde 1943 hasta 1955- y el reconocimiento de la justicia de las reivindicaciones laborales por parte del Estado, impuls\u00f3 a la clase obrera a aceptar como necesaria y natural la inserci\u00f3n de sus organizaciones representativas en el aparato estatal. El logro de importantes conquistas afirm\u00f3 la conveniencia de tal identificaci\u00f3n (Estado-Sindicatos) y ech\u00f3 por tierra las viejas consignas sindicalistas de independencia de sus organizaciones frente al Estado\u201d<\/span><span style=\"font-family: Verdana; font-size: 9pt;\">.<\/span><span style=\"font-family: Verdana; font-size: 9pt;\">\u00a0<\/span><span style=\"font-family: Verdana; font-size: 9pt; font-weight: bold;\">(6)<\/span><\/p>\n<p style=\"background-color: #ffffff; margin: 5pt 0pt; text-align: justify;\"><span style=\"font-family: Verdana; font-size: 9pt; font-style: italic;\">\u00a0<\/span><\/p>\n<p style=\"background-color: #ffffff; margin: 5pt 0pt; text-align: center;\"><img loading=\"lazy\" decoding=\"async\" class=\"aligncenter size-full wp-image-6311\" src=\"https:\/\/historiadelperonismo.com\/wp-content\/uploads\/55d12fdbb8600_img.png\" alt=\"55d12fdbb8600_img\" width=\"194\" height=\"241\" srcset=\"https:\/\/historiadelperonismo.com\/wp-content\/uploads\/55d12fdbb8600_img.png 194w, https:\/\/historiadelperonismo.com\/wp-content\/uploads\/55d12fdbb8600_img-118x146.png 118w, https:\/\/historiadelperonismo.com\/wp-content\/uploads\/55d12fdbb8600_img-40x50.png 40w\" sizes=\"(max-width: 194px) 100vw, 194px\" \/><\/p>\n<p style=\"background-color: #ffffff; margin: 5pt 0pt; text-align: justify;\"><span style=\"font-family: Verdana; font-size: 9pt; font-style: italic;\">\u00a0<\/span><\/p>\n<p style=\"background-color: #ffffff; margin: 5pt 0pt; text-align: center;\"><a style=\"color: #000000;\" href=\"https:\/\/historiadelperonismo.com\/?p=4267\"><span style=\"font-family: Verdana; font-size: 9pt; font-weight: bold; text-decoration: none;\">GRAFICO DE LA ORG\u00c1NICA DEL MOVIMIENTO PERONISTA<\/span><\/a><br \/>\n<a style=\"color: #000000;\" href=\"https:\/\/historiadelperonismo.com\/?p=4267\"><br \/>\n<span style=\"font-family: Verdana; font-size: 9pt; font-weight: bold;\">PARA VERLO AMPLIADO<\/span><span style=\"font-family: Verdana; font-size: 9pt;\">\u00a0<\/span><span style=\"font-family: Verdana; font-size: 9pt; font-weight: bold;\">HACER CLIC AC\u00c1<\/span><\/a><\/p>\n<p style=\"background-color: #ffffff; margin: 5pt 0pt; text-align: center;\"><span style=\"font-family: Verdana; font-size: 9pt;\">\u00a0<\/span><\/p>\n<p style=\"background-color: #ffffff; margin: 5pt 0pt; text-align: justify;\"><span style=\"font-family: Verdana; font-size: 9pt; font-weight: bold;\">Espacio de libertad profunda<\/span><\/p>\n<p style=\"background-color: #ffffff; margin: 5pt 0pt; text-align: justify;\"><span style=\"font-family: Verdana; font-size: 9pt;\">\u00a0<\/span><span style=\"font-family: Verdana; font-size: 9pt;\">\u00a0<\/span><span style=\"font-family: Verdana; font-size: 9pt;\">\u00a0<\/span><span style=\"font-family: Verdana; font-size: 9pt;\">\u00a0<\/span><span style=\"font-family: Verdana; font-size: 9pt;\">\u00a0<\/span><span style=\"font-family: Verdana; font-size: 9pt;\">Congruente con el objetivo de proveer espacios, decimos que, <\/span><span style=\"font-family: Verdana; font-size: 9pt;\">la Rama Sindical<\/span><span style=\"font-family: Verdana; font-size: 9pt;\"> fue tal vez el lugar del dispositivo del movimiento que mayores posibilidades de libertad verdadera y profunda<\/span><span style=\"font-family: Verdana; font-size: 9pt;\">\u00a0<\/span><span style=\"font-family: Verdana; font-size: 9pt;\"> ofreci\u00f3 a los hombres argentinos y trabajadores con el advenimiento del peronismo. Dice Per\u00f3n:<\/span><span style=\"font-family: Verdana; font-size: 9pt; font-style: italic; font-weight: bold;\">\u00a0<\/span><span style=\"font-family: Verdana; font-size: 9pt; font-style: italic; font-weight: bold;\">\u201cLa cuesti\u00f3n substantiva que debemos plantearnos es la de de la libertad, pero ciertamente esa libertad ficticia con la que los agitadores enga\u00f1an frecuentemente a la humanidad, sin la gran libertad que es ante todo, autodeterminaci\u00f3n ante la responsabilidad. La libertad no nos permite hacer en todo momento lo que deseamos, sino<\/span><span style=\"font-family: Verdana; font-size: 9pt; font-style: italic; font-weight: bold;\">\u00a0<\/span><span style=\"font-family: Verdana; font-size: 9pt; font-style: italic; font-weight: bold;\"> que nos permite elegir entre las diversas posibilidades que aun tiempo se nos ofrecen. Su requisito indispensable es, por tanto, la concurrencia de estas posibilidades que el hombre puede elegir entre varias. Pero si al hombre se le cierran todos los caminos excepto uno, si se le niegan todas las posibilidades excepto una, si se le convence de que no existe m\u00e1s que una manera de sentir, de pensar y de obrar, ese hombre deja totalmente de ser libre; es simplemente el instrumento mec\u00e1nico de una doctrina superior, de una fuerza absoluta. Es la espada de una intransigencia s\u00f3lo comparable a los peores absolutismos de <\/span><span style=\"font-family: Verdana; font-size: 9pt; font-style: italic; font-weight: bold;\">la Historia.\u201d<\/span><span style=\"font-family: Verdana; font-size: 9pt; font-style: italic; font-weight: bold;\">\u00a0<\/span><span style=\"font-family: Verdana; font-size: 9pt; font-weight: bold;\">(7)<\/span><\/p>\n<p style=\"background-color: #ffffff; margin: 5pt 0pt; text-align: justify;\"><span style=\"font-family: Verdana; font-size: 9pt;\">\u00a0<\/span><span style=\"font-family: Verdana; font-size: 9pt;\">\u00a0<\/span><span style=\"font-family: Verdana; font-size: 9pt;\">\u00a0<\/span><span style=\"font-family: Verdana; font-size: 9pt;\">\u00a0<\/span><span style=\"font-family: Verdana; font-size: 9pt;\">\u00a0<\/span><span style=\"font-family: Verdana; font-size: 9pt;\">La revoluci\u00f3n que encabeza Per\u00f3n es eso, una revoluci\u00f3n, porque entre otras cosas va a proveer los espacios para el ejercicio de la libertad profunda. Esto es, un concepto diametralmente opuesto al que impuso el liberalismo despu\u00e9s de haber realizado su revoluci\u00f3n, la francesa, a fines del siglo XVIII.<\/span><span style=\"font-family: Verdana; font-size: 9pt;\">\u00a0<\/span><br \/>\n<span style=\"font-family: Verdana; font-size: 9pt;\">\u00a0<\/span><span style=\"font-family: Verdana; font-size: 9pt;\">\u00a0<\/span><span style=\"font-family: Verdana; font-size: 9pt;\">\u00a0<\/span><span style=\"font-family: Verdana; font-size: 9pt;\">\u00a0<\/span><span style=\"font-family: Verdana; font-size: 9pt;\">\u00a0<\/span><span style=\"font-family: Verdana; font-size: 9pt;\">En \u00e9l, tanto en lo econ\u00f3mico con el ahogo de toda posibilidad a enormes masas populares de emerger de la miseria, como en lo pol\u00edtico cuando las decisiones se reservan para muy pocos y se restringen los espacios para que en ellas participen los pueblos, queda disminuido y transfigurado el concepto de libertad. Lo que sugiere su proclamaci\u00f3n no es lo que sucede en la realidad. Los pueblos son esclavos en sistemas que se dicen libres.<\/span><br \/>\n<span style=\"font-family: Verdana; font-size: 9pt;\">Per\u00f3n al afrontar la tarea de dise\u00f1ar y realizar una ingenier\u00eda social que contuviese a la mayor\u00eda del pueblo, supo crear los espacios necesarios para el ejercicio de la verdadera libertad. Es decir los que<\/span><span style=\"font-family: Verdana; font-size: 9pt;\">\u00a0<\/span><span style=\"font-family: Verdana; font-size: 9pt; font-weight: bold;\">garantizaran la participaci\u00f3n en la toma de decisiones y en la ejecuci\u00f3n de las acciones.<\/span><br \/>\n<span style=\"font-family: Verdana; font-size: 9pt;\">\u00a0<\/span><span style=\"font-family: Verdana; font-size: 9pt;\">\u00a0<\/span><span style=\"font-family: Verdana; font-size: 9pt;\">\u00a0<\/span><span style=\"font-family: Verdana; font-size: 9pt;\">\u00a0<\/span><span style=\"font-family: Verdana; font-size: 9pt;\">\u00a0<\/span><span style=\"font-family: Verdana; font-size: 9pt;\">La Rama Sindical<\/span><span style=\"font-family: Verdana; font-size: 9pt;\"> es un modelo avanzado, no el \u00faltimo, por cuanto se desgastar\u00e1 y ser\u00e1 menester reformularlo, de la creaci\u00f3n de un gran espacio (columna de marcha) con esos prop\u00f3sitos.<\/span><br \/>\n<span style=\"font-family: Verdana; font-size: 9pt;\">\u00a0<\/span><span style=\"font-family: Verdana; font-size: 9pt;\">\u00a0<\/span><span style=\"font-family: Verdana; font-size: 9pt;\">\u00a0<\/span><span style=\"font-family: Verdana; font-size: 9pt;\">\u00a0<\/span><span style=\"font-family: Verdana; font-size: 9pt;\">\u00a0<\/span><span style=\"font-family: Verdana; font-size: 9pt;\">Un trabajador, pertenece a un gremio de una actividad cualquiera. Tiene por delante la posibilidad de participar en la comisi\u00f3n interna de su lugar de trabajo; tambi\u00e9n la tiene en cuanto a integrar una agrupaci\u00f3n que re\u00fana a los que piensan en la misma direcci\u00f3n; puede aspirar a conducir su sindicato, su federaci\u00f3n o integrar <\/span><span style=\"font-family: Verdana; font-size: 9pt;\">la C.G<\/span><span style=\"font-family: Verdana; font-size: 9pt;\">.T. Pero ese trabajador tambi\u00e9n vive en un barrio y puede ser, desde una Unidad B\u00e1sica impulsada por su sindicato, parte important\u00edsima en la vida socio-pol\u00edtica de la comunidad; puede ser candidato a legislador en cualquiera de todas las instancias y niveles de cargos electivos; puede llegar a ser agregado sindical en una embajada y finalmente tambi\u00e9n podr\u00e1 ser designado como ministro o secretario del poder ejecutivo.<\/span><br \/>\n<span style=\"font-family: Verdana; font-size: 9pt;\">\u00a0<\/span><span style=\"font-family: Verdana; font-size: 9pt;\">\u00a0<\/span><span style=\"font-family: Verdana; font-size: 9pt;\">\u00a0<\/span><span style=\"font-family: Verdana; font-size: 9pt;\">\u00a0<\/span><span style=\"font-family: Verdana; font-size: 9pt;\">\u00a0<\/span><span style=\"font-family: Verdana; font-size: 9pt;\">Se cumple plenamente el objetivo del espacio creado como Rama Sindical, para que los trabajadores<\/span><span style=\"font-family: Verdana; font-size: 9pt;\">\u00a0<\/span><span style=\"font-family: Verdana; font-size: 9pt; font-weight: bold;\">\u201cpuedan elegir entre las diversas posibilidades que a un tiempo se nos ofrece\u201d.<\/span><\/p>\n<p style=\"background-color: #ffffff; margin: 5pt 0pt; text-align: justify;\"><span style=\"font-family: Verdana; font-size: 9pt;\">\u00a0<\/span><span style=\"font-family: Verdana; font-size: 9pt;\">\u00a0<\/span><span style=\"font-family: Verdana; font-size: 9pt;\">\u00a0<\/span><span style=\"font-family: Verdana; font-size: 9pt;\">\u00a0<\/span><span style=\"font-family: Verdana; font-size: 9pt;\">\u00a0<\/span><span style=\"font-family: Verdana; font-size: 9pt;\">Fiel a su apotegma en cuanto a que \u201c<\/span><span style=\"font-family: Verdana; font-size: 9pt; font-weight: bold;\">mejor que decir es hacer y mejor que prometer es realizar\u201d<\/span><span style=\"font-family: Verdana; font-size: 9pt;\">,<\/span><span style=\"font-family: Verdana; font-size: 9pt; font-weight: bold;\">\u00a0<\/span><span style=\"font-family: Verdana; font-size: 9pt;\">Per\u00f3n dar\u00e1 comienzo a este modelo de organizaci\u00f3n de la fuerza del trabajo bien temprano en 1946 al comenzar su 1\u00ba gobierno y reci\u00e9n tres a\u00f1os despu\u00e9s, en 1949, al enunciar los principios de <\/span><span style=\"font-family: Verdana; font-size: 9pt;\">la Comunidad Organizada<\/span><span style=\"font-family: Verdana; font-size: 9pt;\"> en el Congreso Internacional del Filosof\u00eda que se llevar\u00e1 a cabo en Mendoza, explicar\u00e1 desde su discurso filos\u00f3fico lo que ya est\u00e1 realizado.<\/span><\/p>\n<p style=\"background-color: #ffffff; margin: 5pt 0pt;\"><img loading=\"lazy\" decoding=\"async\" class=\"aligncenter size-full wp-image-6312\" src=\"https:\/\/historiadelperonismo.com\/wp-content\/uploads\/55d12fdbb87b7_img.jpeg\" alt=\"55d12fdbb87b7_img\" width=\"160\" height=\"160\" srcset=\"https:\/\/historiadelperonismo.com\/wp-content\/uploads\/55d12fdbb87b7_img.jpeg 160w, https:\/\/historiadelperonismo.com\/wp-content\/uploads\/55d12fdbb87b7_img-150x150.jpeg 150w, https:\/\/historiadelperonismo.com\/wp-content\/uploads\/55d12fdbb87b7_img-146x146.jpeg 146w, https:\/\/historiadelperonismo.com\/wp-content\/uploads\/55d12fdbb87b7_img-50x50.jpeg 50w, https:\/\/historiadelperonismo.com\/wp-content\/uploads\/55d12fdbb87b7_img-80x80.jpeg 80w, https:\/\/historiadelperonismo.com\/wp-content\/uploads\/55d12fdbb87b7_img-85x85.jpeg 85w\" sizes=\"(max-width: 160px) 100vw, 160px\" \/><\/p>\n<p style=\"background-color: #ffffff; margin: 5pt 0pt;\"><img loading=\"lazy\" decoding=\"async\" class=\"aligncenter size-full wp-image-6313\" src=\"https:\/\/historiadelperonismo.com\/wp-content\/uploads\/55d12fdbb8986_img.jpeg\" alt=\"55d12fdbb8986_img\" width=\"167\" height=\"160\" srcset=\"https:\/\/historiadelperonismo.com\/wp-content\/uploads\/55d12fdbb8986_img.jpeg 167w, https:\/\/historiadelperonismo.com\/wp-content\/uploads\/55d12fdbb8986_img-152x146.jpeg 152w, https:\/\/historiadelperonismo.com\/wp-content\/uploads\/55d12fdbb8986_img-50x48.jpeg 50w\" sizes=\"(max-width: 167px) 100vw, 167px\" \/><\/p>\n<p style=\"background-color: #ffffff; margin: 5pt 0pt; text-align: center;\"><span style=\"font-family: Verdana; font-size: 9pt; font-weight: bold;\">Sede central de <\/span><span style=\"font-family: Verdana; font-size: 9pt; font-weight: bold;\">la C.G<\/span><span style=\"font-family: Verdana; font-size: 9pt; font-weight: bold;\">.T. en la calle Azopardo 820 de la ciudad de<\/span><span style=\"font-family: Verdana; font-size: 9pt; font-weight: bold;\">\u00a0<\/span><br \/>\n<span style=\"font-family: Verdana; font-size: 9pt; font-weight: bold;\">Buenos Aires y escudo la misma.<\/span><\/p>\n<table style=\"border-collapse: collapse; margin-left: 0pt; width: 939px; height: 495px;\" cellspacing=\"0\" cellpadding=\"0\">\n<tbody>\n<tr>\n<td style=\"background-color: #ffffff; padding: 0.38pt; vertical-align: middle; width: 379.5pt; border: 0.75pt solid #000000;\">\n<p style=\"margin: 0pt; text-align: justify;\"><span style=\"color: #4c0000; font-family: Verdana; font-size: 9pt; font-weight: bold;\">Una clara amenaza<\/span><\/p>\n<p style=\"margin: 5pt 0pt; text-align: justify;\"><span style=\"color: #4c0000; font-family: Verdana; font-size: 9pt; font-weight: bold;\">\u00a0<\/span><span style=\"color: #4c0000; font-family: Verdana; font-size: 9pt; font-weight: bold;\">\u00a0<\/span><span style=\"color: #4c0000; font-family: Verdana; font-size: 9pt; font-weight: bold;\">\u00a0<\/span><span style=\"color: #4c0000; font-family: Verdana; font-size: 9pt; font-weight: bold;\">\u00a0<\/span><span style=\"color: #4c0000; font-family: Verdana; font-size: 9pt; font-weight: bold;\">\u00a0<\/span><span style=\"color: #4c0000; font-family: Verdana; font-size: 9pt; font-weight: bold;\">A\u00f1o 2003-Transcurridos 60 a\u00f1os de aquella puesta en marcha revolucionaria, tal como fue la organizaci\u00f3n del movimiento obrero en ramas por actividad, se inicia la d\u00e9cada controlada pol\u00edticamente por el kirchnerismo. A partir de ese a\u00f1o el crecimiento del n\u00famero de<\/span><span style=\"color: #4c0000; font-family: Verdana; font-size: 9pt; font-weight: bold;\">\u00a0<\/span><span style=\"color: #4c0000; font-family: Verdana; font-size: 9pt; font-weight: bold;\"> organizaciones sindicales ha sido explosivo.<\/span><br \/>\n<span style=\"color: #4c0000; font-family: Verdana; font-size: 9pt; font-weight: bold;\">\u00a0<\/span><span style=\"color: #4c0000; font-family: Verdana; font-size: 9pt; font-weight: bold;\">\u00a0<\/span><span style=\"color: #4c0000; font-family: Verdana; font-size: 9pt; font-weight: bold;\">\u00a0<\/span><span style=\"color: #4c0000; font-family: Verdana; font-size: 9pt; font-weight: bold;\">\u00a0<\/span><span style=\"color: #4c0000; font-family: Verdana; font-size: 9pt; font-weight: bold;\">\u00a0<\/span><span style=\"color: #4c0000; font-family: Verdana; font-size: 9pt; font-weight: bold;\">\u00bfQue hay detr\u00e1s de esto? El avance incuestionable de fuerzas sindicales impregnadas de socialdemocracia a la europea, favorecidas, sin ning\u00fan lugar a dudas, por sindicatos (por ramas) que se ven envueltos en un modo de gesti\u00f3n que m\u00e1s se parece a organizaciones empresariales con gerentes en vez de sindicalistas y encima, muchas de ellas envueltas en actos de corrupci\u00f3n y de sometimiento pol\u00edtico. Se cre\u00f3 por lo tanto, la situaci\u00f3n propicia para el avance indicado.<\/span><br \/>\n<span style=\"color: #4c0000; font-family: Verdana; font-size: 9pt; font-weight: bold;\">\u00a0<\/span><span style=\"color: #4c0000; font-family: Verdana; font-size: 9pt; font-weight: bold;\">\u00a0<\/span><span style=\"color: #4c0000; font-family: Verdana; font-size: 9pt; font-weight: bold;\">\u00a0<\/span><span style=\"color: #4c0000; font-family: Verdana; font-size: 9pt; font-weight: bold;\">\u00a0<\/span><span style=\"color: #4c0000; font-family: Verdana; font-size: 9pt; font-weight: bold;\">\u00a0<\/span><span style=\"color: #4c0000; font-family: Verdana; font-size: 9pt; font-weight: bold;\">A\u00f1o 2013-As\u00ed, pasados 10 a\u00f1os de kirchnerismo, el n\u00famero de organizaciones sindicales llega a cerca de 3000, habiendo partido en 2003 de algo m\u00e1s de 1.500. Casi se duplic\u00f3. Si bien la mitad de esos 3000 solo tienen inscripci\u00f3n gremial y no personer\u00eda jur\u00eddica, est\u00e1 claro que el avance va en esa direcci\u00f3n. (8)<\/span><span style=\"color: #4c0000; font-family: Verdana; font-size: 9pt;\">\u00a0<\/span><br \/>\n<span style=\"color: #4c0000; font-family: Verdana; font-size: 9pt; font-weight: bold;\">\u00a0<\/span><span style=\"color: #4c0000; font-family: Verdana; font-size: 9pt; font-weight: bold;\">\u00a0<\/span><span style=\"color: #4c0000; font-family: Verdana; font-size: 9pt; font-weight: bold;\">\u00a0<\/span><span style=\"color: #4c0000; font-family: Verdana; font-size: 9pt; font-weight: bold;\">\u00a0<\/span><span style=\"color: #4c0000; font-family: Verdana; font-size: 9pt; font-weight: bold;\">\u00a0<\/span><span style=\"color: #4c0000; font-family: Verdana; font-size: 9pt; font-weight: bold;\">Los responsables de esta situaci\u00f3n son, el gobierno nacional que lo permite y lo promueve al inscribir en el Ministerio de Trabajo a cualquier organizaci\u00f3n que se presente y adem\u00e1s dividir al movimiento obrero en cinco centrales sindicales, tres C.G.T. y dos C.T.A., y las propias fuerzas sindicales tradicionales que, en vez de recrear el modelo iniciado en 1945 con un sentido de avance y fortalecimiento, han dejado hacer con el consiguiente fraccionamiento.<\/span><br \/>\n<span style=\"color: #4c0000; font-family: Verdana; font-size: 9pt; font-weight: bold;\">\u00a0<\/span><span style=\"color: #4c0000; font-family: Verdana; font-size: 9pt; font-weight: bold;\">\u00a0<\/span><span style=\"color: #4c0000; font-family: Verdana; font-size: 9pt; font-weight: bold;\">\u00a0<\/span><span style=\"color: #4c0000; font-family: Verdana; font-size: 9pt; font-weight: bold;\">\u00a0<\/span><span style=\"color: #4c0000; font-family: Verdana; font-size: 9pt; font-weight: bold;\">\u00a0<\/span><span style=\"color: #4c0000; font-family: Verdana; font-size: 9pt; font-weight: bold;\">Porque esto es lo que ocurre, un fraccionamiento sindical sin l\u00edmites. Sindicatos por oficio, categor\u00eda y a\u00fan por empresa. Se avanza en sentido de la debilidad. De continuar as\u00ed, ninguna negociaci\u00f3n salarial podr\u00e1 partir de una posici\u00f3n de fortaleza. El empresariado frente a esta situaci\u00f3n no puede sentir m\u00e1s que una gran alegr\u00eda. Se le est\u00e1 obsequiando un enorme favor.<\/span><\/p>\n<\/td>\n<\/tr>\n<\/tbody>\n<\/table>\n<p style=\"background-color: #ffffff; margin: 5pt 0pt;\"><span style=\"font-family: Verdana; font-size: 9pt;\">\u00a0<\/span><\/p>\n<p style=\"background-color: #ffffff; margin: 5pt 0pt; text-align: justify;\"><span style=\"font-family: Verdana; font-size: 9pt; font-weight: bold;\">Ver anexo<\/span><\/p>\n<p style=\"background-color: #ffffff; margin: 5pt 0pt; text-align: justify;\"><span style=\"font-family: Verdana; font-size: 9pt; font-style: italic;\">\u00a0<\/span><span style=\"font-family: Verdana; font-size: 9pt; font-weight: bold;\">Bibliograf\u00eda y Documentaci\u00f3n de apoyo<\/span><span style=\"font-family: Verdana; font-size: 9pt; font-weight: bold;\">\u00a0<\/span><span style=\"font-family: Verdana; font-size: 9pt; font-weight: bold;\">\u00a0<\/span><\/p>\n<p style=\"background-color: #ffffff; margin: 5pt 0pt; text-align: justify;\"><span style=\"font-family: Verdana; font-size: 9pt; font-weight: bold;\">1.Per\u00f3n, J. D. \u2013 Discurso ante los integrantes de la organizaci\u00f3n del festejo del 1\u00ba de mayo de 1974, 13-5-74. En Cuadernos de Tercera Posici\u00f3n, N\u00ba 9, publicaci\u00f3n de Tercera Posici\u00f3n, quincenario del Movimiento Peronista.<\/span><br \/>\n<span style=\"font-family: Verdana; font-size: 9pt; font-weight: bold;\">2. Carri, Roberto-Sindicatos y Poder en <\/span><span style=\"font-family: Verdana; font-size: 9pt; font-weight: bold;\">la Argentina<\/span><span style=\"font-family: Verdana; font-size: 9pt; font-weight: bold;\">, Editorial Sudestada, 1967,pag. 12.<\/span><br \/>\n<span style=\"font-family: Verdana; font-size: 9pt; font-weight: bold;\">3. Per\u00f3n, J. D. \u2013 \u201cAs\u00ed hablaba Juan Per\u00f3n\u201d, de Eugenio P. Rom, A. Pe\u00f1a Lillo Editor, Bs. As. 1980, pag. 119.<\/span><br \/>\n<span style=\"font-family: Verdana; font-size: 9pt; font-weight: bold;\">4. Per\u00f3n, J. D. \u2013 Discurso del 17 de octubre de 1945 en Plaza de Mayo.<\/span><span style=\"font-family: Verdana; font-size: 9pt;\">\u00a0<\/span><br \/>\n<span style=\"font-family: Verdana; font-size: 9pt; font-weight: bold;\">5. Ibidem<\/span><br \/>\n<span style=\"font-family: Verdana; font-size: 9pt; font-weight: bold;\">6. Carri, Roberto-Ob. cit., pag. 16<\/span><br \/>\n<span style=\"font-family: Verdana; font-size: 9pt; font-weight: bold;\">7. Per\u00f3n, J. D. \u2013 Doctrina Peronista, Edici\u00f3n del 15-6-1971, pag. 32<\/span><br \/>\n<span style=\"font-family: Verdana; font-size: 9pt; font-weight: bold;\">8. Ministerio de Trabajo, Direcci\u00f3n de Agrupaciones Sindicales.<\/span><\/p>\n<p style=\"background-color: #ffffff; margin: 5pt 0pt; text-align: justify;\"><span style=\"font-family: Verdana; font-size: 9pt;\">\u00a0<\/span><\/p>\n<p style=\"background-color: #ffffff; margin: 5pt 0pt; text-align: center;\"><span style=\"font-family: Verdana; font-size: 9pt; font-weight: bold;\">ACERCA DE <\/span><span style=\"font-family: Verdana; font-size: 9pt; font-weight: bold;\">LA LUCHA HOY<\/span><span style=\"font-family: Verdana; font-size: 9pt; font-weight: bold;\"> ENTRE <\/span><span style=\"font-family: Verdana; font-size: 9pt; font-weight: bold;\">LA CONCEPCI\u00d3N DE<\/span><span style=\"font-family: Verdana; font-size: 9pt; font-weight: bold;\"> SINDICATOS POR RAMA Y POR OFICIO<\/span><\/p>\n<p style=\"background-color: #ffffff; margin: 5pt 0pt; text-align: justify;\"><span style=\"font-family: Verdana; font-size: 9pt; font-style: italic; font-weight: bold;\">Por Alberto Buela<\/span><span style=\"font-family: Verdana; font-size: 9pt;\">\u00a0<\/span><\/p>\n<p><span style=\"font-family: Verdana; font-size: 9pt;\">El secretario general de <\/span><span style=\"font-family: Verdana; font-size: 9pt;\">la Confederaci\u00f3n<\/span><span style=\"font-family: Verdana; font-size: 9pt;\"> de Trabajadores Argentinos (CTA) declar\u00f3 unos d\u00edas antes de la reuni\u00f3n con la nueva presidente que: \u201cla<\/span><span style=\"font-family: Verdana; font-size: 9pt; font-style: italic;\">\u00a0<\/span><span style=\"font-family: Verdana; font-size: 9pt; font-style: italic;\">personer\u00eda gremial solicitada por <\/span><span style=\"font-family: Verdana; font-size: 9pt; font-style: italic;\">la CTA<\/span><span style=\"font-family: Verdana; font-size: 9pt; font-style: italic;\"> ya no requiere ni siquiera una discusi\u00f3n legal pues est\u00e1 avalada por <\/span><span style=\"font-family: Verdana; font-size: 9pt; font-style: italic;\">la Central Sindical<\/span><span style=\"font-family: Verdana; font-size: 9pt; font-style: italic;\"> Internacional<\/span><span style=\"font-family: Verdana; font-size: 9pt; font-style: italic;\">\u00a0<\/span><span style=\"font-family: Verdana; font-size: 9pt; font-style: italic;\"> y por la ORIT\u201d.<\/span><br \/>\n<span style=\"font-family: Verdana; font-size: 9pt;\">Que <\/span><span style=\"font-family: Verdana; font-size: 9pt;\">la CGT<\/span><span style=\"font-family: Verdana; font-size: 9pt;\"> haya estado dividida no es una novedad pues lo estuvo varias veces a lo largo de su historia: en 1935 entre <\/span><span style=\"font-family: Verdana; font-size: 9pt;\">la CGT Independencia<\/span><span style=\"font-family: Verdana; font-size: 9pt;\">(socialista) con <\/span><span style=\"font-family: Verdana; font-size: 9pt;\">la Uni\u00f3n Ferroviaria<\/span><span style=\"font-family: Verdana; font-size: 9pt;\"> a la cabeza y <\/span><span style=\"font-family: Verdana; font-size: 9pt;\">la CGT Catamarca<\/span><span style=\"font-family: Verdana; font-size: 9pt;\"> (sindicalista) a cuyo frente estaban los obreros mar\u00edtimos. Luego en 1941 entre CGT N\u00b01 (sindicalista)<\/span><span style=\"font-family: Verdana; font-size: 9pt;\">\u00a0<\/span><span style=\"font-family: Verdana; font-size: 9pt;\"> Con Domenech a la cabeza y CGT N\u00b02 (socialista) con P\u00e9rez Leir\u00f3s y Bramuglia. Despu\u00e9s en 1968 entre <\/span><span style=\"font-family: Verdana; font-size: 9pt;\">la CGT<\/span><span style=\"font-family: Verdana; font-size: 9pt;\"> de los Argentinos (peronismo revolucionario) con Ongaro de los gr\u00e1ficos y CGT Azopardo (peronismo sin Per\u00f3n) con Vandor de metal\u00fargicos. Posteriormente en el 79 entre <\/span><span style=\"font-family: Verdana; font-size: 9pt;\">la CGT Brasil<\/span><span style=\"font-family: Verdana; font-size: 9pt;\"> con Ubaldini de cerveceros y <\/span><span style=\"font-family: Verdana; font-size: 9pt;\">la CGT Azopardo<\/span><span style=\"font-family: Verdana; font-size: 9pt;\"> con Cavalieri de comercio, y finalmente en 1991 entre <\/span><span style=\"font-family: Verdana; font-size: 9pt;\">la CGT Azopardo<\/span><span style=\"font-family: Verdana; font-size: 9pt;\"> con los grandes gremios (los gordos) y <\/span><span style=\"font-family: Verdana; font-size: 9pt;\">la CGT<\/span><span style=\"font-family: Verdana; font-size: 9pt;\"> \u201cque lucha\u201d con Moyano de camioneros.<\/span><br \/>\n<span style=\"font-family: Verdana; font-size: 9pt;\">Pero ninguna de estas divisiones de <\/span><span style=\"font-family: Verdana; font-size: 9pt;\">la CGT<\/span><span style=\"font-family: Verdana; font-size: 9pt;\"> supuso seriamente un enfrentamiento en cuanto al modelo sindical a sostener. Ninguna cuestion\u00f3 el modelo sindical en curso y en uso. Fueron m\u00e1s bien divisiones pol\u00edticas e ideol\u00f3gicas y no una lucha por el modelo sindical a seguir que es lo que plantea hoy, y desde su creaci\u00f3n, <\/span><span style=\"font-family: Verdana; font-size: 9pt;\">la CTA.<\/span><br \/>\n<span style=\"font-family: Verdana; font-size: 9pt;\">E<\/span><span style=\"font-family: Verdana; font-size: 9pt;\">l modelo sindical argentino nace siendo el Per\u00f3n secretario de trabajo y unos d\u00edas antes del famoso 17 de octubre de l945 cuando se sanciona el decreto ley 23.852 por el que se lo otorga personer\u00eda gremial a aquellos sindicatos (uno s\u00f3lo) que por rama, oficio u actividad tengan una presencia \u201c<\/span><span style=\"font-family: Verdana; font-size: 9pt; font-style: italic;\">suficientemente representativa\u201d.<\/span><\/p>\n<p style=\"background-color: #ffffff; margin: 5pt 0pt; text-align: justify;\"><span style=\"font-family: Verdana; font-size: 9pt;\">\u00a0<\/span><\/p>\n<p style=\"margin: 0pt;\"><span style=\"background-color: #ffffff; font-family: Verdana; font-size: 9pt; font-weight: bold;\">Regulaci\u00f3n legal de los sindicatos en Argentina <\/span><span style=\"background-color: #ffffff; font-family: Verdana; font-size: 9pt; font-weight: bold;\">\u00a0<\/span><\/p>\n<p style=\"background-color: #ffffff; margin: 5pt 0pt; text-align: justify;\"><span style=\"font-family: Verdana; font-size: 9pt; font-weight: bold;\">I)<\/span><span style=\"font-family: Verdana; font-size: 9pt; font-weight: bold;\">\u00a0<\/span><span style=\"font-family: Verdana; font-size: 9pt;\">El 2 de octubre de 1945 siendo el Coronel Per\u00f3n Secretario de Trabajo se aprob\u00f3 el decreto 23.852 que cubrir\u00eda los diez a\u00f1os de gobierno del peronismo. Los rasgos salientes fueron: a) la asociaci\u00f3n profesional pod\u00eda constituirse libremente sin autorizaci\u00f3n previa. b) el sindicato (\u00fanico y por rama) est\u00e1 constituido por trabajadores de una misma actividad, profesi\u00f3n, industria, oficio o conexas, para la defensa de sus intereses profesionales. c) comprenden dos personer\u00edas: la jur\u00eddica y la gremial. La primera propia de toda asociaci\u00f3n y la segunda otorgada por <\/span><span style=\"font-family: Verdana; font-size: 9pt;\">la Secretar\u00eda<\/span><span style=\"font-family: Verdana; font-size: 9pt;\"> de Trabajo a las asociaciones \u201c<\/span><span style=\"font-family: Verdana; font-size: 9pt; font-style: italic;\">suficientemente representativas\u201d<\/span><span style=\"font-family: Verdana; font-size: 9pt; font-style: italic;\">\u00a0<\/span><span style=\"font-family: Verdana; font-size: 9pt;\">en el campo de actuaci\u00f3n. d) se facultaba al sindicato a participar de actividades pol\u00edticas, siempre que su congreso as\u00ed lo decidiera.<\/span><span style=\"font-family: Verdana; font-size: 9pt;\">\u00a0<\/span><br \/>\n<span style=\"font-family: Verdana; font-size: 9pt;\">Este decreto se complet\u00f3 en 1952 con la ley 14.250 de Convenciones Colectivas de Trabajo por la cual el sindicato con personer\u00eda gremial era el \u00fanico que pod\u00eda suscribir dichos convenios.<\/span><br \/>\n<span style=\"font-family: Verdana; font-size: 9pt; font-weight: bold;\">II)<\/span><span style=\"font-family: Verdana; font-size: 9pt; font-weight: bold;\">\u00a0<\/span><span style=\"font-family: Verdana; font-size: 9pt;\">En 1956 tras la ca\u00edda de Per\u00f3n promulg\u00f3 el decreto 9.270 dirigido a negar el marco jur\u00eddico anterior, propuso en nombre de \u201cla libertad sindical\u201d y de \u201cla pluralidad sindical\u201d crear tantos sindicatos como quieran los trabajadores tanto por actividad como por ramas. Se derog\u00f3 la personer\u00eda gremial.<\/span><br \/>\n<span style=\"font-family: Verdana; font-size: 9pt; font-weight: bold;\">III)<\/span><span style=\"font-family: Verdana; font-size: 9pt; font-weight: bold;\">\u00a0<\/span><span style=\"font-family: Verdana; font-size: 9pt;\">En 1958 el Congreso Nacional sancion\u00f3 la ley 14.455 que reimplant\u00f3,<\/span><span style=\"font-family: Verdana; font-size: 9pt;\">\u00a0<\/span><span style=\"font-family: Verdana; font-size: 9pt; font-style: italic;\">mutatis mutandi,<\/span><span style=\"font-family: Verdana; font-size: 9pt;\">\u00a0<\/span><span style=\"font-family: Verdana; font-size: 9pt;\">el r\u00e9gimen del decreto 23.852. Pero esta ley reci\u00e9n se reglamenta por el decreto 969 de 1966.<\/span><br \/>\n<span style=\"font-family: Verdana; font-size: 9pt; font-weight: bold;\">IV)<\/span><span style=\"font-family: Verdana; font-size: 9pt; font-weight: bold;\">\u00a0<\/span><span style=\"font-family: Verdana; font-size: 9pt;\">En 1973 el Congreso Nacional aprob\u00f3 la ley 20.615 que realiz\u00f3 algunas modificaciones m\u00ednimas sobre la personer\u00eda gremial, en materia de intervenci\u00f3n de los sindicatos en pol\u00edtica e ilegalizaba los sindicatos por empresas, pero en sustancia sigui\u00f3 a la ley 14.455<\/span><br \/>\n<span style=\"font-family: Verdana; font-size: 9pt; font-weight: bold;\">V)<\/span><span style=\"font-family: Verdana; font-size: 9pt; font-weight: bold;\">\u00a0<\/span><span style=\"font-family: Verdana; font-size: 9pt;\">En 1979 la dictadura militar sac\u00f3 la ley 22.105 que ven\u00eda negar la participaci\u00f3n de los sindicatos en pol\u00edtica y recopil\u00f3 todas las disposiciones de intervenci\u00f3n estatal en la vida de los gremios.<\/span><br \/>\n<span style=\"font-family: Verdana; font-size: 9pt; font-weight: bold;\">VI)<\/span><span style=\"font-family: Verdana; font-size: 9pt; font-weight: bold;\">\u00a0<\/span><span style=\"font-family: Verdana; font-size: 9pt;\">En 1988 el Congreso Nacional aprueba la ley 23.155 que viene a reglamentar la intervenci\u00f3n del Estado en la pol\u00e9mica del encuadramiento sindical<\/span><br \/>\n<span style=\"font-family: Verdana; font-size: 9pt;\">Las conclusiones sobre la evoluci\u00f3n de la regulaci\u00f3n normativo de la organizaci\u00f3n sindical argentina que extrae un estudioso del tema como lo fue el doctor Alvaro Ab\u00f3s (1) son: 1) Que la personer\u00eda gremial, fundada en razones objetivas preexistentes, es otorgada necesariamente por el Estado. 2) Cuanto m\u00e1s cercano al poder sindical est\u00e1 un gobierno, menos personer\u00edas gremiales tiende a otorgar.3) Los gobiernos antisindicales buscan la proliferaci\u00f3n de nuevos sindicatos, quebrando as\u00ed al sindicato \u00fanico por rama o actividad (este rasgo lo comparten hoy, parad\u00f3jicamente, <\/span><span style=\"font-family: Verdana; font-size: 9pt;\">la OIT<\/span><span style=\"font-family: Verdana; font-size: 9pt;\"> y <\/span><span style=\"font-family: Verdana; font-size: 9pt;\">la CTA<\/span><span style=\"font-family: Verdana; font-size: 9pt;\">). 4) Un n\u00famero peque\u00f1o de sindicatos concentra un porcentaje elevado de la afiliaci\u00f3n total. 5) <\/span><span style=\"font-family: Verdana; font-size: 9pt;\">La CGT<\/span><span style=\"font-family: Verdana; font-size: 9pt;\"> naci\u00f3 en Argentina m\u00e1s como un proyecto pol\u00edtico que como una consecuencia del desarrollo industrial del pa\u00eds.<\/span><br \/>\n<span style=\"font-family: Verdana; font-size: 9pt;\">Como se puede ver luego de esta sucinta exposici\u00f3n legal e hist\u00f3rica de la evoluci\u00f3n del sindicalismo en Argentina que, parad\u00f3jicamente, los planteos de la \u201cprogresista y revolucionaria\u201d CTA coinciden con los propuestos por la \u201crevoluci\u00f3n fisiladora\u201d que derroc\u00f3 a Per\u00f3n en 1955 y con los del dictador Ongan\u00eda en 1966 y con los de la dictadura militar, pues todos ellos bajo la apariencia y el simulacro de defender la \u201c<\/span><span style=\"font-family: Verdana; font-size: 9pt; font-style: italic;\">libertad sindical\u201d<\/span><span style=\"font-family: Verdana; font-size: 9pt; font-style: italic;\">\u00a0<\/span><span style=\"font-family: Verdana; font-size: 9pt;\">buscan el debilitamiento de la organizaci\u00f3n por rama, actividad u oficio que es el coraz\u00f3n del modelo sindical argentino y aquello en que se funda su fuerza y poder.<\/span><br \/>\n<span style=\"font-family: Verdana; font-size: 9pt;\">El grave problema es que hoy no existe desde <\/span><span style=\"font-family: Verdana; font-size: 9pt;\">la CGT<\/span><span style=\"font-family: Verdana; font-size: 9pt;\"> una reacci\u00f3n, una oposici\u00f3n fuerte y decidida ante los planteos de <\/span><span style=\"font-family: Verdana; font-size: 9pt;\">la CTA. Es<\/span><span style=\"font-family: Verdana; font-size: 9pt;\"> m\u00e1s varios gremios adheridos a <\/span><span style=\"font-family: Verdana; font-size: 9pt;\">la CGT<\/span><span style=\"font-family: Verdana; font-size: 9pt;\"> confraternizan en actos y publicaciones (por ejemplo: Sadop le publica a Yasky y Dragado y Balizamiento lo trata de compa\u00f1ero) cuando en realidad \u00e9l es un enemigo mortal del modelo sindical argentino.<\/span><span style=\"font-family: Verdana; font-size: 9pt;\">\u00a0<\/span><br \/>\n<span style=\"font-family: Verdana; font-size: 9pt;\">Todo indica <\/span><span style=\"font-family: Verdana; font-size: 9pt;\">la CGT<\/span><span style=\"font-family: Verdana; font-size: 9pt;\"> se ha planteado la indefensi\u00f3n de modelo sindical como una pol\u00edtica a seguir, sin darse cuenta ni percatarse que si no salen en defensa del modelo que les dio vida de sus organizaciones sindicales y sentido en la historia pol\u00edtica argentina, pues si <\/span><span style=\"font-family: Verdana; font-size: 9pt;\">la CTA<\/span><span style=\"font-family: Verdana; font-size: 9pt;\"> termina consiguiendo su ansiada personer\u00eda gremial va a disolver, de hecho y de derecho, el modelo sindical nacional que lo hizo \u00fanico y diferente en el mundo del trabajo al movimiento obrero argentino.<\/span><br \/>\n<span style=\"font-family: Verdana; font-size: 9pt;\">Solo se vislumbra una defensa en algunos grupos sindicales que integran <\/span><span style=\"font-family: Verdana; font-size: 9pt;\">la CGT<\/span><span style=\"font-family: Verdana; font-size: 9pt;\"> como lo son \u201clos gremios solidarios\u201d que encabeza Agust\u00edn Amicone del calzado y el cada vez m\u00e1s poderoso \u201cGrupo Abasto\u201d que tiene al Gato Silva de vendedores ambulantes como referente. En cuanto a \u201clos gordos\u201d es sabido que solo est\u00e1n desde hace muchos a\u00f1os en un sindicalismo empresario al que poco le interesan los planteos pol\u00edticos e ideol\u00f3gicos, con tal que no afecten a sus negocios.<\/span><br \/>\n<span style=\"font-family: Verdana; font-size: 9pt;\">Yasky desnudando la estrategia de <\/span><span style=\"font-family: Verdana; font-size: 9pt;\">la CTA<\/span><span style=\"font-family: Verdana; font-size: 9pt;\"> reconociendo otras fuentes del derecho m\u00e1s all\u00e1 de las del Estado Nacional argentino como es el Convenio 87 de <\/span><span style=\"font-family: Verdana; font-size: 9pt;\">la OIT<\/span><span style=\"font-family: Verdana; font-size: 9pt;\">\u00a0<\/span><span style=\"font-family: Verdana; font-size: 9pt;\"> que alienta la creaci\u00f3n de cuantos sindicatos tenga la voluntad de los trabajadores por rama, industria o servicio. Donde el pseudo dirigente<\/span><span style=\"font-family: Verdana; font-size: 9pt;\">\u00a0<\/span><span style=\"font-family: Verdana; font-size: 9pt;\"> termina creando gremios<\/span><span style=\"font-family: Verdana; font-size: 9pt;\">\u00a0<\/span><span style=\"font-family: Verdana; font-size: 9pt;\"> por f\u00e1brica con el dinero del patr\u00f3n, gremios con 8 afiliados como en Chile, con lo cual el sindicato pierde toda legitimidad y sus afiliados toda cobertura o defensa.<\/span><span style=\"font-family: Verdana; font-size: 9pt;\">\u00a0<\/span><span style=\"font-family: Verdana; font-size: 9pt;\"> Estos sindicatos son,<\/span><span style=\"font-family: Verdana; font-size: 9pt;\">\u00a0<\/span><span style=\"font-family: Verdana; font-size: 9pt;\"> en definitiva, una cortina de humo de la plutocracia internacional.<\/span><span style=\"font-family: Verdana; font-size: 9pt;\">\u00a0<\/span><br \/>\n<span style=\"font-family: Verdana; font-size: 9pt;\">Claro est\u00e1, Yasky esto no lo ve o se hace el que no lo ve, pues <\/span><span style=\"font-family: Verdana; font-size: 9pt;\">la CTA<\/span><span style=\"font-family: Verdana; font-size: 9pt;\"> est\u00e1 integrada, b\u00e1sicamente, por empleados p\u00fablicos como son los gremios de trabajadores del estado (ATE) y docentes (CTERA) y su contrapartida, la patronal es el Estado. Ellos no tienen que lidiar contra el \u201csujeto difuso\u201d como es la patronal de las grandes empresas multinacionales, ni con los empresarios sin escr\u00fapulos de tant\u00edsimas empresas privadas con los que luchan a diario los genuinos dirigentes sindicales desde los delegados de f\u00e1brica hasta los secretarios generales.<\/span><br \/>\n<span style=\"font-family: Verdana; font-size: 9pt;\">\u00bfSe puede esperar alguna reacci\u00f3n desde el gobierno? Lo vemos muy dif\u00edcil pues el Estado Argentino ha ya reconocido otras fuentes de derecho superiores a las del propio Estado nacional al firmar el Pacto de San Jos\u00e9 de Costa Rica.<\/span><\/p>\n<p><span style=\"font-family: Verdana; font-size: 9pt; font-weight: bold;\">1.- Ab\u00f3s, Alvaro:<\/span><span style=\"font-family: Verdana; font-size: 9pt; font-weight: bold;\">\u00a0<\/span><span style=\"font-family: Verdana; font-size: 9pt; font-style: italic; font-weight: bold;\">El modelo sindical argentino,<\/span><span style=\"font-family: Verdana; font-size: 9pt; font-style: italic; font-weight: bold;\">\u00a0<\/span><span style=\"font-family: Verdana; font-size: 9pt; font-weight: bold;\">Fundaci\u00f3n F. Ebert, Buenos Aires, 1989<\/span><\/p>\n<p><span style=\"font-family: Verdana; font-size: 9pt; font-weight: bold;\">(*)fil\u00f3sofo-Asesor Federaci\u00f3n del Papel<\/span><br \/>\n<a style=\"color: #000000;\" href=\"mailto:alberto.buela@gmail.com\"><span style=\"font-family: Verdana; font-size: 9pt; font-weight: bold; text-decoration: none;\">alberto.buela@gmail.com<\/span><\/a><\/p>\n<p style=\"margin: 0pt;\"><span style=\"font-family: 'Times New Roman'; font-size: 12pt;\">\u00a0<\/span><\/p>\n<\/div>\n<p>&nbsp;<\/p>\n","protected":false},"excerpt":{"rendered":"<p><a style=\"color: #626262; text-decoration:none;\" href=\"https:\/\/historiadelperonismo.com\/?p=3856\">La Organizaci\u00f3n de los Trabajadores<br \/>\nAntecedentes<br \/>\nEl nuevo sindicalismo<br \/>\nLeer m\u00e1s<\/p>\n","protected":false},"author":2,"featured_media":0,"comment_status":"closed","ping_status":"closed","sticky":false,"template":"","format":"standard","meta":{"footnotes":""},"categories":[10,12],"tags":[],"class_list":["post-3856","post","type-post","status-publish","format-standard","hentry","category-parte-iii","category-textos-centrales"],"_links":{"self":[{"href":"https:\/\/historiadelperonismo.com\/index.php?rest_route=\/wp\/v2\/posts\/3856","targetHints":{"allow":["GET"]}}],"collection":[{"href":"https:\/\/historiadelperonismo.com\/index.php?rest_route=\/wp\/v2\/posts"}],"about":[{"href":"https:\/\/historiadelperonismo.com\/index.php?rest_route=\/wp\/v2\/types\/post"}],"author":[{"embeddable":true,"href":"https:\/\/historiadelperonismo.com\/index.php?rest_route=\/wp\/v2\/users\/2"}],"replies":[{"embeddable":true,"href":"https:\/\/historiadelperonismo.com\/index.php?rest_route=%2Fwp%2Fv2%2Fcomments&post=3856"}],"version-history":[{"count":5,"href":"https:\/\/historiadelperonismo.com\/index.php?rest_route=\/wp\/v2\/posts\/3856\/revisions"}],"predecessor-version":[{"id":11792,"href":"https:\/\/historiadelperonismo.com\/index.php?rest_route=\/wp\/v2\/posts\/3856\/revisions\/11792"}],"wp:attachment":[{"href":"https:\/\/historiadelperonismo.com\/index.php?rest_route=%2Fwp%2Fv2%2Fmedia&parent=3856"}],"wp:term":[{"taxonomy":"category","embeddable":true,"href":"https:\/\/historiadelperonismo.com\/index.php?rest_route=%2Fwp%2Fv2%2Fcategories&post=3856"},{"taxonomy":"post_tag","embeddable":true,"href":"https:\/\/historiadelperonismo.com\/index.php?rest_route=%2Fwp%2Fv2%2Ftags&post=3856"}],"curies":[{"name":"wp","href":"https:\/\/api.w.org\/{rel}","templated":true}]}}