{"id":3889,"date":"2015-06-10T15:30:30","date_gmt":"2015-06-10T15:30:30","guid":{"rendered":"http:\/\/www.xn--diseowebdmg4-dhb.com.ar\/historiadelperonismo\/?p=3889"},"modified":"2018-10-01T15:51:13","modified_gmt":"2018-10-01T18:51:13","slug":"ano-1949-reforma-de-la-constitucion-nacional-2","status":"publish","type":"post","link":"https:\/\/historiadelperonismo.com\/?p=3889","title":{"rendered":"A\u00f1o 1949 &#8211; Reforma de la Constituci\u00f3n Nacional"},"content":{"rendered":"<p><span style=\"color: #000000;\"><span style=\"font-family: Verdana; font-size: 30pt; font-weight: bold;\">PRIMER GOBIERNO DE PERON<\/span><span style=\"font-family: Verdana; font-size: 18pt; font-weight: bold;\">\u00a0<\/span><\/span><\/p>\n<div>\n<p style=\"margin: 0pt;\"><span style=\"font-family: Verdana; font-size: 18pt; font-weight: bold; color: #000000;\">1946-1952<\/span><\/p>\n<p>&nbsp;<\/p>\n<\/div>\n<p>&nbsp;<\/p>\n<p>&nbsp;<\/p>\n<div>\n<p><span style=\"font-family: Verdana; font-size: 18pt; font-weight: bold; color: #000000;\">En lo pol\u00edtico:<\/span><\/p>\n<p style=\"background-color: #ffffff; margin: 0pt; text-align: justify;\"><span style=\"font-size: 18pt; color: #000000;\"><span style=\"font-family: Verdana; font-weight: bold; font-size: 18pt;\">A\u00f1o 1949 &#8211; Reforma de la Constituci\u00f3n Nacional<\/span><\/span><\/p>\n<p>&nbsp;<\/p>\n<p style=\"background-color: #ffffff; margin: 0pt; text-align: justify;\"><span style=\"font-family: Verdana; font-size: 10pt; font-style: italic; font-weight: bold; color: #000000;\">\u201cEstamos en este recinto unidos espiritualmente en el anhelo de perfeccionar la magna idea de la libertad, que las desviaciones de la democracia liberal y su alejamiento de lo humano hicieron posible.\u201d<\/span><\/p>\n<p style=\"background-color: #ffffff; margin: 0pt; text-align: justify;\"><span style=\"font-family: Verdana; font-size: 10pt; font-style: italic; font-weight: bold; color: #000000;\">\u201cHoy no es posible pensar organizarse sin el pueblo, ni organizar un Estado de minor\u00edas para entregar a unos pocos privilegiados la administraci\u00f3n de la libertad. Esto quiere decir que de la democracia liberal hemos pasado a la democracia social.\u201d<\/span><\/p>\n<p style=\"text-align: right;\"><span style=\"color: #000000;\"><strong><span style=\"font-family: verdana, geneva; font-size: 10pt;\">General Juan D. Per\u00f3n<\/span><\/strong><\/span><br \/>\n<span style=\"color: #000000;\"><strong><span style=\"font-family: verdana, geneva; font-size: 10pt;\">Presidente de la Naci\u00f3n<br \/>\n(1)<\/span><\/strong><\/span><\/p>\n<p style=\"background-color: #ffffff; margin: 0pt; text-align: center;\"><img fetchpriority=\"high\" decoding=\"async\" class=\"aligncenter size-full wp-image-6338\" src=\"https:\/\/historiadelperonismo.com\/wp-content\/uploads\/55d27c20a42b1_img.jpeg\" alt=\"55d27c20a42b1_img\" width=\"326\" height=\"403\" srcset=\"https:\/\/historiadelperonismo.com\/wp-content\/uploads\/55d27c20a42b1_img.jpeg 326w, https:\/\/historiadelperonismo.com\/wp-content\/uploads\/55d27c20a42b1_img-243x300.jpeg 243w, https:\/\/historiadelperonismo.com\/wp-content\/uploads\/55d27c20a42b1_img-118x146.jpeg 118w, https:\/\/historiadelperonismo.com\/wp-content\/uploads\/55d27c20a42b1_img-40x50.jpeg 40w\" sizes=\"(max-width: 326px) 100vw, 326px\" \/><\/p>\n<p style=\"background-color: #ffffff; margin: 0pt; text-align: center;\"><span style=\"font-family: Verdana; font-size: 10pt; font-weight: bold;\">El general Per\u00f3n y un ejemplar de la<\/span><\/p>\n<p style=\"background-color: #ffffff; margin: 0pt; text-align: center;\"><span style=\"font-family: Verdana; font-size: 10pt; font-weight: bold;\">Constituci\u00f3n de 1949 en sus manos<\/span><\/p>\n<p style=\"margin: 0pt; text-align: center;\"><a href=\"https:\/\/historiadelperonismo.com\/?p=3685\"><span style=\"background-color: #ffffff; font-family: Verdana; font-size: 10pt; font-weight: bold; text-decoration: underline;\">Texto Completo de la nueva Constituci\u00f3n Nacional de 1949<\/span><\/a><\/p>\n<p style=\"margin: 0pt; text-align: center;\"><strong>CLIC ACA<\/strong><\/p>\n<p>&nbsp;<\/p>\n<p style=\"background-color: #ffffff; margin: 0pt; text-align: justify;\"><span style=\"color: #500000; font-family: Verdana; font-size: 10pt; font-weight: bold;\">\u00bfPor qu\u00e9 reformar <\/span><span style=\"color: #500000; font-family: Verdana; font-size: 10pt; font-weight: bold;\">la Constituci\u00f3n Nacional<\/span><span style=\"color: #500000; font-family: Verdana; font-size: 10pt; font-weight: bold;\"> de 1853 y crear una nueva?<\/span><\/p>\n<p style=\"background-color: #ffffff; margin: 0pt; text-align: justify; text-indent: 18pt;\"><span style=\"color: #500000; font-family: Verdana; font-size: 10pt; font-weight: bold;\">Pareciera ser que la sola referencia a la citas de Per\u00f3n con que encabezamos este texto, bastasen por si mismas y cerrasen el tema. En rigor es bastante as\u00ed. Pero vamos a desgranar todo el proceso previo y poner la mirada hacia el futuro para comprender mejor la definici\u00f3n del presidente de los argentinos.<\/span><\/p>\n<p style=\"background-color: #ffffff; margin: 0pt; text-align: justify; text-indent: 18pt;\"><span style=\"color: #500000; font-family: Verdana; font-size: 10pt; font-weight: bold;\">Cuando el liberalismo se alza con el poder al derrotar a Rosas en 1852 y a partir desde ese momento hist\u00f3rico comienza el periodo de la organizaci\u00f3n nacional, esta se hace con todos los principios liberales en auge y vigentes en el mundo occidental del siglo XIX.<\/span><\/p>\n<p style=\"background-color: #ffffff; margin: 0pt; text-align: justify; text-indent: 18pt;\"><span style=\"color: #500000; font-family: Verdana; font-size: 10pt; font-weight: bold;\">Interesan para el tema que abordamos cuatro cuestiones centrales que se instalan a partir de esa fecha.<\/span><\/p>\n<p style=\"background-color: #ffffff; margin: 0pt; text-align: justify; text-indent: 18pt;\"><span style=\"color: #500000; font-family: Verdana; font-size: 10pt; font-weight: bold;\">La primera est\u00e1 referida a la proclamaci\u00f3n de la libertad en la constituci\u00f3n consagrada en 1853. Nadie, absolutamente nadie, hubiera podido oponerse a este principio porque apuntaba a ser ejercido por los hombres. Pero el transcurso del tiempo puso en evidencia dos cuestiones centrales. Una fue que esa proclamaci\u00f3n era simplemente incumplida en los hechos, que \u201c<\/span><span style=\"color: #500000; font-family: Verdana; font-size: 10pt; font-style: italic; font-weight: bold;\">son los que mandan<\/span><span style=\"color: #500000; font-family: Verdana; font-size: 10pt; font-weight: bold;\">\u201d, y que ese incumplimiento tra\u00eda la desgracia y el sometimiento de pueblos enteros. El hombre era nominalmente libre pero esclavo en los hechos.<\/span><\/p>\n<p style=\"background-color: #ffffff; margin: 0pt; text-align: justify; text-indent: 18pt;\"><span style=\"color: #500000; font-family: Verdana; font-size: 10pt; font-weight: bold;\">La segunda fue que ese incumplimiento, fruto de sociedades injustas por el dominio de muy pocos a las mayor\u00edas, trajo paralelamente el rechazo y la negativa para cambiar cualquiera de los principios que forman parte del texto constitucional sancionado en 1853 para el caso que nos ocupa.<\/span><\/p>\n<p style=\"background-color: #ffffff; margin: 0pt; text-align: justify; text-indent: 18pt;\"><span style=\"color: #500000; font-family: Verdana; font-size: 10pt; font-weight: bold;\">No pod\u00eda ser de otro modo. <\/span><span style=\"color: #500000; font-family: Verdana; font-size: 10pt; font-weight: bold;\">La Constituci\u00f3n<\/span><span style=\"color: #500000; font-family: Verdana; font-size: 10pt; font-weight: bold;\"> de 1853 con sus reformas de 1860, 1866 y 1898 era algo as\u00ed como <\/span><span style=\"color: #500000; font-family: Verdana; font-size: 10pt; font-weight: bold;\">la Biblia<\/span><span style=\"color: #500000; font-family: Verdana; font-size: 10pt; font-weight: bold;\"> liberal y no deb\u00eda ser tocada en sus ejes centrales. Los privilegios de las clases dominantes necesitaban que esto fuese as\u00ed, porque no deb\u00eda darse ventaja alguna al avance social. Era una cuesti\u00f3n vital.<\/span><\/p>\n<p style=\"background-color: #ffffff; margin: 0pt; text-align: justify; text-indent: 18pt;\"><span style=\"color: #500000; font-family: Verdana; font-size: 10pt; font-weight: bold;\">La tercera tiene que ver con que esa constituci\u00f3n fue pensada para un modelo de naci\u00f3n donde lo que faltaba era precisamente el sentido nacional. Estaba concebida a imagen y semejanza de modelos europeos-norteamericanos, donde <\/span><span style=\"color: #500000; font-family: Verdana; font-size: 10pt; font-weight: bold;\">la Argentina<\/span><span style=\"color: #500000; font-family: Verdana; font-size: 10pt; font-weight: bold;\"> deb\u00eda ser solo un pa\u00eds<\/span><span style=\"color: #500000; font-family: Verdana; font-size: 10pt; font-weight: bold;\">semicolonial<\/span> <span style=\"color: #500000; font-family: Verdana; font-size: 10pt; font-weight: bold;\">al servicio de otras naciones.<\/span><\/p>\n<p style=\"background-color: #ffffff; margin: 0pt; text-align: justify; text-indent: 18pt;\"><span style=\"color: #500000; font-family: Verdana; font-size: 10pt; font-weight: bold;\">Por ende surge una nueva necesidad, que ser\u00eda el cuarto eje central para una nueva constituci\u00f3n y es que esta deb\u00eda ser pensada con sentido nacional, como un programa nacional en defensa de los intereses argentinos. Para eso hab\u00eda que<\/span><span style=\"color: #500000; font-family: Verdana; font-size: 10pt; font-style: italic; font-weight: bold;\">\u201cpensar como argentinos, sentir como argentinos y fundamentalmente proceder como argentinos\u201d<\/span> <span style=\"color: #500000; font-family: Verdana; font-size: 10pt; font-weight: bold;\">parafraseando a una definici\u00f3n de Evita sobre Per\u00f3n, y el proceso constitucional deb\u00eda estar encabezado por alguien como \u00e9l, un conductor. Fue lo<\/span><span style=\"color: #500000; font-family: Verdana; font-size: 10pt; font-weight: bold;\">sucedido, pero adem\u00e1s porque se deb\u00eda contar con una cuota de gran poder para ejecutar esta reforma y ponerla al servicio del pueblo. El momento fue inmejorable, porque <\/span><span style=\"color: #500000; font-family: Verdana; font-size: 10pt; font-weight: bold;\">la Naci\u00f3n<\/span><span style=\"color: #500000; font-family: Verdana; font-size: 10pt; font-weight: bold;\"> rebozaba de justicia y progreso y hab\u00eda madurado el punto \u00f3ptimo para realizarla y Per\u00f3n contaba con todas las fuerzas materiales, espirituales, y doctrinarias necesarias.<\/span><\/p>\n<p style=\"background-color: #ffffff; margin: 0pt; text-align: justify; text-indent: 18pt;\"><span style=\"color: #500000; font-family: Verdana; font-size: 10pt; font-weight: bold;\">Fue para el liberalismo una derrota de enorme magnitud. Proporcional al tiempo en que hab\u00eda manejado a su antojo el poder en <\/span><span style=\"color: #500000; font-family: Verdana; font-size: 10pt; font-weight: bold;\">la Argentina. Tal<\/span><span style=\"color: #500000; font-family: Verdana; font-size: 10pt; font-weight: bold;\"> vez, y junto con otros hechos pol\u00edticos de enorme significaci\u00f3n en la vida nacional y en la del peronismo, esta reforma de 1949 haya sido el inicio (silencioso) del golpe contra el pueblo que se habr\u00eda de perpetrar en 1955.<\/span><\/p>\n<p style=\"background-color: #ffffff; margin: 0pt; text-align: justify; text-indent: 18pt;\"><span style=\"color: #500000; font-family: Verdana; font-size: 10pt; font-weight: bold;\">Debe decirse que todo lo legislado en <\/span><span style=\"color: #500000; font-family: Verdana; font-size: 10pt; font-weight: bold;\">la Asamblea Constituyente<\/span><span style=\"color: #500000; font-family: Verdana; font-size: 10pt; font-weight: bold;\"> y transformado en el nuevo texto constitucional, tendr\u00e1 un car\u00e1cter irreversible, porque a pesar de que ser\u00e1 anulado por un bando militar en 1956, todo lo consagrado en 1949 se corresponde con los hechos que lo avalan. Esto oper\u00f3 en la conciencia del pueblo argentino dejando una marca indeleble independientemente de que sus derechos fuesen conculcados, pues lo que ingresa en la conciencia popular no desaparece jam\u00e1s. Podr\u00e1 tener tropiezos y retrocesos, pero es indestructible. Es el caso de <\/span><span style=\"color: #500000; font-family: Verdana; font-size: 10pt; font-weight: bold;\">la Constituci\u00f3n<\/span><span style=\"color: #500000; font-family: Verdana; font-size: 10pt; font-weight: bold;\"> de 1949.<\/span><\/p>\n<p style=\"background-color: #ffffff; margin: 0pt; text-align: center; text-indent: 18pt;\"><img decoding=\"async\" class=\"aligncenter size-full wp-image-6339\" src=\"https:\/\/historiadelperonismo.com\/wp-content\/uploads\/55d27c20a4527_img.png\" alt=\"55d27c20a4527_img\" width=\"330\" height=\"433\" srcset=\"https:\/\/historiadelperonismo.com\/wp-content\/uploads\/55d27c20a4527_img.png 330w, https:\/\/historiadelperonismo.com\/wp-content\/uploads\/55d27c20a4527_img-229x300.png 229w, https:\/\/historiadelperonismo.com\/wp-content\/uploads\/55d27c20a4527_img-111x146.png 111w, https:\/\/historiadelperonismo.com\/wp-content\/uploads\/55d27c20a4527_img-38x50.png 38w\" sizes=\"(max-width: 330px) 100vw, 330px\" \/><\/p>\n<p style=\"background-color: #ffffff; margin: 0pt; text-align: center; text-indent: 18pt;\"><span style=\"font-family: Verdana; font-size: 10pt; font-weight: bold;\">Frente de un original de la nueva constituci\u00f3n<\/span><\/p>\n<p style=\"background-color: #ffffff; margin: 0pt; padding-left: 9pt; text-align: justify; text-indent: -9pt;\"><span style=\"font-family: Verdana; font-size: 10pt; font-style: italic; font-weight: bold;\">\u201cAlejamiento de lo humano\u201d<\/span><\/p>\n<p style=\"background-color: #ffffff; margin: 0pt; text-align: justify; text-indent: 18pt;\"><span style=\"font-family: Verdana; font-size: 10pt;\">Es lo que dice Per\u00f3n en su discurso ante <\/span><span style=\"font-family: Verdana; font-size: 10pt;\">la Asamblea Constituyente<\/span><span style=\"font-family: Verdana; font-size: 10pt;\"> del 27 de enero de 1949<\/span><span style=\"font-family: Verdana; font-size: 10pt; font-style: italic; font-weight: bold;\">.<\/span><span style=\"font-family: Verdana; font-size: 10pt;\">Vaya semejante definici\u00f3n y lapidaci\u00f3n de lo que hab\u00eda sucedido con el liberalismo. Despu\u00e9s de casi 100 a\u00f1os las consecuencias estaban a la vista y lo condenaban irremediablemente. No cab\u00eda esperar m\u00e1s. Miseria para el pueblo y un pa\u00eds de rodillas. Eran los resultados obtenidos bajo el paraguas de <\/span><span style=\"font-family: Verdana; font-size: 10pt;\">la Constituci\u00f3n<\/span><span style=\"font-family: Verdana; font-size: 10pt;\"> de 1953.<\/span><\/p>\n<p style=\"background-color: #ffffff; margin: 0pt; text-align: justify; text-indent: 18pt;\"><span style=\"font-family: Verdana; font-size: 10pt;\">A partir de 1943 y 1946, <\/span><span style=\"font-family: Verdana; font-size: 10pt;\">la Revoluci\u00f3n Justicialista<\/span><span style=\"font-family: Verdana; font-size: 10pt;\">, fiel a un principios que ser\u00e1 desde aqu\u00ed en adelante un axioma imposible de soslayar y que la define claramente,<\/span><span style=\"font-family: Verdana; font-size: 10pt; font-style: italic; font-weight: bold;\">\u201cmejor que decir es hacer y mejor que prometer es realizar<\/span><span style=\"font-family: Verdana; font-size: 10pt;\">\u201d<\/span><span style=\"font-family: Verdana; font-size: 10pt; font-weight: bold;\">(2)<\/span><span style=\"font-family: Verdana; font-size: 10pt;\">, comienza una sucesi\u00f3n imparable de realizaciones sin tener a\u00fan el marco filos\u00f3fico-constitucional que las explicite, aunque las definiciones de Per\u00f3n sobre su pensamiento y acci\u00f3n previas a este momento hist\u00f3rico eran innumerables y ven\u00edan de a\u00f1os atr\u00e1s de formaci\u00f3n, maduraci\u00f3n y ejecuci\u00f3n. Solo faltaba expresarlas y registrarlas en un marco doctrinario e institucional ordenado. Esto llegar\u00e1 precisamente en 1949, que ser\u00e1 el a\u00f1o del Congreso Filos\u00f3fico en Mendoza y el de la sanci\u00f3n de la nueva constituci\u00f3n. Es el modo de hacer la historia en el peronismo.<\/span><\/p>\n<p style=\"background-color: #ffffff; margin: 0pt; text-align: justify; text-indent: 18pt;\"><span style=\"font-family: Verdana; font-size: 10pt;\">Pero debe tenerse claro una cuesti\u00f3n central, la revolucionaria Constituci\u00f3n de<\/span><span style=\"font-family: Verdana; font-size: 10pt;\">1949, a<\/span><span style=\"font-family: Verdana; font-size: 10pt;\">diferencia de la de 1853, est\u00e1 pensada para todo el pueblo argentino. Impregnada de peronismo puro s\u00ed, es<\/span><span style=\"font-family: Verdana; font-size: 10pt; font-weight: bold;\">un paso intermedio<\/span><span style=\"font-family: Verdana; font-size: 10pt;\">hacia <\/span><span style=\"font-family: Verdana; font-size: 10pt;\">la Comunidad Organizada<\/span><span style=\"font-family: Verdana; font-size: 10pt;\"> y esta no debe ser solo para los peronistas, deber\u00e1 ser para todos. Cuando se dice que es el proyecto de <\/span><span style=\"font-family: Verdana; font-size: 10pt;\">la Naci\u00f3n Peronista<\/span><span style=\"font-family: Verdana; font-size: 10pt;\">, esto es parcialmente cierto, por cuanto nacida del peronismo,<\/span><span style=\"font-family: Verdana; font-size: 10pt; font-weight: bold;\">se proyectar\u00e1 en el futuro<\/span><span style=\"font-family: Verdana; font-size: 10pt;\">hacia formas de participaci\u00f3n popular en el poder pol\u00edtico<\/span><span style=\"font-family: Verdana; font-size: 10pt;\">que<\/span><span style=\"font-family: Verdana; font-size: 10pt; font-weight: bold;\">a\u00fan no est\u00e1n definidas<\/span><span style=\"font-family: Verdana; font-size: 10pt; font-weight: bold;\">integralmente<\/span><span style=\"font-family: Verdana; font-size: 10pt; font-weight: bold;\">en 1949<\/span><span style=\"font-family: Verdana; font-size: 10pt;\">y que deber\u00e1n incluir necesariamente a toda la comunidad argentina, no solo a los peronistas y esta es la contradicci\u00f3n b\u00e1sica e irreconciliable con el liberalismo. El poder es solo para algunos o para todo el pueblo.<\/span><\/p>\n<p style=\"background-color: #ffffff; margin: 0pt; text-align: justify; text-indent: 18pt;\"><span style=\"font-family: Verdana; font-size: 10pt;\">En 1954, m\u00e1s exactamente el 1\u00ba de mayo en su discurso ante el Congreso Nacional y veinte a\u00f1os despu\u00e9s, tambi\u00e9n un 1\u00ba de mayo de 1974, Per\u00f3n propondr\u00e1 formas de gobierno y participaci\u00f3n colectiva que a\u00fan est\u00e1n pendientes de ser consolidadas en un texto constitucional. Por esta raz\u00f3n es que Per\u00f3n, a su retorno a <\/span><span style=\"font-family: Verdana; font-size: 10pt;\">la Argentina<\/span><span style=\"font-family: Verdana; font-size: 10pt;\"> en 1972 y 1973, no reclama la vuelta constitucional a 1949 como hubiese correspondido proceder sin m\u00e1s tr\u00e1mite, ya que hab\u00eda sido anulada por un bando militar del 27 de abril de 1956.<\/span><\/p>\n<p style=\"background-color: #ffffff; margin: 0pt; text-align: center; text-indent: 18pt;\"><img decoding=\"async\" class=\"aligncenter size-full wp-image-6340\" src=\"https:\/\/historiadelperonismo.com\/wp-content\/uploads\/55d27c20a477f_img.jpeg\" alt=\"55d27c20a477f_img\" width=\"389\" height=\"470\" srcset=\"https:\/\/historiadelperonismo.com\/wp-content\/uploads\/55d27c20a477f_img.jpeg 389w, https:\/\/historiadelperonismo.com\/wp-content\/uploads\/55d27c20a477f_img-248x300.jpeg 248w, https:\/\/historiadelperonismo.com\/wp-content\/uploads\/55d27c20a477f_img-121x146.jpeg 121w, https:\/\/historiadelperonismo.com\/wp-content\/uploads\/55d27c20a477f_img-41x50.jpeg 41w\" sizes=\"(max-width: 389px) 100vw, 389px\" \/><\/p>\n<p style=\"background-color: #ffffff; margin: 0pt; text-align: center;\"><span style=\"font-family: Verdana; font-size: 10pt; font-weight: bold;\">Afiche de propaganda oficial<\/span><\/p>\n<p style=\"background-color: #ffffff; margin: 0pt; text-align: justify;\"><span style=\"font-family: Verdana; font-size: 10pt; font-weight: bold;\">Los Hechos<\/span><\/p>\n<p style=\"background-color: #ffffff; margin: 0pt; text-align: justify; text-indent: 18pt;\"><span style=\"font-family: Verdana; font-size: 10pt;\">Una de las cr\u00edticas m\u00e1s conocidas y<\/span><span style=\"font-family: Verdana; font-size: 10pt;\">remanidas<\/span><span style=\"font-family: Verdana; font-size: 10pt;\">en manos del discurso liberal, es la que imputa al peronismo el casi exclusivo prop\u00f3sito de reformar la constituci\u00f3n para perpetuarse en el poder, al establecer en el texto constitucional la posibilidad de la reelecci\u00f3n del mandato presidencial.<\/span><\/p>\n<p style=\"background-color: #ffffff; margin: 0pt; text-align: justify; text-indent: 18pt;\"><span style=\"font-family: Verdana; font-size: 10pt;\">La peque\u00f1ez de este argumento presupone al menos dos cosas que no tiene en cuenta. Una es que se est\u00e1 en el medio de una revoluci\u00f3n, en paz, pero revoluci\u00f3n y esto implica que en el nuevo texto constitucional deber\u00e1n estar incluidos derechos y obligaciones desconocidos hasta ahora en esta norma superior y que son, ni m\u00e1s ni menos que colocarse a la altura de los tiempos en que pueblos deben participar de las decisiones y disfrutar de los derechos m\u00e1s b\u00e1sicos y humanos hasta ese entonces no reconocidos.<\/span><\/p>\n<p style=\"background-color: #ffffff; margin: 0pt; text-align: justify; text-indent: 18pt;\"><span style=\"font-family: Verdana; font-size: 10pt;\">La otra es que, siendo ese el objetivo del peronismo, no puede acotarse un mandato presidencial a solo un periodo (seis a\u00f1os en aquel entonces). Hace falta<\/span><span style=\"font-family: Verdana; font-size: 10pt;\">garantizar la continuidad de una pol\u00edtica estrat\u00e9gica. No se est\u00e1 en presencia de un gobiernito m\u00e1s que pasar\u00e1 con mayor o menor \u00e9xito. De lo que se trata es de una profunda transformaci\u00f3n pol\u00edtica y social de <\/span><span style=\"font-family: Verdana; font-size: 10pt;\">la Argentina<\/span><span style=\"font-family: Verdana; font-size: 10pt;\"> y eso lleva tiempo. Y no debe perderse de vista jam\u00e1s que, en este tipo de reformas constitucionales, la \u00faltima palabra la tiene el pueblo. Si no est\u00e1n los votos necesarios, no hay reelecci\u00f3n.<\/span><\/p>\n<p style=\"background-color: #ffffff; margin: 0pt; text-align: justify; text-indent: 18pt;\"><span style=\"font-family: Verdana; font-size: 10pt;\">Los liberales ten\u00edan resuelto ese problema con la falsedad de siempre. Hablaban de democracia cuando se trataba de asegurar la<\/span><span style=\"font-family: Verdana; font-size: 10pt; font-weight: bold;\">\u201calternancia\u201d<\/span><span style=\"font-family: Verdana; font-size: 10pt;\">en el poder de distintos partidos. Lo que ocurr\u00eda en realidad era que esa alternancia suced\u00eda entre ellos mismos, entre partidos aparentemente diferentes pero concurrentes en lo fundamental, con lo cual la continuidad estaba m\u00e1s que asegurada.<\/span><\/p>\n<p style=\"background-color: #ffffff; margin: 0pt; text-align: justify; text-indent: 18pt;\"><span style=\"font-family: Verdana; font-size: 10pt;\">Cuando el peronismo plantea cambiar esa norma lo hace para asegurar tambi\u00e9n la continuidad de una pol\u00edtica, pero de distinto signo. Exactamente la opuesta y eso se vuelve intolerable para el liberalismo. El problema es entonces no la posibilidad de la reelecci\u00f3n presidencial, s\u00ed lo es la pol\u00edtica de transformaci\u00f3n.<\/span><\/p>\n<p style=\"background-color: #ffffff; margin: 0pt; text-align: justify; text-indent: 18pt;\"><span style=\"font-family: Verdana; font-size: 10pt;\">Visto as\u00ed el evento, la magnitud de la empresa que significaba reformar <\/span><span style=\"font-family: Verdana; font-size: 10pt;\">la Constituci\u00f3n<\/span><span style=\"font-family: Verdana; font-size: 10pt;\"> de 1853 para asegurar<\/span><span style=\"font-family: Verdana; font-size: 10pt; font-weight: bold;\">la voluntad colectiva<\/span><span style=\"font-family: Verdana; font-size: 10pt;\">y sancionar una nueva, requiri\u00f3 la movilizaci\u00f3n de todos los recursos posibles para asegurar su profundidad y legitimidad acordes a sus prop\u00f3sitos.<\/span><\/p>\n<p style=\"background-color: #ffffff; margin: 0pt; text-align: justify; text-indent: 18pt;\"><span style=\"font-family: Verdana; font-size: 10pt;\">Es v\u00e1lido revisar<\/span><span style=\"font-family: Verdana; font-size: 10pt;\">este peque\u00f1o tramo del discurso<\/span><span style=\"font-family: Verdana; font-size: 10pt;\">de Per\u00f3n ya citado. En el se dice mucho de lo que est\u00e1 en juego en ese trascendental momento:<\/span><\/p>\n<p style=\"background-color: #ffffff; margin: 0pt 0pt 6pt; text-align: justify; text-indent: 18pt;\"><span style=\"font-family: Verdana; font-size: 10pt; font-weight: bold;\">\u201c<\/span><span style=\"font-family: Verdana; font-size: 10pt; font-style: italic; font-weight: bold;\">En el orden interno, \u00bfpod\u00edan imaginarse los Convencionales del 53 que la igualdad garantizada por <\/span><span style=\"font-family: Verdana; font-size: 10pt; font-style: italic; font-weight: bold;\">la Constituci\u00f3n<\/span><span style=\"font-family: Verdana; font-size: 10pt; font-style: italic; font-weight: bold;\"> llevar\u00eda a la creaci\u00f3n de entes poderosos, con medios superiores a los propios del Estado? \u00bfCreyeron que estas organizaciones internacionales del oro se enfrentar\u00edan con el Estado y se negar\u00edan a sojuzgarle y a extraer las riquezas del pa\u00eds? \u00bfPensaron siquiera que los habitantes del suelo argentino ser\u00edan reducidos a la condici\u00f3n de parias oblig\u00e1ndoles a formar una clase social pobre, miserable y privada de todos los derechos, de todos los bienes, de todas las ilusiones y de todas las esperanzas? \u00bfPensaron que la m\u00e1quina electoral montada por los que se apropiaron de los resortes del poder llegar\u00eda a poner la libertad de los ciudadanos a merced del caudillo pol\u00edtico, del \u201cpatr\u00f3n\u201d o del \u201camo\u201d, que contaba su \u201cpoder\u00edo electoral\u201d por el n\u00famero de conciencias impedidas de manifestarse libremente?\u201d<\/span><span style=\"font-family: Verdana; font-size: 10pt; font-weight: bold;\">(3)<\/span><\/p>\n<p style=\"background-color: #ffffff; margin: 0pt 0pt 6pt; text-align: justify; text-indent: 18pt;\"><span style=\"font-family: Verdana; font-size: 10pt;\">Debe decirse finalmente que todo lo legislado en <\/span><span style=\"font-family: Verdana; font-size: 10pt;\">la Asamblea Constituyente<\/span><span style=\"font-family: Verdana; font-size: 10pt;\"> y transformado en el nuevo texto constitucional, tendr\u00e1 un car\u00e1cter irreversible, porque a pesar de que ser\u00e1 anulado por un bando militar en 1956, todo lo consagrado en 1949 se corresponde con los hechos que lo avalan. Esto oper\u00f3 en la conciencia del pueblo argentino dejando una marca indeleble independientemente de que sus derechos fuesen conculcados posteriormente, pues lo que ingresa e la conciencia popular no desaparece jam\u00e1s. Podr\u00e1 tener tropiezos y retrocesos, pero es indestructible. Es el caso de <\/span><span style=\"font-family: Verdana; font-size: 10pt;\">la Constituci\u00f3n<\/span><span style=\"font-family: Verdana; font-size: 10pt;\"> de 1949.<\/span><\/p>\n<p style=\"background-color: #ffffff; margin: 0pt; text-align: justify;\"><span style=\"font-family: Verdana; font-size: 10pt; font-weight: bold;\">Los pasos dados para asegurar los objetivos fueron los siguientes:<\/span><\/p>\n<ul style=\"margin: 0pt; padding-left: 0pt;\" type=\"disc\">\n<li style=\"background-color: #ffffff; font-family: serif; font-size: 10pt; margin: 5pt 0pt 5pt 27.6pt; padding-left: 8.4pt; text-align: justify; text-indent: 0pt;\"><span style=\"font-family: Verdana; font-size: 10pt;\">Estudio comparativo encargado por Per\u00f3n al secretario de Asuntos T\u00e9cnicos de Figuerola, de <\/span><span style=\"font-family: Verdana; font-size: 10pt;\">la Constituci\u00f3n<\/span><span style=\"font-family: Verdana; font-size: 10pt;\"> vigente con el la nueva. Adem\u00e1s y como anexo del anterior, otro estudio comparativo con<\/span> <span style=\"font-family: Verdana; font-size: 10pt;\">distintas constituciones extranjeras, clasificados por t\u00f3picos como derechos garant\u00edas constitucionales, orden p\u00fablico, previsi\u00f3n y asistencia social, propiedad,<\/span> <span style=\"font-family: Verdana; font-size: 10pt;\">r\u00e9gimen econ\u00f3mico financiero, r\u00e9gimen familiar, trabajo,<\/span> <span style=\"font-family: Verdana; font-size: 10pt;\">ense\u00f1anza, r\u00e9gimen presidencial, poder judicial y r\u00e9gimen agrario.<\/span><\/li>\n<li style=\"background-color: #ffffff; font-family: serif; font-size: 10pt; margin: 5pt 0pt 5pt 27.6pt; padding-left: 8.4pt; text-align: justify; text-indent: 0pt;\"><span style=\"font-family: Verdana; font-size: 10pt;\">Adem\u00e1s se incluyeron como antecedentes doctrinarios a la actual reforma, distintos<\/span> <span style=\"font-family: Verdana; font-size: 10pt;\">discursos y escritos de Per\u00f3n.<\/span><\/li>\n<li style=\"background-color: #ffffff; font-family: serif; font-size: 10pt; margin: 5pt 0pt 5pt 27.6pt; padding-left: 8.4pt; text-align: justify; text-indent: 0pt;\"><span style=\"font-family: Verdana; font-size: 10pt;\">Finalmente se incluyeron los 38 anteproyectos de reforma ingresados al Congreso desde el 1903 y debe decirse que el total de p\u00e1ginas del estudio alcanz\u00f3 a 500.<\/span><\/li>\n<li style=\"background-color: #ffffff; font-family: serif; font-size: 10pt; margin: 5pt 0pt 5pt 27.6pt; padding-left: 8.4pt; text-align: justify; text-indent: 0pt;\"><span style=\"font-family: Verdana; font-size: 10pt;\">Elecci\u00f3n del constitucionalista Dr. Arturo Sampay, como miembro informante del bloque de convencionales constituyentes peronista.<\/span><\/li>\n<\/ul>\n<p style=\"background-color: #ffffff; margin: 0pt; text-align: justify;\"><span style=\"font-family: Verdana; font-size: 10pt; font-weight: bold;\">Las constituciones extranjeras consultadas (con el a\u00f1o de sus sanciones) fueron:<\/span><\/p>\n<p style=\"background-color: #ffffff; margin: 0pt; text-align: justify; text-indent: 18pt;\"><span style=\"font-family: Verdana; font-size: 10pt;\">Alemania 1919, Bolivia 1945, Brasil 1946, Colombia 1886, Costa Rica 1871, Cuba 1940, China 1947, Ecuador 1946, El Salvador 1886, Espa\u00f1a 1931, Estados Unidos 1787, Francia 1946, Guatemala 1945, Hait\u00ed 1946, Italia 1947, M\u00e9xico 1917,<\/span><span style=\"font-family: Verdana; font-size: 10pt;\">Panam\u00e1 1946, Paraguay 1940, Per\u00fa 1933, Rep\u00fablica Dominicana 1947, Venezuela 1947 y Uruguay 1938.<\/span><\/p>\n<p style=\"background-color: #ffffff; margin: 0pt; text-align: center; text-indent: 27pt;\"><img loading=\"lazy\" decoding=\"async\" class=\"aligncenter size-full wp-image-6341\" src=\"https:\/\/historiadelperonismo.com\/wp-content\/uploads\/55d27c20a490d_img.jpeg\" alt=\"55d27c20a490d_img\" width=\"202\" height=\"255\" srcset=\"https:\/\/historiadelperonismo.com\/wp-content\/uploads\/55d27c20a490d_img.jpeg 202w, https:\/\/historiadelperonismo.com\/wp-content\/uploads\/55d27c20a490d_img-116x146.jpeg 116w, https:\/\/historiadelperonismo.com\/wp-content\/uploads\/55d27c20a490d_img-40x50.jpeg 40w\" sizes=\"(max-width: 202px) 100vw, 202px\" \/><\/p>\n<p style=\"background-color: #ffffff; margin: 0pt; text-align: center; text-indent: 27pt;\"><span style=\"color: #500000; font-family: Verdana; font-size: 10pt; font-weight: bold;\">Jos\u00e9<\/span><span style=\"color: #500000; font-family: Verdana; font-size: 10pt; font-weight: bold;\">Figuerola<\/span><\/p>\n<p style=\"background-color: #ffffff; margin: 0pt; text-align: justify;\"><span style=\"color: #500000; font-family: Verdana; font-size: 10pt; font-weight: bold;\">Recordemos que Jos\u00e9 Figuerola fue el estad\u00edgrafo que pertenec\u00eda en 1943 al Departamento Nacional de Trabajo, luego Secretar\u00eda de Trabajo y Previsi\u00f3n y fue quien orden\u00f3 en base a estad\u00edsticas, los datos necesarios para que Per\u00f3n realizara todo lo que surgi\u00f3 de esa <\/span><span style=\"color: #500000; font-family: Verdana; font-size: 10pt; font-weight: bold;\">S<\/span><span style=\"color: #500000; font-family: Verdana; font-size: 10pt; font-weight: bold;\">ecretar\u00eda. Adem\u00e1s aport\u00f3 su conocimiento en 1946 al dise\u00f1o del 1\u00ba Plan Quinquenal y organiz\u00f3 el 4\u00ba Censo Nacional de 1947.<\/span><\/p>\n<p style=\"background-color: #ffffff; margin: 0pt; text-align: justify;\"><span style=\"color: #500000; font-family: Verdana; font-size: 10pt; font-weight: bold;\">Breve Cronolog\u00eda<\/span><\/p>\n<p style=\"background-color: #ffffff; margin: 0pt; text-align: justify;\"><span style=\"color: #500000; font-family: Verdana; font-size: 10pt; font-weight: bold;\">Estos son los pasos legales y constitucionales que se dieron para reformar <\/span><span style=\"color: #500000; font-family: Verdana; font-size: 10pt; font-weight: bold;\">la Constituci\u00f3n Nacional<\/span><span style=\"color: #500000; font-family: Verdana; font-size: 10pt; font-weight: bold;\"> en 1949<\/span><\/p>\n<p style=\"background-color: #ffffff; margin: 0pt; text-align: justify;\"><span style=\"color: #500000; font-family: Verdana; font-size: 10pt; font-weight: bold;\">A\u00f1o 1948<\/span><\/p>\n<p style=\"background-color: #ffffff; margin: 0pt; text-align: justify;\"><span style=\"color: #500000; font-family: Verdana; font-size: 10pt; font-weight: bold;\">27 de agosto: mediante la sanci\u00f3n de <\/span><span style=\"color: #500000; font-family: Verdana; font-size: 10pt; font-weight: bold;\">la Ley N<\/span><span style=\"color: #500000; font-family: Verdana; font-size: 10pt; font-weight: bold;\">\u00ba 13.233 se declara la<\/span><\/p>\n<p style=\"background-color: #ffffff; margin: 0pt; text-align: justify;\"><span style=\"color: #500000; font-family: Verdana; font-size: 10pt; font-weight: bold;\">necesidad<\/span><span style=\"color: #500000; font-family: Verdana; font-size: 10pt; font-weight: bold;\">de la revisi\u00f3n y reforma de <\/span><span style=\"color: #500000; font-family: Verdana; font-size: 10pt; font-weight: bold;\">la Constituci\u00f3n Nacional.<\/span><\/p>\n<p style=\"background-color: #ffffff; margin: 0pt; text-align: justify;\"><span style=\"color: #500000; font-family: Verdana; font-size: 10pt; font-weight: bold;\">3 de septiembre: promulgaci\u00f3n de <\/span><span style=\"color: #500000; font-family: Verdana; font-size: 10pt; font-weight: bold;\">la Ley<\/span><span style=\"color: #500000; font-family: Verdana; font-size: 10pt; font-weight: bold;\"> 13.233.<\/span><\/p>\n<p style=\"background-color: #ffffff; margin: 0pt; text-align: justify;\"><span style=\"color: #500000; font-family: Verdana; font-size: 10pt; font-weight: bold;\">20 de septiembre: queda sancionada <\/span><span style=\"color: #500000; font-family: Verdana; font-size: 10pt; font-weight: bold;\">la Ley<\/span><span style=\"color: #500000; font-family: Verdana; font-size: 10pt; font-weight: bold;\"> 13.262 donde se establece que elecci\u00f3n de convencionales constituyentes se efectuar\u00e1 junto a la de diputados nacionales y electores para senadores y mediante el decreto del P.E. N\u00ba 29.196\/48 se fija como fecha para esas elecciones el d\u00eda 5-12-1948.<\/span><\/p>\n<p style=\"background-color: #ffffff; margin: 0pt; text-align: justify;\"><span style=\"color: #500000; font-family: Verdana; font-size: 10pt; font-weight: bold;\">5 de diciembre: elecciones nacionales para convencionales, diputados y<\/span><\/p>\n<p style=\"background-color: #ffffff; margin: 0pt; text-align: justify;\"><span style=\"color: #500000; font-family: Verdana; font-size: 10pt; font-weight: bold;\">electores<\/span><span style=\"color: #500000; font-family: Verdana; font-size: 10pt; font-weight: bold;\">para senadores con la normativa de <\/span><span style=\"color: #500000; font-family: Verdana; font-size: 10pt; font-weight: bold;\">la Ley S\u00e1enz<\/span><span style=\"color: #500000; font-family: Verdana; font-size: 10pt; font-weight: bold;\"> Pe\u00f1a.<\/span><\/p>\n<p style=\"background-color: #ffffff; margin: 0pt; text-align: justify;\"><span style=\"color: #500000; font-family: Verdana; font-size: 10pt; font-weight: bold;\">21 de diciembre: se dan a conocer las cifras definitivas del resultado de la<\/span><\/p>\n<p style=\"background-color: #ffffff; margin: 0pt; text-align: justify;\"><span style=\"color: #500000; font-family: Verdana; font-size: 10pt; font-weight: bold;\">elecci\u00f3n<\/span><span style=\"color: #500000; font-family: Verdana; font-size: 10pt; font-weight: bold;\">. Peronistas 1.590.634; Radicales 834.436; Comunistas 85.355 y<\/span><\/p>\n<p style=\"background-color: #ffffff; margin: 0pt; text-align: justify;\"><span style=\"color: #500000; font-family: Verdana; font-size: 10pt; font-weight: bold;\">en<\/span><span style=\"color: #500000; font-family: Verdana; font-size: 10pt; font-weight: bold;\">Blanco 180.000.<\/span><\/p>\n<p style=\"background-color: #ffffff; margin: 0pt; text-align: justify;\"><span style=\"color: #500000; font-family: Verdana; font-size: 10pt; font-weight: bold;\">Con estos resultados el Peronismo se aseguraba 109 convencionales y el<\/span><\/p>\n<p style=\"background-color: #ffffff; margin: 0pt; text-align: justify;\"><span style=\"color: #500000; font-family: Verdana; font-size: 10pt; font-weight: bold;\">Radicalismo 49 convencionales.<\/span><\/p>\n<p style=\"background-color: #ffffff; margin: 0pt; text-align: justify;\"><span style=\"color: #500000; font-family: Verdana; font-size: 10pt; font-weight: bold;\">A\u00f1o 1949<\/span><\/p>\n<p style=\"background-color: #ffffff; margin: 0pt; text-align: justify;\"><span style=\"color: #500000; font-family: Verdana; font-size: 10pt; font-weight: bold;\">24 de enero: primera reuni\u00f3n preparatoria de <\/span><span style=\"color: #500000; font-family: Verdana; font-size: 10pt; font-weight: bold;\">la Convenci\u00f3n<\/span><span style=\"color: #500000; font-family: Verdana; font-size: 10pt; font-weight: bold;\"> Constituyente.<\/span><span style=\"color: #500000; font-family: Verdana; font-size: 10pt; font-weight: bold;\"> S<\/span><span style=\"color: #500000; font-family: Verdana; font-size: 10pt; font-weight: bold;\">e elige como presidente de la misma y con car\u00e1cter<\/span> <span style=\"color: #500000; font-family: Verdana; font-size: 10pt; font-weight: bold;\">provisorio<\/span><span style=\"color: #500000; font-family: Verdana; font-size: 10pt; font-weight: bold;\">al contralmirante Alberto<\/span><span style=\"color: #500000; font-family: Verdana; font-size: 10pt; font-weight: bold;\">Teisaire<\/span><span style=\"color: #500000; font-family: Verdana; font-size: 10pt; font-weight: bold;\">, qui\u00e9n es adem\u00e1s es presidente del Consejo Superior de Partido Peronista. Luego es elegido<\/span> <span style=\"color: #500000; font-family: Verdana; font-size: 10pt; font-weight: bold;\">definitivamente<\/span><span style=\"color: #500000; font-family: Verdana; font-size: 10pt; font-weight: bold;\">presidente de <\/span><span style=\"color: #500000; font-family: Verdana; font-size: 10pt; font-weight: bold;\">la Convenci\u00f3n<\/span><span style=\"color: #500000; font-family: Verdana; font-size: 10pt; font-weight: bold;\">,<\/span><span style=\"color: #500000; font-family: Verdana; font-size: 10pt; font-weight: bold;\"> el gobernador de <\/span><span style=\"color: #500000; font-family: Verdana; font-size: 10pt; font-weight: bold;\">la Provincia<\/span><span style=\"color: #500000; font-family: Verdana; font-size: 10pt; font-weight: bold;\"> de Buenos Aires coronel Domingo A. Mercante.<\/span><\/p>\n<p style=\"background-color: #ffffff; margin: 0pt; text-align: justify;\"><span style=\"color: #500000; font-family: Verdana; font-size: 10pt; font-weight: bold;\">27 de enero: es invitado el Presidente de <\/span><span style=\"color: #500000; font-family: Verdana; font-size: 10pt; font-weight: bold;\">la Naci\u00f3n<\/span><span style=\"color: #500000; font-family: Verdana; font-size: 10pt; font-weight: bold;\"> general Juan D. Per\u00f3n qui\u00e9n pronuncia un discurso (Ver este discurso en esta p\u00e1gina-CLIC ac\u00e1).<\/span><\/p>\n<p style=\"background-color: #ffffff; margin: 0pt; text-align: justify;\"><span style=\"color: #500000; font-family: Verdana; font-size: 10pt; font-weight: bold;\">1\u00ba de febrero: primera sesi\u00f3n ordinaria. La minor\u00eda de <\/span><span style=\"color: #500000; font-family: Verdana; font-size: 10pt; font-weight: bold;\">la U.C<\/span><span style=\"color: #500000; font-family: Verdana; font-size: 10pt; font-weight: bold;\">.R. impugna la legitimidad de la convocatoria.<\/span><\/p>\n<p style=\"background-color: #ffffff; margin: 0pt; text-align: justify;\"><span style=\"color: #500000; font-family: Verdana; font-size: 10pt; font-weight: bold;\">15 de febrero: segunda sesi\u00f3n ordinaria.<\/span><\/p>\n<p style=\"background-color: #ffffff; margin: 0pt; text-align: justify;\"><span style=\"color: #500000; font-family: Verdana; font-size: 10pt; font-weight: bold;\">8 de marzo: tercera sesi\u00f3n ordinaria. <\/span><span style=\"color: #500000; font-family: Verdana; font-size: 10pt; font-weight: bold;\">La U.C<\/span><span style=\"color: #500000; font-family: Verdana; font-size: 10pt; font-weight: bold;\">.R. retira sus convencionales de <\/span><span style=\"color: #500000; font-family: Verdana; font-size: 10pt; font-weight: bold;\">la Convenci\u00f3n Constituyente.<\/span><\/p>\n<p style=\"background-color: #ffffff; margin: 0pt; text-align: justify;\"><span style=\"color: #500000; font-family: Verdana; font-size: 10pt; font-weight: bold;\">9 de marzo: cuarta sesi\u00f3n ordinaria.<\/span><\/p>\n<p style=\"background-color: #ffffff; margin: 0pt; text-align: justify;\"><span style=\"color: #500000; font-family: Verdana; font-size: 10pt; font-weight: bold;\">10 de marzo: quinta sesi\u00f3n ordinaria.<\/span><\/p>\n<p style=\"background-color: #ffffff; margin: 0pt; text-align: justify;\"><span style=\"color: #500000; font-family: Verdana; font-size: 10pt; font-weight: bold;\">11 de marzo: sexta sesi\u00f3n ordinaria. Sanci\u00f3n de la nueva constituci\u00f3n y jura de la misma por los convencionales constituyentes.<\/span><\/p>\n<p style=\"background-color: #ffffff; margin: 0pt; text-align: justify;\"><span style=\"color: #500000; font-family: Verdana; font-size: 10pt; font-weight: bold;\">16 de marzo: segunda sesi\u00f3n especial. Concurre el Presidente de <\/span><span style=\"color: #500000; font-family: Verdana; font-size: 10pt; font-weight: bold;\">la Naci\u00f3n<\/span><span style=\"color: #500000; font-family: Verdana; font-size: 10pt; font-weight: bold;\"> general Juan D. Per\u00f3n y jura la nueva constituci\u00f3n.<\/span><\/p>\n<p style=\"background-color: #ffffff; margin: 0pt; text-align: center;\"><img loading=\"lazy\" decoding=\"async\" class=\"aligncenter size-full wp-image-6342\" src=\"https:\/\/historiadelperonismo.com\/wp-content\/uploads\/55d27c20a4ae9_img.jpeg\" alt=\"55d27c20a4ae9_img\" width=\"290\" height=\"399\" srcset=\"https:\/\/historiadelperonismo.com\/wp-content\/uploads\/55d27c20a4ae9_img.jpeg 290w, https:\/\/historiadelperonismo.com\/wp-content\/uploads\/55d27c20a4ae9_img-218x300.jpeg 218w, https:\/\/historiadelperonismo.com\/wp-content\/uploads\/55d27c20a4ae9_img-106x146.jpeg 106w, https:\/\/historiadelperonismo.com\/wp-content\/uploads\/55d27c20a4ae9_img-36x50.jpeg 36w\" sizes=\"(max-width: 290px) 100vw, 290px\" \/><\/p>\n<p style=\"background-color: #ffffff; margin: 0pt; text-align: center;\"><span style=\"font-family: Verdana; font-size: 10pt; font-weight: bold;\">Los derechos del trabajador pasan a formar parte de los derechos constitucionales<\/span><\/p>\n<p style=\"background-color: #ffffff; margin: 0pt; text-align: justify;\"><span style=\"font-family: Verdana; font-size: 10pt; font-weight: bold;\">Declaraci\u00f3n de necesidad de la reforma<\/span><\/p>\n<p style=\"background-color: #ffffff; margin: 0pt; text-align: justify;\"><span style=\"font-family: Verdana; font-size: 10pt; font-weight: bold;\">La postura opositora<\/span><\/p>\n<p style=\"background-color: #ffffff; margin: 0pt; text-align: justify;\"><span style=\"font-family: Verdana; font-size: 10pt; font-weight: bold;\">Llamado a elecciones de convencionales constituyentes<\/span><\/p>\n<p style=\"background-color: #ffffff; margin: 0pt; text-align: justify;\"><span style=\"font-family: Verdana; font-size: 10pt; font-weight: bold;\">La cuesti\u00f3n del qu\u00f3rum<\/span><\/p>\n<p style=\"background-color: #ffffff; margin: 0pt; text-align: justify;\"><span style=\"font-family: Verdana; font-size: 10pt; font-weight: bold;\">5-12-1948 Elecciones de convencionales<\/span><span style=\"font-family: Verdana; font-size: 10pt; font-weight: bold;\">constituyentes<\/span><\/p>\n<p style=\"background-color: #ffffff; margin: 0pt; text-align: justify; text-indent: 18pt;\"><span style=\"font-family: Verdana; font-size: 10pt;\">Tomada la decisi\u00f3n pol\u00edtica de reformar la constituci\u00f3n, el primer paso que deb\u00eda darse era declarar la necesariedad de tal acto y luego llamar a elecciones de convencionales constituyentes.<\/span><\/p>\n<p style=\"background-color: #ffffff; margin: 0pt; text-align: justify; text-indent: 18pt;\"><span style=\"font-family: Verdana; font-size: 10pt;\">De acuerdo con la misma constituci\u00f3n vigente, esto deb\u00eda ser sancionado por el Congreso Nacional.<\/span><\/p>\n<p style=\"background-color: #ffffff; margin: 0pt; text-align: justify; text-indent: 18pt;\"><span style=\"font-family: Verdana; font-size: 10pt;\">El 27 de agosto de 1948 se sancionaba <\/span><span style=\"font-family: Verdana; font-size: 10pt;\">la Ley N<\/span><span style=\"font-family: Verdana; font-size: 10pt;\">\u00ba 13.233 declarando la necesidad de revisi\u00f3n y reforma de <\/span><span style=\"font-family: Verdana; font-size: 10pt;\">la Constituci\u00f3n Nacional.<\/span><\/p>\n<p style=\"background-color: #ffffff; margin: 0pt; text-align: justify; text-indent: 18pt;\"><span style=\"color: #500000; font-family: Verdana; font-size: 10pt; font-weight: bold;\">Esta era la verdadera cuesti\u00f3n en juego<\/span><\/p>\n<p style=\"background-color: #ffffff; margin: 0pt; text-align: justify; text-indent: 18pt;\"><span style=\"color: #500000; font-family: Verdana; font-size: 10pt; font-weight: bold;\">Ley 13.233-Art. 1\u00ba<\/span><\/p>\n<p style=\"background-color: #ffffff; margin: 0pt; text-align: justify; text-indent: 18pt;\"><span style=\"color: #500000; font-family: Verdana; font-size: 10pt; font-weight: bold;\">\u00abDeclarase necesaria la revisi\u00f3n y reforma de <\/span><span style=\"color: #500000; font-family: Verdana; font-size: 10pt; font-weight: bold;\">la Constituci\u00f3n Nacional<\/span><span style=\"color: #500000; font-family: Verdana; font-size: 10pt; font-weight: bold;\">, a los efectos de suprimir, modificar, agregar y corregir sus disposiciones,<\/span> <span style=\"color: #500000; font-family: Verdana; font-size: 10pt; font-weight: bold; text-decoration: underline;\">para la mejor defensa de los derechos del Pueblo y del bienestar de <\/span><span style=\"color: #500000; font-family: Verdana; font-size: 10pt; font-weight: bold; text-decoration: underline;\">la Naci\u00f3n<\/span><span style=\"color: #500000; font-family: Verdana; font-size: 10pt; font-weight: bold;\">\u00ab.<\/span><\/p>\n<p style=\"background-color: #ffffff; margin: 0pt; text-align: justify; text-indent: 18pt;\"><span style=\"font-family: Verdana; font-size: 10pt;\">Estaba previsto en el texto en vigencia que deb\u00edan reunirse ambas c\u00e1maras del Congreso Nacional y con un qu\u00f3rum m\u00ednimo de dos tercios del total de los legisladores, dar el paso legislativo correspondiente. No aclara el Art. 30 en cuesti\u00f3n, si esos dos tercios deb\u00edan ser del total de los miembros o de los presentes en el momento de reunirse para legislar.<\/span><\/p>\n<p style=\"background-color: #ffffff; margin: 0pt; text-align: justify;\"><span style=\"background-color: #ffffff; color: #500000; font-family: Verdana; font-size: 10pt; font-weight: bold;\">Texto del Art. 30 de <\/span><span style=\"background-color: #ffffff; color: #500000; font-family: Verdana; font-size: 10pt; font-weight: bold;\">la Constituci\u00f3n<\/span><span style=\"background-color: #ffffff; color: #500000; font-family: Verdana; font-size: 10pt; font-weight: bold;\"> vigente-1853<\/span><\/p>\n<p style=\"background-color: #ffffff; margin: 0pt; text-align: justify;\"><span style=\"background-color: #ffffff; color: #500000; font-family: Verdana; font-size: 10pt; font-weight: bold;\">\u00abLa constituci\u00f3n puede reformarse en el todo o en cualquiera de sus partes. La necesidad de reformar debe ser declarada por el Congreso con el voto de dos terceras partes, al menos, de sus miembros; pero no se efectuara si no por una Convenci\u00f3n convocada al efecto\u00bb.<\/span><\/p>\n<p style=\"background-color: #ffffff; margin: 0pt; text-align: justify; text-indent: 18pt;\"><span style=\"font-family: Verdana; font-size: 10pt;\">Reunidas las c\u00e1maras, se lograron los dos tercios del total de los senadores<\/span><span style=\"font-family: Verdana; font-size: 10pt;\">pero no los dos tercios del total de los diputados, lleg\u00e1ndose s\u00ed, en este caso, a los dos tercios de los presentes.<\/span><\/p>\n<p style=\"background-color: #ffffff; margin: 0pt; text-align: justify; text-indent: 18pt;\"><span style=\"font-family: Verdana; font-size: 10pt;\">Cuestionado el qu\u00f3rum por los opositores, el peronismo present\u00f3 dos pruebas dif\u00edciles de refutar para apuntalar la continuidad del proceso legislativo: en las reformas a <\/span><span style=\"font-family: Verdana; font-size: 10pt;\">la Constituci\u00f3n Nacional<\/span><span style=\"font-family: Verdana; font-size: 10pt;\"> de 1860 y 1866 tampoco se hab\u00edan conseguido los dos tercios de la totalidad de los legisladores y s\u00ed los dos tercios de los presentes. Las deliberaciones en esos casos siguieron su curso y se reform\u00f3 la constituci\u00f3n sin objeci\u00f3n alguna.<\/span><\/p>\n<p style=\"background-color: #ffffff; margin: 0pt; text-align: justify; text-indent: 18pt;\"><span style=\"font-family: Verdana; font-size: 10pt;\">No obstante esta fundamentaci\u00f3n, el bloque opositor declar\u00f3 que no ser\u00eda valida la reforma en curso y es as\u00ed como a partir de este punto se intent\u00f3 crear una leyenda de ilegalidad ocultando siempre los verdaderos motivos por los cuales ser\u00eda impugnada la nueva constituci\u00f3n.<\/span><\/p>\n<p style=\"background-color: #ffffff; margin: 0pt; text-align: justify; text-indent: 18pt;\"><span style=\"font-family: Verdana; font-size: 10pt;\">De todos modos se sigui\u00f3 adelante, se sancion\u00f3 la ley aludida y se fij\u00f3 la fecha de las elecciones de convencionales constituyentes, para el 5 de diciembre de 1948.<\/span><\/p>\n<p style=\"background-color: #ffffff; margin: 0pt; text-align: justify;\"><span style=\"font-family: Verdana; font-size: 10pt; font-weight: bold;\">5-12-1948<\/span><\/p>\n<p style=\"background-color: #ffffff; margin: 0pt; text-align: justify;\"><span style=\"font-family: Verdana; font-size: 10pt; font-weight: bold;\">Elecciones de convencionales constituyentes<\/span><\/p>\n<p style=\"background-color: #ffffff; margin: 0pt; text-align: justify; text-indent: 18pt;\"><span style=\"font-family: Verdana; font-size: 10pt;\">\u00bfCu\u00e1l ser\u00eda la postura pol\u00edtica de las fuerzas no peronistas siendo que declaraban ilegal la convocatoria a la reforma? De ser coherentes con la misma debieron abstenerse en las elecciones de convencionales. Sin embargo no lo hicieron, no entendi\u00e9ndose porque compet\u00edan electoralmente en algo que consideraban irregular e ilegal, con lo que en realidad convalidaban lo mismo que impugnaban.<\/span><\/p>\n<p style=\"background-color: #ffffff; margin: 0pt; text-align: justify; text-indent: 18pt;\"><span style=\"font-family: Verdana; font-size: 10pt;\">El resultado electoral es conocido y lo hemos consignado antes. Ser\u00e1n las \u00faltimas en las que voten solamente los varones. En las pr\u00f3ximas elecciones de 1951, ya estar\u00e1n todas las mujeres documentadas con su Libreta C\u00edvica y confeccionados los padrones femeninos.<\/span><\/p>\n<p style=\"background-color: #ffffff; margin: 0pt; text-align: justify; text-indent: 18pt;\"><span style=\"font-family: Verdana; font-size: 10pt;\">Se vota en catorce provincias y no en el resto de los llamados Territorios Nacionales, porque por ley los argentinos residentes en esos lugares no lo pod\u00edan hacer. A partir de la reforma de 1949 los mismos adquirir\u00e1n derechos electorales y se equiparar\u00e1n al resto de sus compatriotas, al mismo tiempo en que esos territorios sean<\/span><span style=\"font-family: Verdana; font-size: 10pt;\">provincializados<\/span><span style=\"font-family: Verdana; font-size: 10pt;\">.<\/span><\/p>\n<p style=\"background-color: #ffffff; margin: 0pt; text-align: justify; text-indent: 18pt;\"><span style=\"font-family: Verdana; font-size: 10pt;\">El radicalismo queda como \u00fanico partido de oposici\u00f3n minoritaria, porque el resto de las fuerzas no peronistas no lograron el n\u00famero de votos necesarios para tal fin.<\/span><\/p>\n<p style=\"background-color: #ffffff; line-height: 15pt; margin: 0pt; text-align: justify;\"><span style=\"color: #333333; font-family: Verdana; font-size: 10pt; font-weight: bold;\">Reuni\u00f3n de <\/span><span style=\"color: #333333; font-family: Verdana; font-size: 10pt; font-weight: bold;\">la Asamblea Constituyente<\/span><\/p>\n<p style=\"background-color: #ffffff; margin: 0pt; text-align: justify; text-indent: 18pt;\"><span style=\"font-family: Verdana; font-size: 10pt;\">Quedaba a partir de ese momento esperar la reuni\u00f3n de <\/span><span style=\"font-family: Verdana; font-size: 10pt;\">la Asamblea Constituyente<\/span><span style=\"font-family: Verdana; font-size: 10pt;\">, lo que tendr\u00eda lugar en la ciudad de Buenos Aires.<\/span><\/p>\n<p style=\"background-color: #ffffff; margin: 0pt; text-align: justify; text-indent: 18pt;\"><span style=\"font-family: Verdana; font-size: 10pt;\">Pero antes de eso, debe tenerse muy en cuenta que se llega a la misma con un bagaje doctrinario y documental realmente asombroso por su profundidad y volumen.<\/span><\/p>\n<p style=\"background-color: #ffffff; margin: 0pt; text-align: justify; text-indent: 18pt;\"><span style=\"font-family: Verdana; font-size: 10pt;\">Hemos consignado los estudios previos de Jos\u00e9<\/span><span style=\"font-family: Verdana; font-size: 10pt;\">Figuerola<\/span><span style=\"font-family: Verdana; font-size: 10pt;\">, a los cual deben a\u00f1adirse una importante cantidad de iniciativas tanto de organismos estatales consultados al efecto, como por los proyectos tambi\u00e9n enviados al Congreso Nacional e incorporados para ser tenidos debidamente en cuenta, provenientes de instituciones y organismos no oficiales y de particulares que elevaron sus opiniones y proyectos a la comisi\u00f3n revisora respectiva para analizarlo previa y prolijamente.<\/span><span style=\"font-family: Verdana; font-size: 10pt;\">En suma, todo lo que pod\u00eda y deb\u00eda esperarse para el nuevo texto constitucional, que ya era<\/span><span style=\"font-family: Verdana; font-size: 10pt; font-weight: bold;\">una causa nacional<\/span><span style=\"font-family: Verdana; font-size: 10pt;\">.<\/span><\/p>\n<p style=\"background-color: #ffffff; margin: 0pt; text-align: justify; text-indent: 18pt;\"><span style=\"font-family: Verdana; font-size: 10pt;\">Todo el material reunido fue canalizado a trav\u00e9s de <\/span><span style=\"font-family: Verdana; font-size: 10pt;\">la Comisi\u00f3n Revisora<\/span><span style=\"font-family: Verdana; font-size: 10pt;\"> de <\/span><span style=\"font-family: Verdana; font-size: 10pt;\">la Constituci\u00f3n<\/span><span style=\"font-family: Verdana; font-size: 10pt;\">, al frente de la cual el peronismo tambi\u00e9n supo lo que ten\u00eda que hacer<\/span><span style=\"font-family: Verdana; font-size: 10pt;\">en esa hora tan crucial para la vida de los argentinos. Design\u00f3 como titular de la misma al convencional Dr. Arturo Enrique<\/span><span style=\"font-family: Verdana; font-size: 10pt;\">Sampay<\/span><span style=\"font-family: Verdana; font-size: 10pt;\">.<\/span><\/p>\n<p style=\"background-color: #ffffff; margin: 0pt; text-align: justify; text-indent: 18pt;\"><span style=\"font-family: Verdana; font-size: 10pt;\">Sampay<\/span><span style=\"font-family: Verdana; font-size: 10pt;\">fue radical hasta 1945, en que como tantos otros de sus correligionarios, adhiri\u00f3 al peronismo.<\/span><\/p>\n<p style=\"background-color: #ffffff; margin: 0pt; text-align: justify; text-indent: 18pt;\"><span style=\"font-family: Verdana; font-size: 10pt;\">Jurista, constitucionalista y docente, pose\u00eda una envergadura y profundidad tal en su pensamiento, que,<\/span><span style=\"font-family: Verdana; font-size: 10pt;\">con un alt\u00edsimo vuelo intelectual<\/span><span style=\"font-family: Verdana; font-size: 10pt;\">no exento de impecable elocuencia en la exposici\u00f3n y enraizado en el m\u00e1s puro contenido social del cristianismo, lo convirtieron en el hombre clave para el proyecto de la posici\u00f3n peronista en la reforma constitucional de 1949.<\/span><\/p>\n<p style=\"background-color: #ffffff; margin: 0pt; text-align: justify; text-indent: 18pt;\"><span style=\"font-family: Verdana; font-size: 10pt;\">Su trabajo en <\/span><span style=\"font-family: Verdana; font-size: 10pt;\">la Comisi\u00f3n Revisora<\/span><span style=\"font-family: Verdana; font-size: 10pt;\"> de <\/span><span style=\"font-family: Verdana; font-size: 10pt;\">la Constituci\u00f3n<\/span><span style=\"font-family: Verdana; font-size: 10pt;\"> y el informe que en nombre de esa comisi\u00f3n y del peronismo produjo en la sesi\u00f3n de <\/span><span style=\"font-family: Verdana; font-size: 10pt;\">la Asamblea Constituyente<\/span><span style=\"font-family: Verdana; font-size: 10pt;\"> del 8 de marzo de 1949, se convirtieron en aquel momento en el logro m\u00e1s brillante y elevado por parte del peronismo en cuanto a sus aspiraciones para comunicar y fundamentar el contenido profundo de la reforma en cuesti\u00f3n.<\/span><\/p>\n<p style=\"background-color: #ffffff; margin: 0pt; text-align: justify;\"><span style=\"color: #500000; font-family: Verdana; font-size: 10pt; font-weight: bold;\">Dr. Arturo Enrique<\/span><span style=\"color: #500000; font-family: Verdana; font-size: 10pt; font-weight: bold;\">Sampay<\/span><\/p>\n<p style=\"background-color: #ffffff; margin: 0pt; text-align: justify;\"><span style=\"color: #500000; font-family: Verdana; font-size: 10pt; font-weight: bold;\">Algunas de sus obras:<\/span><\/p>\n<p style=\"background-color: #ffffff; line-height: 14.4pt; margin: 0pt; text-align: justify;\"><span style=\"color: #500000; font-family: Verdana; font-size: 10pt; font-weight: bold;\">&#8211;<\/span><a style=\"color: #500000;\" href=\"http:\/\/es.wikipedia.org\/wiki\/La_crisis_del_Estado_de_derecho_liberal-burgu%C3%A9s\"><span style=\"color: #500000; font-family: Verdana; font-size: 10pt; font-weight: bold; text-decoration: none;\">La crisis del Estado de derecho liberal-burgu\u00e9s<\/span><\/a><span style=\"color: #500000; font-family: Verdana; font-size: 10pt; font-weight: bold;\">, 1938<\/span><\/p>\n<p style=\"background-color: #ffffff; line-height: 14.4pt; margin: 0pt; text-align: justify;\"><span style=\"color: #500000; font-family: Verdana; font-size: 10pt; font-weight: bold;\">-La filosof\u00eda del Iluminismo y <\/span><span style=\"color: #500000; font-family: Verdana; font-size: 10pt; font-weight: bold;\">la Constituci\u00f3n Argentina<\/span><span style=\"color: #500000; font-family: Verdana; font-size: 10pt; font-weight: bold;\"> de 1853, 1944<\/span><\/p>\n<p style=\"background-color: #ffffff; line-height: 14.4pt; margin: 0pt; text-align: justify;\"><span style=\"color: #500000; font-family: Verdana; font-size: 10pt; font-weight: bold;\">-Introducci\u00f3n a <\/span><span style=\"color: #500000; font-family: Verdana; font-size: 10pt; font-weight: bold;\">la Teor\u00eda<\/span><span style=\"color: #500000; font-family: Verdana; font-size: 10pt; font-weight: bold;\"> del Estado, 1951<\/span><\/p>\n<p style=\"background-color: #ffffff; line-height: 14.4pt; margin: 0pt; text-align: justify;\"><span style=\"color: #500000; font-family: Verdana; font-size: 10pt; font-weight: bold;\">-Las ideas pol\u00edticas de Juan Manuel de Rosas, 1970<\/span><\/p>\n<p style=\"background-color: #ffffff; line-height: 14.4pt; margin: 0pt; text-align: justify;\"><span style=\"color: #500000; font-family: Verdana; font-size: 10pt; font-weight: bold;\">-Constituci\u00f3n y Pueblo, 1974<\/span><\/p>\n<p style=\"background-color: #ffffff; line-height: 14.4pt; margin: 0pt; text-align: justify;\"><span style=\"color: #500000; font-family: Verdana; font-size: 10pt; font-weight: bold;\">-Las constituciones de <\/span><span style=\"color: #500000; font-family: Verdana; font-size: 10pt; font-weight: bold;\">la Argentina<\/span><span style=\"color: #500000; font-family: Verdana; font-size: 10pt; font-weight: bold;\"> entre 1810 y 1971, 1975<\/span><\/p>\n<p style=\"background-color: #ffffff; margin: 0pt; text-align: center;\"><img loading=\"lazy\" decoding=\"async\" class=\"aligncenter size-full wp-image-6343\" src=\"https:\/\/historiadelperonismo.com\/wp-content\/uploads\/55d27c20a4cd5_img.jpeg\" alt=\"55d27c20a4cd5_img\" width=\"337\" height=\"412\" srcset=\"https:\/\/historiadelperonismo.com\/wp-content\/uploads\/55d27c20a4cd5_img.jpeg 337w, https:\/\/historiadelperonismo.com\/wp-content\/uploads\/55d27c20a4cd5_img-245x300.jpeg 245w, https:\/\/historiadelperonismo.com\/wp-content\/uploads\/55d27c20a4cd5_img-119x146.jpeg 119w, https:\/\/historiadelperonismo.com\/wp-content\/uploads\/55d27c20a4cd5_img-41x50.jpeg 41w\" sizes=\"(max-width: 337px) 100vw, 337px\" \/><\/p>\n<p style=\"background-color: #ffffff; margin: 0pt; text-align: center;\"><span style=\"font-family: Verdana; font-size: 10pt; font-weight: bold;\">Dr. Arturo Enrique<\/span><span style=\"font-family: Verdana; font-size: 10pt; font-weight: bold;\">Sampay<\/span><\/p>\n<div style=\"clear: both; margin: 0pt; border: 0.75pt solid #000000;\">\n<p style=\"background-color: #ffffff; margin: 0pt; padding-left: 4pt; padding-right: 4pt; text-align: center;\"><span style=\"color: #500000; font-family: Verdana; font-size: 10pt; font-weight: bold;\">Ver en esta p\u00e1gina el informe en TEMAS ESPECIALES\/\/<\/span><span style=\"color: #500000; font-family: Verdana; font-size: 10pt; font-weight: bold;\">Sampay<\/span><span style=\"color: #500000; font-family: Verdana; font-size: 10pt; font-weight: bold;\">, padrino del constitucionalismo social por Alberto<\/span><span style=\"color: #500000; font-family: Verdana; font-size: 10pt; font-weight: bold;\">Buela<\/span><\/p>\n<p style=\"background-color: #ffffff; margin: 0pt; padding-left: 4pt; padding-right: 4pt; text-align: center;\"><strong><a style=\"color: #000000;\" href=\"https:\/\/historiadelperonismo.com\/?p=4261\"><span style=\"font-family: Verdana; font-size: 12pt; text-decoration: none;\">CLIC AC\u00c1<\/span><\/a><\/strong><\/p>\n<\/div>\n<p style=\"background-color: #ffffff; margin: 0pt; text-align: justify;\"><span style=\"font-family: Verdana; font-size: 10pt; font-weight: bold;\">Las personalidades m\u00e1s destacadas intervinientes en la<\/span><\/p>\n<p style=\"background-color: #ffffff; margin: 0pt; text-align: justify;\"><span style=\"font-family: Verdana; font-size: 10pt; font-weight: bold;\">Asamblea Constituyente<\/span><\/p>\n<p style=\"background-color: #ffffff; margin: 0pt; text-align: justify; text-indent: 18pt;\"><span style=\"font-family: Verdana; font-size: 10pt;\">Gonz\u00e1lez<\/span><span style=\"font-family: Verdana; font-size: 10pt;\">Arzac<\/span><span style=\"font-family: Verdana; font-size: 10pt;\">nos aporta un importante resumen de las personalidades m\u00e1s destacadas intervinientes en ambos bloques, tanto para la elaboraci\u00f3n de proyectos como en el debate (aunque trunco) de <\/span><span style=\"font-family: Verdana; font-size: 10pt;\">la Asamblea Constituyente.<\/span><\/p>\n<p style=\"background-color: #ffffff; margin: 0pt; text-align: justify; text-indent: 18pt;\"><span style=\"font-family: Verdana; font-size: 10pt; font-style: italic; font-weight: bold;\">\u00abConcurrieron como convencionales a esa Magna Asamblea conocidas personalidades, entre quienes hubo figuras de la ense\u00f1anza universitaria como Ireneo Cruz, ling\u00fcista de formaci\u00f3n cl\u00e1sica que integraba el bloque peronista; Alfredo<\/span><span style=\"font-family: Verdana; font-size: 10pt; font-style: italic; font-weight: bold;\">Calcagno<\/span><span style=\"font-family: Verdana; font-size: 10pt; font-style: italic; font-weight: bold;\">, autoridad mundial en pedagog\u00eda y psicolog\u00eda; Gabriel del Mazo, cuya literatura reformista era conocida en todo el continente (estos dos \u00faltimos eran radicales). El Partido Peronista eligi\u00f3 como convencionales a algunos miembros de las Fuerzas Armadas: Coronel Domino Mercante (que era gobernador de Buenos Aires), Contralmirante Alberto Teisaire (que era senador nacional), Mayor de Intendencia Carlos<\/span><span style=\"font-family: Verdana; font-size: 10pt; font-style: italic; font-weight: bold;\">Alo\u00e9<\/span><span style=\"font-family: Verdana; font-size: 10pt; font-style: italic; font-weight: bold;\">(secretario de Per\u00f3n); dirigentes obreros: Emilio Borlenghi, F\u00e9lix<\/span><span style=\"font-family: Verdana; font-size: 10pt; font-style: italic; font-weight: bold;\">Pontieri<\/span><span style=\"font-family: Verdana; font-size: 10pt; font-style: italic; font-weight: bold;\">, Jos\u00e9 Espejo (obrero de la administraci\u00f3n que ejerc\u00eda el Secretariado de <\/span><span style=\"font-family: Verdana; font-size: 10pt; font-style: italic; font-weight: bold;\">la C.G<\/span><span style=\"font-family: Verdana; font-size: 10pt; font-style: italic; font-weight: bold;\">.T. y otros m\u00e1s.<\/span><\/p>\n<p style=\"background-color: #ffffff; margin: 0pt; text-align: justify; text-indent: 18pt;\"><span style=\"font-family: Verdana; font-size: 10pt; font-style: italic; font-weight: bold;\">Muchos juristas ocuparon bancas del peronismo: Lu\u00eds R.<\/span><span style=\"font-family: Verdana; font-size: 10pt; font-style: italic; font-weight: bold;\">Longhi<\/span><span style=\"font-family: Verdana; font-size: 10pt; font-style: italic; font-weight: bold;\">, Julio<\/span><span style=\"font-family: Verdana; font-size: 10pt; font-style: italic; font-weight: bold;\">Laffitte<\/span><span style=\"font-family: Verdana; font-size: 10pt; font-style: italic; font-weight: bold;\">, Julio Avanza,<\/span><span style=\"font-family: Verdana; font-size: 10pt; font-style: italic; font-weight: bold;\">Italo<\/span><span style=\"font-family: Verdana; font-size: 10pt; font-style: italic; font-weight: bold;\">Luder<\/span><span style=\"font-family: Verdana; font-size: 10pt; font-style: italic; font-weight: bold;\">, Mario Mart\u00ednez Casas, Pablo<\/span><span style=\"font-family: Verdana; font-size: 10pt; font-style: italic; font-weight: bold;\">Ramella<\/span><span style=\"font-family: Verdana; font-size: 10pt; font-style: italic; font-weight: bold;\">, Arturo<\/span><span style=\"font-family: Verdana; font-size: 10pt; font-style: italic; font-weight: bold;\">Sampay<\/span><span style=\"font-family: Verdana; font-size: 10pt; font-style: italic; font-weight: bold;\">, Jorge<\/span><span style=\"font-family: Verdana; font-size: 10pt; font-style: italic; font-weight: bold;\">Simini<\/span><span style=\"font-family: Verdana; font-size: 10pt; font-style: italic; font-weight: bold;\">, Jorge Albarrac\u00edn<\/span><span style=\"font-family: Verdana; font-size: 10pt; font-style: italic; font-weight: bold;\">Godoym<\/span><span style=\"font-family: Verdana; font-size: 10pt; font-style: italic; font-weight: bold;\">, Joaqu\u00edn D\u00edaz de Vivar y otros, entre los que cabe destacar a Carlos<\/span><span style=\"font-family: Verdana; font-size: 10pt; font-style: italic; font-weight: bold;\">Berraz<\/span><span style=\"font-family: Verdana; font-size: 10pt; font-style: italic; font-weight: bold;\">Montyn<\/span><span style=\"font-family: Verdana; font-size: 10pt; font-style: italic; font-weight: bold;\">, abogado de oratoria galana que calific\u00f3 a <\/span><span style=\"font-family: Verdana; font-size: 10pt; font-style: italic; font-weight: bold;\">la Asamblea<\/span><span style=\"font-family: Verdana; font-size: 10pt; font-style: italic; font-weight: bold;\"> como &#8216;convenci\u00f3n simp\u00e1tica, agradable y humana&#8217;; y tambi\u00e9n Atilio<\/span><span style=\"font-family: Verdana; font-size: 10pt; font-style: italic; font-weight: bold;\">Pessagno<\/span><span style=\"font-family: Verdana; font-size: 10pt; font-style: italic; font-weight: bold;\">, Felipe P\u00e9rez, Rodolfo Valenzuela, que eran miembros de <\/span><span style=\"font-family: Verdana; font-size: 10pt; font-style: italic; font-weight: bold;\">la Corte Suprema<\/span><span style=\"font-family: Verdana; font-size: 10pt; font-style: italic; font-weight: bold;\"> de <\/span><span style=\"font-family: Verdana; font-size: 10pt; font-style: italic; font-weight: bold;\">la Naci\u00f3n<\/span><span style=\"font-family: Verdana; font-size: 10pt; font-style: italic; font-weight: bold;\">, Julio Escobar S\u00e1enz, Cayetano<\/span><span style=\"font-family: Verdana; font-size: 10pt; font-style: italic; font-weight: bold;\">Giardulli<\/span><span style=\"font-family: Verdana; font-size: 10pt; font-style: italic; font-weight: bold;\">(h), de <\/span><span style=\"font-family: Verdana; font-size: 10pt; font-style: italic; font-weight: bold;\">la Corte<\/span><span style=\"font-family: Verdana; font-size: 10pt; font-style: italic; font-weight: bold;\"> bonaerense.<\/span><\/p>\n<p style=\"background-color: #ffffff; margin: 0pt; text-align: justify; text-indent: 18pt;\"><span style=\"font-family: Verdana; font-size: 10pt; font-style: italic; font-weight: bold;\">El bloque radical tambi\u00e9n contaba con un numeroso lote de abogados: Mois\u00e9s Lebensohn, Arist\u00f3bulo Ar\u00e1oz de Lamadrid, Emilio Donato del Carril, Ram\u00f3n Lascano, Am\u00edlcar Mercader, Adolfo<\/span><span style=\"font-family: Verdana; font-size: 10pt; font-style: italic; font-weight: bold;\">Parry<\/span><span style=\"font-family: Verdana; font-size: 10pt; font-style: italic; font-weight: bold;\">,<\/span><span style=\"font-family: Verdana; font-size: 10pt; font-style: italic; font-weight: bold;\">Ata\u00falfo<\/span><span style=\"font-family: Verdana; font-size: 10pt; font-style: italic; font-weight: bold;\">P\u00e9rez Aznar, Alberto A.<\/span><span style=\"font-family: Verdana; font-size: 10pt; font-style: italic; font-weight: bold;\">Spota<\/span><span style=\"font-family: Verdana; font-size: 10pt; font-style: italic; font-weight: bold;\">, etc. Entre los radicales figuraron dos futuros gobernadores: Carlos Silvestre<\/span><span style=\"font-family: Verdana; font-size: 10pt; font-style: italic; font-weight: bold;\">Begnis<\/span><span style=\"font-family: Verdana; font-size: 10pt; font-style: italic; font-weight: bold;\">, mandatario santafecino durante el gobierno intransigente, y Anselmo Marini, gobernador bonaerense por el radicalismo del pueblo.\u00bb<\/span><span style=\"font-family: Verdana; font-size: 10pt; font-weight: bold;\">(4)<\/span><\/p>\n<p style=\"background-color: #ffffff; margin: 0pt; text-align: justify;\"><span style=\"font-family: Verdana; font-size: 10pt; font-weight: bold;\">Inicio de <\/span><span style=\"font-family: Verdana; font-size: 10pt; font-weight: bold;\">la Asamblea Constituyente<\/span><\/p>\n<p style=\"background-color: #ffffff; margin: 0pt; text-align: justify; text-indent: 18pt;\"><span style=\"font-family: Verdana; font-size: 10pt;\">El 24 de enero de 1949, <\/span><span style=\"font-family: Verdana; font-size: 10pt;\">la Convenci\u00f3n<\/span><span style=\"font-family: Verdana; font-size: 10pt;\"> inicia sus tareas con una reuni\u00f3n de car\u00e1cter preparatoria adonde son designados, presidente de la misma el gobernador de la provincia de Buenos Aires, Coronel Domingo A. Mercante; vicepresidente primero el Dr. H\u00e9ctor J.<\/span><span style=\"font-family: Verdana; font-size: 10pt;\">C\u00e1mpora<\/span><span style=\"font-family: Verdana; font-size: 10pt;\">y vicepresidente segundo el secretario general de <\/span><span style=\"font-family: Verdana; font-size: 10pt;\">la C.G<\/span><span style=\"font-family: Verdana; font-size: 10pt;\">.T. Jos\u00e9 G. Espejo.<\/span><\/p>\n<p style=\"background-color: #ffffff; margin: 0pt; text-align: justify; text-indent: 18pt;\"><span style=\"font-family: Verdana; font-size: 10pt;\">El bloque peronista ser\u00e1 dirigido por el diputado \u00c1ngel J. Miel<\/span><span style=\"font-family: Verdana; font-size: 10pt;\">Asqu\u00eda<\/span><span style=\"font-family: Verdana; font-size: 10pt;\">y el bloque radical por el Dr. Mois\u00e9s Lebensohn.<\/span><\/p>\n<p style=\"background-color: #ffffff; margin: 0pt; text-align: center; text-indent: 18pt;\"><img loading=\"lazy\" decoding=\"async\" class=\"aligncenter size-full wp-image-6344\" src=\"https:\/\/historiadelperonismo.com\/wp-content\/uploads\/55d27c20a4fa9_img.jpeg\" alt=\"55d27c20a4fa9_img\" width=\"550\" height=\"444\" srcset=\"https:\/\/historiadelperonismo.com\/wp-content\/uploads\/55d27c20a4fa9_img.jpeg 550w, https:\/\/historiadelperonismo.com\/wp-content\/uploads\/55d27c20a4fa9_img-300x242.jpeg 300w, https:\/\/historiadelperonismo.com\/wp-content\/uploads\/55d27c20a4fa9_img-181x146.jpeg 181w, https:\/\/historiadelperonismo.com\/wp-content\/uploads\/55d27c20a4fa9_img-50x40.jpeg 50w\" sizes=\"(max-width: 550px) 100vw, 550px\" \/><\/p>\n<p style=\"background-color: #ffffff; margin: 0pt; text-align: center; text-indent: 18pt;\"><span style=\"color: #540000; font-family: Verdana; font-size: 10pt; font-weight: bold;\">El Cnel. Domingo Mercante es elegido presidente de <\/span><span style=\"color: #540000; font-family: Verdana; font-size: 10pt; font-weight: bold;\">la Convenci\u00f3n Constituyente<\/span><\/p>\n<p style=\"background-color: #ffffff; margin: 0pt; text-align: center; text-indent: 18pt;\"><span style=\"color: #540000; font-family: Verdana; font-size: 10pt; font-weight: bold;\">Foto de un ejemplar original del Suplemento Cultural del diario Cr\u00edtica<\/span><\/p>\n<p style=\"background-color: #ffffff; margin: 0pt; text-align: center; text-indent: 18pt;\"><span style=\"color: #540000; font-family: Verdana; font-size: 10pt; font-weight: bold;\">23-3-1949<\/span><\/p>\n<p style=\"background-color: #ffffff; margin: 0pt; text-align: justify; text-indent: 18pt;\"><span style=\"font-family: Verdana; font-size: 10pt;\">Comenzadas las deliberaciones el 1\u00ba de febrero de 1949 y despu\u00e9s de dos reuniones preparatorias, bien pronto se hizo o\u00edr la posici\u00f3n radical impugnando <\/span><span style=\"font-family: Verdana; font-size: 10pt;\">la Asamblea<\/span><span style=\"font-family: Verdana; font-size: 10pt;\">, y en rigor y en lo profundo, la verdadera discusi\u00f3n sobre el proyecto de reforma quedaba ya m\u00e1s cerca y se hac\u00eda presente, un reforma de car\u00e1cter social era indigerible para el liberalismo. Por ah\u00ed pasaba la verdadera objeci\u00f3n aunque no fuera explicitada todav\u00eda.<\/span><\/p>\n<p style=\"background-color: #ffffff; margin: 0pt; text-align: justify; text-indent: 18pt;\"><span style=\"font-family: Verdana; font-size: 10pt;\">Pero debe quedar claro nuevamente que, la sola presencia del radicalismo en las cinco primeras sesiones de <\/span><span style=\"font-family: Verdana; font-size: 10pt;\">la Asamblea Legislativa<\/span><span style=\"font-family: Verdana; font-size: 10pt;\"> (dos preparatorias y tres formales ordinarias) implicaban<\/span><span style=\"font-family: Verdana; font-size: 10pt; font-weight: bold;\">un segundo aval<\/span><span style=\"font-family: Verdana; font-size: 10pt;\">al proceso de reforma.<\/span><span style=\"font-family: Verdana; font-size: 10pt; font-weight: bold;\">El primero<\/span><span style=\"font-family: Verdana; font-size: 10pt;\">, recordemos, fue concurrir a las elecciones del 5 de diciembre de 1948 y no abstenerse. Habr\u00e1<\/span><span style=\"font-family: Verdana; font-size: 10pt; font-weight: bold;\">un tercer<\/span><span style=\"font-family: Verdana; font-size: 10pt;\">aval.<\/span><\/p>\n<p style=\"background-color: #ffffff; margin: 0pt; text-align: justify;\"><span style=\"font-family: Verdana; font-size: 10pt; font-weight: bold;\">En principio la objeci\u00f3n que se planteo estuvo referida a tres<\/span><span style=\"font-family: Verdana; font-size: 10pt; font-weight: bold;\">cuestiones:<\/span><\/p>\n<p style=\"background-color: #ffffff; margin: 0pt; text-align: justify; text-indent: 18pt;\"><span style=\"font-family: Verdana; font-size: 10pt; font-weight: bold;\">-Que <\/span><span style=\"font-family: Verdana; font-size: 10pt; font-weight: bold;\">la Ley<\/span><span style=\"font-family: Verdana; font-size: 10pt; font-weight: bold;\"> 13.233 violaba el art. 30 en cuanto a que este exig\u00eda,<\/span><\/p>\n<p style=\"background-color: #ffffff; margin: 0pt; text-align: justify; text-indent: 18pt;\"><span style=\"font-family: Verdana; font-size: 10pt; font-weight: bold;\">seg\u00fan<\/span><span style=\"font-family: Verdana; font-size: 10pt; font-weight: bold;\">esa interpretaci\u00f3n, un declaraci\u00f3n del Congreso y no una ley.<\/span><\/p>\n<p style=\"background-color: #ffffff; margin: 0pt; text-align: justify; text-indent: 18pt;\"><span style=\"font-family: Verdana; font-size: 10pt; font-weight: bold;\">-Que hab\u00eda sido necesaria la obtenci\u00f3n de los dos tercios sobre el total<\/span><\/p>\n<p style=\"background-color: #ffffff; margin: 0pt; text-align: justify; text-indent: 18pt;\"><span style=\"font-family: Verdana; font-size: 10pt; font-weight: bold;\">de<\/span><span style=\"font-family: Verdana; font-size: 10pt; font-weight: bold;\">los legisladores y no de los presentes en el recinto.<\/span><\/p>\n<p style=\"background-color: #ffffff; margin: 0pt; text-align: justify; text-indent: 18pt;\"><span style=\"font-family: Verdana; font-size: 10pt; font-weight: bold;\">-Que <\/span><span style=\"font-family: Verdana; font-size: 10pt; font-weight: bold;\">la Ley<\/span><span style=\"font-family: Verdana; font-size: 10pt; font-weight: bold;\"> 13.233 apuntaba a la reforma de toda la constituci\u00f3n no<\/span><\/p>\n<p style=\"background-color: #ffffff; margin: 0pt; text-align: justify; text-indent: 18pt;\"><span style=\"font-family: Verdana; font-size: 10pt; font-weight: bold;\">mencionando<\/span><span style=\"font-family: Verdana; font-size: 10pt; font-weight: bold;\">cuales art\u00edculos puntualmente se pretend\u00eda reformar.<\/span><\/p>\n<p style=\"background-color: #ffffff; margin: 0pt; text-align: justify; text-indent: 18pt;\"><span style=\"font-family: Verdana; font-size: 10pt;\">Luego de un arduo debate, el peronismo fundament\u00f3 lo legislado sobre la base de que no exist\u00eda una real<\/span><span style=\"font-family: Verdana; font-size: 10pt; font-weight: bold;\">(de fondo, no formal)<\/span><span style=\"font-family: Verdana; font-size: 10pt;\">diferencia entre declaraci\u00f3n del Congreso y una ley con ese prop\u00f3sito.<\/span><\/p>\n<p style=\"background-color: #ffffff; margin: 0pt; text-align: justify; text-indent: 18pt;\"><span style=\"font-family: Verdana; font-size: 10pt;\">Que, tal como se hab\u00eda expuesto en oportunidad de la sanci\u00f3n de la ley de necesariedad, los antecedentes de 1860 y 1866 validaban sin mella alguna el procedimiento.<\/span><\/p>\n<p style=\"background-color: #ffffff; margin: 0pt; text-align: justify; text-indent: 18pt;\"><span style=\"font-family: Verdana; font-size: 10pt;\">Y, finalmente, que el Art. 30 preve\u00eda claramente la posibilidad de la reforma total o parcial del texto constitucional.<\/span><span style=\"font-family: Verdana; font-size: 10pt; font-weight: bold;\">(Ver m\u00e1s arriba el Art. 30)<\/span><\/p>\n<p style=\"background-color: #ffffff; margin: 0pt; text-align: justify; text-indent: 18pt;\"><span style=\"font-family: Verdana; font-size: 10pt;\">Llevado el asunto a votaci\u00f3n, el peronismo impuso su clara mayor\u00eda y el tema quedo moment\u00e1neamente superado.<\/span><\/p>\n<p style=\"background-color: #ffffff; margin: 0pt; text-align: justify; text-indent: 18pt;\"><span style=\"font-family: Verdana; font-size: 10pt;\">Llegar\u00e1 entonces el momento de la verdadera discusi\u00f3n para lo que realmente estaba en juego.<\/span><\/p>\n<p style=\"background-color: #ffffff; margin: 0pt; text-align: justify;\"><span style=\"font-family: Verdana; font-size: 10pt; font-weight: bold;\">Una constituci\u00f3n social, el verdadero contenido<\/span><\/p>\n<p style=\"background-color: #ffffff; margin: 0pt; text-align: justify;\"><span style=\"font-family: Verdana; font-size: 10pt; font-weight: bold;\">8 de marzo de 1949<\/span><\/p>\n<p style=\"background-color: #ffffff; margin: 0pt; text-align: justify;\"><span style=\"font-family: Verdana; font-size: 10pt; font-weight: bold;\">Informe del Dr. Arturo<\/span><span style=\"font-family: Verdana; font-size: 10pt; font-weight: bold;\">Sampay<\/span><\/p>\n<p style=\"background-color: #ffffff; margin: 0pt; text-align: justify;\"><span style=\"font-family: Verdana; font-size: 10pt; font-weight: bold;\">Discurso del Dr. Mois\u00e9s Lebensohn<\/span><\/p>\n<p style=\"background-color: #ffffff; margin: 0pt; text-align: justify;\"><span style=\"font-family: Verdana; font-size: 10pt; font-weight: bold;\">Retiro de los convencionales radicales<\/span><\/p>\n<p style=\"background-color: #ffffff; margin: 0pt; text-align: justify; text-indent: 18pt;\"><span style=\"font-family: Verdana; font-size: 10pt;\">El d\u00eda 8 de marzo de 1949 ser\u00e1 un d\u00eda hist\u00f3rico. El peronismo, mediante el uso de la palabra de su miembro informante el Dr.<\/span><span style=\"font-family: Verdana; font-size: 10pt;\">Sampay<\/span><span style=\"font-family: Verdana; font-size: 10pt;\">, har\u00e1 conocer la fundamentaci\u00f3n para la reforma que propone.<\/span><\/p>\n<p style=\"background-color: #ffffff; margin: 0pt; text-align: justify; text-indent: 18pt;\"><span style=\"font-family: Verdana; font-size: 10pt;\">El radicalismo har\u00e1 lo propio con el Dr. Lebensohn y luego de terminar este, el bloque radical abandonar\u00e1 <\/span><span style=\"font-family: Verdana; font-size: 10pt;\">la Asamblea Constituyente<\/span><span style=\"font-family: Verdana; font-size: 10pt;\"> para no volver a participar en ninguna de las sesiones siguientes hasta el final de la misma.<\/span><\/p>\n<p style=\"background-color: #ffffff; margin: 0pt; text-align: justify;\"><span style=\"font-family: Verdana; font-size: 10pt; font-weight: bold;\">Informe del Dr. Arturo<\/span><span style=\"font-family: Verdana; font-size: 10pt; font-weight: bold;\">Sampay<\/span><\/p>\n<p style=\"background-color: #ffffff; margin: 0pt; text-align: justify; text-indent: 18pt;\"><span style=\"font-family: Verdana; font-size: 10pt;\">En la sesi\u00f3n de la ma\u00f1ana de ese d\u00eda, el Dr.<\/span><span style=\"font-family: Verdana; font-size: 10pt;\">Sampay<\/span><span style=\"font-family: Verdana; font-size: 10pt;\">presenta el informe de <\/span><span style=\"font-family: Verdana; font-size: 10pt;\">la Comisi\u00f3n<\/span><span style=\"font-family: Verdana; font-size: 10pt;\"> que preside y en nombre del peronismo. Es la posici\u00f3n oficial.<\/span><\/p>\n<p style=\"background-color: #ffffff; margin: 0pt; text-align: justify; text-indent: 18pt;\"><span style=\"font-family: Verdana; font-size: 10pt;\">Ofrecemos en nuestra p\u00e1gina dicho informe en:<\/span><\/p>\n<div style=\"clear: both; margin: 0pt; border: 0.75pt solid #000000;\">\n<p style=\"background-color: #ffffff; margin: 0pt; padding-left: 4pt; padding-right: 4pt; padding-top: 1pt; text-align: center;\"><span style=\"color: #500000; font-family: Verdana; font-size: 10pt; font-weight: bold;\">Ver en esta p\u00e1gina en DOCUMENTACI\u00d3N\/\/<\/span><span style=\"color: #500000; font-family: Verdana; font-size: 10pt; font-weight: bold;\">Sampay<\/span><span style=\"color: #500000; font-family: Verdana; font-size: 10pt; font-weight: bold;\">, Arturo E\/\/ Informe del convencional por el peronismo en <\/span><span style=\"color: #500000; font-family: Verdana; font-size: 10pt; font-weight: bold;\">la Convenci\u00f3n Constituyente<\/span><span style=\"color: #500000; font-family: Verdana; font-size: 10pt; font-weight: bold;\"> de 8-3-1949<\/span><\/p>\n<p style=\"background-color: #ffffff; margin: 0pt; padding-bottom: 1pt; padding-left: 4pt; padding-right: 4pt; text-align: center;\"><a style=\"color: #000000;\" href=\"https:\/\/historiadelperonismo.com\/?p=4377\"><span style=\"font-family: Verdana; font-size: 12pt; font-weight: bold; text-decoration: none;\">CLIC AC\u00c1<\/span><\/a><\/p>\n<\/div>\n<p style=\"background-color: #ffffff; margin: 0pt; text-align: justify; text-indent: 18pt;\"><span style=\"font-family: Verdana; font-size: 10pt;\">La sola menci\u00f3n de este informe (<\/span><span style=\"font-family: Verdana; font-size: 10pt; font-weight: bold;\">y su referencia en la p\u00e1gina<\/span><span style=\"font-family: Verdana; font-size: 10pt;\">) nos exime de detallarlo. Pero s\u00ed corresponde se\u00f1alar que es la m\u00e1s acabada expresi\u00f3n del constitucionalismo social. Es decir, el paso de una declamada libertad pol\u00edtica, siempre incumplida por el liberalismo y de un modelo de pa\u00eds<\/span><span style=\"font-family: Verdana; font-size: 10pt;\">semicolonial<\/span><span style=\"font-family: Verdana; font-size: 10pt;\">donde necesariamente deb\u00eda haber mayor\u00edas sojuzgadas y minor\u00edas poderosas al servicio de intereses extranacionales, todo ello protegido por una norma superior como <\/span><span style=\"font-family: Verdana; font-size: 10pt;\">la Constituci\u00f3n Nacional<\/span><span style=\"font-family: Verdana; font-size: 10pt;\">, para el caso la de 1853 y reformas posteriores, a un texto acorde con principios del m\u00e1s puro contenido social del cristianismo y a un modelo de naci\u00f3n genuinamente soberano e independiente, es decir es el primer texto constitucional que contiene las bases de un Proyecto Nacional.<\/span><\/p>\n<p style=\"background-color: #ffffff; margin: 0pt; text-align: justify; text-indent: 18pt;\"><span style=\"font-family: Verdana; font-size: 10pt;\">Esto, como no pod\u00eda ser de otro modo, levant\u00f3 una verdadera tempestad pol\u00edtica en la oposici\u00f3n que se ocup\u00f3 de denostarlo, infamarlo, denigrarlo y descalificarlo por razones de orden formal, de las cuales ya dimos cuenta, y por otras que desnudan la verdadera posici\u00f3n de las fuerzas pol\u00edticas opuestas al peronismo expresadas en aquel entonces por el radicalismo no yrigoyenista, pero que, sin la menor duda y objeci\u00f3n, mostraban con toda claridad y nitidez al liberalismo pol\u00edtico que hab\u00eda estado en el poder durante tantas d\u00e9cadas anteriores a 1943.<\/span><\/p>\n<p style=\"background-color: #ffffff; margin: 0pt; text-align: justify; text-indent: 18pt;\"><span style=\"font-family: Verdana; font-size: 10pt;\">La constituci\u00f3n que defend\u00edan, la de 1853, era ya un art\u00edculo de museo, en <\/span><span style=\"font-family: Verdana; font-size: 10pt;\">la Argentina<\/span><span style=\"font-family: Verdana; font-size: 10pt;\"> y en el resto del mundo tambi\u00e9n. No garantizaba la verdadera vigencia de la libertad que proclamaba. Es m\u00e1s, esa proclamaci\u00f3n era de un irrealismo tal que resultaba insultante para la inteligencia y la dignidad humana, o sea, estaba quebrada en su propio fundamento medular. Y por supuesto no contemplaba ninguna raz\u00f3n de protecci\u00f3n ni de justicia social para el Pueblo.<\/span><\/p>\n<p style=\"background-color: #ffffff; margin: 0pt; text-align: justify; text-indent: 18pt;\"><span style=\"font-family: Verdana; font-size: 10pt;\">El mundo a esa altura de los tiempos ya sab\u00eda de miserias y desigualdades sin l\u00edmites y tambi\u00e9n conoc\u00eda <\/span><span style=\"font-family: Verdana; font-size: 10pt;\">la Doctrina Social<\/span><span style=\"font-family: Verdana; font-size: 10pt;\"> de <\/span><span style=\"font-family: Verdana; font-size: 10pt;\">la Iglesia<\/span><span style=\"font-family: Verdana; font-size: 10pt;\">, iniciada en el siglo pasado <\/span><span style=\"font-family: Verdana; font-size: 10pt;\">y presente <\/span><span style=\"font-family: Verdana; font-size: 10pt;\">con las enc\u00edclicas de los Papas:<\/span><\/p>\n<p style=\"background-color: #ffffff; margin: 0pt; text-align: justify;\"><span style=\"font-family: Verdana; font-size: 10pt; font-weight: bold;\">-Le\u00f3n XIII-\u00ab<\/span><span style=\"font-family: Verdana; font-size: 10pt; font-weight: bold;\">Rerum<\/span><span style=\"font-family: Verdana; font-size: 10pt; font-weight: bold;\">Novarum<\/span><span style=\"font-family: Verdana; font-size: 10pt; font-weight: bold;\">-De las cosas nuevas\u00bb,<\/span><span style=\"font-family: Verdana; font-size: 10pt; font-weight: bold;\">de 1891<\/span><\/p>\n<p style=\"background-color: #ffffff; margin: 0pt; text-align: justify;\"><span style=\"font-family: Verdana; font-size: 10pt; font-weight: bold;\">-P\u00edo XI-\u00ab<\/span><span style=\"font-family: Verdana; font-size: 10pt; font-weight: bold;\">Quadrag\u00e9simo<\/span><span style=\"font-family: Verdana; font-size: 10pt; font-weight: bold;\">anno<\/span><span style=\"font-family: Verdana; font-size: 10pt; font-weight: bold;\">. Sobre la restauraci\u00f3n del orden social en perfecta conformidad con la ley evang\u00e9lica\u00bb, de 1931 al celebrarse el 40\u00ba aniversario de la enc\u00edclica \u00ab<\/span><span style=\"font-family: Verdana; font-size: 10pt; font-weight: bold;\">Rerum<\/span><span style=\"font-family: Verdana; font-size: 10pt; font-weight: bold;\">Novarum<\/span><span style=\"font-family: Verdana; font-size: 10pt; font-weight: bold;\">\u00ab.<\/span><\/p>\n<p style=\"background-color: #ffffff; margin: 0pt; text-align: justify; text-indent: 18pt;\"><span style=\"font-family: Verdana; font-size: 10pt;\">No era posible ignorar ya las angustias humanas que se mostraban en pobrezas y marginaciones masivas. La hora de la justicia social hab\u00eda llegado en <\/span><span style=\"font-family: Verdana; font-size: 10pt;\">la Argentina<\/span><span style=\"font-family: Verdana; font-size: 10pt;\"> a partir de 1943. Deb\u00eda ser coronada con una norma superior.<\/span><\/p>\n<p style=\"background-color: #ffffff; margin: 0pt; text-align: justify; text-indent: 18pt;\"><span style=\"font-family: Verdana; font-size: 10pt;\">Una norma superior reclamaba ser necesariamente de rango constitucional, pero no superior solo por ser la ley madre de <\/span><span style=\"font-family: Verdana; font-size: 10pt;\">la Naci\u00f3n<\/span><span style=\"font-family: Verdana; font-size: 10pt;\">, sino superior tambi\u00e9n en el sentido de proveer la protecci\u00f3n necesaria para todos los derechos sociales ya legislados y puestos en pr\u00e1ctica. Algo desconocido en <\/span><span style=\"font-family: Verdana; font-size: 10pt;\">la Argentina<\/span><span style=\"font-family: Verdana; font-size: 10pt;\">, por eso superior, porque aparec\u00edan valores de dimensiones universales e impostergables, que se colocaban por encima de muchos otros y que nunca hab\u00edan sido considerados en este nivel. Por ejemplo, la justicia social. Por eso esta reforma llevar\u00e1 a<\/span><span style=\"font-family: Verdana; font-size: 10pt; font-weight: bold;\">una constituci\u00f3n social.<\/span><\/p>\n<p style=\"background-color: #ffffff; margin: 0pt; text-align: justify; text-indent: 18pt;\"><span style=\"font-family: Verdana; font-size: 10pt;\">Y para <\/span><span style=\"font-family: Verdana; font-size: 10pt;\">la Naci\u00f3n<\/span><span style=\"font-family: Verdana; font-size: 10pt;\"> misma, tambi\u00e9n valores nuevos que est\u00e1n por encima de todo lo dem\u00e1s. En este sentido queda claro que, la definici\u00f3n y la determinaci\u00f3n de su cualidad de soberana e independiente mostraba los objetivos nacionales y en esa direcci\u00f3n todas las normas que lo garantizar\u00e1n ser\u00e1n expresadas taxativamente en el nuevo texto constitucional.<\/span><\/p>\n<p style=\"background-color: #ffffff; margin: 0pt; text-align: justify; text-indent: 18pt;\"><span style=\"font-family: Verdana; font-size: 10pt;\">El informe de<\/span><span style=\"font-family: Verdana; font-size: 10pt;\">Sampay<\/span><span style=\"font-family: Verdana; font-size: 10pt;\">mostrar\u00e1, sin fisura alguna,<\/span><span style=\"font-family: Verdana; font-size: 10pt; font-weight: bold; text-decoration: underline;\">un alto vuelo intelectual puesto al servicio de los intereses populares y nacionales<\/span><span style=\"font-family: Verdana; font-size: 10pt;\">en el reclamo por formas de superaci\u00f3n pol\u00edtica y de normas y medidas revolucionarias para la transformaci\u00f3n econ\u00f3mica y social tanto de <\/span><span style=\"font-family: Verdana; font-size: 10pt;\">la Naci\u00f3n<\/span><span style=\"font-family: Verdana; font-size: 10pt;\"> como del Pueblo.<\/span><\/p>\n<p style=\"background-color: #ffffff; margin: 0pt; text-align: justify; text-indent: 18pt;\"><span style=\"font-family: Verdana; font-size: 10pt;\">Los ejes de este informe ser\u00e1n &#8211;<\/span><span style=\"font-family: Verdana; font-size: 10pt; font-weight: bold;\">sin omitir su fundamentaci\u00f3n, la que puede ser encontrada por separado en esta misma p\u00e1gina en el lugar indicado precedentemente<\/span><span style=\"font-family: Verdana; font-size: 10pt;\">&#8211; los siguientes:<\/span><\/p>\n<p style=\"background-color: #ffffff; margin: 0pt; text-align: justify;\"><span style=\"font-family: Verdana; font-size: 10pt; font-weight: bold;\">-La concepci\u00f3n de la justicia social como eje medular de la nueva constituci\u00f3n.<\/span><\/p>\n<p style=\"background-color: #ffffff; margin: 0pt; text-align: justify;\"><span style=\"font-family: Verdana; font-size: 10pt; font-weight: bold;\">-La definici\u00f3n de la libertad seg\u00fan la verdadera condici\u00f3n humana.<\/span><\/p>\n<p style=\"background-color: #ffffff; margin: 0pt; text-align: justify;\"><span style=\"font-family: Verdana; font-size: 10pt; font-weight: bold;\">-La necesidad de formular una constituci\u00f3n de contenido social en reemplazo de un mero enunciado pol\u00edtico, por lo dem\u00e1s incumplido y vulnerado permanentemente.<\/span><\/p>\n<p style=\"background-color: #ffffff; margin: 0pt; text-align: justify;\"><span style=\"font-family: Verdana; font-size: 10pt; font-weight: bold;\">-La redefinici\u00f3n del rol del Estado en direcci\u00f3n a una nueva cualidad, como es la de que este sea intervencionista en favor de los intereses del Pueblo y para garantizar la continuidad de un nuevo sistema, el de la democracia de masas. La supuesta no intervenci\u00f3n del Estado Liberal (falsamente neutro) lo \u00fanico que garantizaba era el absoluto dominio de la ley del m\u00e1s fuerte.<\/span><\/p>\n<p style=\"background-color: #ffffff; margin: 0pt; text-align: justify;\"><span style=\"font-family: Verdana; font-size: 10pt; font-weight: bold;\">-La programaci\u00f3n de la econom\u00eda social en procura del bien com\u00fan y la instauraci\u00f3n de una econom\u00eda humanista.<\/span><\/p>\n<p style=\"background-color: #ffffff; margin: 0pt; text-align: justify;\"><span style=\"font-family: Verdana; font-size: 10pt; font-weight: bold;\">-La redefinici\u00f3n de la propiedad privada, confirmando en primer lugar su car\u00e1cter individual y de afirmaci\u00f3n de la persona, pero en funci\u00f3n del inter\u00e9s social, ya que es la sociedad quien la sobrelleva.<\/span><\/p>\n<p style=\"background-color: #ffffff; margin: 0pt; text-align: justify;\"><span style=\"font-family: Verdana; font-size: 10pt; font-weight: bold;\">-La incorporaci\u00f3n \u2013hecho absolutamente revolucionario ya que fija una equivalencia con la libertad- de derechos especiales como son los derechos del trabajador, de la familia \u2013 a la que se define como n\u00facleo elemental y primario de la sociedad-, de la ancianidad \u2013<\/span><span style=\"font-family: Verdana; font-size: 10pt; font-style: italic; font-weight: bold;\">\u00abporque por primera vez se repone al anciano en la dignidad que le corresponde, y la historia demuestra que el respeto o desd\u00e9n que los pueblos tengan por sus ancianos da la medida de su esplendor o decadencia moral\u00bb<\/span><span style=\"font-family: Verdana; font-size: 10pt; font-weight: bold;\">&#8211; y de la educaci\u00f3n y la cultura. A partir de este instante de la vida argentina estos derechos ser\u00e1n reconocidos como pertenecientes a la dignidad humana.<\/span><\/p>\n<p style=\"background-color: #ffffff; margin: 0pt; text-align: justify;\"><span style=\"font-family: Verdana; font-size: 10pt; font-weight: bold;\">-La definici\u00f3n del trabajo no como mercanc\u00eda de libre cambio o como contrato de locaci\u00f3n de servicios, sino como perteneciente a la condici\u00f3n humana.<\/span><\/p>\n<p style=\"background-color: #ffffff; margin: 0pt; text-align: justify;\"><span style=\"font-family: Verdana; font-size: 10pt; font-weight: bold;\">-La protecci\u00f3n del matrimonio, con garant\u00eda de igualdad jur\u00eddica entre los c\u00f3nyuges, la patria potestad,<\/span><span style=\"font-family: Verdana; font-size: 10pt; font-weight: bold;\">e instituyendo la unidad econ\u00f3mica familiar y el bien de familia.<\/span><\/p>\n<p style=\"background-color: #ffffff; margin: 0pt; text-align: justify;\"><span style=\"font-family: Verdana; font-size: 10pt; font-weight: bold;\">-Expreso reconocimiento de la libertad sindical, del derecho de huelga como derecho natural y de garant\u00eda de la defensa de todos sus intereses profesionales para los trabajadores.<\/span><\/p>\n<p style=\"background-color: #ffffff; margin: 0pt; text-align: justify;\"><span style=\"font-family: Verdana; font-size: 10pt; font-weight: bold;\">-Fijaci\u00f3n de las bases para el dictado de un nuevo C\u00f3digo Penal, donde deber\u00e1n ser incluidos los delitos de abuso por explotaci\u00f3n laboral, como la violaci\u00f3n de los nuevos derechos en el orden familiar.<\/span><\/p>\n<p style=\"background-color: #ffffff; margin: 0pt; text-align: justify;\"><span style=\"font-family: Verdana; font-size: 10pt; font-weight: bold;\">-Creaci\u00f3n de las normas constitucionales correspondientes a la preservaci\u00f3n del Banco Central de <\/span><span style=\"font-family: Verdana; font-size: 10pt; font-weight: bold;\">la Rep\u00fablica Argentina<\/span><span style=\"font-family: Verdana; font-size: 10pt; font-weight: bold;\"> como instituci\u00f3n genuina del estado nacional y de la defensa de sus intereses.<\/span><\/p>\n<p style=\"background-color: #ffffff; margin: 0pt; text-align: justify;\"><span style=\"font-family: Verdana; font-size: 10pt; font-weight: bold;\">-Conversi\u00f3n en bienes de <\/span><span style=\"font-family: Verdana; font-size: 10pt; font-weight: bold;\">la Naci\u00f3n<\/span><span style=\"font-family: Verdana; font-size: 10pt; font-weight: bold;\"> de todos los minerales, las ca\u00eddas de agua, los yacimientos de petr\u00f3leo, de carb\u00f3n y de gas, y cualquier fuente de energ\u00eda, con excepci\u00f3n de las vegetales, declarando la imposibilidad de su enajenaci\u00f3n ni concesi\u00f3n a particulares para su explotaci\u00f3n. Todos esos bienes pasan a ser de categor\u00eda de propiedad p\u00fablica nacional y su explotaci\u00f3n solo por el estado en forma monop\u00f3lica, lo mismo que para los servicios p\u00fablicos.<\/span><\/p>\n<p style=\"background-color: #ffffff; margin: 0pt; text-align: justify;\"><span style=\"font-family: Verdana; font-size: 10pt; font-weight: bold;\">-Derechos inalienables e insoslayables de <\/span><span style=\"font-family: Verdana; font-size: 10pt; font-weight: bold;\">la Argentina<\/span><span style=\"font-family: Verdana; font-size: 10pt; font-weight: bold;\"> para poseer un sistema de reelecci\u00f3n presidencial.<\/span><\/p>\n<p style=\"background-color: #ffffff; margin: 0pt; text-align: center;\"><img loading=\"lazy\" decoding=\"async\" class=\"aligncenter size-full wp-image-6345\" src=\"https:\/\/historiadelperonismo.com\/wp-content\/uploads\/55d27c20a522e_img.jpeg\" alt=\"55d27c20a522e_img\" width=\"398\" height=\"422\" srcset=\"https:\/\/historiadelperonismo.com\/wp-content\/uploads\/55d27c20a522e_img.jpeg 398w, https:\/\/historiadelperonismo.com\/wp-content\/uploads\/55d27c20a522e_img-283x300.jpeg 283w, https:\/\/historiadelperonismo.com\/wp-content\/uploads\/55d27c20a522e_img-138x146.jpeg 138w, https:\/\/historiadelperonismo.com\/wp-content\/uploads\/55d27c20a522e_img-47x50.jpeg 47w\" sizes=\"(max-width: 398px) 100vw, 398px\" \/><\/p>\n<div style=\"clear: both; margin: 0pt; border: 0.75pt solid #000000;\">\n<p style=\"background-color: #ffffff; margin: 0pt; padding-left: 4pt; padding-right: 4pt; padding-top: 1pt; text-align: center;\"><span style=\"color: #500000; font-family: Verdana; font-size: 10pt; font-weight: bold;\">Ver el informe completo de<\/span><span style=\"color: #500000; font-family: Verdana; font-size: 10pt; font-weight: bold;\">Sampay<\/span><span style=\"color: #500000; font-family: Verdana; font-size: 10pt; font-weight: bold;\">en Celso Ram\u00f3n Lorenzo\/\/<\/span><\/p>\n<p style=\"background-color: #ffffff; margin: 0pt; padding-left: 4pt; padding-right: 4pt; text-align: center;\"><a style=\"color: #500000;\" href=\"http:\/\/books.google.com\/books?id=wD0XWQoc7rIC&amp;pg=PR8&amp;lpg=PR8&amp;dq=Informe+Sampay+8+de+marzo+de+1949&amp;source=bl&amp;ots=IRzCNUJdN7&amp;sig=0B-hZBJ4Nz6_AUZF9JmTjFNcL74&amp;hl=es&amp;sa=X&amp;ei=jKcCU7C4CoHksATA-4GgCA&amp;ved=0CEUQ6AEwBQ\"><span style=\"color: #500000; font-family: Verdana; font-size: 10pt; font-weight: bold; text-decoration: none;\">Manual de Historia Constitucional Argentina<\/span><\/a><span style=\"color: #500000; font-family: Verdana; font-size: 10pt; font-weight: bold;\">\/\/<\/span><span style=\"color: #500000; font-family: Verdana; font-size: 10pt; font-style: normal; font-weight: bold;\">books.google.com\/books<\/span><\/p>\n<\/div>\n<p style=\"background-color: #ffffff; margin: 0pt; text-align: justify; text-indent: 18pt;\"><span style=\"font-family: Verdana; font-size: 10pt;\">De este modo y con estos contenidos, el peronismo fijaba a trav\u00e9s de Arturo<\/span><span style=\"font-family: Verdana; font-size: 10pt;\">Sampay<\/span><span style=\"font-family: Verdana; font-size: 10pt;\">, su posici\u00f3n en <\/span><span style=\"font-family: Verdana; font-size: 10pt;\">la Asamblea Constituyente<\/span><span style=\"font-family: Verdana; font-size: 10pt;\"> para <\/span><span style=\"font-family: Verdana; font-size: 10pt;\">la Reforma Constitucional.<\/span><\/p>\n<p style=\"background-color: #ffffff; margin: 0pt; text-align: justify; text-indent: 18pt;\"><span style=\"font-family: Verdana; font-size: 10pt;\">Sin duda, pon\u00eda en blanco sobre negro la verdadera dimensi\u00f3n y los prop\u00f3sitos de la reforma para terminar con una carta fundamental prohijada por el liberalismo casi un siglo antes y que en realidad lo que significaba era, el fin de una \u00e9poca y el comienzo de otra acorde con la realidad hist\u00f3rica de <\/span><span style=\"font-family: Verdana; font-size: 10pt;\">la Argentina<\/span><span style=\"font-family: Verdana; font-size: 10pt;\"> y del mundo, la del justicialismo.<\/span><\/p>\n<p style=\"background-color: #ffffff; margin: 0pt; text-align: justify; text-indent: 18pt;\"><span style=\"font-family: Verdana; font-size: 10pt;\">Per\u00f3n ser\u00e1 contundente respecto de este discurso. Se referir\u00e1 a \u00e9l como el que<\/span><span style=\"font-family: Verdana; font-size: 10pt; font-style: italic; font-weight: bold;\">\u00abcontiene el conocimiento cient\u00edfico jur\u00eddico para interpretarla<\/span><span style=\"font-family: Verdana; font-size: 10pt; font-style: italic;\">\u00ab.<\/span><span style=\"font-family: Verdana; font-size: 10pt;\">Pero adem\u00e1s, deber\u00e1 advertirse que toda la fundamentaci\u00f3n de<\/span><span style=\"font-family: Verdana; font-size: 10pt;\">Sampay<\/span><span style=\"font-family: Verdana; font-size: 10pt;\">est\u00e1 imbuida del m\u00e1s puro contenido cristiano, fiel reflejo de la nueva doctrina adoptada por la mayor\u00eda de los argentinos.<\/span><\/p>\n<p style=\"background-color: #ffffff; margin: 0pt; text-align: justify;\"><span style=\"color: #460000; font-family: Verdana; font-size: 10pt; font-weight: bold;\">Constituci\u00f3n de 1949<\/span><\/p>\n<p style=\"background-color: #ffffff; margin: 0pt; text-align: justify;\"><span style=\"color: #460000; font-family: Verdana; font-size: 10pt; font-weight: bold;\">Transici\u00f3n hacia <\/span><span style=\"color: #460000; font-family: Verdana; font-size: 10pt; font-weight: bold;\">la Democracia Directa<\/span><\/p>\n<p style=\"background-color: #ffffff; margin: 0pt; text-align: justify;\"><span style=\"color: #460000; font-family: Verdana; font-size: 10pt; font-weight: bold;\">Debemos tener a la vista algo muy importante en <\/span><span style=\"color: #460000; font-family: Verdana; font-size: 10pt; font-weight: bold;\">la Constituci\u00f3n<\/span><span style=\"color: #460000; font-family: Verdana; font-size: 10pt; font-weight: bold;\"> de<\/span><span style=\"color: #460000; font-family: Verdana; font-size: 10pt; font-weight: bold;\">1949. La misma consagra un texto de transici\u00f3n hacia formas m\u00e1s puras de democracia social, org\u00e1nica y directa.<\/span><\/p>\n<p style=\"background-color: #ffffff; margin: 0pt; text-align: justify;\"><span style=\"color: #460000; font-family: Verdana; font-size: 10pt; font-weight: bold;\">Si observamos con atenci\u00f3n, la nueva constituci\u00f3n mantiene el sistema de representaci\u00f3n pol\u00edtica a trav\u00e9s del r\u00e9gimen representativo, republicano y federal y si bien, el Movimiento Peronista contiene espacios y pr\u00e1cticas concretas para el desarrollo de la democracia directa, no ser\u00e1 todav\u00eda 1949 el momento de inscribirlas en el texto constitucional. Per\u00f3n, desde su estrategia, utilizar\u00e1 el tiempo para llegar a aquellas formas y como veremos m\u00e1s adelante, dar\u00e1 pasos muy concretos y directos hacia las mismas. Los hechos, como es medular en el pensamiento peronista, ser\u00e1n decisivos y ser\u00e1n acompa\u00f1ados por el avance de la conciencia que los propicie.<\/span><\/p>\n<p style=\"background-color: #ffffff; margin: 0pt; text-align: justify;\"><span style=\"font-family: Verdana; font-size: 10pt; font-weight: bold;\">La oposici\u00f3n en el debate<\/span><\/p>\n<p style=\"background-color: #ffffff; margin: 0pt; text-align: justify;\"><span style=\"font-family: Verdana; font-size: 10pt; font-weight: bold;\">Discurso de Mois\u00e9s Lebensohn<\/span><\/p>\n<p style=\"background-color: #ffffff; margin: 0pt; text-align: center;\"><img loading=\"lazy\" decoding=\"async\" class=\"aligncenter size-full wp-image-6346\" src=\"https:\/\/historiadelperonismo.com\/wp-content\/uploads\/55d27c20a5430_img.jpeg\" alt=\"55d27c20a5430_img\" width=\"401\" height=\"329\" srcset=\"https:\/\/historiadelperonismo.com\/wp-content\/uploads\/55d27c20a5430_img.jpeg 401w, https:\/\/historiadelperonismo.com\/wp-content\/uploads\/55d27c20a5430_img-300x246.jpeg 300w, https:\/\/historiadelperonismo.com\/wp-content\/uploads\/55d27c20a5430_img-178x146.jpeg 178w, https:\/\/historiadelperonismo.com\/wp-content\/uploads\/55d27c20a5430_img-50x41.jpeg 50w\" sizes=\"(max-width: 401px) 100vw, 401px\" \/><\/p>\n<p style=\"background-color: #ffffff; margin: 0pt; text-align: center;\"><span style=\"font-family: Verdana; font-size: 10pt; font-weight: bold;\">Convencional constituyente por <\/span><span style=\"font-family: Verdana; font-size: 10pt; font-weight: bold;\">la U.C<\/span><span style=\"font-family: Verdana; font-size: 10pt; font-weight: bold;\">.R. Dr. Mois\u00e9s Lebensohn<\/span><\/p>\n<div style=\"clear: both; margin: 0pt; border: 0.75pt solid #000000;\">\n<p style=\"background-color: #ffffff; margin: 0pt; padding-left: 4pt; padding-right: 4pt; padding-top: 1pt; text-align: justify;\"><span style=\"color: #500000; font-family: Verdana; font-size: 10pt; font-weight: bold;\">Texto completo del discurso de Lebensohn en esta p\u00e1gina en TEMAS ESPECIALES\/\/Discurso del Dr. Mois\u00e9s Lebensohn, Convencional Constituyente, Miembro informante U.C.R., 8 de marzo de 1949.<\/span><\/p>\n<p style=\"background-color: #ffffff; margin: 0pt; padding-bottom: 1pt; padding-left: 4pt; padding-right: 4pt; text-align: center;\"><a style=\"color: #000000;\" href=\"https:\/\/historiadelperonismo.com\/?p=3704\"><span style=\"font-family: Verdana; font-size: 11pt; font-weight: bold; text-decoration: none;\">CLIC AC\u00c1<\/span><\/a><\/p>\n<\/div>\n<p style=\"background-color: #ffffff; margin: 0pt; text-align: justify;\"><img loading=\"lazy\" decoding=\"async\" style=\"-aw-left-pos: 0pt; -aw-rel-hpos: column; -aw-rel-vpos: paragraph; -aw-top-pos: 0pt; -aw-wrap-type: inline;\" src=\"http:\/\/www.xn--diseowebdmg4-dhb.com.ar\/historiadelperonismo\/wp-content\/uploads\/2015\/08\/55d27c20a553f_img.png\" alt=\"\" width=\"1\" height=\"20\" \/><\/p>\n<p style=\"background-color: #ffffff; margin: 0pt; text-align: justify; text-indent: 18pt;\"><span style=\"font-family: Verdana; font-size: 10pt;\">Llegado el turno del radicalismo en aquel 8 de marzo de 1949, har\u00e1 uso de la palabra el convencional constituyente Dr. Mois\u00e9s Lebensohn como miembro informante de <\/span><span style=\"font-family: Verdana; font-size: 10pt;\">la U.C<\/span><span style=\"font-family: Verdana; font-size: 10pt;\">.R. Ser\u00e1 el discurso que dejar\u00e1 sentada la posici\u00f3n oficial de su bloque.<\/span><\/p>\n<p style=\"background-color: #ffffff; margin: 0pt; text-align: justify; text-indent: 18pt;\"><span style=\"font-family: Verdana; font-size: 10pt;\">La U.C<\/span><span style=\"font-family: Verdana; font-size: 10pt;\">.R. estaba pol\u00edticamente dividida frente a los hechos que llevaban a la reforma de la constituci\u00f3n. Dos grupos se enfrentaban. En el primero, integrado por los sectores m\u00e1s reaccionarios y antiperonistas, pro olig\u00e1rquicos y enraizados en el<\/span><span style=\"font-family: Verdana; font-size: 10pt;\">alvearismo<\/span><span style=\"font-family: Verdana; font-size: 10pt;\">antiyrigoyenista<\/span><span style=\"font-family: Verdana; font-size: 10pt;\">,<\/span><span style=\"font-family: Verdana; font-size: 10pt;\">se encontraban dirigentes como<\/span> <span style=\"font-family: Verdana; font-size: 10pt;\">Tamborini<\/span><span style=\"font-family: Verdana; font-size: 10pt;\">, Mosca y<\/span><span style=\"font-family: Verdana; font-size: 10pt;\">Sammartino<\/span><span style=\"font-family: Verdana; font-size: 10pt;\">y rechazaban de plano la reforma y la concurrencia a las elecciones para convencionales.<\/span><\/p>\n<p style=\"background-color: #ffffff; margin: 0pt; text-align: justify; text-indent: 18pt;\"><span style=\"font-family: Verdana; font-size: 10pt;\">En el segundo, llamado intransigente y<\/span><span style=\"font-family: Verdana; font-size: 10pt; font-weight: bold;\">\u00abprogresista\u00bb<\/span><span style=\"font-family: Verdana; font-size: 10pt;\">, pod\u00edan encontrarse dirigentes como Balb\u00edn, Lebensohn, Frondizi,<\/span><span style=\"font-family: Verdana; font-size: 10pt;\">Illia<\/span><span style=\"font-family: Verdana; font-size: 10pt;\">, Larralde, Allende,<\/span><span style=\"font-family: Verdana; font-size: 10pt;\">Parry<\/span><span style=\"font-family: Verdana; font-size: 10pt;\">,<\/span><span style=\"font-family: Verdana; font-size: 10pt;\">Dellepiane<\/span><span style=\"font-family: Verdana; font-size: 10pt;\">y Del Mazo, entre otros. Es este sector, que realiz\u00f3 su primer congreso en agosto de 1947, quien va a concurrir a las elecciones y participar de la asamblea constituyente hasta el momento en que la abandonen.<\/span><\/p>\n<p style=\"background-color: #ffffff; margin: 0pt; text-align: justify; text-indent: 18pt;\"><span style=\"font-family: Verdana; font-size: 10pt;\">Evaluar a este sector como<\/span><span style=\"font-family: Verdana; font-size: 10pt; font-weight: bold;\">\u00abprogresista\u00bb<\/span><span style=\"font-family: Verdana; font-size: 10pt;\">dar\u00eda para pensar en que podr\u00edan haber estado, si bien en una posici\u00f3n cr\u00edtica a la reforma, al menos compartiendo algunas posiciones de aquellas que implicaban un real avance social para el pueblo argentino. Sin embargo, las expresiones que volcaron en el debate rozan con las m\u00e1s primitivas concepciones del liberalismo y no difieren en lo m\u00e1s m\u00ednimo con las consignas levantadas por <\/span><span style=\"font-family: Verdana; font-size: 10pt;\">la Uni\u00f3n Democr\u00e1tica<\/span><span style=\"font-family: Verdana; font-size: 10pt;\"> en 1945 y 1946.<\/span><\/p>\n<p style=\"background-color: #ffffff; margin: 0pt; text-align: justify; text-indent: 18pt;\"><span style=\"font-family: Verdana; font-size: 10pt;\">Algo muy notable de las argumentaciones del bloque radical, es que solo en poqu\u00edsimas ocasiones debate en concreto sobre las nuevas leyes que son incorporadas a partir de la reforma, ni tampoco sobre las previas. S\u00ed recurre al m\u00e9todo de las descalificaciones, como s\u00ed el solo enunciado de cualquiera de las que utiliza fuera condici\u00f3n de verdad sobre lo que afirma.<\/span><\/p>\n<p style=\"background-color: #ffffff; margin: 0pt; text-align: justify; text-indent: 18pt;\"><span style=\"font-family: Verdana; font-size: 10pt;\">Lebensohn, como miembro informante de su bloque, es en este sentido quien incurre con m\u00e1s gravedad en este<\/span><span style=\"font-family: Verdana; font-size: 10pt; font-weight: bold;\">error hist\u00f3rico del radicalismo<\/span><span style=\"font-family: Verdana; font-size: 10pt;\">.<\/span><\/p>\n<p style=\"background-color: #ffffff; margin: 0pt; text-align: justify; text-indent: 18pt;\"><span style=\"font-family: Verdana; font-size: 10pt;\">Dice por ejemplo que se est\u00e1 frente a dos revoluciones, la proclamada en 1943 y la actual, a la que llama \u00ab<\/span><span style=\"font-family: Verdana; font-size: 10pt; font-style: italic; font-weight: bold;\">revoluci\u00f3n-mito\u00bb<\/span><span style=\"font-family: Verdana; font-size: 10pt;\">, \u00ab<\/span><span style=\"font-family: Verdana; font-size: 10pt; font-style: italic; font-weight: bold;\">las que parecen coincidir pero que discrepan profundamente en su esencia y sentido\u00bb<\/span><span style=\"font-family: Verdana; font-size: 10pt;\">.<\/span><span style=\"font-family: Verdana; font-size: 10pt; font-weight: bold;\">(5)<\/span><\/p>\n<p style=\"background-color: #ffffff; margin: 0pt; text-align: justify; text-indent: 18pt;\"><span style=\"font-family: Verdana; font-size: 10pt;\">Es m\u00e1s, afirma que<\/span><span style=\"font-family: Verdana; font-size: 10pt; font-style: italic; font-weight: bold;\">\u00abentre esta revoluci\u00f3n-mito, creada por la propaganda oficial, que se asemeja por mimetismo a la revoluci\u00f3n querida por el pueblo, y el r\u00e9gimen que tiene su sede en <\/span><span style=\"font-family: Verdana; font-size: 10pt; font-style: italic; font-weight: bold;\">la Casa<\/span><span style=\"font-family: Verdana; font-size: 10pt; font-style: italic; font-weight: bold;\"> de Gobierno, existe una distancia inmensa\u00bb.<\/span><span style=\"font-family: Verdana; font-size: 10pt; font-weight: bold;\">(6)<\/span><span style=\"font-family: Verdana; font-size: 10pt;\">Evidentemente carecen estas afirmaciones de cualquier mirada o auscultamiento del sentir y del pensamiento del Pueblo. O tal vez lo haya hecho, pero no se anima a decir que cree que este Pueblo es inferior, su pensamiento no tiene valor y est\u00e1<\/span><span style=\"font-family: Verdana; font-size: 10pt; font-weight: bold;\">\u00abhipnotizado\u00bb<\/span><span style=\"font-family: Verdana; font-size: 10pt;\">, lo que s\u00ed dijo al comparar la conciencia de los trabajadores argentinos con \u00ab<\/span><span style=\"font-family: Verdana; font-size: 10pt; font-style: italic; font-weight: bold;\">el clima creado por las dictaduras europeas que hipnotizaron a inmensas muchedumbres\u00bb<\/span><span style=\"font-family: Verdana; font-size: 10pt;\">.<\/span><span style=\"font-family: Verdana; font-size: 10pt; font-weight: bold;\">(7)<\/span><\/p>\n<p style=\"background-color: #ffffff; margin: 0pt; text-align: justify; text-indent: 18pt;\"><span style=\"font-family: Verdana; font-size: 10pt;\">Cuando define seg\u00fan su visi\u00f3n como falsa revoluci\u00f3n nacional a la encarnada por el peronismo, recurre a la comparaci\u00f3n con el nazismo y con el fascismo:<\/span><\/p>\n<p style=\"background-color: #ffffff; margin: 0pt; text-align: justify; text-indent: 18pt;\"><span style=\"font-family: Verdana; font-size: 10pt; font-weight: bold;\">\u00ab\u00bf<\/span><span style=\"font-family: Verdana; font-size: 10pt; font-style: italic; font-weight: bold;\">Qui\u00e9n realiz\u00f3 la revoluci\u00f3n nacional en Alemania? El partido socialista nacional alem\u00e1n \u00bfCu\u00e1l fue su organizaci\u00f3n b\u00e1sica para la dominaci\u00f3n del pueblo alem\u00e1n? El Frente del Trabajo \u00bfQu\u00e9 estructura forj\u00f3 en Italia la revoluci\u00f3n nacional? El Estado proletario y fascista \u00bfCu\u00e1l fue su instrumento de propaganda? <\/span><span style=\"font-family: Verdana; font-size: 10pt; font-style: italic; font-weight: bold;\">La Carta<\/span><span style=\"font-family: Verdana; font-size: 10pt; font-style: italic; font-weight: bold;\"> del<\/span><span style=\"font-family: Verdana; font-size: 10pt; font-style: italic; font-weight: bold;\">Lavoro<\/span><span style=\"font-family: Verdana; font-size: 10pt; font-style: italic; font-weight: bold;\">. En ellas tienen su filiaci\u00f3n las denominaciones que aparecieron \u00faltimamente en <\/span><span style=\"font-family: Verdana; font-size: 10pt; font-style: italic; font-weight: bold;\">la Argentina.<\/span><span style=\"font-family: Verdana; font-size: 10pt; font-style: italic; font-weight: bold;\">\u00ab<\/span><span style=\"font-family: Verdana; font-size: 10pt; font-weight: bold;\">(8)<\/span><\/p>\n<p style=\"background-color: #ffffff; margin: 0pt; text-align: justify; text-indent: 18pt;\"><span style=\"font-family: Verdana; font-size: 10pt;\">Pregunta \u00bfPorqu\u00e9 descalificar como no propia ni genuina la legislaci\u00f3n laboral conquistada y hecha a medida para los argentinos despu\u00e9s de una larga lucha? Adem\u00e1s \u00bfPor qu\u00e9 ni una sola menci\u00f3n a los beneficios que la misma trajo en la vida de los argentinos? \u00bfAlgo tan concreto como esto \u00faltimo, no merece ser comentado? Los derechos de los trabajadores eran incorporados a la constituci\u00f3n y eso significaba un avance extraordinario. \u00bfAcaso no ten\u00eda importancia? Sin embargo, era m\u00e1s f\u00e1cil remitirlo caprichosamente a<\/span><span style=\"font-family: Verdana; font-size: 10pt; font-weight: bold;\">La Carta<\/span><span style=\"font-family: Verdana; font-size: 10pt; font-weight: bold;\"> del<\/span><span style=\"font-family: Verdana; font-size: 10pt; font-weight: bold;\">Lavoro<\/span><span style=\"font-family: Verdana; font-size: 10pt; font-weight: bold;\">(para vincularlo con el fascismo)<\/span><span style=\"font-family: Verdana; font-size: 10pt;\">que reconocer su valor intr\u00ednseco y la realidad de los hechos, y eso fue lo que hizo.<\/span><\/p>\n<p style=\"background-color: #ffffff; margin: 0pt; text-align: justify; text-indent: 18pt;\"><span style=\"font-family: Verdana; font-size: 10pt;\">Agrega que, el gobierno nacional<\/span><span style=\"font-family: Verdana; font-size: 10pt; font-style: italic; font-weight: bold;\">\u00abregula el nivel de vida de la inmensa mayor\u00eda del pueblo argentino, autorizando la inflaci\u00f3n sin l\u00edmites del circulante, que desquicia la econom\u00eda nacional, reduce el valor adquisitivo de los sueldos y salarios y enriquece a los poseedores\u00bb.<\/span><span style=\"font-family: Verdana; font-size: 10pt; font-weight: bold;\">(9)<\/span><span style=\"font-family: Verdana; font-size: 10pt;\">Esto dicho en pleno esplendor de la econom\u00eda nacional, sin desocupaci\u00f3n, con elevad\u00edsimos \u00edndices de consumo y<\/span><span style=\"font-family: Verdana; font-size: 10pt; font-weight: bold; text-decoration: underline;\">de participaci\u00f3n de los trabajadores en la renta nacional<\/span><span style=\"font-family: Verdana; font-size: 10pt;\">. \u00bfQu\u00e9 estaba viendo?<\/span><\/p>\n<p style=\"background-color: #ffffff; margin: 0pt; text-align: justify; text-indent: 18pt;\"><span style=\"font-family: Verdana; font-size: 10pt;\">A semejanza de lo peor del liberalismo posterior a Caseros, trata de \u00ab<\/span><span style=\"font-family: Verdana; font-size: 10pt; font-style: italic; font-weight: bold;\">dictador\u00bb<\/span><span style=\"font-family: Verdana; font-size: 10pt;\">a Rosas.<\/span><span style=\"font-family: Verdana; font-size: 10pt; font-weight: bold;\">(10)<\/span><\/p>\n<p style=\"background-color: #ffffff; margin: 0pt; text-align: justify; text-indent: 18pt;\"><span style=\"font-family: Verdana; font-size: 10pt;\">Llama<\/span><span style=\"font-family: Verdana; font-size: 10pt; font-style: italic; font-weight: bold;\">\u00abr\u00e9gimen\u00bb<\/span><span style=\"font-family: Verdana; font-size: 10pt; font-weight: bold;\">(11)<\/span><span style=\"font-family: Verdana; font-size: 10pt;\">al gobierno nacional y apunta a consignar un supuesto aparato represivo a los trabajadores para una posible insurgencia de estos. Dos a\u00f1os despu\u00e9s los hechos le dar\u00e1n la respuesta: un min\u00fasculo sector del ej\u00e9rcito, reaccionario y ultra conservador se alzar\u00e1 en armas contra el gobierno nacional anticipando el golpe pro brit\u00e1nico de 1955.<\/span><\/p>\n<p style=\"background-color: #ffffff; margin: 0pt; text-align: justify; text-indent: 18pt;\"><span style=\"font-family: Verdana; font-size: 10pt;\">En un tramo de su discurso y con el subt\u00edtulo de<\/span><span style=\"font-family: Verdana; font-size: 10pt; font-weight: bold;\">La revoluci\u00f3n-contra,<\/span><span style=\"font-family: Verdana; font-size: 10pt;\">en el colmo del extrav\u00edo llega a afirmar lo siguiente:<\/span><\/p>\n<p style=\"background-color: #ffffff; margin: 0pt; text-align: justify;\"><span style=\"font-family: Verdana; font-size: 10pt; font-style: italic; font-weight: bold;\">\u00abLa revoluci\u00f3n-contra<\/span><\/p>\n<p style=\"background-color: #ffffff; margin: 0pt; text-align: justify;\"><span style=\"font-family: Verdana; font-size: 10pt; font-style: italic; font-weight: bold;\">Rotas aparentemente las coyunturas del fraude, el pa\u00eds deb\u00eda ingresar en el orden din\u00e1mico de la libertad y debatir en la agitaci\u00f3n fecunda de la democracia las formas de superaci\u00f3n pol\u00edtica y de transformaci\u00f3n econ\u00f3mica y social reclamadas por el esp\u00edritu popular, sostenidas por el Radicalismo y postergadas por la coacci\u00f3n electoral. Fue necesario copar la revoluci\u00f3n que maduraba en las conciencias, conquistar la adhesi\u00f3n de los sectores populares satisfaciendo sus reivindicaciones m\u00e1s inmediatas y mantener la disposici\u00f3n del poder del Estado para impedir cualquier modificaci\u00f3n de estructura que afectase al orden impuesto.<\/span><span style=\"font-family: Verdana; font-size: 10pt; font-style: italic; font-weight: bold; text-decoration: underline;\">No fue un movimiento progresista, fue una fase negativa &#8216;la revoluci\u00f3n-contra&#8217;<\/span><span style=\"font-family: Verdana; font-size: 10pt; font-weight: bold;\">(\u00a1\u00a1!!)<\/span><span style=\"font-family: Verdana; font-size: 10pt; font-style: italic; font-weight: bold;\">que<\/span><span style=\"font-family: Verdana; font-size: 10pt; font-style: italic; font-weight: bold;\">llamara &#8216;Mac<\/span><span style=\"font-family: Verdana; font-size: 10pt; font-style: italic; font-weight: bold;\">Leish<\/span><span style=\"font-family: Verdana; font-size: 10pt; font-style: italic; font-weight: bold;\">&#8216;, pero una fase, en fin, del proceso revolucionario que se esta desarrollando en la humanidad.<\/span><span style=\"font-family: Verdana; font-size: 10pt; font-style: italic; font-weight: bold; text-decoration: underline;\">S\u00f3lo intent\u00f3 frenar el impulso de transformaci\u00f3n social<\/span><span style=\"font-family: Verdana; font-size: 10pt; font-style: italic; font-weight: bold;\">, que es el signo de la \u00e9poca, con reajustes que mantuvieron inalterables las relaciones de producci\u00f3n capitalista una amortiguaci\u00f3n del r\u00e9gimen del privilegio tendiente a fortalecerlo y a confundirlo con el Estado\u00bb.<\/span><span style=\"font-family: Verdana; font-size: 10pt; font-weight: bold;\">(12)<\/span><span style=\"font-family: Verdana; font-size: 10pt;\">Nuevamente ignora los hechos y el pensamiento del Pueblo. Algo grav\u00edsimo.<\/span><span style=\"font-family: Verdana; font-size: 10pt; font-weight: bold;\">(Subrayado nuestro)<\/span><\/p>\n<p style=\"background-color: #ffffff; margin: 0pt; text-align: justify; text-indent: 18pt;\"><span style=\"font-family: Verdana; font-size: 10pt;\">Descubre una<\/span><span style=\"font-family: Verdana; font-size: 10pt; font-style: italic; font-weight: bold;\">\u00abnueva oligarqu\u00eda\u00bb<\/span><span style=\"font-family: Verdana; font-size: 10pt;\">, al afirmar que los dispositivos del control econ\u00f3mico financiero de <\/span><span style=\"font-family: Verdana; font-size: 10pt;\">la Naci\u00f3n<\/span><span style=\"font-family: Verdana; font-size: 10pt;\"> fueron entregados a la nueva oligarqu\u00eda. \u00bfSe refer\u00eda a todo lo que se nacionaliz\u00f3, empezando por el mism\u00edsimo Banco Central de <\/span><span style=\"font-family: Verdana; font-size: 10pt;\">la Rep\u00fablica Argentina<\/span><span style=\"font-family: Verdana; font-size: 10pt;\"> que era<\/span><span style=\"font-family: Verdana; font-size: 10pt; font-weight: bold;\">una sociedad de los consorcios ingleses y donde el estado argentino ten\u00eda \u00abrepresentantes\u00bb y obviamente en minor\u00eda?<\/span><span style=\"font-family: Verdana; font-size: 10pt;\">En que realidad estaba parado Lebensohn para semejante afirmaci\u00f3n. \u00bfQui\u00e9n es la nueva oligarqu\u00eda, el gobierno elegido libre y democr\u00e1ticamente por el Pueblo?<\/span><\/p>\n<p style=\"background-color: #ffffff; margin: 0pt; text-align: justify; text-indent: 18pt;\"><span style=\"font-family: Verdana; font-size: 10pt;\">Una aseveraci\u00f3n que lastima -porque parte solamente de un prejuicio subjetivo por encima de la realidad, solo debido a la obstinada negativa de aceptar el genuino y supremo inter\u00e9s de Per\u00f3n por el avance social y la felicidad de sus semejantes-, es cuando afirma que<\/span><span style=\"font-family: Verdana; font-size: 10pt; font-style: italic; font-weight: bold;\">\u00ab<\/span><span style=\"font-family: Verdana; font-size: 10pt; font-style: italic; font-weight: bold;\">la Justicia Social<\/span><span style=\"font-family: Verdana; font-size: 10pt; font-style: italic; font-weight: bold; text-decoration: underline;\">no fue un fin en s\u00ed mismo<\/span><span style=\"font-family: Verdana; font-size: 10pt; font-style: italic; font-weight: bold;\">, sino un medio de lograr el apoyo popular para conquistar el poder y luego realizar desde \u00e9l los otros objetivos de quienes se embarcaron en la gran aventura de dominar al pa\u00eds\u00bb.<\/span><span style=\"font-family: Verdana; font-size: 10pt; font-weight: bold;\">(13) (Subrayado nuestro)<\/span><\/p>\n<p style=\"background-color: #ffffff; margin: 0pt; text-align: justify; text-indent: 18pt;\"><span style=\"font-family: Verdana; font-size: 10pt;\">No entiende la necesidad de asegurar la reelecci\u00f3n presidencial para garantizar el proceso de transformaci\u00f3n social y solo lo ve como una finalidad de<\/span> <span style=\"font-family: Verdana; font-size: 10pt; font-style: italic; font-weight: bold;\">\u00abperpetuar el poder\u00bb.<\/span><span style=\"font-family: Verdana; font-size: 10pt; font-weight: bold;\">(14)<\/span><\/p>\n<p style=\"background-color: #ffffff; margin: 0pt; text-align: justify; text-indent: 18pt;\"><span style=\"font-family: Verdana; font-size: 10pt;\">Habla de \u00ab<\/span><span style=\"font-family: Verdana; font-size: 10pt; font-style: italic; font-weight: bold;\">absolutismo econ\u00f3mico al servicio del privilegio<\/span><span style=\"font-family: Verdana; font-size: 10pt;\">\u00ab.<\/span><span style=\"font-family: Verdana; font-size: 10pt; font-weight: bold;\">(15)<\/span><span style=\"font-family: Verdana; font-size: 10pt;\">\u00bfCu\u00e1l absolutismo y para el privilegio de quienes, de los trabajadores? \u00bfQui\u00e9n o quienes son el privilegio? Entonces \u00bfQu\u00e9 era el privilegio olig\u00e1rquico conservador de todas las d\u00e9cadas previas al peronismo?<\/span><\/p>\n<p style=\"background-color: #ffffff; margin: 0pt; text-align: justify; text-indent: 18pt;\"><span style=\"font-family: Verdana; font-size: 10pt;\">Dice:<\/span><span style=\"font-family: Verdana; font-size: 10pt; font-style: italic; font-weight: bold;\">\u00abNo es \u00e9sta la nueva Argentina; \u00e9sta es la \u00faltima etapa de la vieja Argentina\u2026\u00bb<\/span><span style=\"font-family: Verdana; font-size: 10pt;\">(\u00a1\u00a1\u00a1!!!)<\/span><span style=\"font-family: Verdana; font-size: 10pt;\">y<\/span><span style=\"font-family: Verdana; font-size: 10pt; font-style: italic; font-weight: bold;\">\u00abFrente a este r\u00e9gimen que intenta reducir a nuestro pueblo a la categor\u00eda de masas semejantes y moldeables al redoble de las consignas de propaganda\u2026\u00bb.<\/span><span style=\"font-family: Verdana; font-size: 10pt; font-weight: bold;\">(16)<\/span><span style=\"font-family: Verdana; font-size: 10pt;\">Los trabajadores pensaban distinto porque hab\u00edan<\/span><span style=\"font-family: Verdana; font-size: 10pt; font-style: italic; font-weight: bold;\">\u00abrenacido\u00bb<\/span><span style=\"font-family: Verdana; font-size: 10pt;\">en la conciencia de s\u00ed mismos.<\/span><span style=\"font-family: Verdana; font-size: 10pt; font-weight: bold;\">(17)<\/span><span style=\"font-family: Verdana; font-size: 10pt;\">Lebensohn no lo entiende o no lo quiere aceptar.<\/span><\/p>\n<p style=\"background-color: #ffffff; margin: 0pt; text-align: justify; text-indent: 18pt;\"><span style=\"font-family: Verdana; font-size: 10pt;\">En realidad los radicales de 1949<\/span><span style=\"font-family: Verdana; font-size: 10pt; font-style: italic; font-weight: bold;\">\u00abNo juzgan las reformas, sino que se reforme.\u00bb<\/span><span style=\"font-family: Verdana; font-size: 10pt;\">,<\/span><span style=\"font-family: Verdana; font-size: 10pt; font-weight: bold;\">(18)<\/span><span style=\"font-family: Verdana; font-size: 10pt;\">aunque ocultan esta intenci\u00f3n con cr\u00edticas a las reformas<\/span><span style=\"font-family: Verdana; font-size: 10pt; font-weight: bold;\">,<\/span><span style=\"font-family: Verdana; font-size: 10pt;\">con lo que quedan atados a casi un siglo de liberalismo y de sus nefastas consecuencias. Si se hubiesen detenido un instante a analizar el contenido de la reforma, como s\u00ed lo hicieron muchos radicales a partir de 1943-45 frente al naciente peronismo, distinto hubiese sido este debate y tal vez el resultado hubiese sido a\u00fan m\u00e1s rico de todo lo que fue. Pero no supieron hacerlo y de nada les vali\u00f3 el ropaje de progresistas. No lo eran realmente y se quedaron con aquello de que el progresismo era el liberalismo instaurado en <\/span><span style=\"font-family: Verdana; font-size: 10pt;\">la Argentina<\/span><span style=\"font-family: Verdana; font-size: 10pt;\"> despu\u00e9s de Caseros. Casi un siglo de experiencia no les sirvi\u00f3 de nada.<\/span><\/p>\n<p style=\"background-color: #ffffff; margin: 0pt; text-align: justify; text-indent: 18pt;\"><span style=\"font-family: Verdana; font-size: 10pt;\">Lebensohn no fue el \u00fanico que se expres\u00f3 en estos t\u00e9rminos. Antonio Sobral, convencional por <\/span><span style=\"font-family: Verdana; font-size: 10pt;\">la U.C<\/span><span style=\"font-family: Verdana; font-size: 10pt;\">.R. de C\u00f3rdoba dec\u00eda esto:<\/span><\/p>\n<p style=\"background-color: #ffffff; margin: 0pt; text-align: justify;\"><span style=\"font-family: Verdana; font-size: 10pt; font-style: italic; font-weight: bold;\">\u00abEsto no va como una profec\u00eda, sino que es el cap\u00edtulo final del drama. Esta reforma es el enfrentamiento \u2013ya varias veces hecho en nuestra historia y en el desenvolvimiento pol\u00edtico- de esas dos corrientes. Una de las dos tiene que sucumbir definitivamente; una de las dos tiene que quedar en el camino como un antecedente de la evoluci\u00f3n pol\u00edtica argentina: la que ustedes representan o la que representamos y sentimos nosotros. Una de las dos tiene que quedar; por eso se inicia aqu\u00ed abiertamente, bravamente, la lucha entre la que niega al hombre y la que lo afirma; la que busca justificarse en cosas extra\u00f1as a lo constitutivo argentino y la que quiere tomar el sentido de las jornadas futuras de nuestro pueblo, afirm\u00e1ndose en los valores de su propia existencia\u00bb.<\/span><span style=\"font-family: Verdana; font-size: 10pt; font-weight: bold;\">(19)<\/span><\/p>\n<p style=\"background-color: #ffffff; margin: 0pt; text-align: justify; text-indent: 18pt;\"><span style=\"font-family: Verdana; font-size: 10pt;\">Tampoco Sobral entend\u00eda lo que estaba sucediendo, o s\u00ed, pero pretende colocarse en una postura de salvaci\u00f3n y de redenci\u00f3n, cuando en rigor solo expresa el inter\u00e9s por \u00ab<\/span><span style=\"font-family: Verdana; font-size: 10pt; font-style: italic; font-weight: bold;\">una econom\u00eda individualista y por la intangibilidad de la propiedad privada\u00bb.<\/span><span style=\"font-family: Verdana; font-size: 10pt; font-weight: bold;\">(20)<\/span><span style=\"font-family: Verdana; font-size: 10pt;\">Lo otro, son<\/span><span style=\"font-family: Verdana; font-size: 10pt; font-style: italic; font-weight: bold;\">\u00abcosas extra\u00f1as\u00bb.<\/span><\/p>\n<p style=\"background-color: #ffffff; margin: 0pt; text-align: justify; text-indent: 18pt;\"><span style=\"font-family: Verdana; font-size: 10pt;\">Pero tal vez de un modo menos sinuoso,<\/span><span style=\"font-family: Verdana; font-size: 10pt; font-weight: bold;\">m\u00e1s brutal pero m\u00e1s sincero<\/span><span style=\"font-family: Verdana; font-size: 10pt;\">, el Convencional Constituyente por <\/span><span style=\"font-family: Verdana; font-size: 10pt;\">la U.C<\/span><span style=\"font-family: Verdana; font-size: 10pt;\">.R. V\u00edctor Alcorta, puso las cosas en claro en cuanto a lo que verdaderamente pensaba su bloque. Esto fue lo que dijo y pensamos que ilustra a la perfecci\u00f3n acerca de cual era la discusi\u00f3n real y profunda de lo que estaba en juego en 1949:<\/span><\/p>\n<p style=\"background-color: #ffffff; margin: 0pt; text-align: justify;\"><span style=\"color: #540000; font-family: Verdana; font-size: 10pt; font-style: italic; font-weight: bold;\">\u00ab\u2026.en el periodo que estamos viviendo,<\/span><span style=\"color: #540000; font-family: Verdana; font-size: 10pt; font-style: italic; font-weight: bold; text-decoration: underline;\">las masas no comprenden la vida sin bienes tangibles y goces sensuales. Cuando han perdido en su juicio el fundamento psicol\u00f3gico de la personalidad humana<\/span><span style=\"color: #540000; font-family: Verdana; font-size: 10pt; font-style: italic; font-weight: bold;\">, no podemos invocar una soberan\u00eda sana, moral y absoluta para dictar normas que subrogan al r\u00e9gimen argentino y dislocan ideales de argentinidad.\u00bb (Subrayado nuestro)<\/span><\/p>\n<p style=\"background-color: #ffffff; margin: 0pt; text-align: justify;\"><span style=\"color: #540000; font-family: Verdana; font-size: 10pt; font-weight: bold;\">V\u00edctor Alcorta<\/span><\/p>\n<p style=\"background-color: #ffffff; margin: 0pt; text-align: center;\"><span style=\"color: #540000; font-family: Verdana; font-size: 10pt; font-weight: bold;\">Convencional Constituyente Radical<\/span><\/p>\n<p style=\"background-color: #ffffff; margin: 0pt; text-align: center;\"><span style=\"color: #540000; font-family: Verdana; font-size: 10pt; font-weight: bold;\">(21)<\/span><\/p>\n<p style=\"background-color: #ffffff; margin: 0pt; text-align: justify; text-indent: 18pt;\"><span style=\"font-family: Verdana; font-size: 10pt;\">Hasta ac\u00e1 lo m\u00e1s destacado del pensamiento del sector intransigente de <\/span><span style=\"font-family: Verdana; font-size: 10pt;\">la U.C<\/span><span style=\"font-family: Verdana; font-size: 10pt;\">.R. y en las filas de su partido llamado<\/span><span style=\"font-family: Verdana; font-size: 10pt; font-weight: bold;\">\u00abprogresista\u00bb.<\/span><span style=\"font-family: Verdana; font-size: 10pt;\">Este era el progresismo de la oposici\u00f3n al peronismo en 1949. Verdaderamente imposible de identificar por donde pasar\u00eda su visi\u00f3n sobre lo que es el progreso social.<\/span><\/p>\n<p style=\"background-color: #ffffff; margin: 0pt; text-align: justify; text-indent: 18pt;\"><span style=\"font-family: Verdana; font-size: 10pt;\">Muchos de sus ex correligionarios comprendieron por donde pasaba la revoluci\u00f3n nacional en 1945 y se adhirieron en masa al peronismo. El \u00abviejo tronco radical\u00bb, mal llamado as\u00ed porque en rigor eran<\/span><span style=\"font-family: Verdana; font-size: 10pt;\">antipersonalistas<\/span><span style=\"font-family: Verdana; font-size: 10pt;\">y<\/span> <span style=\"font-family: Verdana; font-size: 10pt;\">antiyrigoyenistas<\/span><span style=\"font-family: Verdana; font-size: 10pt;\">con distintos ropajes, continu\u00f3 en las ant\u00edpodas de la pol\u00edtica nacional y conservando dentro de su seno lo que ellos mismos denominaron intransigencia y progresismo, pero que a la hora de alinearse con la pol\u00edtica del Movimiento Nacional desnudaron su verdadero pensamiento regresivo y esgrimieron lo que se acaba de leer.<\/span><span style=\"font-family: Verdana; font-size: 10pt; font-weight: bold;\">Perdieron una oportunidad hist\u00f3rica \u00fanica<\/span><span style=\"font-family: Verdana; font-size: 10pt;\">.<\/span><\/p>\n<p style=\"background-color: #ffffff; margin: 0pt; text-align: justify; text-indent: 18pt;\"><span style=\"font-family: Verdana; font-size: 10pt;\">Sampay<\/span><span style=\"font-family: Verdana; font-size: 10pt;\">en muy pocas palabras fue contundente al respecto diciendo:<\/span><\/p>\n<p style=\"background-color: #ffffff; margin: 0pt; text-align: justify;\"><span style=\"font-family: Verdana; font-size: 10pt; font-weight: bold;\">\u2026.<\/span><span style=\"color: #500000; font-family: Verdana; font-size: 10pt; font-style: italic; font-weight: bold;\">yo no puedo detenerme aqu\u00ed con los ide\u00f3logos imbuidos todav\u00eda de las doctrinas del siglo pasado, que no ven esta realidad, porque es in\u00fatil discutir con ciegos sobre colores.<\/span><\/p>\n<p style=\"background-color: #ffffff; margin: 0pt; text-align: center;\"><span style=\"color: #500000; font-family: Verdana; font-size: 10pt; font-weight: bold;\">Arturo<\/span><span style=\"color: #500000; font-family: Verdana; font-size: 10pt; font-weight: bold;\">Sampay<\/span><span style=\"color: #500000; font-family: Verdana; font-size: 10pt; font-weight: bold;\">(22)<\/span><\/p>\n<p style=\"background-color: #ffffff; margin: 0pt; text-align: justify;\"><span style=\"font-family: Verdana; font-size: 10pt; font-weight: bold;\">La U.C<\/span><span style=\"font-family: Verdana; font-size: 10pt; font-weight: bold;\">.R. retira sus convencionales<\/span><\/p>\n<p style=\"background-color: #ffffff; margin: 0pt; text-align: justify; text-indent: 18pt;\"><span style=\"font-family: Verdana; font-size: 10pt;\">Concluido el discurso de Lebensohn, los convencionales radicales deciden retirarse de <\/span><span style=\"font-family: Verdana; font-size: 10pt;\">la Convenci\u00f3n Constituyente.<\/span><\/p>\n<p style=\"background-color: #ffffff; margin: 0pt; text-align: justify; text-indent: 18pt;\"><span style=\"font-family: Verdana; font-size: 10pt;\">Despu\u00e9s de haber participado en las elecciones para convencionales constituyentes del 5 de diciembre de 1948,<\/span><span style=\"font-family: Verdana; font-size: 10pt;\">de haber participado de las reuniones preparatorias y ordinarias de la convenci\u00f3n y de que su miembro informante hiciese uso de la palabra, tal como hemos consignado, dan este paso tan importante como negativo en la historia pol\u00edtica argentina.<\/span><\/p>\n<p style=\"background-color: #ffffff; margin: 0pt; text-align: justify; text-indent: 18pt;\"><span style=\"font-family: Verdana; font-size: 10pt;\">Salvo algunas intervenciones previas a la de su miembro informante, la retirada radical priv\u00f3 a la convenci\u00f3n del mejor de los aportes que este bloque debi\u00f3 procurar dar en una instancia semejante. Pero esto no sucedi\u00f3 por todo lo que ya hemos apuntado. Solo esgrimieron, en el mismo momento del abandono de las deliberaciones, que la reforma solo estaba planeada para posibilitar la reelecci\u00f3n de Per\u00f3n. Sab\u00edan que ese no era el motivo real de la reforma, que el contenido de la misma superaba considerablemente la cuesti\u00f3n de la reelecci\u00f3n, pero todas formas lo mostraron de aquel modo. En realidad no quisieron discutir toda la legislaci\u00f3n social y todas las medidas para asegurar la soberan\u00eda y la independencia de <\/span><span style=\"font-family: Verdana; font-size: 10pt;\">la Naci\u00f3n<\/span><span style=\"font-family: Verdana; font-size: 10pt;\"> y de su Estado que se incorporaban el nuevo texto constitucional.<\/span><span style=\"font-family: Verdana; font-size: 10pt; font-weight: bold;\">El pasado los encaden\u00f3 y no supieron liberarse de \u00e9l. Se quedaron en ese pasado.<\/span><\/p>\n<p style=\"background-color: #ffffff; margin: 0pt; text-align: justify;\"><span style=\"font-family: Verdana; font-size: 10pt; font-weight: bold;\">Sanci\u00f3n de la nueva constituci\u00f3n<\/span><\/p>\n<p style=\"background-color: #ffffff; margin: 0pt; text-align: justify;\"><span style=\"font-family: Verdana; font-size: 10pt; font-weight: bold;\">Jura de los convencionales<\/span><\/p>\n<p style=\"background-color: #ffffff; margin: 0pt; text-align: justify;\"><span style=\"font-family: Verdana; font-size: 10pt; font-weight: bold;\">Jura del presidente de la naci\u00f3n<\/span><\/p>\n<p style=\"background-color: #ffffff; margin: 0pt; text-align: justify; text-indent: 18pt;\"><span style=\"font-family: Verdana; font-size: 10pt;\">El 11 de marzo de 1949, en la sexta sesi\u00f3n ordinaria, queda sancionada la nueva constituci\u00f3n nacional y es jurada por todos los convencionales presentes.<\/span><\/p>\n<p style=\"background-color: #ffffff; margin: 0pt; text-align: justify; text-indent: 18pt;\"><span style=\"font-family: Verdana; font-size: 10pt;\">El 16 de marzo en sesi\u00f3n especial, concurre el presidente de la naci\u00f3n, general Juan Domingo Per\u00f3n y jura la nueva constituci\u00f3n.<\/span><\/p>\n<p style=\"background-color: #ffffff; margin: 0pt; text-align: center; text-indent: 18pt;\"><img loading=\"lazy\" decoding=\"async\" class=\"aligncenter size-full wp-image-6347\" src=\"https:\/\/historiadelperonismo.com\/wp-content\/uploads\/55d27c20a58c2_img.jpeg\" alt=\"55d27c20a58c2_img\" width=\"398\" height=\"518\" srcset=\"https:\/\/historiadelperonismo.com\/wp-content\/uploads\/55d27c20a58c2_img.jpeg 398w, https:\/\/historiadelperonismo.com\/wp-content\/uploads\/55d27c20a58c2_img-231x300.jpeg 231w, https:\/\/historiadelperonismo.com\/wp-content\/uploads\/55d27c20a58c2_img-112x146.jpeg 112w, https:\/\/historiadelperonismo.com\/wp-content\/uploads\/55d27c20a58c2_img-38x50.jpeg 38w\" sizes=\"(max-width: 398px) 100vw, 398px\" \/><\/p>\n<p style=\"background-color: #ffffff; margin: 0pt; text-align: center; text-indent: 18pt;\"><span style=\"color: #500000; font-family: Verdana; font-size: 10pt; font-weight: bold;\">El Gral. Per\u00f3n jura <\/span><span style=\"color: #500000; font-family: Verdana; font-size: 10pt; font-weight: bold;\">la Nueva Constituci\u00f3n<\/span><span style=\"color: #500000; font-family: Verdana; font-size: 10pt; font-weight: bold;\"> Nacional<\/span><\/p>\n<p style=\"background-color: #ffffff; margin: 0pt; text-align: center; text-indent: 18pt;\"><span style=\"color: #500000; font-family: Verdana; font-size: 10pt; font-weight: bold;\">Foto de la portada del ejemplar de las Ediciones Culturales del Diario Cr\u00edtica del 23-3-1949<\/span><\/p>\n<p style=\"background-color: #ffffff; margin: 0pt; text-align: center; text-indent: 18pt;\"><img loading=\"lazy\" decoding=\"async\" class=\"aligncenter size-full wp-image-6348\" src=\"https:\/\/historiadelperonismo.com\/wp-content\/uploads\/55d27c20a5afa_img.jpeg\" alt=\"55d27c20a5afa_img\" width=\"544\" height=\"437\" srcset=\"https:\/\/historiadelperonismo.com\/wp-content\/uploads\/55d27c20a5afa_img.jpeg 544w, https:\/\/historiadelperonismo.com\/wp-content\/uploads\/55d27c20a5afa_img-300x241.jpeg 300w, https:\/\/historiadelperonismo.com\/wp-content\/uploads\/55d27c20a5afa_img-182x146.jpeg 182w, https:\/\/historiadelperonismo.com\/wp-content\/uploads\/55d27c20a5afa_img-50x40.jpeg 50w\" sizes=\"(max-width: 544px) 100vw, 544px\" \/><\/p>\n<p style=\"background-color: #ffffff; margin: 0pt; text-align: center; text-indent: 18pt;\"><span style=\"color: #500000; font-family: Verdana; font-size: 10pt; font-weight: bold;\">El Cnel. Domingo Mercante toma juramento de <\/span><span style=\"color: #500000; font-family: Verdana; font-size: 10pt; font-weight: bold;\">la Nueva Constituci\u00f3n<\/span><span style=\"color: #500000; font-family: Verdana; font-size: 10pt; font-weight: bold;\"> Nacional al Gral. Juan D. Per\u00f3n<\/span><\/p>\n<p style=\"background-color: #ffffff; margin: 0pt; text-align: center; text-indent: 18pt;\"><span style=\"color: #500000; font-family: Verdana; font-size: 10pt; font-weight: bold;\">23-3-1949<\/span><\/p>\n<p style=\"background-color: #ffffff; margin: 0pt; text-align: justify; text-indent: 18pt;\"><span style=\"font-family: Verdana; font-size: 10pt;\">El radicalismo, que a pesar de haberse retirado, ya hab\u00eda dado dos avales (uno concurriendo a las elecciones para convencionales, el otro asistiendo a las primeras sesiones de la convenci\u00f3n), por decisi\u00f3n de <\/span><span style=\"font-family: Verdana; font-size: 10pt;\">la Convenci\u00f3n Nacional<\/span><span style=\"font-family: Verdana; font-size: 10pt;\"> de <\/span><span style=\"font-family: Verdana; font-size: 10pt;\">la U.C<\/span><span style=\"font-family: Verdana; font-size: 10pt;\">.R. y a instancias de su presidente el Dr. Ricardo Rojas, mediante el memorando que produjera y el discurso que pronunciara en las deliberaciones de ese organismo el 17 de abril de 1949, autoriz\u00f3 a sus legisladores a jurar la nueva constituci\u00f3n.<\/span><\/p>\n<p style=\"background-color: #ffffff; margin: 0pt; text-align: justify; text-indent: 18pt;\"><span style=\"font-family: Verdana; font-size: 10pt;\">Este reconocimiento se convirti\u00f3 en el tercer aval a la misma despu\u00e9s de los dos que mencionamos anteriormente y fue publicado en el Bolet\u00edn N\u00ba 7 del Comit\u00e9 Nacional, del 31 de mayo de 1949.<\/span><\/p>\n<p style=\"background-color: #ffffff; margin: 0pt; text-align: center; text-indent: 18pt;\"><img loading=\"lazy\" decoding=\"async\" class=\"aligncenter size-full wp-image-6349\" src=\"https:\/\/historiadelperonismo.com\/wp-content\/uploads\/55d27c20a5ebe_img.jpeg\" alt=\"55d27c20a5ebe_img\" width=\"576\" height=\"555\" srcset=\"https:\/\/historiadelperonismo.com\/wp-content\/uploads\/55d27c20a5ebe_img.jpeg 576w, https:\/\/historiadelperonismo.com\/wp-content\/uploads\/55d27c20a5ebe_img-300x289.jpeg 300w, https:\/\/historiadelperonismo.com\/wp-content\/uploads\/55d27c20a5ebe_img-152x146.jpeg 152w, https:\/\/historiadelperonismo.com\/wp-content\/uploads\/55d27c20a5ebe_img-50x48.jpeg 50w\" sizes=\"(max-width: 576px) 100vw, 576px\" \/><\/p>\n<p style=\"background-color: #ffffff; margin: 0pt; text-align: center; text-indent: 18pt;\"><span style=\"color: #540000; font-family: Verdana; font-size: 10pt; font-weight: bold;\">17 de marzo de 1949<\/span><\/p>\n<p style=\"background-color: #ffffff; margin: 0pt; text-align: center; text-indent: 18pt;\"><span style=\"color: #540000; font-family: Verdana; font-size: 10pt; font-weight: bold;\">El Gabinete Ministerial del Gobierno del Gral. Per\u00f3n jura <\/span><span style=\"color: #540000; font-family: Verdana; font-size: 10pt; font-weight: bold;\">la Nueva Constituci\u00f3n<\/span><span style=\"color: #540000; font-family: Verdana; font-size: 10pt; font-weight: bold;\"> Nacional<\/span><\/p>\n<p style=\"background-color: #ffffff; margin: 0pt; text-align: center; text-indent: 18pt;\"><span style=\"color: #540000; font-family: Verdana; font-size: 10pt; font-weight: bold;\">Foto Original del ejemplar de las Ediciones Culturales del Diario Cr\u00edtica<\/span><\/p>\n<p style=\"background-color: #ffffff; margin: 0pt; text-align: center; text-indent: 18pt;\"><span style=\"color: #540000; font-family: Verdana; font-size: 10pt; font-weight: bold;\">23-3-1949<\/span><\/p>\n<p style=\"background-color: #ffffff; margin: 0pt; text-align: justify; text-indent: 18pt;\"><span style=\"color: #540000; font-family: Verdana; font-size: 10pt; font-weight: bold;\">Final para un momento decisivo en la historia pol\u00edtica de los argentinos.<\/span><\/p>\n<p style=\"background-color: #ffffff; margin: 0pt; text-align: justify;\"><span style=\"color: #540000; font-family: Verdana; font-size: 10pt; font-weight: bold;\">La<\/span><span style=\"color: #540000; font-family: Verdana; font-size: 10pt; font-weight: bold;\">autonegaci\u00f3n<\/span><span style=\"color: #540000; font-family: Verdana; font-size: 10pt; font-weight: bold;\">del liberalismo<\/span><\/p>\n<p style=\"background-color: #ffffff; margin: 0pt; text-align: justify; text-indent: 18pt;\"><span style=\"color: #540000; font-family: Verdana; font-size: 10pt; font-weight: bold;\">Esta constituci\u00f3n, para cuyo dictado fueron democr\u00e1ticamente elegidos los legisladores constituyentes, que fuera sancionada de acuerdo con el derecho constitucional y jurada por la misma oposici\u00f3n que la hab\u00eda impugnado, fue \u00abderogada\u00bb el 27 de abril de 1956 por un<\/span> <span style=\"color: #540000; font-family: Verdana; font-size: 10pt; font-weight: bold; text-decoration: underline;\">bando militar<\/span><span style=\"color: #540000; font-family: Verdana; font-size: 10pt; font-weight: bold;\">del gobierno que sigui\u00f3 al golpe de estado autodenominado Revoluci\u00f3n Libertadora de septiembre de 1955, en nombre de la libertad y de la democracia.<\/span><\/p>\n<p style=\"background-color: #ffffff; margin: 0pt; text-align: justify; text-indent: 18pt;\"><span style=\"color: #540000; font-family: Verdana; font-size: 10pt; font-weight: bold;\">Esta derogaci\u00f3n por el medio apuntado, es una de las tantas y tantas<\/span> <span style=\"color: #540000; font-family: Verdana; font-size: 10pt; font-weight: bold;\">autonegaciones<\/span><span style=\"color: #540000; font-family: Verdana; font-size: 10pt; font-weight: bold;\">del liberalismo que prev\u00e9<\/span><span style=\"color: #540000; font-family: Verdana; font-size: 10pt; font-weight: bold;\">,<\/span><span style=\"color: #540000; font-family: Verdana; font-size: 10pt; font-weight: bold;\"> para cualquier reforma del texto constitucional, declarar la necesariedad y el llamado a una convenci\u00f3n constituyente, previo llamado a elecciones, con ese prop\u00f3sito. Pero en este caso se procedi\u00f3 con un disparate jur\u00eddico y pol\u00edtico, avalado por todos los partidos que guardaron un silencio c\u00f3mplice ante tal hecho.<\/span><span style=\"color: #540000; font-family: Verdana; font-size: 10pt; font-weight: bold;\">Es la<\/span><span style=\"color: #540000; font-family: Verdana; font-size: 10pt; font-weight: bold;\">autonegaci\u00f3n<\/span><span style=\"color: #540000; font-family: Verdana; font-size: 10pt; font-weight: bold;\">.<\/span><\/p>\n<h3 style=\"background-color: #ffffff; margin: 5pt 0pt; text-align: justify;\"><span style=\"font-family: Verdana; font-size: 13.5pt; font-weight: bold;\">Bibliograf\u00eda y Documentaci\u00f3n de apoyo<\/span><\/h3>\n<p style=\"background-color: #ffffff; margin: 0pt; text-align: justify;\"><span style=\"font-family: Verdana; font-size: 9pt; font-weight: bold;\">1.<\/span> <span style=\"font-family: Verdana; font-size: 9pt; font-weight: bold;\">Per\u00f3n, J. D. &#8211; Discurso ante Asamblea Constituyente 27-1-1949<\/span><\/p>\n<p style=\"background-color: #ffffff; margin: 0pt; text-align: justify;\"><span style=\"font-family: Verdana; font-size: 9pt; font-weight: bold;\">2.<\/span><span style=\"font-family: Verdana; font-size: 9pt; font-weight: bold;\">Per\u00f3n, J. D. &#8211; Principio doctrinario<\/span><\/p>\n<p style=\"background-color: #ffffff; margin: 0pt; text-align: justify;\"><span style=\"font-family: Verdana; font-size: 9pt; font-weight: bold;\">3.<\/span> <span style=\"font-family: Verdana; font-size: 9pt; font-weight: bold;\">Per\u00f3n, J. D. \u2013Disc. cit.<\/span><\/p>\n<p style=\"background-color: #ffffff; margin: 0pt; text-align: justify;\"><span style=\"font-family: Verdana; font-size: 9pt; font-weight: bold;\">4.<\/span><span style=\"font-family: Verdana; font-size: 9pt; font-weight: bold;\">Gonz\u00e1lez Arzcac, A. citado por Grillo, Juan M.-Publicado por C\u00edrculo<\/span><br \/>\n<span style=\"font-family: Verdana; font-size: 9pt; font-weight: bold;\">de Tradici\u00f3n y Cultura Nacional<\/span><\/p>\n<p style=\"background-color: #ffffff; margin: 0pt; text-align: justify;\"><span style=\"font-family: Verdana; font-size: 9pt; font-weight: bold;\">5a16. <\/span><span style=\"font-family: Verdana; font-size: 9pt; font-weight: bold;\">Lebensohn, Mois\u00e9s-Diario de Cesiones de <\/span><span style=\"font-family: Verdana; font-size: 9pt; font-weight: bold;\">la Honorable<\/span> <span style=\"font-family: Verdana; font-size: 9pt; font-weight: bold;\">Convenci\u00f3n<\/span><\/p>\n<p style=\"background-color: #ffffff; margin: 0pt; text-align: justify;\"><span style=\"font-family: Verdana; font-size: 9pt; font-weight: bold;\">Constituyente<\/span><\/p>\n<p style=\"background-color: #ffffff; margin: 0pt; text-align: justify;\"><span style=\"font-family: Verdana; font-size: 9pt; font-weight: bold;\">17.<\/span> <span style=\"font-family: Verdana; font-size: 9pt; font-weight: bold;\">Per\u00f3n, J. D. \u2013Discurso del 17-10-1945<\/span><\/p>\n<p style=\"background-color: #ffffff; margin: 0pt;\"><span style=\"font-family: Verdana; font-size: 9pt; font-weight: bold;\">18.<\/span> <span style=\"font-family: Verdana; font-size: 9pt; font-weight: bold;\">Sierra, Vicente-Historia de <\/span><span style=\"font-family: Verdana; font-size: 9pt; font-weight: bold;\">la Ideas Pol\u00edticas<\/span><span style=\"font-family: Verdana; font-size: 9pt; font-weight: bold;\"> en <\/span><span style=\"font-family: Verdana; font-size: 9pt; font-weight: bold;\">la Argentina-Edic.<\/span> <span style=\"font-family: Verdana; font-size: 9pt; font-weight: bold;\">de la <\/span><\/p>\n<p style=\"background-color: #ffffff; margin: 0pt;\"><span style=\"font-family: Verdana; font-size: 9pt; font-weight: bold;\">Universidad Libre, Aut\u00f3noma, Federal e Iberoamericana, Pag.<\/span> <span style=\"font-family: Verdana; font-size: 9pt; font-weight: bold;\">586<\/span><\/p>\n<p style=\"background-color: #ffffff; margin: 0pt; text-align: justify;\"><span style=\"font-family: Verdana; font-size: 9pt; font-weight: bold;\">19.<\/span><span style=\"font-family: Verdana; font-size: 9pt; font-weight: bold;\">Sobral, Antonio-Diario de Cesiones Citado<\/span><\/p>\n<p style=\"background-color: #ffffff; margin: 0pt; text-align: justify;\"><span style=\"font-family: Verdana; font-size: 9pt; font-weight: bold;\">20.<\/span><span style=\"font-family: Verdana; font-size: 9pt; font-weight: bold;\">Sierra, Vicente- Ob. Cit.<\/span><\/p>\n<p style=\"background-color: #ffffff; margin: 0pt; text-align: justify;\"><span style=\"font-family: Verdana; font-size: 9pt; font-weight: bold;\">21.<\/span><span style=\"font-family: Verdana; font-size: 9pt; font-weight: bold;\">Sobral, Antonio-Diario de Cesiones Citado<\/span><\/p>\n<p style=\"background-color: #ffffff; margin: 0pt; text-align: justify;\"><span style=\"font-family: Verdana; font-size: 9pt; font-weight: bold;\">22.<\/span><span style=\"font-family: Verdana; font-size: 9pt; font-weight: bold;\">Sierra, Vicente- Ob. Cit.<\/span><\/p>\n<\/div>\n<p>&nbsp;<\/p>\n","protected":false},"excerpt":{"rendered":"<p><a style=\"color: #626262; text-decoration:none;\" href=\"https:\/\/historiadelperonismo.com\/?p=3889\">Necesidad de la reforma<br \/>\n\u00bfQue se discut\u00eda realmente?<br \/>\nInforme del Dr. Arturo Sampay<br \/>\nDiscurso del Dr. Mois\u00e9s Lebensohn<br \/>\nLeer m\u00e1s<\/a><\/p>\n","protected":false},"author":2,"featured_media":0,"comment_status":"closed","ping_status":"closed","sticky":false,"template":"","format":"standard","meta":{"footnotes":""},"categories":[10,12],"tags":[],"class_list":["post-3889","post","type-post","status-publish","format-standard","hentry","category-parte-iii","category-textos-centrales"],"_links":{"self":[{"href":"https:\/\/historiadelperonismo.com\/index.php?rest_route=\/wp\/v2\/posts\/3889","targetHints":{"allow":["GET"]}}],"collection":[{"href":"https:\/\/historiadelperonismo.com\/index.php?rest_route=\/wp\/v2\/posts"}],"about":[{"href":"https:\/\/historiadelperonismo.com\/index.php?rest_route=\/wp\/v2\/types\/post"}],"author":[{"embeddable":true,"href":"https:\/\/historiadelperonismo.com\/index.php?rest_route=\/wp\/v2\/users\/2"}],"replies":[{"embeddable":true,"href":"https:\/\/historiadelperonismo.com\/index.php?rest_route=%2Fwp%2Fv2%2Fcomments&post=3889"}],"version-history":[{"count":28,"href":"https:\/\/historiadelperonismo.com\/index.php?rest_route=\/wp\/v2\/posts\/3889\/revisions"}],"predecessor-version":[{"id":11898,"href":"https:\/\/historiadelperonismo.com\/index.php?rest_route=\/wp\/v2\/posts\/3889\/revisions\/11898"}],"wp:attachment":[{"href":"https:\/\/historiadelperonismo.com\/index.php?rest_route=%2Fwp%2Fv2%2Fmedia&parent=3889"}],"wp:term":[{"taxonomy":"category","embeddable":true,"href":"https:\/\/historiadelperonismo.com\/index.php?rest_route=%2Fwp%2Fv2%2Fcategories&post=3889"},{"taxonomy":"post_tag","embeddable":true,"href":"https:\/\/historiadelperonismo.com\/index.php?rest_route=%2Fwp%2Fv2%2Ftags&post=3889"}],"curies":[{"name":"wp","href":"https:\/\/api.w.org\/{rel}","templated":true}]}}