{"id":4150,"date":"2015-09-01T23:59:47","date_gmt":"2015-09-01T23:59:47","guid":{"rendered":"http:\/\/www.xn--diseowebdmg4-dhb.com.ar\/historiadelperonismo\/?p=4150"},"modified":"2018-09-27T19:41:22","modified_gmt":"2018-09-27T22:41:22","slug":"movimiento-obrero-organizado-antes-del-peronismo","status":"publish","type":"post","link":"https:\/\/historiadelperonismo.com\/?p=4150","title":{"rendered":"Movimiento Obrero Organizado antes del Peronismo"},"content":{"rendered":"<p>&nbsp;<\/p>\n<div>\n<p style=\"margin: 5pt 0pt; text-align: center; background-color: #ffffff;\"><span style=\"font-family: 'arial black', sans-serif; font-size: 24pt; font-weight: bold; text-transform: uppercase; color: #000000;\">HISTORIA DEL\u00a0<\/span><\/p>\n<p style=\"margin: 5pt 0pt; text-align: center; background-color: #ffffff;\"><span style=\"font-family: 'arial black', sans-serif; font-size: 24pt; font-weight: bold; text-transform: uppercase; color: #000000;\"> MOVIMIENTO OBRERO ORGANIZADO<\/span><\/p>\n<p style=\"margin: 5pt 0pt; text-align: center; background-color: #ffffff;\"><span style=\"font-family: 'arial black', sans-serif; font-size: 24pt; font-weight: bold; text-transform: uppercase; color: #000000;\"> ANTES DEL PERONISMO<\/span><\/p>\n<\/div>\n<p>&nbsp;<\/p>\n<div>\n<p style=\"text-align: left;\">\n<p style=\"background-color: #ffffff; margin: 5pt 0pt; text-align: justify;\"><span style=\"font-size: 14pt;\"><strong><span style=\"font-family: Verdana; color: #000000;\">Por Ferm\u00edn Ch\u00e1vez<\/span><\/strong><\/span><br \/>\n<span style=\"font-size: 10pt;\"><strong><span style=\"font-family: Verdana; color: #000000;\"> Publicado en Cuadernos de Tercera Posici\u00f3n, N\u00ba 9, publicaci\u00f3n de Tercera Posici\u00f3n, quincenario del Movimiento Peronista<\/span><\/strong><\/span><\/p>\n<p>&nbsp;<\/p>\n<\/div>\n<p>&nbsp;<\/p>\n<p><img fetchpriority=\"high\" decoding=\"async\" class=\"aligncenter\" src=\"https:\/\/upload.wikimedia.org\/wikipedia\/commons\/thumb\/5\/5c\/F-exhibiciones-ciudad-libertaria-9.jpg\/300px-F-exhibiciones-ciudad-libertaria-9.jpg\" alt=\"Resultado de imagen para obreros argentinos principios siglo XX\" width=\"892\" height=\"580\" \/><\/p>\n<p>&nbsp;<\/p>\n<p style=\"text-align: center;\"><strong><span style=\"font-family: verdana, geneva, sans-serif; font-size: 10pt;\">Foto publicada por Wikipedia<\/span><\/strong><\/p>\n<p>&nbsp;<\/p>\n<p>&nbsp;<\/p>\n<div>\n<p>&nbsp;<\/p>\n<p style=\"background-color: #ffffff; margin: 5pt 0pt; text-align: justify;\"><span style=\"color: #000000; font-family: verdana, geneva, sans-serif; font-size: 10pt;\"> El movimiento obrero organizado de la Rep\u00fablica Argentina, presenta mucho antes de culminar en una central \u00fanica de los trabajadores, notables antecedentes de luchas, que se remontan a la segunda mitad del siglo XIX, con m\u00e1s precisi\u00f3n, a las d\u00e9cadas de 1850 y 70, \u00e9poca en que se inici\u00f3 un profundo cambio estructural en la sociedad argentina. Tiempo en que empieza la incorporaci\u00f3n de nuestro pa\u00eds al circuito capitalista, de un nuevo poblamiento con mano de obra europea y de la llegada de notables figuras que en el Viejo Mundo hab\u00edan adherido a la revoluci\u00f3n social antiburguesa, en sus distintas vertientes.<\/span><\/p>\n<p style=\"background-color: #ffffff; margin: 5pt 0pt; text-align: justify;\"><span style=\"color: #000000; font-family: verdana, geneva, sans-serif; font-size: 10pt;\"> Socialistas y anarquistas, sobre todo, emigrados a la fuerza, arrojar\u00edan las simientes en los surcos que reci\u00e9n comenzaban a abrirse con el proyecto liberal de desarrollo de la Pampa H\u00fameda. Era una tierra virgen, ligada exclusivamente a la explotaci\u00f3n pecuaria, pero ya preparada, porque las inquietudes sociales hab\u00edan principiado a manifestarse (aunque en forma todav\u00eda no org\u00e1nica), m\u00e1s que nada en el periodismo y en la c\u00e1tedra. As\u00ed, por ejemplo, en la provincia de Entre R\u00edos, a comienzo de 1870, hab\u00eda aparecido el peri\u00f3dico Obrero Nacional, redactado por el poeta Francisco F. Fern\u00e1ndez, un ex-alumno del Colegio del Uruguay, sin duda influ\u00eddo por uno de sus profesores, Alejo Peyret, un franc\u00e9s del Bearne y ex-activista de la Comuna de Par\u00eds (1)<\/span><\/p>\n<p style=\"background-color: #ffffff; margin: 5pt 0pt; text-align: justify;\"><span style=\"color: #000000; font-family: verdana, geneva, sans-serif; font-size: 10pt;\"> Por esos mismos d\u00edas, en Buenos Aires surg\u00edan algunos n\u00facleos socialistas, los mismos que en 1872 enviar\u00edan a Raimundo Wilmart como delegado ante el Congreso General de la Internacional, realizado en La Haya. A mediados de 1877, tambi\u00e9n en la capital bonaerense, fue creada la Uni\u00f3n Tipogr\u00e1fica Bonaerense, primera manifestaci\u00f3n gremial de los gr\u00e1ficos, ya que la vieja Sociedad Tipogr\u00e1fico Bonaerense, de 1857, tuvo solamente car\u00e1cter mutualista.<\/span><\/p>\n<p style=\"background-color: #ffffff; margin: 5pt 0pt; text-align: justify;\"><span style=\"color: #000000; font-family: verdana, geneva, sans-serif; font-size: 10pt;\"> Los trabajadores gr\u00e1ficos organizados en aquella Uni\u00f3n fueron a la huelga en 1878 y la ganaron, no obstante que el diario El Nacional, de V\u00e9lez S\u00e1rsfield y de Sarmiento condenara las huelgas \u00abcomo instrumento de perturbaci\u00f3n\u00bb. (2)<\/span><\/p>\n<p style=\"background-color: #ffffff; margin: 5pt 0pt; text-align: justify;\"><span style=\"color: #000000; font-family: verdana, geneva, sans-serif; font-size: 10pt;\"> En 1868, a cuatro a\u00f1os de la Primera Internacional, hab\u00eda llegado al pa\u00eds un pionero del marxismo cient\u00edfico, el alem\u00e1n Germ\u00e1n Av\u00e9-Lallemant, uno de los dirigentes perseguidos por Bismarck. Ya volveremos sobre esta figura sobresaliente que, por un tiempo, mor\u00f3 en San Luis. Lo cierto es que ya en la d\u00e9cada de 1870, se dio en la Argentina la contienda entre marxistas y anarquistas bakuninistas, quienes publicaron varios peri\u00f3dicos. (3)<\/span><\/p>\n<p style=\"background-color: #ffffff; margin: 5pt 0pt; text-align: justify;\"><span style=\"color: #000000; font-family: verdana, geneva, sans-serif; font-size: 10pt;\"> En la siguiente d\u00e9cada las dos corrientes recibieron el aporte de nuevos emigrados, algunos de ellos muy notables. En 1881 se form\u00f3 una mutual de obreros panaderos; fue creada otra mutual, de obreros molineros, y se form\u00f3 la Uni\u00f3n de Oficiales Alba\u00f1iles, ya de car\u00e1cter gremial. Y al a\u00f1o siguiente surgieron dos nuevos gremios, la Uni\u00f3n de Obreros Yeseros y la Uni\u00f3n Obrera de Sastres. Tambi\u00e9n durante 1882 fue fundado el memorable Club Vorwarts por los socialistas alemanes, de muy importante trayectoria. En el resto de la d\u00e9cada surgieron organizaciones sindicales de tapiceros, marmoleros, cocheros, panaderos, carpinteros, zapateros, maquinistas y fogoneros, y otros. En 1885 lleg\u00f3 al pa\u00eds alguien que hab\u00eda participado en la fundaci\u00f3n de la Alianza Internacional Obrera (o Internacional Negra), de 1881: ErricoMalatesta. Pronto no m\u00e1s edit\u00f3 en Buenos Aires La Questione Sociales, y en 1887 redact\u00f3 por encargo de H\u00e9ctor Mattei el programa estatutario de la Sociedad Cosmopollita de Resistencia y Colocaci\u00f3n de Obreros Panaderos. Por ese mismo tiempo un llamado C\u00edrculo Socialista Internacional nucleaba a anarquistas italianos y franceses. Por otra parte, en junio de ese mismo a\u00f1o 87 comenz\u00f3 a actuar La Fraternidad, Sociedad de Ayuda Mutua del Personal de Maquinistas y Fogoneros de Locomotoras.<\/span><\/p>\n<p>&nbsp;<\/p>\n<p style=\"background-color: #ffffff; margin: 5pt 0pt; text-align: justify;\"><strong><span style=\"font-family: verdana, geneva, sans-serif; font-size: 10pt; color: #000000;\">El 1\u00ba de MAYO DE 1890<\/span><\/strong><\/p>\n<p style=\"background-color: #ffffff; margin: 5pt 0pt; text-align: justify;\"><span style=\"color: #000000; font-family: verdana, geneva, sans-serif; font-size: 10pt;\"> La primera conmemoraci\u00f3n del D\u00eda de los Trabajadores tuvo lugar en Buenos Aires el 1\u00ba Mayo de 1890, dos meses antes de la revoluci\u00f3n de los C\u00edvicos. La concentraci\u00f3n se efectu\u00f3 en el Prado Espa\u00f1ol y reuni\u00f3 m\u00e1s de 1.500 personas, pertenecientes a gremios, sociedades mutuas y centros republicanos de la Capital y del interior. El a\u00f1o 1891 fue memorable para los trabajadores argentinos: primero que todo, porque se constituy\u00f3 la primera FEDERACION DE TRABAJADORES, y despu\u00e9s, porque se public\u00f3 EL OBRERO, que se convirti\u00f3 en \u00ab\u00f3rgano de la Federaci\u00f3n Obrera\u00bb bajo la direcci\u00f3n de Germ\u00e1n Av\u00e9-Lallemant. (4). En ese peri\u00f3dico apareci\u00f3 una hist\u00f3rica \u00abInterpretaci\u00f3n econ\u00f3mica del 90\u00bb. Adem\u00e1s, la Federaci\u00f3n present\u00f3 al Congreso de la Naci\u00f3n un pedido de legislaci\u00f3n laboral, con normas sobre el trabajo insalubre y la creaci\u00f3n de tribunales para atender las relaciones entre obreros y patrones. (5)<\/span><\/p>\n<p style=\"background-color: #ffffff; margin: 5pt 0pt; text-align: justify;\"><span style=\"color: #000000; font-family: verdana, geneva, sans-serif; font-size: 10pt;\"> En 1892, el sacerdote redentorista Federico Grote cre\u00f3 los C\u00edrculos Cat\u00f3licos de Obreros, de car\u00e1cter mutualista y educativo, y que reflejaron la nueva actitud social de la Iglesia, por influencia de la Enc\u00edclica Rerum\u00a0Novarum, de 1891. (6)<\/span><\/p>\n<p style=\"background-color: #ffffff; margin: 5pt 0pt; text-align: justify;\"><span style=\"color: #000000; font-family: verdana, geneva, sans-serif; font-size: 10pt;\"> En 1894 hubo varias huelgas: de panaderos, alba\u00f1iles y otros. Y tambi\u00e9n se produjo la formaci\u00f3n de la segunda Federaci\u00f3n de Trabajadores. En la tarde del 14 de octubre del mismo a\u00f1o, las sociedades gremiales se concentraron en la plaza Rodr\u00edguez Pe\u00f1a, para solicitar las 8 horas de trabajo y apoyar un proyecto de ordenanza municipal a favor de dicha conquista. Unos 4.000 trabajadores marcharon por las calles Paraguay, Callao, Piedad, Larrea, Moreno y Entre R\u00edos hast a Brasil. (7) La convocatoria hab\u00eda sido hecha por los alba\u00f1iles, mec\u00e1nicos, marmoleros, hojalateros, gasistas, sastres. Talabarteros, madereros, mayorales, cocheros, horneros, tip\u00f3grafos, pintores y picapedreros. Al a\u00f1o siguiente, la ciudad de Buenos Aires ten\u00eda alrededor de 25 organizaciones de trabajadores.<\/span><\/p>\n<p style=\"background-color: #ffffff; margin: 5pt 0pt; text-align: justify;\"><span style=\"color: #000000; font-family: verdana, geneva, sans-serif; font-size: 10pt;\"> En junio de 1898 lleg\u00f3 al pa\u00eds Pietro Gori, jurista, soci\u00f3logo y escritor anarquista, que permanecer\u00eda en la Argentina hasta principios de 1902. No solo dict\u00f3 c\u00e1tedra y fund\u00f3 revistas, sino que tambi\u00e9n particip\u00f3 en varias huelgas, y en 1901 fue delegado de los ferroviarios ante el congreso del que surgi\u00f3 la FEDERACION OBRERA ARGENTINA (FOA). El 2 de marzo de marzo de dicho a\u00f1o se reunieron en Buenos Aires delegados obreros de 14 asociaciones para preparar la organizaci\u00f3n de un congreso que debatir\u00eda sobre \u00ablos intereses de los trabajadores y el modo de mejorarlos en el terreno exclusivamente econ\u00f3mico y gremial\u00bb. (8)<\/span><\/p>\n<p style=\"background-color: #ffffff; margin: 5pt 0pt; text-align: justify;\"><span style=\"color: #000000; font-family: verdana, geneva, sans-serif; font-size: 10pt;\"> El congreso se reuni\u00f3 entre el 25 de mayo y el 2 de junio de 1901, con la concurrencia de delegaciones de la Capital y del interior. De all\u00ed surgi\u00f3 la FEDERACION OBRERA ARGENTINA, de corta vida, ya que har\u00eda crisis al a\u00f1o siguiente. Seg\u00fan el peri\u00f3dico LA ORGANIZACI\u00f3N OBRERA, ello ocurri\u00f3 por haberse dado un paso prematuro.<\/span><\/p>\n<p style=\"background-color: #ffffff; margin: 5pt 0pt; text-align: justify;\"><span style=\"color: #000000; font-family: verdana, geneva, sans-serif; font-size: 10pt;\"> Durante los d\u00edas 19 y 20 de abril de 1902 se reuni\u00f3 en el sal\u00f3n Vorwarts el segundo Congreso de la FOA y all\u00ed se produjo la escisi\u00f3n. Se retiraron 19 organizaciones, con 1.780 asociados, y se quedaron 29 gremios, con 7.630 socios. El 18 de mayo se llev\u00f3 a cabo una nueva reuni\u00f3n, ahora de las asociaciones disidentes, en la que se resolvi\u00f3 no aceptar las resoluciones del Congreso de abril, ni adherir a la FOA. Lo que ocurr\u00eda fue calificado de \u00abescisi\u00f3n ben\u00e9fica\u00bb por el \u00f3rgano anarquista La PROTESTA HUMANA. (9) La federaci\u00f3n disidente se llam\u00f3 UNION GENERAL DE TRABAJADORES (UGT), nucleando a los marxistas socialistas, mientras que la FEDERACION OBRERA REGIONAL ARGENTINA (FORA) agrup\u00f3 a los anarquistas.<\/span><\/p>\n<p>&nbsp;<\/p>\n<\/div>\n<p>&nbsp;<\/p>\n<div>\n<p style=\"background-color: #ffffff; margin: 5pt 0pt; text-align: center;\"><span style=\"color: #000000;\"><img decoding=\"async\" class=\"\" style=\"-aw-left-pos: 0pt; -aw-rel-hpos: column; -aw-rel-vpos: paragraph; -aw-top-pos: 0pt; -aw-wrap-type: inline;\" src=\"http:\/wp-content\/uploads\/55e752d62cb1e_img1.jpeg\" alt=\"https:\/\/historiadelperonismo.com\/content_data\/data\/upimages\/movimiento_obrero_001.jpg\" width=\"387\" height=\"331\" \/><img decoding=\"async\" class=\"\" style=\"-aw-left-pos: 0pt; -aw-rel-hpos: column; -aw-rel-vpos: paragraph; -aw-top-pos: 0pt; -aw-wrap-type: inline;\" src=\"http:\/wp-content\/uploads\/55e752d62cc9e_img.jpeg\" alt=\"https:\/\/historiadelperonismo.com\/content_data\/data\/upimages\/movimiento_obrero_002.jpg\" width=\"298\" height=\"329\" \/><\/span><\/p>\n<p>&nbsp;<\/p>\n<p style=\"background-color: #ffffff; margin: 5pt 0pt; text-align: center;\"><strong><span style=\"font-family: Verdana; font-size: 10pt; color: #000000;\">Sello y cartel gr\u00e1fico de la F.O.R.A.<\/span><\/strong><\/p>\n<p>&nbsp;<\/p>\n<p style=\"background-color: #ffffff; margin: 5pt 0pt; text-align: justify;\"><span style=\"color: #000000; font-family: verdana, geneva, sans-serif; font-size: 10pt;\"> Esa divisi\u00f3n ab ovo iba a impedir una aut\u00e9ntica unidad de la clase obrera argentina por varias d\u00e9cadas: y eso ten\u00eda mucho que ver con el origen ideol\u00f3gico no nacional de nuestro movimiento obrero. Como se\u00f1ala correctamente un autor: \u00abSe discut\u00eda acercando ejemplos europeos y esgrimiendo argumentos te\u00f3ricos de aquella procedencia bastante desconectaos de la realidad social de la Argentina. (10) A principios de siglo, sin embargo, una corriente cultural anarquista, encabezada por Alberto Ghiraldo, se aproxim\u00f3 cuanto pudo a nuestra realidad, empalmando sus ideas con los alegatos del \u00abMart\u00edn Fierro\u00bb de Jos\u00e9 Hern\u00e1ndez. (11) Por su parte, los socialistas iban a dividirse algunos a\u00f1os despu\u00e9s, por causas parecidas, cuando de sus filas se separara la notable figura de Manuel Ugarte, es decir, una contrafigura de Juan B. Justo, el internacionalista y librecambista. (12)<\/span><\/p>\n<p style=\"background-color: #ffffff; margin: 5pt 0pt; text-align: justify;\"><span style=\"color: #000000; font-family: verdana, geneva, sans-serif; font-size: 10pt;\"> La primera Guerra Mundial result\u00f3 algo as\u00ed como una piedra de toque para las ideolog\u00edas que impregnaban las corrientes revolucionarias en la Argentina. En el socialismo predomin\u00f3 el pensamiento modelado por la inteligencia brit\u00e1nica, esto es, aquel del llamado \u00abproyecto del 80\u00bb, colonial, y que ya hab\u00eda empezado a hacer agua. Se form\u00f3 una \u00e9lite pol\u00edtica belicista y pro-inglesa, que atac\u00f3 duramente a Hip\u00f3lito Yrigoyen y a la pol\u00edtica de neutralidad por los factores de poder econ\u00f3micos. En el socialismo no encontr\u00f3 aliados, sino una secta dispuesta a combatirlo. Por otra parte, el conflicto del sistema central comport\u00f3 confusiones en el seno del movimiento obrero argentino y hasta lleg\u00f3 a generar provocaciones. En 1914, la CORA, cuyo n\u00facleo principal era la UGT socialista, se incorpor\u00f3 a la FORA y consolid\u00f3 una uni\u00f3n provisional. Pero dicha Federaci\u00f3n no dur\u00f3 mucho, puesto que en 1915 volvi\u00f3 a manifestarse la antigua divisi\u00f3n de socialistas y anarquistas. Estos reconstruyeron la FORA de 1914 o del Quinto Congreso, y aqu\u00e9llos adoptaron la denominaci\u00f3n de FORA Noveno Congreso.<\/span><\/p>\n<p style=\"background-color: #ffffff; margin: 5pt 0pt; text-align: justify;\"><span style=\"color: #000000; font-family: verdana, geneva, sans-serif; font-size: 10pt;\"> Este \u00faltimo nucleamiento se acerc\u00f3 a las autoridades nacionales, dentro de ese clima de tolerancia que vino a ser quebrantado por Semana Tr\u00e1gica, en enero de 1919, en que fueron a la huelga. (13)<\/span><\/p>\n<p>&nbsp;<\/p>\n<\/div>\n<p>&nbsp;<\/p>\n<div>\n<p style=\"background-color: #ffffff; margin: 5pt 0pt; text-align: center;\"><span style=\"color: #000000;\"><img loading=\"lazy\" decoding=\"async\" class=\"aligncenter  wp-image-5454\" src=\"https:\/\/historiadelperonismo.com\/wp-content\/uploads\/55e752d62cf6e_img.jpeg\" alt=\"55e752d62cf6e_img\" width=\"559\" height=\"414\" srcset=\"https:\/\/historiadelperonismo.com\/wp-content\/uploads\/55e752d62cf6e_img.jpeg 500w, https:\/\/historiadelperonismo.com\/wp-content\/uploads\/55e752d62cf6e_img-300x222.jpeg 300w, https:\/\/historiadelperonismo.com\/wp-content\/uploads\/55e752d62cf6e_img-197x146.jpeg 197w, https:\/\/historiadelperonismo.com\/wp-content\/uploads\/55e752d62cf6e_img-50x37.jpeg 50w\" sizes=\"(max-width: 559px) 100vw, 559px\" \/><\/span><\/p>\n<p>&nbsp;<\/p>\n<p>&nbsp;<\/p>\n<p style=\"background-color: #ffffff; margin: 5pt 0pt; text-align: justify;\"><span style=\"color: #000000;\"><span style=\"font-family: Verdana; font-size: 9pt;\"> Pero mientras la FORA anarquista se manten\u00eda irreductible, \u00abla FORA sindicalista negociaba con el gobierno\u00bb. (14) Sebasti\u00e1n <\/span><span style=\"font-family: Verdana; font-size: 9pt;\">Marotta<\/span><span style=\"font-family: Verdana; font-size: 9pt;\"> lleg\u00f3 a un acuerdo con el doctor Elpidio Gonz\u00e1lez, jefe de Polic\u00eda. Hubo arduas negociaciones y la vuelta al trabajo, resuelta por la FORA Noveno Congreso no fue acatada, pues los obreros se plegaron a la tesis anarquista del paro por tiempo indeterminado. Despu\u00e9s los trabajadores de <\/span><span style=\"font-family: Verdana; font-size: 9pt;\">Vasena<\/span><span style=\"font-family: Verdana; font-size: 9pt;\"> se fueron reintegrando al trabajo.<\/span><\/span><\/p>\n<p style=\"background-color: #ffffff; margin: 5pt 0pt; text-align: justify;\"><span style=\"color: #000000;\"><span style=\"font-family: Verdana; font-size: 9pt;\"> En marzo de 1922 se llev\u00f3 a cabo otro Congreso fusionista (el cuarto), del cual naci\u00f3 la UNION SINDICAL ARGENTINA (USA), compuesta por la FORA Noveno Congreso y por gremios independientes. Pero la lucha entre los lineamientos ya tradicionales no termin\u00f3.<\/span><\/span><\/p>\n<\/div>\n<p>&nbsp;<\/p>\n<div>\n<p style=\"background-color: #ffffff; margin: 5pt 0pt; text-align: center;\"><span style=\"color: #000000;\"><img loading=\"lazy\" decoding=\"async\" class=\"aligncenter  wp-image-5455\" src=\"https:\/\/historiadelperonismo.com\/wp-content\/uploads\/55e752d62d0f8_img.jpeg\" alt=\"55e752d62d0f8_img\" width=\"374\" height=\"333\" srcset=\"https:\/\/historiadelperonismo.com\/wp-content\/uploads\/55e752d62d0f8_img.jpeg 216w, https:\/\/historiadelperonismo.com\/wp-content\/uploads\/55e752d62d0f8_img-164x146.jpeg 164w, https:\/\/historiadelperonismo.com\/wp-content\/uploads\/55e752d62d0f8_img-50x44.jpeg 50w\" sizes=\"(max-width: 374px) 100vw, 374px\" \/><\/span><br \/>\n<strong><span style=\"font-family: Verdana; font-size: 10pt; color: #000000;\"> Manifestaci\u00f3n de la Uni\u00f3n Sindical Argentina<\/span><\/strong><\/p>\n<\/div>\n<p>&nbsp;<\/p>\n<div>\n<p style=\"background-color: #ffffff; margin: 5pt 0pt; text-align: justify;\"><span style=\"color: #000000;\"><span style=\"font-family: Verdana; font-size: 9pt;\"> Despu\u00e9s de seis a\u00f1os, en que no hubo reuni\u00f3n alguna de conjunto, la FORA efectu\u00f3 el D\u00e9cimo Congreso entre el 11 y 16 de agosto de 1928, con asistencia de 93 representaciones de sindicatos. Uno de los temas tratados fue la campa\u00f1a por la libertad de Sim\u00f3n <\/span><span style=\"font-family: Verdana; font-size: 9pt;\">Radowitzky<\/span><span style=\"font-family: Verdana; font-size: 9pt;\">, autor del atentado contra el coronel Ram\u00f3n Falc\u00f3n, y qui\u00e9n ser\u00e1 indultado por <\/span><span style=\"font-family: Verdana; font-size: 9pt;\">Yrigoyen<\/span><span style=\"font-family: Verdana; font-size: 9pt;\"> en v\u00edsperas de su derrocamiento. Fue aqu\u00e9l el \u00faltimo congreso de FORA.<\/span><\/span><\/p>\n<\/div>\n<p>&nbsp;<\/p>\n<div>\n<p style=\"background-color: #ffffff; margin: 5pt 0pt; text-align: center;\"><span style=\"color: #000000;\"><img loading=\"lazy\" decoding=\"async\" class=\"aligncenter  wp-image-5456\" src=\"https:\/\/historiadelperonismo.com\/wp-content\/uploads\/55e752d62d690_img.jpeg\" alt=\"55e752d62d690_img\" width=\"637\" height=\"382\" srcset=\"https:\/\/historiadelperonismo.com\/wp-content\/uploads\/55e752d62d690_img.jpeg 500w, https:\/\/historiadelperonismo.com\/wp-content\/uploads\/55e752d62d690_img-300x180.jpeg 300w, https:\/\/historiadelperonismo.com\/wp-content\/uploads\/55e752d62d690_img-243x146.jpeg 243w, https:\/\/historiadelperonismo.com\/wp-content\/uploads\/55e752d62d690_img-50x30.jpeg 50w\" sizes=\"(max-width: 637px) 100vw, 637px\" \/><\/span><br \/>\n<strong><span style=\"font-family: Verdana; font-size: 10pt; color: #000000;\"> 1934<\/span><\/strong><\/p>\n<p style=\"background-color: #ffffff; margin: 5pt 0pt; text-align: center;\"><span style=\"color: #000000;\"><img loading=\"lazy\" decoding=\"async\" class=\"aligncenter  wp-image-5457\" src=\"https:\/\/historiadelperonismo.com\/wp-content\/uploads\/55e752d62ddb6_img.jpeg\" alt=\"55e752d62ddb6_img\" width=\"637\" height=\"415\" srcset=\"https:\/\/historiadelperonismo.com\/wp-content\/uploads\/55e752d62ddb6_img.jpeg 500w, https:\/\/historiadelperonismo.com\/wp-content\/uploads\/55e752d62ddb6_img-300x196.jpeg 300w, https:\/\/historiadelperonismo.com\/wp-content\/uploads\/55e752d62ddb6_img-224x146.jpeg 224w, https:\/\/historiadelperonismo.com\/wp-content\/uploads\/55e752d62ddb6_img-50x33.jpeg 50w\" sizes=\"(max-width: 637px) 100vw, 637px\" \/><\/span><br \/>\n<strong><span style=\"font-family: Verdana; font-size: 10pt; color: #000000;\"> Desocupados-Antonio Berni, 1934<\/span><\/strong><\/p>\n<p>&nbsp;<\/p>\n<p style=\"background-color: #ffffff; margin: 5pt 0pt; text-align: justify;\"><span style=\"font-size: 10pt;\"><strong><span style=\"font-family: Verdana; color: #000000;\">NACE LA PRIMERA CGT<\/span><\/strong><\/span><\/p>\n<p style=\"background-color: #ffffff; margin: 5pt 0pt; text-align: justify;\"><span style=\"color: #000000;\"><span style=\"font-family: Verdana; font-size: 9pt;\"> En t\u00e9rminos generales, los historiadores est\u00e1n de acuerdo en que el movimiento militar del 6 de septiembre de 1930 encontr\u00f3 mal parados, desgastados, a los trabajadores organizados: la FORA y la USA. Seg\u00fan estimaciones de Diego Abad de Santill\u00e1n (Silesio <\/span><span style=\"font-family: Verdana; font-size: 9pt;\">Baudillo<\/span><span style=\"font-family: Verdana; font-size: 9pt;\"> Garc\u00eda), los agremiados a la FORA sumaban por entonces unos 100.000; los de la USA, 60.000 y una cifra no calculada en la COA socialista. (15) No hubo batalla alguna sindical contra el gobierno de facto: sin bases nacionales y desgastadas en luchas est\u00e9riles, tales organizaciones carec\u00edan de fuerza pol\u00edtica y de direcci\u00f3n adecuada. A fines de septiembre de 1930, por fusi\u00f3n de la USA con la COA, naci\u00f3 la primera CONFEDERACION GENERAL DEL TRABAJO, si bien se mostr\u00f3 sumamente tibia frente a <\/span><span style=\"font-family: Verdana; font-size: 9pt;\">Uriburu<\/span><span style=\"font-family: Verdana; font-size: 9pt;\">, tanto que se declar\u00f3 \u00abconvencida de la obra de renovaci\u00f3n administrativa del gobierno provisional y dispuesta a apoyarla\u00bb. (16) La conclusi\u00f3n de Diego Abad de <\/span><span style=\"font-family: Verdana; font-size: 9pt;\">Sanatill\u00e1n<\/span><span style=\"font-family: Verdana; font-size: 9pt;\"> es categ\u00f3rica: \u00abLos trabajadores organizados no cumplieron con su deber primario ante el golpe de Estado de 1930\u2026\u00bb. (17)<\/span><\/span><br \/>\n<span style=\"color: #000000;\"><span style=\"font-family: Verdana; font-size: 9pt;\"> Por lo menos, no se explicaba bien la posici\u00f3n de prescindencia adoptada, primeramente <\/span><span style=\"font-family: Verdana; font-size: 9pt;\">por la USA, La Fraternidad y la Uni\u00f3n Ferroviaria, y despu\u00e9s por la flamante CGT. En Rosario, le aplicaron il\u00edcitamente la ley marcial a Joaqu\u00edn <\/span><span style=\"font-family: Verdana; font-size: 9pt;\">Penina<\/span><span style=\"font-family: Verdana; font-size: 9pt;\">, un catal\u00e1n anarquista e inofensivo, pero ninguna voz gremial se alz\u00f3 para se\u00f1alarlo.<\/span><\/span><\/p>\n<p style=\"background-color: #ffffff; margin: 5pt 0pt; text-align: justify;\"><span style=\"color: #000000;\"><span style=\"font-family: Verdana; font-size: 9pt;\"> Durante el gobierno del general ingeniero Agust\u00edn P. Justo, es decir, en la D\u00e9cada Infame, se registraron diversas huelgas de volumen, entre ellas las que protagonizaron los obreros del calzado, textiles, tranviarios, yeseros, estibadores, telef\u00f3nicos, madereros y otros. En 1932 hubo una huelga general y al a\u00f1o siguiente, una serie de conflictos en defensa del salario, cuya reducci\u00f3n ven\u00eda en aumento. Entre 1935 y 36 los paros de cerveceros, alba\u00f1iles y colectiveros culminar\u00edan en una huelga general, que cont\u00f3 con el apoyo de la CGT. Mejor dicho, de un comit\u00e9 de Defensa y Solidaridad que respond\u00eda a 68 sindicatos de la central obrera y a n\u00facleos independientes. \u00abDe este movimiento, especialmente trascendental den la historia del sindicalismo \u2013dice Juan Carlos Bedoya- deriv\u00f3 la divisi\u00f3n de la CGT en dos ramas por la posici\u00f3n que sus tendencias adoptaron antes de desencadenarse el conflicto: la de Catamarca 577, que m\u00e1s tarde volvi\u00f3 a tomar el nombre de la antigua Uni\u00f3n Sindical Argentina de predominio socialista y la de Independencia 2880, a qui\u00e9n el coronel Juan Domingo Per\u00f3n, secretario de Trabajo y Previsi\u00f3n, le acord\u00f3 despu\u00e9s personer\u00eda legal y la constituy\u00f3 en el sost\u00e9n obrero de su posterior gobierno. De esta rama deriva la actual Confederaci\u00f3n General del Trabajo\u00bb. (18)<\/span><\/span><\/p>\n<p style=\"background-color: #ffffff; margin: 5pt 0pt; text-align: justify;\"><span style=\"color: #000000;\"><span style=\"font-family: Verdana; font-size: 9pt;\"> En los \u00faltimos tramos de la d\u00e9cada de 1930 gravit\u00f3 sobre el movimiento obrero argentino la estrategia sovi\u00e9tica del Frente Popular, que en 1938 obtuvo en Chile una victoria resonante, bajo la conducci\u00f3n del \u00abcamarada Montero\u00bb, es decir <\/span><span style=\"font-family: Verdana; font-size: 9pt;\">Eudocio<\/span> <span style=\"font-family: Verdana; font-size: 9pt;\">Ravines<\/span><span style=\"font-family: Verdana; font-size: 9pt;\">. Al mismo tiempo, los nacionalistas argentinos empezaron a conmemorar el Primero de Mayo con una marcha anual. (19)<\/span><\/span><\/p>\n<p style=\"background-color: #ffffff; margin: 5pt 0pt; text-align: justify;\"><span style=\"color: #000000;\"><span style=\"font-family: Verdana; font-size: 9pt;\"> Un nuevo cambio se iba a producir en la estructura social de la Argentina, en el que se evidencia un hecho de mayor gravitaci\u00f3n a\u00fan en la d\u00e9cada siguiente: la migraci\u00f3n hacia los centros urbanos de la mano de obra del interior del pa\u00eds. Paralelamente al crecimiento de la poblaci\u00f3n obrera industrial se incrementa la organizaci\u00f3n y el n\u00famero de afiliados a los sindicatos. Se lleg\u00f3 as\u00ed a 1940 con un movimiento obrero organizado que tiene, aproximadamente, 450.000 afiliados, sobre un total de 900.000 trabajadores industriales.<\/span><\/span><\/p>\n<p style=\"background-color: #ffffff; margin: 5pt 0pt; text-align: justify;\"><span style=\"color: #000000;\"><span style=\"font-family: Verdana; font-size: 9pt;\"> En marzo de 1943 se produjo el rompimiento final de la CGT en dos fracciones: la CGT N\u00ba 1 y la CGT N\u00ba 2. Qued\u00f3 en la primera la mayor parte de las organizaciones, entre ellas, la Uni\u00f3n Ferroviaria y la Fraternidad, y otros <\/span><span style=\"font-family: Verdana; font-size: 9pt;\">nucleamientos<\/span><span style=\"font-family: Verdana; font-size: 9pt;\"> que se resist\u00edan a ser alineados seg\u00fan el dilema \u00abfascismo-democracia\u00bb, impuesto por la estrategia del Soviet. Una de sus principales figuras era Jos\u00e9 <\/span><span style=\"font-family: Verdana; font-size: 9pt;\">Dom\u00e9nech<\/span><span style=\"font-family: Verdana; font-size: 9pt;\">, l\u00edder ferroviario. En la N\u00ba 2 militaban los llamados \u00abdemocr\u00e1ticos, predominantemente comunistas y socialistas (municipales, construcci\u00f3n, comercio, trabajadores del Estado). Y as\u00ed el movimiento del 4 de junio los encontr\u00f3 en una profunda crisis, como bien lo se\u00f1al\u00f3 Pablo Ibarra. (20)<\/span><\/span><\/p>\n<p style=\"background-color: #ffffff; margin: 5pt 0pt; text-align: justify;\"><span style=\"color: #000000;\"><span style=\"font-family: Verdana; font-size: 9pt;\"> Se visualizan dos etapas bien diferenciadas en las relaciones del nuevo gobierno con los trabajadores: una primera, que va de junio a octubre de 1943, y una segunda, a partir de la designaci\u00f3n del coronel Per\u00f3n en el Departamento Nacional del Trabajo.<\/span><\/span><\/p>\n<p style=\"background-color: #ffffff; margin: 5pt 0pt; text-align: justify;\"><span style=\"color: #000000;\"><span style=\"font-family: Verdana; font-size: 9pt;\"> No hubo resistencia al nuevo gobierno por parte de los <\/span><span style=\"font-family: Verdana; font-size: 9pt;\">nucleamientos<\/span><span style=\"font-family: Verdana; font-size: 9pt;\"> de las dos CGT. El 25 de junio, la CGT 1 dio una declaraci\u00f3n favorable a las medidas oficiales contra el agio y la especulaci\u00f3n en art\u00edculos de primera necesidad. D\u00edas antes, una delegaci\u00f3n de la CGT, presidida por su secretario general Francisco P\u00e9rez <\/span><span style=\"font-family: Verdana; font-size: 9pt;\">Leir\u00f3s<\/span><span style=\"font-family: Verdana; font-size: 9pt;\">, hab\u00eda visitado al ministro del Interior. Y la entrevista fue cordial, seg\u00fan La Vanguardia, \u00f3rgano del socialismo.<\/span><\/span><\/p>\n<p style=\"background-color: #ffffff; margin: 5pt 0pt; text-align: justify;\"><span style=\"color: #000000;\"><span style=\"font-family: Verdana; font-size: 9pt;\"> A principios de julio se hizo cargo del Departamento Nacional de Trabajo el coronel Carlos M. Gianni y semanas despu\u00e9s el 21, fue clausurada la sede de la CGT 2. En agosto fueron intervenidas la Uni\u00f3n Ferroviaria y La Fraternidad, dos de las grandes de la CGT 1.<\/span><\/span><\/p>\n<p style=\"background-color: #ffffff; margin: 5pt 0pt; text-align: justify;\"><span style=\"color: #000000;\"><span style=\"font-family: Verdana; font-size: 9pt;\"> Tambi\u00e9n hubo confinamientos de dirigentes, entre ello, Jos\u00e9 Meter, l\u00edder del gremio de la carne. (21)<\/span><\/span><\/p>\n<p style=\"background-color: #ffffff; margin: 5pt 0pt; text-align: justify;\"><span style=\"color: #000000;\"><span style=\"font-family: Verdana; font-size: 9pt;\"> Con la designaci\u00f3n del coronel Per\u00f3n el 27 de octubre de 1943, en reemplazo de Gianni, empieza otra historia, que avanzar\u00eda aceleradamente. Un mes despu\u00e9s, apenas, fue creada <\/span><span style=\"font-family: Verdana; font-size: 9pt;\">la Secretar\u00eda de trabajo y Previsi\u00f3n Social, que inici\u00f3 una nueva era en la pol\u00edtica social de la Argentina. El Estado asum\u00eda desde all\u00ed su \u00abdeber social\u00bb, inspir\u00e1ndose en principios de \u00abcolaboraci\u00f3n social\u00bb, al decir del coronel. (22)<\/span><\/span><\/p>\n<p style=\"background-color: #ffffff; margin: 5pt 0pt; text-align: justify;\"><span style=\"color: #000000;\"><span style=\"font-family: Verdana; font-size: 9pt;\"> Entre junio y noviembre ocurrieron hechos decisivos con respecto al futuro de una central \u00fanica de trabajadores. Las organizaciones no intervenidas de la CGT 1 resolvieron, el 11 de septiembre, continuar funcionando y eligieron un consejo central confederal cuyos cargos principales fueron ocupados por Ram\u00f3n <\/span><span style=\"font-family: Verdana; font-size: 9pt;\">Ceijas<\/span><span style=\"font-family: Verdana; font-size: 9pt;\"> (secretario general). Alcides Montiel (secretario adjunto) y Alfredo <\/span><span style=\"font-family: Verdana; font-size: 9pt;\">Fidanza<\/span><span style=\"font-family: Verdana; font-size: 9pt;\"> (secretario administrativo). Si bien los sindicatos ferroviarios intervenidos se hab\u00edan alejado de la CGT, a fines de octubre, cuando se hace cargo de la intervenci\u00f3n el coronel Domingo A. Mercante, fue revocada aquella decisi\u00f3n. \u00abAs\u00ed comenz\u00f3 (lamenta Diego Abad de Santill\u00e1n) un nuevo cap\u00edtulo de la historia gremial argentina, cuya unidad, por la que se hab\u00eda venido combatiendo desde comienzos del siglo, fue al fin impuesta por el gobierno militar\u00bb. (23) Dir\u00edamos que, m\u00e1s que por el gobierno militar por un realineamiento de dirigentes y organizaciones que, sobre la base de la CGT 1, apuraron el resurgimiento de la central obrera. Pero para que esto sucediera tuvo que transcurrir todo el a\u00f1o 1944, en que grandes sindicatos, como los de comercio<\/span><span style=\"font-family: Verdana; font-size: 9pt;\"> (liderados por el socialista <\/span><span style=\"font-family: Verdana; font-size: 9pt;\">Angel<\/span><span style=\"font-family: Verdana; font-size: 9pt;\"> G. <\/span><span style=\"font-family: Verdana; font-size: 9pt;\">Borlenghi<\/span><span style=\"font-family: Verdana; font-size: 9pt;\">), ser\u00edan ganados por la pol\u00edtica puesta en marcha.<\/span><\/span><\/p>\n<p style=\"background-color: #ffffff; margin: 5pt 0pt; text-align: justify;\"><span style=\"color: #000000;\"><span style=\"font-family: Verdana; font-size: 9pt;\"> La Junta de Unidad Sindical de la CGT produjo el 12 de julio de 1945 un hecho fundamental, demostrativo de lo que estaba ocurriendo con la clase trabajadores, cuando concentr\u00f3 en Diagonal Norte y Florida unos 350.000 trabajadores ( ), para repudiar a las \u00abfuerzas vivas\u00bb que combat\u00edan la nueva pol\u00edtica social. En ese acto hablaron Telmo B. Luna, presidente de la Uni\u00f3n Ferroviaria; Manuel E. Pichel, tesorero de la CGT, del gremio mercantil, y <\/span><span style=\"font-family: Verdana; font-size: 9pt;\">Angel<\/span><span style=\"font-family: Verdana; font-size: 9pt;\"> G. <\/span><span style=\"font-family: Verdana; font-size: 9pt;\">Borlenghi<\/span><span style=\"font-family: Verdana; font-size: 9pt;\"> ya mencionado. (24)<\/span><\/span><\/p>\n<p style=\"background-color: #ffffff; margin: 5pt 0pt; text-align: justify;\"><span style=\"color: #000000;\"><span style=\"font-family: Verdana; font-size: 9pt;\"> Claro, se desataron algunas acusaciones, y el 5 de septiembre, La Fraternidad y la Uni\u00f3n Obrera Textil (comunista, a la saz\u00f3n) y el Sindicato Obrero del Calzado se desafiliaron de la CGT. Pero la historia se hab\u00eda abierto otro rumbo. Apareci\u00f3 en escena un sector hasta entonces mero espectador, la clase obrera de origen provinciano, sin mayor ligaz\u00f3n con el movimiento sindical de Buenos <\/span><span style=\"font-family: Verdana; font-size: 9pt;\">Airs<\/span><span style=\"font-family: Verdana; font-size: 9pt;\">. Como bien observa un autor<\/span><span style=\"font-family: Verdana; font-size: 9pt;\"> antes citado: \u00abAunque quiera cerrarse los ojos, nadie puede ignorar que la invasi\u00f3n de <\/span><span style=\"font-family: Verdana; font-size: 9pt;\">ius<\/span> <span style=\"font-family: Verdana; font-size: 9pt;\">sanguinis<\/span><span style=\"font-family: Verdana; font-size: 9pt;\"> del interior (el cabecita negra sin ideolog\u00eda gremial), sobre el <\/span><span style=\"font-family: Verdana; font-size: 9pt;\">ius<\/span> <span style=\"font-family: Verdana; font-size: 9pt;\">solis<\/span><span style=\"font-family: Verdana; font-size: 9pt;\"> sindicalizado e ideol\u00f3gico del litoral, aport\u00f3, con aquellas masas antiguamente migratorias y explotadas, un nuevo sentido tel\u00farico y tradicionalista al movimiento de la clase trabajadora, y en definitiva agreg\u00f3 con fuerza avasalladora un moderno sentido de integraci\u00f3n nacional a la clase social a la que pertenec\u00edan\u00bb. (25)<\/span><\/span><\/p>\n<p style=\"background-color: #ffffff; margin: 5pt 0pt; text-align: justify;\"><span style=\"color: #000000;\"><span style=\"font-family: Verdana; font-size: 9pt;\"> El 21 de septiembre de 1945 fue elegido el nuevo congreso central <\/span><span style=\"font-family: Verdana; font-size: 9pt;\">confedeal<\/span><span style=\"font-family: Verdana; font-size: 9pt;\"> y Silverio <\/span><span style=\"font-family: Verdana; font-size: 9pt;\">Pontieri<\/span><span style=\"font-family: Verdana; font-size: 9pt;\">, un ferroviario, resulto elegido secretario general de la CGT. Una nueva CGT, menos de un mes antes del 17 de octubre.<\/span><\/span><\/p>\n<\/div>\n<p>&nbsp;<\/p>\n<p>&nbsp;<\/p>\n<p>&nbsp;<\/p>\n<div>\n<p style=\"background-color: #ffffff; margin: 5pt 0pt; text-align: center;\"><span style=\"color: #000000;\"><img loading=\"lazy\" decoding=\"async\" class=\"aligncenter  wp-image-5458\" src=\"https:\/\/historiadelperonismo.com\/wp-content\/uploads\/55e752d62e013_img.jpeg\" alt=\"55e752d62e013_img\" width=\"400\" height=\"313\" srcset=\"https:\/\/historiadelperonismo.com\/wp-content\/uploads\/55e752d62e013_img.jpeg 199w, https:\/\/historiadelperonismo.com\/wp-content\/uploads\/55e752d62e013_img-186x146.jpeg 186w, https:\/\/historiadelperonismo.com\/wp-content\/uploads\/55e752d62e013_img-50x39.jpeg 50w\" sizes=\"(max-width: 400px) 100vw, 400px\" \/><\/span><\/p>\n<p style=\"background-color: #ffffff; margin: 5pt 0pt; text-align: justify;\">\n<p>&nbsp;<\/p>\n<p style=\"background-color: #ffffff; margin: 5pt 0pt; text-align: justify;\"><span style=\"color: #000000;\"><span style=\"font-family: Verdana; font-size: 9pt;\">A partir de all\u00ed<\/span><span style=\"font-family: Verdana; font-size: 9pt;\"> el movimiento obrero organizado se afianzar\u00e1 en torno a una central en expansi\u00f3n, seg\u00fan indican las cifras. De los 200.000 afiliados de la CGT 1, en 1943, se saltar\u00eda a 6.000.000 al comenzar la d\u00e9cada siguiente, la de 1950. Convendr\u00eda se\u00f1alar, adem\u00e1s, que el n\u00famero de obreros industriales registr\u00f3 un notable incremento en menos de un lustro. As\u00ed, de 927.000 estimados en 1941 se pas\u00f3 a 1.238.000 en 1945, el a\u00f1o que marc\u00f3 la aparici\u00f3n de un nuevo gremialismo.<\/span><\/span><\/p>\n<p>&nbsp;<\/p>\n<p style=\"background-color: #ffffff; margin: 5pt 0pt; text-align: justify;\"><span style=\"color: #000000; font-size: 10pt;\"><strong><span style=\"font-family: Verdana;\">Bibliograg\u00eda y documentaci\u00f3n de apoyo<\/span><\/strong><\/span><\/p>\n<p style=\"background-color: #ffffff; margin: 5pt 0pt; text-align: justify;\"><span style=\"font-family: Verdana; font-size: 9pt; color: #000000;\">(Ordenamiento original del autor)<\/span><\/p>\n<p>&nbsp;<\/p>\n<p style=\"background-color: #ffffff; margin: 5pt 0pt; text-align: justify;\"><span style=\"font-size: 10pt;\"><strong><span style=\"color: #000000;\"><span style=\"font-family: Verdana;\">1-Peyret, Alexis (1826-1902) fue profesor de Historia en el Colegio<\/span><\/span><\/strong><\/span><br \/>\n<span style=\"font-size: 10pt;\"><strong><span style=\"color: #000000;\"><span style=\"font-family: Verdana;\"> durante el<\/span><span style=\"font-family: Verdana;\"> rectorado de Alberto <\/span><span style=\"font-family: Verdana;\">Larroque<\/span><span style=\"font-family: Verdana;\">. Dej\u00f3 la administraci\u00f3n de la<\/span><\/span><\/strong><\/span><br \/>\n<span style=\"font-size: 10pt;\"><strong><span style=\"color: #000000;\"><span style=\"font-family: Verdana;\"> colonia San Jos\u00e9 por<\/span><span style=\"font-family: Verdana;\"> adherir a la revoluci\u00f3n <\/span><span style=\"font-family: Verdana;\">jordanista<\/span><span style=\"font-family: Verdana;\"> entrerriana.<\/span><\/span><\/strong><\/span><br \/>\n<span style=\"font-size: 10pt;\"><strong><span style=\"color: #000000;\"><span style=\"font-family: Verdana;\"> Entre 1876 y 71 volvi\u00f3 a su<\/span><span style=\"font-family: Verdana;\"> c\u00e1tedra en Concepci\u00f3n del Uruguay.<\/span><\/span><\/strong><\/span><br \/>\n<span style=\"font-size: 10pt;\"><strong><span style=\"color: #000000;\"><span style=\"font-family: Verdana;\">Despu\u00e9s fue inspector de Colonias (1889- 94). En 1889 represent\u00f3 a la<\/span><\/span><\/strong><\/span><br \/>\n<span style=\"font-size: 10pt;\"><strong><span style=\"color: #000000;\"><span style=\"font-family: Verdana;\">Argentina en el Congreso Internacional Obrero reunido en Par\u00eds.<\/span><\/span><\/strong><\/span><br \/>\n<span style=\"font-size: 10pt;\"><strong><span style=\"color: #000000;\"><span style=\"font-family: Verdana;\">2-El Nacional, Buenos Aires, 14 de septiembre de 1878: \u00abEl socialismo usa las huelgas como instrumento de perturbaci\u00f3n, pero el socialismo es una necesidad en Am\u00e9rica\u00bb.<\/span><\/span><\/strong><\/span><br \/>\n<span style=\"font-size: 10pt;\"><strong><span style=\"color: #000000;\"><span style=\"font-family: Verdana;\">3-Fueron publicaciones de corta vida: El socialista, 1877; La Luz, 1878; La voz del Obrero y El Descamisado, 1879, anarquista este \u00faltimo.<\/span><\/span><\/strong><\/span><br \/>\n<span style=\"font-size: 10pt;\"><strong><span style=\"color: #000000;\"><span style=\"font-family: Verdana;\">4-Germ\u00e1n <\/span><span style=\"font-family: Verdana;\">Av\u00e9-Lallemant<\/span><span style=\"font-family: Verdana;\"> (1835-1910) dirigi\u00f3 El Obrero desde su aparici\u00f3n el 12 de diciembre de 1890. Ten\u00eda como lema: \u00abProletarios de todos los pa\u00edses, un\u00edos\u00bb. Dej\u00f3 su direcci\u00f3n en 1891. Antes de venir a Buenos Aires fue secretario del comit\u00e9 de la Uni\u00f3n C\u00edvica Popular que presid\u00eda Te\u00f3filo <\/span><span style=\"font-family: Verdana;\">Sa\u00e1<\/span><span style=\"font-family: Verdana;\">, en San Luis.<\/span><\/span><\/strong><\/span><br \/>\n<span style=\"font-size: 10pt;\"><strong><span style=\"color: #000000;\"><span style=\"font-family: Verdana;\">5-P\u00e9rez Amuch\u00e1stegui, A.J., Ciudadanos conspicuos y hombres comunes, en \u00abCr\u00f3nica Hist\u00f3rica Argentina, N\u00ba 64, Codex, Buenos Aires, 1969.<\/span><\/span><\/strong><\/span><br \/>\n<span style=\"font-size: 10pt;\"><strong><span style=\"color: #000000;\"><span style=\"font-family: Verdana;\">6-Farrell, Gerardo T, Iglesia y pueblo en argentina, 1860-1974, Buenos Aires, 1976.<\/span><\/span><\/strong><\/span><br \/>\n<span style=\"font-size: 10pt;\"><strong><span style=\"color: #000000;\"><span style=\"font-family: Verdana;\">7-Una cr\u00f3nica detallada de esta concentraci\u00f3n, en La Prensa, Buenos Aires, 15 de octubre de 1894.<\/span><\/span><\/strong><\/span><br \/>\n<span style=\"font-size: 10pt;\"><strong><span style=\"color: #000000;\"><span style=\"font-family: Verdana;\">8-Marotta, Sebasti\u00e1n, El movimiento sindical argentino, Buenos Aires 1960.<\/span><\/span><\/strong><\/span><br \/>\n<span style=\"font-size: 10pt;\"><strong><span style=\"color: #000000;\"><span style=\"font-family: Verdana;\">9-La Protesta Humana, Buenos Aires, 10 de mayo de 1902.<\/span><\/span><\/strong><\/span><br \/>\n<span style=\"font-size: 10pt;\"><strong><span style=\"font-family: Verdana; color: #000000;\"> 10-Vedoya, Juan Carlos, Primero de Mayo. Ayer y Hoy. Evoluci\u00f3n pol\u00edtica de la clase obrera, en \u00abTodo es historia\u00bb, a\u00f1o VII, N\u00ba 73, Buenos Aires, mayo de 1973.<\/span><\/strong><\/span><br \/>\n<span style=\"font-size: 10pt;\"><strong><span style=\"color: #000000;\"><span style=\"font-family: Verdana;\">11-Fue un movimiento cultural importante, aunque aparezca marginado por la cultura oficial del sistema. Chirlado dirigi\u00f3 El Sol (1899-1903) y El Obrero (1896). Fund\u00f3 y dirigi\u00f3 Mart\u00edn Fierro, cuyo primer editorial, de marzo de 1904, recoge los trabajos de Pablo Subiera sobre el poema <\/span><span style=\"font-family: Verdana;\">hernandino<\/span><span style=\"font-family: Verdana;\">. Despu\u00e9s, a partir del 13 de mayo de 1909, continu\u00f3 su tarea en la revista Ideas y Figuras.<\/span><\/span><\/strong><\/span><br \/>\n<span style=\"font-size: 10pt;\"><strong><span style=\"font-family: Verdana; color: #000000;\"> 12-Manuel Ugarte fue separado del Partido Socialista antes de la primera guerra mundial. Hab\u00eda ingresado en \u00e9l en 1904. Durante la guerra dirigi\u00f3 La Patria (1914), neutralista. En 1946 adhiri\u00f3 al Movimiento Peronista.<\/span><\/strong><\/span><br \/>\n<span style=\"font-size: 10pt;\"><strong><span style=\"font-family: Verdana; color: #000000;\"> 13-Babini, Nicol\u00e1s, La Semana Tr\u00e1gica, en \u00abTodo es historia\u00bb, a\u00f1o I, n\u00ba 5, Buenos aires, septiembre de 1967.<\/span><\/strong><\/span><br \/>\n<span style=\"font-size: 10pt;\"><strong><span style=\"font-family: Verdana; color: #000000;\"> 14-Quesada, Fernando, La Protesta, una longeva voz libertaria, en \u00abTodo es historia\u00bb, a\u00f1o VII, N\u00ba 83, Buenos aires, abril de 1974.<\/span><\/strong><\/span><br \/>\n<span style=\"font-size: 10pt;\"><strong><span style=\"color: #000000;\"><span style=\"font-family: Verdana;\">15-Abad de Santill\u00e1n, Diego, El movimiento obrero argentino ante el golpe de estado del 6 de septiembre de 1930, en \u00abLa crisis de 1930\u00bb,<\/span><span style=\"font-family: Verdana;\"> Revista de Historia, N\u00ba 3, Buenos aires, 1958.<\/span><\/span><\/strong><\/span><br \/>\n<span style=\"font-size: 10pt;\"><strong><span style=\"font-family: Verdana; color: #000000;\"> 16-Idem<\/span><\/strong><\/span><br \/>\n<span style=\"font-size: 10pt;\"><strong><span style=\"font-family: Verdana; color: #000000;\"> 17-Idem<\/span><\/strong><\/span><br \/>\n<span style=\"font-size: 10pt;\"><strong><span style=\"color: #000000;\"><span style=\"font-family: Verdana;\">18-Vedoya, Juan Carlos, <\/span><span style=\"font-family: Verdana;\">op<\/span><span style=\"font-family: Verdana;\">. Cit.<\/span><\/span><\/strong><\/span><br \/>\n<span style=\"font-size: 10pt;\"><strong><span style=\"color: #000000;\"><span style=\"font-family: Verdana;\">19-El 1\u00ba de mayo de 1938 la Alianza de la Juventud Nacionalista rompi\u00f3 el monopolio socialista en las manifestaciones conmemorativas del D\u00eda del Trabajo.<\/span><\/span><\/strong><\/span><br \/>\n<span style=\"font-size: 10pt;\"><strong><span style=\"font-family: Verdana; color: #000000;\"> 20-Ibarra, Pablo (Real, Juan Jos\u00e9). Una manifestaci\u00f3n proletaria y popular transforma al peronismo de fen\u00f3meno militar en movimiento nacional, en \u00abLa Opini\u00f3n\u00bb, Buenos Aires, 17 de octubre de 1971.<\/span><\/strong><\/span><br \/>\n<span style=\"font-size: 10pt;\"><strong><span style=\"font-family: Verdana; color: #000000;\"> 21-Jos\u00e9 Peter fue tra\u00eddo del Neuqu\u00e9n y negoci\u00f3 con el coronel Per\u00f3n el levantamiento de la huelga de los frigor\u00edficos a cambio de mejoras.<\/span><\/strong><\/span><br \/>\n<span style=\"font-size: 10pt;\"><strong><span style=\"font-family: Verdana; color: #000000;\"> 22-Discurso del 2 de diciembre de 1943.<\/span><\/strong><\/span><br \/>\n<span style=\"font-size: 10pt;\"><strong><span style=\"font-family: Verdana; color: #000000;\"> 23-Abad de Santill\u00e1n, Diego, Historia Argentina, vol. 5, Buenos Aires, 1971.<\/span><\/strong><\/span><br \/>\n<span style=\"font-size: 10pt;\"><strong><span style=\"font-family: Verdana; color: #000000;\"> 24-El \u00f3rgano CGT, de la central obrera, el 16 de julio de 1945, dio una cr\u00f3nica muy completa de dicho acto, con el t\u00edtulo de \u00abProporciones gigantescas adquiri\u00f3 la concentraci\u00f3n de la CGT\u00bb.<\/span><\/strong><\/span><\/p>\n<p style=\"font-size: 9pt; line-height: 115%; margin: 0pt 0pt 10pt;\"><span style=\"font-size: 10pt;\"><strong><span style=\"color: #000000;\"><span style=\"font-family: Verdana; background-color: #ffffff;\">25)-<\/span><span style=\"font-family: Verdana; background-color: #ffffff;\">Vedoya<\/span><span style=\"font-family: Verdana; background-color: #ffffff;\">, Juan Carlos, <\/span><span style=\"font-family: Verdana; background-color: #ffffff;\">op.cit<\/span><span style=\"font-family: Verdana; background-color: #ffffff;\">.<\/span><\/span><\/strong><\/span><\/p>\n<\/div>\n<p><span style=\"color: #000000;\">\u00a0<\/span><\/p>\n","protected":false},"excerpt":{"rendered":"<p>&nbsp; HISTORIA DEL\u00a0 MOVIMIENTO OBRERO ORGANIZADO ANTES DEL PERONISMO &nbsp; Por Ferm\u00edn Ch\u00e1vez Publicado en Cuadernos de Tercera Posici\u00f3n, N\u00ba 9, publicaci\u00f3n de Tercera Posici\u00f3n, quincenario [&hellip;]<\/p>\n","protected":false},"author":2,"featured_media":0,"comment_status":"closed","ping_status":"closed","sticky":false,"template":"","format":"standard","meta":{"footnotes":""},"categories":[1],"tags":[],"class_list":["post-4150","post","type-post","status-publish","format-standard","hentry","category-sin-categoria"],"_links":{"self":[{"href":"https:\/\/historiadelperonismo.com\/index.php?rest_route=\/wp\/v2\/posts\/4150","targetHints":{"allow":["GET"]}}],"collection":[{"href":"https:\/\/historiadelperonismo.com\/index.php?rest_route=\/wp\/v2\/posts"}],"about":[{"href":"https:\/\/historiadelperonismo.com\/index.php?rest_route=\/wp\/v2\/types\/post"}],"author":[{"embeddable":true,"href":"https:\/\/historiadelperonismo.com\/index.php?rest_route=\/wp\/v2\/users\/2"}],"replies":[{"embeddable":true,"href":"https:\/\/historiadelperonismo.com\/index.php?rest_route=%2Fwp%2Fv2%2Fcomments&post=4150"}],"version-history":[{"count":4,"href":"https:\/\/historiadelperonismo.com\/index.php?rest_route=\/wp\/v2\/posts\/4150\/revisions"}],"predecessor-version":[{"id":11847,"href":"https:\/\/historiadelperonismo.com\/index.php?rest_route=\/wp\/v2\/posts\/4150\/revisions\/11847"}],"wp:attachment":[{"href":"https:\/\/historiadelperonismo.com\/index.php?rest_route=%2Fwp%2Fv2%2Fmedia&parent=4150"}],"wp:term":[{"taxonomy":"category","embeddable":true,"href":"https:\/\/historiadelperonismo.com\/index.php?rest_route=%2Fwp%2Fv2%2Fcategories&post=4150"},{"taxonomy":"post_tag","embeddable":true,"href":"https:\/\/historiadelperonismo.com\/index.php?rest_route=%2Fwp%2Fv2%2Ftags&post=4150"}],"curies":[{"name":"wp","href":"https:\/\/api.w.org\/{rel}","templated":true}]}}