{"id":4177,"date":"2013-09-20T13:00:37","date_gmt":"2013-09-20T13:00:37","guid":{"rendered":"http:\/\/www.xn--diseowebdmg4-dhb.com.ar\/historiadelperonismo\/?p=4177"},"modified":"2018-08-18T21:36:00","modified_gmt":"2018-08-19T00:36:00","slug":"prof-godoy-pedro","status":"publish","type":"post","link":"https:\/\/historiadelperonismo.com\/?p=4177","title":{"rendered":"Prof. Godoy, Pedro"},"content":{"rendered":"<p>&nbsp;<\/p>\n<div>\n<table style=\"border-collapse: collapse; margin-left: 0pt; width: 100%;\" cellspacing=\"0\" cellpadding=\"0\">\n<tbody>\n<tr>\n<td style=\"background-color: #ffffff; padding: 0.38pt; vertical-align: middle; border: 0.75pt solid #000000;\">\n<table style=\"border-collapse: collapse; margin-left: 0pt; width: 100%;\" cellspacing=\"0\" cellpadding=\"0\">\n<tbody>\n<tr>\n<td style=\"padding: 0.75pt; vertical-align: middle;\">\n<p style=\"margin: 5pt 0pt; text-align: center;\"><span style=\"color: #000000;\"><a style=\"color: #000000;\" href=\"http:\/\/www.historiadelperonismo.com\/\"><span style=\"font-family: Verdana; font-size: 9pt; font-weight: bold;\">www.historiadelperonismo.com<\/span><\/a><span style=\"font-family: Verdana; font-size: 9pt; font-weight: bold;\">\u00a0<\/span><span style=\"font-family: Verdana; font-size: 9pt; font-weight: bold;\">agradece al <\/span><span style=\"font-family: Verdana; font-size: 9pt; font-weight: bold;\">prof.<\/span><span style=\"font-family: Verdana; font-size: 9pt; font-weight: bold;\"> Pedro Godoy P. su autorizaci\u00f3n para la publicaci\u00f3n de este trabajo<\/span><\/span><\/p>\n<p style=\"margin: 5pt 0pt; text-align: center;\"><span style=\"font-family: Verdana; font-size: 9pt; color: #000000;\">Prof. Pedro Godoy P.<\/span><\/p>\n<p><img decoding=\"async\" class=\"size-full wp-image-5536 aligncenter\" src=\"https:\/\/historiadelperonismo.com\/wp-content\/uploads\/55e868ef432c0_img.png\" alt=\"55e868ef432c0_img\" width=\"143\" height=\"229\" srcset=\"https:\/\/historiadelperonismo.com\/wp-content\/uploads\/55e868ef432c0_img.png 143w, https:\/\/historiadelperonismo.com\/wp-content\/uploads\/55e868ef432c0_img-91x146.png 91w, https:\/\/historiadelperonismo.com\/wp-content\/uploads\/55e868ef432c0_img-31x50.png 31w\" sizes=\"(max-width: 143px) 100vw, 143px\" \/><\/p>\n<p style=\"text-align: center;\"><span style=\"color: #000000;\"><span style=\"font-family: Verdana; font-size: 9pt; font-weight: bold;\">PER\u00d3N<\/span><span style=\"font-family: Verdana; font-size: 9pt; font-weight: bold;\">\u00a0<\/span><span style=\"font-family: Verdana; font-size: 9pt; font-weight: bold;\">EN CHILE<\/span><span style=\"font-family: Verdana; font-size: 9pt; font-weight: bold;\">\u00a0<\/span><\/span><br \/>\n<span style=\"font-family: Verdana; font-size: 9pt; font-weight: bold; color: #000000;\"> 1953<\/span><\/p>\n<\/td>\n<\/tr>\n<\/tbody>\n<\/table>\n<p style=\"margin: 0pt;\">\n<\/td>\n<\/tr>\n<\/tbody>\n<\/table>\n<p style=\"background-color: #ffffff; margin: 5pt 0pt; text-align: center;\"><img decoding=\"async\" class=\"alignleft size-full wp-image-5539\" src=\"https:\/\/historiadelperonismo.com\/wp-content\/uploads\/55e868ef43457_img.png\" alt=\"55e868ef43457_img\" width=\"198\" height=\"236\" srcset=\"https:\/\/historiadelperonismo.com\/wp-content\/uploads\/55e868ef43457_img.png 198w, https:\/\/historiadelperonismo.com\/wp-content\/uploads\/55e868ef43457_img-122x146.png 122w, https:\/\/historiadelperonismo.com\/wp-content\/uploads\/55e868ef43457_img-42x50.png 42w\" sizes=\"(max-width: 198px) 100vw, 198px\" \/><\/p>\n<p><span style=\"color: #000000;\"><span style=\"font-family: Verdana; font-size: 9pt; font-style: italic; font-weight: bold;\">Colecci\u00f3n Historia Encubierta<\/span><span style=\"font-family: Verdana; font-size: 9pt; font-style: italic; font-weight: bold;\">\u00a0<\/span><span style=\"font-family: Verdana; font-size: 9pt; font-weight: bold;\">EDICIONES NUESTRAMERICA<\/span><\/span><\/p>\n<p>&nbsp;<\/p>\n<p style=\"margin: 0pt;\"><span style=\"font-family: 'Times New Roman'; font-size: 12pt; color: #000000;\">\u00a0<\/span><\/p>\n<div style=\"width: 100%;\"><\/div>\n<hr style=\"background-color: rgba(0, 0, 0, .00); color: rgba(0, 0, 0, .00);\" \/>\n<p style=\"background-color: #ffffff; margin: 5pt 0pt; text-align: justify;\"><span style=\"font-family: Verdana; font-size: 9pt; font-weight: bold; color: #000000;\">\u00cdNDICE<\/span><\/p>\n<p style=\"background-color: #ffffff; margin: 5pt 0pt; text-align: justify;\"><span style=\"font-family: Verdana; font-size: 9pt; font-weight: bold; color: #000000;\">\u00a0<\/span><\/p>\n<p style=\"background-color: #ffffff; margin: 5pt 0pt; text-align: justify;\"><span style=\"font-family: Verdana; font-size: 9pt; font-weight: bold; color: #000000;\">PREFACIO<\/span><\/p>\n<ul style=\"margin: 0pt; padding-left: 0pt;\" type=\"disc\">\n<li style=\"background-color: #ffffff; font-family: serif; font-size: 10pt; margin: 5pt 0pt 5pt 27.6pt; padding-left: 8.4pt; text-align: justify; text-indent: 0pt;\"><span style=\"font-family: Verdana; font-size: 9pt; font-weight: bold; color: #000000;\">Las Semillas<\/span><\/li>\n<li style=\"background-color: #ffffff; font-family: serif; font-size: 10pt; margin: 5pt 0pt 5pt 27.6pt; padding-left: 8.4pt; text-align: justify; text-indent: 0pt;\"><span style=\"font-family: Verdana; font-size: 9pt; font-weight: bold; color: #000000;\">Irredentismo y ABC<\/span><\/li>\n<li style=\"background-color: #ffffff; font-family: serif; font-size: 10pt; margin: 5pt 0pt 5pt 27.6pt; padding-left: 8.4pt; text-align: justify; text-indent: 0pt;\"><span style=\"font-family: Verdana; font-size: 9pt; font-weight: bold; color: #000000;\">Tras un nuevo Maip\u00fa<\/span><\/li>\n<li style=\"background-color: #ffffff; font-family: serif; font-size: 10pt; margin: 5pt 0pt 5pt 27.6pt; padding-left: 8.4pt; text-align: justify; text-indent: 0pt;\"><span style=\"font-family: Verdana; font-size: 9pt; font-weight: bold; color: #000000;\">Conjuras Y Anhelos<\/span><\/li>\n<li style=\"background-color: #ffffff; font-family: serif; font-size: 10pt; margin: 5pt 0pt 5pt 27.6pt; padding-left: 8.4pt; text-align: justify; text-indent: 0pt;\"><span style=\"color: #000000;\"><span style=\"font-family: Verdana; font-size: 9pt; font-weight: bold;\">\u00bf<\/span><span style=\"font-family: Verdana; font-size: 9pt; font-weight: bold;\">Iba\u00f1ismo<\/span><span style=\"font-family: Verdana; font-size: 9pt; font-weight: bold;\"> es Justicialismo?<\/span><\/span><\/li>\n<li style=\"background-color: #ffffff; font-family: serif; font-size: 10pt; margin: 5pt 0pt 5pt 27.6pt; padding-left: 8.4pt; text-align: justify; text-indent: 0pt;\"><span style=\"font-family: Verdana; font-size: 9pt; font-weight: bold; color: #000000;\">Horizonte Albiceleste<\/span><\/li>\n<li style=\"background-color: #ffffff; font-family: serif; font-size: 10pt; margin: 5pt 0pt 5pt 27.6pt; padding-left: 8.4pt; text-align: justify; text-indent: 0pt;\"><span style=\"font-family: Verdana; font-size: 9pt; font-weight: bold; color: #000000;\">El Imperio Se Moviliza<\/span><\/li>\n<li style=\"background-color: #ffffff; font-family: serif; font-size: 10pt; margin: 5pt 0pt 5pt 27.6pt; padding-left: 8.4pt; text-align: justify; text-indent: 0pt;\"><span style=\"font-family: Verdana; font-size: 9pt; font-weight: bold; color: #000000;\">\u00abSilencio\u00bb En La Caserna<\/span><\/li>\n<li style=\"background-color: #ffffff; font-family: serif; font-size: 10pt; margin: 5pt 0pt 5pt 27.6pt; padding-left: 8.4pt; text-align: justify; text-indent: 0pt;\"><span style=\"font-family: Verdana; font-size: 9pt; font-weight: bold; color: #000000;\">Cuesta Abajo En La Rodada<\/span><\/li>\n<li style=\"background-color: #ffffff; font-family: serif; font-size: 10pt; margin: 5pt 0pt 5pt 27.6pt; padding-left: 8.4pt; text-align: justify; text-indent: 0pt;\"><span style=\"color: #000000;\"><span style=\"font-family: Verdana; font-size: 9pt; font-weight: bold;\">La Batalla Del<\/span><span style=\"font-family: Verdana; font-size: 9pt; font-weight: bold;\">\u00a0<\/span><span style=\"font-family: Verdana; font-size: 9pt; font-weight: bold;\">Mapocho<\/span><\/span><\/li>\n<li style=\"background-color: #ffffff; font-family: serif; font-size: 10pt; margin: 5pt 0pt 5pt 27.6pt; padding-left: 8.4pt; text-align: justify; text-indent: 0pt;\"><span style=\"font-family: Verdana; font-size: 9pt; font-weight: bold; color: #000000;\">El Peso De La Noche<\/span><\/li>\n<li style=\"background-color: #ffffff; font-family: serif; font-size: 10pt; margin: 5pt 0pt 5pt 27.6pt; padding-left: 8.4pt; text-align: justify; text-indent: 0pt;\"><span style=\"color: #000000;\"><span style=\"font-family: Verdana; font-size: 9pt; font-weight: bold;\">Documentos Per\u00f3n-<\/span><span style=\"font-family: Verdana; font-size: 9pt; font-weight: bold;\">Iba\u00f1ez<\/span><span style=\"font-family: Verdana; font-size: 9pt; font-weight: bold;\"> 1953<\/span><\/span><\/li>\n<li style=\"background-color: #ffffff; font-family: serif; font-size: 10pt; margin: 5pt 0pt 5pt 27.6pt; padding-left: 8.4pt; text-align: justify; text-indent: 0pt;\"><span style=\"font-family: Verdana; font-size: 9pt; font-weight: bold; color: #000000;\">Argentina Y Chile<\/span><\/li>\n<li style=\"background-color: #ffffff; font-family: serif; font-size: 10pt; margin: 5pt 0pt 5pt 27.6pt; padding-left: 8.4pt; text-align: justify; text-indent: 0pt;\"><span style=\"color: #000000;\"><span style=\"font-family: Verdana; font-size: 9pt; font-weight: bold;\">Palabras del General <\/span><span style=\"font-family: Verdana; font-size: 9pt; font-weight: bold;\">Iba\u00f1ez<\/span><\/span><\/li>\n<li style=\"background-color: #ffffff; font-family: serif; font-size: 10pt; margin: 5pt 0pt 5pt 27.6pt; padding-left: 8.4pt; text-align: justify; text-indent: 0pt;\"><span style=\"color: #000000;\"><span style=\"font-family: Verdana; font-size: 9pt; font-weight: bold;\">Palabras del General<\/span><span style=\"font-family: Verdana; font-size: 9pt; font-weight: bold;\">\u00a0<\/span><span style=\"font-family: Verdana; font-size: 9pt; font-weight: bold;\"> Per\u00f3n<\/span><\/span><\/li>\n<li style=\"background-color: #ffffff; font-family: serif; font-size: 10pt; margin: 5pt 0pt 5pt 27.6pt; padding-left: 8.4pt; text-align: justify; text-indent: 0pt;\"><span style=\"color: #000000;\"><span style=\"font-family: Verdana; font-size: 9pt; font-weight: bold;\">O&#8217;higgins<\/span><span style=\"font-family: Verdana; font-size: 9pt; font-weight: bold;\"> Y San Martin<\/span><\/span><\/li>\n<li style=\"background-color: #ffffff; font-family: serif; font-size: 10pt; margin: 5pt 0pt 5pt 27.6pt; padding-left: 8.4pt; text-align: justify; text-indent: 0pt;\"><span style=\"color: #000000;\"><span style=\"font-family: Verdana; font-size: 9pt; font-weight: bold;\">Habla el General <\/span><span style=\"font-family: Verdana; font-size: 9pt; font-weight: bold;\">Iba\u00f1ez<\/span><\/span><\/li>\n<li style=\"background-color: #ffffff; font-family: serif; font-size: 10pt; margin: 5pt 0pt 5pt 27.6pt; padding-left: 8.4pt; text-align: justify; text-indent: 0pt;\"><span style=\"font-family: Verdana; font-size: 9pt; font-weight: bold; color: #000000;\">El Proyecto ABC<\/span><\/li>\n<li style=\"background-color: #ffffff; font-family: serif; font-size: 10pt; margin: 5pt 0pt 5pt 27.6pt; padding-left: 8.4pt; text-align: justify; text-indent: 0pt;\"><span style=\"font-family: Verdana; font-size: 9pt; font-weight: bold; color: #000000;\">Fotograf\u00edas<\/span><\/li>\n<\/ul>\n<p style=\"margin: 0pt;\"><span style=\"font-family: 'Times New Roman'; font-size: 12pt; color: #000000;\">\u00a0<\/span><\/p>\n<table style=\"border-collapse: collapse; margin-left: 0pt; width: 100%;\" cellspacing=\"0\" cellpadding=\"0\">\n<tbody>\n<tr style=\"height: 107.25pt;\">\n<td style=\"padding: 0.75pt; vertical-align: middle; width: 48%;\" rowspan=\"2\">\n<p style=\"margin: 0pt;\"><img fetchpriority=\"high\" decoding=\"async\" class=\"alignleft size-full wp-image-5540\" src=\"https:\/\/historiadelperonismo.com\/wp-content\/uploads\/55e868ef43678_img.jpeg\" alt=\"55e868ef43678_img\" width=\"220\" height=\"303\" srcset=\"https:\/\/historiadelperonismo.com\/wp-content\/uploads\/55e868ef43678_img.jpeg 220w, https:\/\/historiadelperonismo.com\/wp-content\/uploads\/55e868ef43678_img-218x300.jpeg 218w, https:\/\/historiadelperonismo.com\/wp-content\/uploads\/55e868ef43678_img-106x146.jpeg 106w, https:\/\/historiadelperonismo.com\/wp-content\/uploads\/55e868ef43678_img-36x50.jpeg 36w\" sizes=\"(max-width: 220px) 100vw, 220px\" \/><\/p>\n<\/td>\n<td style=\"padding: 0.75pt; vertical-align: middle; width: 52%;\">\n<p style=\"margin: 0pt;\"><span style=\"font-family: Verdana; font-size: 9pt; font-style: italic; color: #000000;\">De tanto amar y amar brotan los libros<\/span><br \/>\n<span style=\"font-family: Verdana; font-size: 9pt; font-style: italic; color: #000000;\"> y si no poseen hombre a manos llenas,<\/span><br \/>\n<span style=\"font-family: Verdana; font-size: 9pt; font-style: italic; color: #000000;\"> si no poseen mujer en cada gota,<\/span><br \/>\n<span style=\"font-family: Verdana; font-size: 9pt; font-style: italic; color: #000000;\"> hambre, deseo, c\u00f3lera, camino,<\/span><br \/>\n<span style=\"font-family: Verdana; font-size: 9pt; font-style: italic; color: #000000;\"> no sirven para escudo ni campana,<\/span><br \/>\n<span style=\"font-family: Verdana; font-size: 9pt; font-style: italic; color: #000000;\"> est\u00e1n sin ojos y no podr\u00e1n abrirlos<\/span><br \/>\n<span style=\"font-family: Verdana; font-size: 9pt; font-style: italic; color: #000000;\"> tendr\u00e1n la boca muerta del precepto\u00bb.<\/span><br \/>\n<span style=\"font-family: Verdana; font-size: 9pt; font-style: italic; font-weight: bold; color: #000000;\"> Pablo Neruda<\/span><\/p>\n<\/td>\n<\/tr>\n<tr>\n<td style=\"padding: 0.75pt; vertical-align: middle;\">\n<p style=\"margin: 0pt;\"><span style=\"color: #000000;\"><span style=\"font-family: Verdana; font-size: 9pt; font-style: italic;\">Acaso alguno desde\u00f1e, por<\/span><span style=\"font-family: Verdana; font-size: 9pt; font-style: italic;\">\u00a0<\/span><span style=\"font-family: Verdana; font-size: 9pt; font-style: italic; font-weight: bold;\">lo<\/span><\/span><br \/>\n<span style=\"font-family: Verdana; font-size: 9pt; font-style: italic; color: #000000;\"> criollo mis relatos. Estos no<\/span><br \/>\n<span style=\"font-family: Verdana; font-size: 9pt; font-style: italic; color: #000000;\"> son para extranjero,<\/span><br \/>\n<span style=\"color: #000000;\"> <span style=\"font-family: Verdana; font-size: 9pt; font-style: italic;\">\u00a0<\/span><span style=\"font-family: Verdana; font-size: 9pt; font-style: italic;\">cajetillas ni <\/span><span style=\"font-family: Verdana; font-size: 9pt; font-style: italic;\">pazguatos<\/span><span style=\"font-family: Verdana; font-size: 9pt; font-style: italic;\">.<\/span><span style=\"font-family: Verdana; font-size: 9pt;\">\u00a0<\/span><\/span><br \/>\n<span style=\"font-family: Verdana; font-size: 9pt; font-style: italic; font-weight: bold; color: #000000;\"> Leopoldo Lugones<\/span><\/p>\n<\/td>\n<\/tr>\n<\/tbody>\n<\/table>\n<p style=\"background-color: #ffffff; margin: 5pt 0pt;\"><span style=\"font-family: Verdana; font-size: 9pt;\">\u00a0<\/span><\/p>\n<p style=\"background-color: #ffffff; margin: 5pt 0pt; text-align: right;\"><span style=\"font-family: Verdana; font-size: 9pt;\">\u00a0<\/span><\/p>\n<p style=\"background-color: #ffffff; margin: 5pt 0pt; text-align: center;\"><span style=\"color: #ff0000; font-family: Verdana; font-size: 11.5pt; font-weight: bold;\">PREFACIO<\/span><span style=\"font-family: Verdana; font-size: 9pt; font-weight: bold;\">\u00a0<\/span><br \/>\n<img loading=\"lazy\" decoding=\"async\" class=\"aligncenter size-full wp-image-5541\" src=\"https:\/\/historiadelperonismo.com\/wp-content\/uploads\/55e868ef4379d_img.jpeg\" alt=\"55e868ef4379d_img\" width=\"65\" height=\"99\" srcset=\"https:\/\/historiadelperonismo.com\/wp-content\/uploads\/55e868ef4379d_img.jpeg 65w, https:\/\/historiadelperonismo.com\/wp-content\/uploads\/55e868ef4379d_img-33x50.jpeg 33w\" sizes=\"(max-width: 65px) 100vw, 65px\" \/><\/p>\n<p style=\"background-color: #ffffff; margin: 0pt; text-align: justify;\"><span style=\"color: #000000;\"><span style=\"font-family: Verdana; font-size: 9pt;\">El peronismo al interior de Argentina, ha sido estudiado. Su impacto externo, en cambio, es insuficientemente conocido. Se le cree un conductor puramente argentino. Lo fue y con impronta perdurable. Sin embargo, irradia m\u00e1s all\u00e1 de las fronteras patrias. No s\u00f3lo por su programa y realizaciones dom\u00e9sticas, sino porque impulsa un proyecto de reconstituci\u00f3n de lo que Manuel Ugarte denomina la Patria Grande. Con el pseud\u00f3nimo Descartes, ya en 1948, expresa<\/span><span style=\"font-family: Verdana; font-size: 9pt;\">\u00a0<\/span><span style=\"font-family: Verdana; font-size: 9pt; font-style: italic;\">\u00abla Cruz<\/span><span style=\"font-family: Verdana; font-size: 9pt; font-style: italic;\">\u00a0<\/span><span style=\"font-family: Verdana; font-size: 9pt; font-style: italic;\">del Sur es<\/span><span style=\"font-family: Verdana; font-size: 9pt; font-style: italic;\">\u00a0<\/span><span style=\"font-family: Verdana; font-size: 9pt; font-style: italic;\">el s\u00edmbolo de la Am\u00e9rica austral. Ni Argentina, Brasil<\/span><span style=\"font-family: Verdana; font-size: 9pt; font-style: italic;\">\u00a0<\/span><span style=\"font-family: Verdana; font-size: 9pt; font-style: italic;\">o Chile aislados pueden alcanzarla grandeza. Unidos,<\/span><span style=\"font-family: Verdana; font-size: 9pt; font-style: italic;\">\u00a0<\/span><span style=\"font-family: Verdana; font-size: 9pt; font-style: italic;\">en cambio, constituyen una entidad formidable <\/span><span style=\"font-family: Verdana; font-size: 9pt; font-style: italic;\">a<\/span><span style=\"font-family: Verdana; font-size: 9pt; font-style: italic;\">\u00a0<\/span><span style=\"font-family: Verdana; font-size: 9pt; font-style: italic;\">horcajadas de dos oc\u00e9anos&#8230; Desde all\u00ed, hacia el<\/span><span style=\"font-family: Verdana; font-size: 9pt; font-style: italic;\">\u00a0<\/span><span style=\"font-family: Verdana; font-size: 9pt; font-style: italic;\">norte, se construir\u00e1<\/span><span style=\"font-family: Verdana; font-size: 9pt; font-style: italic;\">\u00a0<\/span><span style=\"font-family: Verdana; font-size: 9pt; font-style: italic;\">la Confederaci\u00f3n <\/span><span style=\"font-family: Verdana; font-size: 9pt; font-style: italic;\">Sudamericana. Vinculados<\/span><span style=\"font-family: Verdana; font-size: 9pt; font-style: italic;\"> son inconquistables. Separados<\/span><span style=\"font-family: Verdana; font-size: 9pt; font-style: italic;\">\u00a0<\/span><span style=\"font-family: Verdana; font-size: 9pt; font-style: italic;\">indefendibles\u00bb.<\/span><span style=\"font-family: Verdana; font-size: 9pt;\">\u00a0<\/span><\/span><\/p>\n<p><span style=\"color: #000000;\"><span style=\"font-family: Verdana; font-size: 9pt;\">Ese Per\u00f3n que anhela cristalizar el proyecto de Bol\u00edvar y San Mart\u00edn est\u00e1 retratado en este texto. A las p\u00e1ginas de recuento e interpretaci\u00f3n de los nexos del mandatario trasandino con Carlos Ib\u00e1\u00f1ez en procura primero del ABC y despu\u00e9s de los EEUU <\/span><span style=\"font-family: Verdana; font-size: 9pt;\">andinoplatenses<\/span><span style=\"font-family: Verdana; font-size: 9pt;\"> se a\u00f1ade una secci\u00f3n de documentos y otra de testimonios fotogr\u00e1ficos. El semestre hist\u00f3rico que inaugura el conductor con su visita, en febrero de 1953, retribuido con la visita del Presidente de Chile a Buenos Aires en julio de ese mismo a\u00f1o, plasman un cap\u00edtulo estelar en la Historia de nuestra Am\u00e9rica. Si seguimos a Ortega y Gasset la Argentina de entonces -como en su momento Piamonte, Prusia o Castilla- exhibe \u00abtalento nacionalizador\u00bb ofreciendo a los vecinos un \u00abproyecto de vida en com\u00fan1\u00bb.<\/span><\/span><br \/>\n<span style=\"color: #000000;\"> <span style=\"font-family: Verdana; font-size: 9pt; font-weight: bold;\">1.<\/span><span style=\"font-family: Verdana; font-size: 9pt; font-weight: bold;\">\u00a0<\/span><span style=\"font-family: Verdana; font-size: 9pt; font-weight: bold;\">\u00abEspa\u00f1a invertebrada\u00bb, Edit. Occidente, Madrid, 1998.<\/span><span style=\"font-family: Verdana; font-size: 9pt; font-weight: bold;\">\u00a0<\/span><\/span><\/p>\n<p><span style=\"color: #000000;\"><span style=\"font-family: Verdana; font-size: 9pt;\">En un Chile -ayer y hoy, con dictadura o democracia- hondamente <\/span><span style=\"font-family: Verdana; font-size: 9pt;\">excepcionalista<\/span><span style=\"font-family: Verdana; font-size: 9pt;\">, el peronismo es resistido. Hubo pocos que escaparon a la \u00abatracci\u00f3n fatal\u00bb que ejerce la postura <\/span><span style=\"font-family: Verdana; font-size: 9pt;\">etnoc\u00e9ntrica<\/span><span style=\"font-family: Verdana; font-size: 9pt;\"> que siempre se colude con el <\/span><span style=\"font-family: Verdana; font-size: 9pt;\">proimperialismo<\/span><span style=\"font-family: Verdana; font-size: 9pt;\"> franco o solapado. Sin embargo, sectores de las FFAA, en particular del Ej\u00e9rcito, cuadros sindicales, intelectuales y acad\u00e9micos manifestaron simpat\u00eda por e<\/span><span style=\"font-family: Verdana; font-size: 9pt;\">!<\/span><span style=\"font-family: Verdana; font-size: 9pt;\"> programa. No constituyeron multitud. El panorama -como se explica en las pr\u00f3ximas p\u00e1ginas- es inicialmente favorable para el plan de acci\u00f3n de la Casa Rosada de entonces. Aunque no viv\u00ed como protagonista los acontecimientos, sino como testigo adolescente ajeno al escenario siempre tuve simpat\u00edas <\/span><span style=\"font-family: Verdana; font-size: 9pt;\">proargentinas<\/span><span style=\"font-family: Verdana; font-size: 9pt;\"> y sanmartinianas que despu\u00e9s se ti\u00f1en de peronismo.<\/span><span style=\"font-family: Verdana; font-size: 9pt;\">\u00a0<\/span><\/span><\/p>\n<p><span style=\"color: #000000;\"><span style=\"font-family: Verdana; font-size: 9pt;\">En mi hogar de origen -de esos en que se vive rodeado de libros, con prensa sobre la mesa y di\u00e1logos en torno a asuntos pol\u00edticos- hubo duelo con la derrota de <\/span><span style=\"font-family: Verdana; font-size: 9pt;\">Tamborini<\/span><span style=\"font-family: Verdana; font-size: 9pt;\">-Mosca. No pod\u00eda explicar c\u00f3mo -despu\u00e9s la ca\u00edda de Berl\u00edn- pudiera triunfar un \u00ab<\/span><span style=\"font-family: Verdana; font-size: 9pt;\">militarote<\/span> <span style=\"font-family: Verdana; font-size: 9pt;\">nazifascista<\/span><span style=\"font-family: Verdana; font-size: 9pt;\">\u00bb y no por un pronunciamiento, sino mediante el sufragio. Era 1946, pero muy pronto ese enfoque cambia y la Declaraci\u00f3n de la Independencia Econ\u00f3mica suscrita por Per\u00f3n en Tucum\u00e1n se juzga una aurora. Luego, aquella familia mesocr\u00e1tica es envuelta por el hurac\u00e1n <\/span><span style=\"font-family: Verdana; font-size: 9pt;\">iba\u00f1ista<\/span><span style=\"font-family: Verdana; font-size: 9pt;\"> y se admira ante los mineros bolivianos que triunfan en la Semana Santa de 1952. Recuerdo que siendo un mozuelo escribo a la Casa Rosada y -a poco andar-de la so\u00f1olienta oficina de correo retiro un paquete con la Carta de 1949.<\/span><span style=\"font-family: Verdana; font-size: 9pt;\">\u00a0<\/span><\/span><\/p>\n<p><span style=\"color: #000000;\"><span style=\"font-family: Verdana; font-size: 9pt;\">De entonces hasta ahora mis nexos con Argentina y el peronismo se acrecientan. Es hito importante una gira en 1960 a Buenos Aires. All\u00ed concurro a Curso de Temporada que ofrece la Facultad de Filosof\u00eda y Letras de la UBA en el recinto de <\/span><span style=\"font-family: Verdana; font-size: 9pt;\">Viamonte<\/span><span style=\"font-family: Verdana; font-size: 9pt;\">. Conozco al mundo acad\u00e9mico enemigo de Per\u00f3n. Son \u00abflores de Romero\u00bb. Hab\u00eda otro mundo en la proscripci\u00f3n apodados \u00abflores de ceibo\u00bb. Eran los catedr\u00e1ticos leales al Presidente depuesto en 1955. Hab\u00eda seguido -paso a paso- el derrumbe. Sab\u00eda eso de la ca\u00f1onera paraguaya \u00abTacuara\u00bb en que se refugia. En el momento de mi visita si hab\u00eda que aludirlo se hablaba de<\/span><span style=\"font-family: Verdana; font-size: 9pt;\">\u00a0<\/span><span style=\"font-family: Verdana; font-size: 9pt; font-style: italic;\">\u00abese\u00bb<\/span> <span style=\"font-family: Verdana; font-size: 9pt;\">con furia y desprecio. A los actos acad\u00e9micos acud\u00eda siempre una delegaci\u00f3n de la Marina. Algo en el civilista Chile de entonces, extra\u00f1\u00edsimo.<\/span><span style=\"font-family: Verdana; font-size: 9pt;\">\u00a0<\/span><\/span><\/p>\n<p><span style=\"color: #000000;\"><span style=\"font-family: Verdana; font-size: 9pt;\">No es todo, la UBA nos atiborra de las obras que comienza a producir la Editorial de la Universidad de Buenos Aires. Se conoce como EUDEBA. All\u00ed conozco, por ejemplo, \u00abRecuerdos de provincia\u00bb de Sarmiento y, por cierto, comienzo la lectura siempre presente de \u00abMart\u00edn Fierro\u00bb. <\/span><span style=\"font-family: Verdana; font-size: 9pt;\">Risieri<\/span> <span style=\"font-family: Verdana; font-size: 9pt;\">Fondizi<\/span><span style=\"font-family: Verdana; font-size: 9pt;\"> es el rector y se preocupa de apertrecharnos de esos impresos. A\u00fan m\u00e1s, en los quioscos de aquella Capital Federal -para los <\/span><span style=\"font-family: Verdana; font-size: 9pt;\">mapochinos<\/span><span style=\"font-family: Verdana; font-size: 9pt;\"> de entonces monumental y pr\u00f3spera- se venden unos peque\u00f1os libros. Unos son de la Editorial Coyoac\u00e1n y otros A. Pe\u00f1a Lillo, editor. Es la literatura de la resistencia que asoma la cabeza, como salm\u00f3n, rompiendo el casquete de hielo impuesto por un quinquenio de tiran\u00eda \u00ab<\/span><span style=\"font-family: Verdana; font-size: 9pt;\">fusiladora<\/span><span style=\"font-family: Verdana; font-size: 9pt;\">\u00bb. As\u00ed conozco otra vertiente justicialista.<\/span><span style=\"font-family: Verdana; font-size: 9pt;\">\u00a0<\/span><\/span><\/p>\n<p><span style=\"color: #000000;\"><span style=\"font-family: Verdana; font-size: 9pt;\">Ese encuentro -entre varios- con <\/span><span style=\"font-family: Verdana; font-size: 9pt;\">Jauretche<\/span><span style=\"font-family: Verdana; font-size: 9pt;\">, Ramos y <\/span><span style=\"font-family: Verdana; font-size: 9pt;\">Spilimbergo<\/span><span style=\"font-family: Verdana; font-size: 9pt;\"> y con <\/span><span style=\"font-family: Verdana; font-size: 9pt;\">Methol<\/span><span style=\"font-family: Verdana; font-size: 9pt;\"> Ferr\u00e9 y Ares Pons -a trav\u00e9s de esos peque\u00f1os libros <\/span><span style=\"font-family: Verdana; font-size: 9pt;\">semiclandestinos<\/span><span style=\"font-family: Verdana; font-size: 9pt;\">-contribuyen a iluminar mejor y dar mayor consistencia a aquella simpat\u00eda brotada en la adolescencia provinciana por Argentina, los argentinos, Per\u00f3n y el peronismo. La intuici\u00f3n se repleta de certidumbres: no hab\u00eda duda que constitu\u00edamos una sola nacionalidad desmembrada y<\/span><span style=\"font-family: Verdana; font-size: 9pt;\">\u00a0<\/span><span style=\"font-family: Verdana; font-size: 9pt; font-style: italic;\">\u00absi<\/span><span style=\"font-family: Verdana; font-size: 9pt; font-style: italic;\">\u00a0<\/span><span style=\"font-family: Verdana; font-size: 9pt; font-style: italic;\">\u00e9ramos chilenos a<\/span><span style=\"font-family: Verdana; font-size: 9pt; font-style: italic;\">\u00a0<\/span><span style=\"font-family: Verdana; font-size: 9pt; font-style: italic;\">secas y no chilenos suramericanos era porque<\/span><span style=\"font-family: Verdana; font-size: 9pt; font-style: italic;\">\u00a0<\/span><span style=\"font-family: Verdana; font-size: 9pt; font-style: italic;\">hab\u00edamos dado la espalda a los militares O&#8217;Higgins<\/span><span style=\"font-family: Verdana; font-size: 9pt; font-style: italic;\">\u00a0<\/span><span style=\"font-family: Verdana; font-size: 9pt; font-style: italic;\">Riquelme y <\/span><span style=\"font-family: Verdana; font-size: 9pt; font-style: italic;\">Vidaurre<\/span> <span style=\"font-family: Verdana; font-size: 9pt; font-style: italic;\">Garret\u00f3n<\/span><span style=\"font-family: Verdana; font-size: 9pt; font-style: italic;\">\u00bb.<\/span><span style=\"font-family: Verdana; font-size: 9pt; font-style: italic;\">\u00a0<\/span><span style=\"font-family: Verdana; font-size: 9pt;\">Lo anotado -por cierto-es chino para el criollo particularista dopado con la definici\u00f3n seg\u00fan la cual<\/span><span style=\"font-family: Verdana; font-size: 9pt;\">\u00a0<\/span><span style=\"font-family: Verdana; font-size: 9pt; font-style: italic;\">\u00abel Estado es la naci\u00f3n<\/span><span style=\"font-family: Verdana; font-size: 9pt; font-style: italic;\">\u00a0<\/span><span style=\"font-family: Verdana; font-size: 9pt; font-style: italic;\">jur\u00eddicamente organizada\u00bb.<\/span><\/span><\/p>\n<p><span style=\"color: #000000;\"><span style=\"font-family: Verdana; font-size: 9pt;\">En 1982 -no sin antes intentar que la tesis bosquejada tuviera eco en el clandestino PS abriendo un III frente de tipo bolivariano acorde con la l\u00ednea de Grove y <\/span><span style=\"font-family: Verdana; font-size: 9pt;\">Matte<\/span><span style=\"font-family: Verdana; font-size: 9pt;\"> Hurtado y, por ende, antag\u00f3nico a la postura<\/span><span style=\"font-family: Verdana; font-size: 9pt;\">\u00a0<\/span><span style=\"font-family: Verdana; font-size: 9pt;\"> marxista<\/span><span style=\"font-family: Verdana; font-size: 9pt;\">\u00a0<\/span><span style=\"font-family: Verdana; font-size: 9pt;\"> y socialdem\u00f3crata,<\/span><span style=\"font-family: Verdana; font-size: 9pt;\">\u00a0<\/span><span style=\"font-family: Verdana; font-size: 9pt;\"> ambas euroc\u00e9ntricas- se funda el Centro de Estudios Chilenos CEDECH. El acta fundacional se suscribe en plena guerra de Malvinas y nuestra primera actuaci\u00f3n p\u00fablica es adherir a Buenos Aires y denunciar la agresi\u00f3n brit\u00e1nica. Es la \u00fanica entidad, en ese sombr\u00edo Chile de Pinochet, que est\u00e1 en esa trinchera. Obtuvimos cobertura de prensa interna y externa y as\u00ed debutamos contribuyendo, de modo simb\u00f3lico, a izar el pabell\u00f3n albiceleste con e<\/span><span style=\"font-family: Verdana; font-size: 9pt;\">!<\/span><span style=\"font-family: Verdana; font-size: 9pt;\"> sol de los Incas en Puerto Rivero. Luego, sin dudar, se aplaude la mediaci\u00f3n vaticana y el Tratado de Paz que evita un fratricidio.<\/span><span style=\"font-family: Verdana; font-size: 9pt;\">\u00a0<\/span><\/span><\/p>\n<p><span style=\"color: #000000;\"><span style=\"font-family: Verdana; font-size: 9pt;\">Un poco esto y algo m\u00e1s explican \u00abPer\u00f3n en Chile\u00bb. Es testimonio period\u00edstico, documental y fotogr\u00e1fico de una epopeya hecha de talento visionario y de dinamismo diplom\u00e1tico. No toda gesta es con metralleta en mano. Tambi\u00e9n hay otras que se viven, paladean o padecen en la aparente paz. El proyecto justicialista de 1953 que el tiempo engrandece amerita conocerse ahora que se registran esfuerzos por repotenciar el MERCOSUR y que Caracas asume un liderazgo equivalente al que entonces tuvo Buenos Aires. Me resta antes de cerrar esta nota agradecer a los camaradas de la otra Banda -entre muchos-Roberto A. Ferrero, Julio Fern\u00e1ndez <\/span><span style=\"font-family: Verdana; font-size: 9pt;\">Baraibar<\/span><span style=\"font-family: Verdana; font-size: 9pt;\">, Rolando <\/span><span style=\"font-family: Verdana; font-size: 9pt;\">Mermet<\/span><span style=\"font-family: Verdana; font-size: 9pt;\">, Alberto <\/span><span style=\"font-family: Verdana; font-size: 9pt;\">Guerberof<\/span><span style=\"font-family: Verdana; font-size: 9pt;\">, Alberto <\/span><span style=\"font-family: Verdana; font-size: 9pt;\">Buela<\/span><span style=\"font-family: Verdana; font-size: 9pt;\">. Imposible no incluir en esta nota queda un homenaje a quien nacionaliza los hidrocarburos de Bolivia: Andr\u00e9s <\/span><span style=\"font-family: Verdana; font-size: 9pt;\">Soliz<\/span><span style=\"font-family: Verdana; font-size: 9pt;\"> Rada.<\/span><\/span><\/p>\n<p><span style=\"color: #000000;\"><span style=\"font-family: Verdana; font-size: 9pt; font-weight: bold;\">PGP<\/span><span style=\"font-family: Verdana; font-size: 9pt; font-weight: bold;\">\u00a0<\/span><span style=\"font-family: Verdana; font-size: 9pt; font-weight: bold;\">Verano de 2006<\/span><\/span><\/p>\n<p><span style=\"font-family: Verdana; font-size: 9pt; font-weight: bold; color: #000000;\">\u00a0<\/span><\/p>\n<table style=\"border-collapse: collapse; margin-left: 0pt; width: 100%;\" cellspacing=\"0\" cellpadding=\"0\">\n<tbody>\n<tr>\n<td style=\"padding: 0.75pt; vertical-align: middle; width: 36%;\">\n<p style=\"margin: 0pt;\"><span style=\"color: #000000;\"><img loading=\"lazy\" decoding=\"async\" class=\"size-full wp-image-5542 alignleft\" src=\"https:\/\/historiadelperonismo.com\/wp-content\/uploads\/55e868ef438cf_img.png\" alt=\"55e868ef438cf_img\" width=\"115\" height=\"185\" srcset=\"https:\/\/historiadelperonismo.com\/wp-content\/uploads\/55e868ef438cf_img.png 115w, https:\/\/historiadelperonismo.com\/wp-content\/uploads\/55e868ef438cf_img-91x146.png 91w, https:\/\/historiadelperonismo.com\/wp-content\/uploads\/55e868ef438cf_img-31x50.png 31w\" sizes=\"(max-width: 115px) 100vw, 115px\" \/><\/span><\/p>\n<\/td>\n<td style=\"padding: 0.75pt; vertical-align: middle; width: 34%;\">\n<p style=\"margin: 0pt;\"><span style=\"color: #000000;\"><img loading=\"lazy\" decoding=\"async\" class=\"alignleft size-full wp-image-5543\" src=\"https:\/\/historiadelperonismo.com\/wp-content\/uploads\/55e868ef439c5_img.png\" alt=\"55e868ef439c5_img\" width=\"122\" height=\"192\" srcset=\"https:\/\/historiadelperonismo.com\/wp-content\/uploads\/55e868ef439c5_img.png 122w, https:\/\/historiadelperonismo.com\/wp-content\/uploads\/55e868ef439c5_img-93x146.png 93w, https:\/\/historiadelperonismo.com\/wp-content\/uploads\/55e868ef439c5_img-32x50.png 32w\" sizes=\"(max-width: 122px) 100vw, 122px\" \/><\/span><\/p>\n<\/td>\n<td style=\"padding: 0.75pt; vertical-align: middle; width: 30%;\">\n<p style=\"margin: 0pt;\"><span style=\"color: #000000;\"><img loading=\"lazy\" decoding=\"async\" class=\"alignleft size-full wp-image-5544\" src=\"https:\/\/historiadelperonismo.com\/wp-content\/uploads\/55e868ef43ac1_img.png\" alt=\"55e868ef43ac1_img\" width=\"129\" height=\"200\" srcset=\"https:\/\/historiadelperonismo.com\/wp-content\/uploads\/55e868ef43ac1_img.png 129w, https:\/\/historiadelperonismo.com\/wp-content\/uploads\/55e868ef43ac1_img-94x146.png 94w, https:\/\/historiadelperonismo.com\/wp-content\/uploads\/55e868ef43ac1_img-32x50.png 32w\" sizes=\"(max-width: 129px) 100vw, 129px\" \/><\/span><\/p>\n<\/td>\n<\/tr>\n<tr>\n<td style=\"padding: 0.75pt; vertical-align: middle;\">\n<p style=\"margin: 5pt 0pt;\"><span style=\"color: #000000;\"><span style=\"font-family: Verdana; font-size: 9pt; font-weight: bold;\">Proyecto Confederaci\u00f3n<\/span> <span style=\"font-family: Verdana; font-size: 9pt; font-weight: bold;\">Sudamericana<\/span><\/span><\/p>\n<\/td>\n<td style=\"padding: 0.75pt; vertical-align: middle;\">\n<p style=\"margin: 0pt;\"><span style=\"font-family: Verdana; font-size: 9pt; font-weight: bold; color: #000000;\">Proyecto ABC<\/span><\/p>\n<\/td>\n<td style=\"padding: 0.75pt; vertical-align: middle;\">\n<p style=\"margin: 0pt;\"><span style=\"color: #000000;\"><span style=\"font-family: Verdana; font-size: 9pt; font-weight: bold;\">Proyecto<\/span><span style=\"font-family: Verdana; font-size: 9pt; font-weight: bold;\">\u00a0<\/span><span style=\"font-family: Verdana; font-size: 9pt; font-weight: bold;\">EEUU<\/span><span style=\"font-family: Verdana; font-size: 9pt; font-weight: bold;\">\u00a0<\/span><\/span><br \/>\n<span style=\"font-family: Verdana; font-size: 9pt; font-weight: bold; color: #000000;\"> Andinoplatenses<\/span><\/p>\n<\/td>\n<\/tr>\n<\/tbody>\n<\/table>\n<p style=\"background-color: #ffffff; margin: 5pt 0pt; text-align: right;\"><span style=\"font-family: Verdana; font-size: 9pt; font-weight: bold; color: #000000;\">\u00a0<\/span><\/p>\n<p style=\"background-color: #ffffff; margin: 5pt 0pt; text-align: right;\"><span style=\"font-family: Verdana; font-size: 9pt; color: #000000;\">\u00a0<\/span><\/p>\n<p style=\"background-color: #ffffff; margin: 5pt 0pt; text-align: justify;\"><span style=\"font-family: Verdana; font-size: 9pt; color: #000000;\">\u00a0<\/span><\/p>\n<p style=\"background-color: #ffffff; margin: 5pt 0pt; text-align: justify;\"><span style=\"color: #000000;\"><img loading=\"lazy\" decoding=\"async\" class=\"alignleft size-full wp-image-5545\" src=\"https:\/\/historiadelperonismo.com\/wp-content\/uploads\/55e868ef43bd0_img.jpeg\" alt=\"55e868ef43bd0_img\" width=\"80\" height=\"116\" srcset=\"https:\/\/historiadelperonismo.com\/wp-content\/uploads\/55e868ef43bd0_img.jpeg 80w, https:\/\/historiadelperonismo.com\/wp-content\/uploads\/55e868ef43bd0_img-34x50.jpeg 34w\" sizes=\"(max-width: 80px) 100vw, 80px\" \/><\/span><\/p>\n<p style=\"text-align: justify;\"><span style=\"color: #000000;\"><span style=\"font-family: Verdana; font-size: 9pt;\">Juan Domingo Per\u00f3n posee un nexo con Chile antes de promover, desde la Casa Rosada, una en\u00e9rgica pol\u00edtica integradora. Al finalizar la d\u00e9cada del 30 se desempe\u00f1a como Agregado Militar adjunto a la representaci\u00f3n diplom\u00e1tica de su pa\u00eds en Santiago. Ello le permite conocer la geograf\u00eda del pa\u00eds y la vida pol\u00edtica. Analiza de cerca la gesti\u00f3n de Arturo Alessandri Palma y olfatea los proleg\u00f3menos del Frente Popular que catapulta a La Moneda a Pedro Aguirre Cerda. Y&#8230; fuera de contexto, un dato anecd\u00f3tico, su sucesor es el mayor Eduardo <\/span><span style=\"font-family: Verdana; font-size: 9pt;\">Lonardi<\/span><span style=\"font-family: Verdana; font-size: 9pt;\"> quien conduce -d\u00e9cadas despu\u00e9s- el cuartelazo que pone fin a la II presidencia justicialista. Ser\u00e1 sorprendido en una labor de inteligencia. Sin embargo -de modo reiterado- se atribuye esa maniobra al futuro <\/span><span style=\"font-family: Verdana; font-size: 9pt;\">l\u00edder. El denominado \u00abcaso espionaje\u00bb que se le adjudica -durante medio siglo- ese episodio es instrumentalizado para presentarlo como personaje siniestro involucrado en una faena destinada a perjudicar al pa\u00eds.<\/span><\/span><\/p>\n<p style=\"background-color: #ffffff; margin: 5pt 0pt; text-align: justify;\"><span style=\"font-family: Verdana; font-size: 9pt; font-weight: bold; color: #000000;\">LAS SEMILLAS<\/span><br \/>\n<img loading=\"lazy\" decoding=\"async\" class=\"alignleft size-full wp-image-5546\" src=\"https:\/\/historiadelperonismo.com\/wp-content\/uploads\/55e868ef43ce9_img.jpeg\" alt=\"55e868ef43ce9_img\" width=\"160\" height=\"94\" srcset=\"https:\/\/historiadelperonismo.com\/wp-content\/uploads\/55e868ef43ce9_img.jpeg 160w, https:\/\/historiadelperonismo.com\/wp-content\/uploads\/55e868ef43ce9_img-50x29.jpeg 50w\" sizes=\"(max-width: 160px) 100vw, 160px\" \/><\/p>\n<p style=\"background-color: #ffffff; margin: 5pt 0pt; text-align: justify;\"><span style=\"color: #000000;\"><span style=\"font-family: Verdana; font-size: 9pt;\">\u00a0<\/span><span style=\"font-family: Verdana; font-size: 9pt;\">espu\u00e9s<\/span><span style=\"font-family: Verdana; font-size: 9pt;\"> de dos a\u00f1os en Europa, espec\u00edficamente en Italia especializ\u00e1ndose en guerra de alta monta\u00f1a, Per\u00f3n ya coronel, regresa a Buenos Aires. Adquiere relevancia en el marco del GOU -Grupo de Oficiales Unidos o Grupo Obra de Unificaci\u00f3n- especie de secta castrense. En ese contexto inicia su fulgurante carrera pol\u00edtica. Los uniformados est\u00e1n fascinados con el \u00e9xito del germanismo que promociona el III Reich. Ha exhibido alta eficacia en restaurar el orden interno y en reconstruir una Alemania que el Tratado de Versalles convierte en <\/span><span style=\"font-family: Verdana; font-size: 9pt;\">semicolonia<\/span><span style=\"font-family: Verdana; font-size: 9pt;\">. Por otro lado, los movimientos de liberaci\u00f3n del III mundo visualizan a esa potencia nacionalsocialista como aliada en el af\u00e1n por sacudirse de la centenaria tutor\u00eda de las potencias coloniales e imperialistas. Esto y no otra percepci\u00f3n de la realidad <\/span><span style=\"font-family: Verdana; font-size: 9pt;\">explican<\/span><span style=\"font-family: Verdana; font-size: 9pt;\"> la simpat\u00eda por Berl\u00edn que impregna a diversas expresiones de resistencia nacionalista de Iberoam\u00e9rica, \u00c1frica y Asia. A modo de ejemplo, los rebeldes irlandeses e hind\u00faes son german\u00f3filos. Sin embargo, hay que reiterar la motivaci\u00f3n profunda que los asiste, para evitar que se los lapide como \u00abnazistas\u00bb o -ya estallada la \u00cdI Guerra Mundial- como <\/span><span style=\"font-family: Verdana; font-size: 9pt;\">nipofascifalangistas<\/span><span style=\"font-family: Verdana; font-size: 9pt;\">. En Argentina tal controvertida postura se nutre del patri\u00f3tico af\u00e1n de recuperar los archipi\u00e9lagos del Atl\u00e1ntico austral bajo coloniaje brit\u00e1nico. Al mismo tiempo les resultan intolerables los chantajes de Washington y Londres para precipitar al pa\u00eds a la ruptura con el Eje abandonando el hist\u00f3rico neutralismo de la Casa Rosada. Argentina es ajena aquel conflicto que libran entre si las superpotencias. Nuestro trigo y carne -argumentan- se vende al mejor postor y pagado en met\u00e1lico. Se trata de un discurso antag\u00f3nico al <\/span><span style=\"font-family: Verdana; font-size: 9pt;\">rupturismo<\/span><span style=\"font-family: Verdana; font-size: 9pt;\"> promovido por los aliados y sus ac\u00f3litos criollos entre los cuales se encuentra el bullicioso PC. Ese mismo fervor aliad\u00f3filo origina una p\u00e9rdida de millones a Chile al remitir a precio pol\u00edtico materias primas estrat\u00e9gicas a EEUU. Con ello, se invalida la opci\u00f3n de capitalizar y ello constituye el requisito para sino suprimir, al menos, atenuar el subdesarrollo y, con ello disminuir la dependencia externa.<\/span><span style=\"font-family: Verdana; font-size: 9pt;\">\u00a0<\/span><\/span><\/p>\n<p style=\"text-align: justify;\"><span style=\"color: #000000;\"><span style=\"font-family: Verdana; font-size: 9pt;\">El r\u00e9gimen de facto designa al joven coronel Juan Per\u00f3n coordinador del Poder Ejecutivo con el sindicalismo. Ello le ensancha el horizonte hacia un inexplorado espacio social. Hace contacto con las tesis obreristas manejadas por los cabecillas laborales b\u00e1sicos e intermedios ajenos a la burocracia sindical -de un modo u otro- manejada por la izquierda tradicional. En determinado momento la c\u00fapula gubernativa lo confina a la isla Mart\u00edn Garc\u00eda. Entonces estalla la in\u00e9dita movilizaci\u00f3n popular del 17 de octubre de 1945 capitaneada por Eva Duarte. Esta joven actriz, de apenas 26 a\u00f1os, organiza a los \u00abdescamisados\u00bb y aglutina miles bajo el lema<\/span><span style=\"font-family: Verdana; font-size: 9pt;\">:<\/span><span style=\"font-family: Verdana; font-size: 9pt; font-style: italic;\">\u00ab<\/span><span style=\"font-family: Verdana; font-size: 9pt; font-style: italic;\">\u00a1Devuelvan a Per\u00f3n!\u00bb.<\/span><span style=\"font-family: Verdana; font-size: 9pt; font-style: italic;\">\u00a0<\/span><span style=\"font-family: Verdana; font-size: 9pt;\">El caudillo regresa. El mito ha cuajado y la fecha se\u00f1alada se bautiza como D\u00eda de la Lealtad. Es el punto de partida de un proceso revolucionario equivalente a 1910 en M\u00e9xico con el agrarismo, a 1932 en Per\u00fa con el aprismo, a 1952 en <\/span><span style=\"font-family: Verdana; font-size: 9pt;\">Bolivia<\/span><span style=\"font-family: Verdana; font-size: 9pt;\"> con el <\/span><span style=\"font-family: Verdana; font-size: 9pt;\">movimientismo<\/span><span style=\"font-family: Verdana; font-size: 9pt;\"> y a 1953 en Cuba con el fidelismo.<\/span><span style=\"font-family: Verdana; font-size: 9pt;\">\u00a0<\/span><\/span><\/p>\n<p style=\"text-align: justify;\"><span style=\"color: #000000;\"><span style=\"font-family: Verdana; font-size: 9pt;\">La naciente fuerza peronista se nutre del fermento nacionalista del GOU, del populismo del Partido Laborista, de una fracci\u00f3n del arcaico Partido Socialista e incluso de cuadros sindicales anarquistas. Esta mixtura le permite postular la 3a Posici\u00f3n. Tal tesis -en lo interno- es un camino mixto de capitalismo y socialismo. En lo externo una pol\u00edtica equidistante de la Casa Blanca y el Kremlin. El lema es<\/span> <span style=\"font-family: Verdana; font-size: 9pt; font-style: italic;\">\u00abArgentina pol\u00edticamente soberana,<\/span><span style=\"font-family: Verdana; font-size: 9pt; font-style: italic;\">\u00a0<\/span><span style=\"font-family: Verdana; font-size: 9pt; font-style: italic;\">econ\u00f3micamente libre y <\/span><span style=\"font-family: Verdana; font-size: 9pt; font-style: italic;\">soc\u00edalmente<\/span><span style=\"font-family: Verdana; font-size: 9pt; font-style: italic;\"> justa\u00bb.<\/span><span style=\"font-family: Verdana; font-size: 9pt; font-style: italic;\">\u00a0<\/span><span style=\"font-family: Verdana; font-size: 9pt;\">Aquel camino lo asumen como propio, 10 a\u00f1os despu\u00e9s -en Bandung- Sukarno, Tito y <\/span><span style=\"font-family: Verdana; font-size: 9pt;\">Nehru<\/span><span style=\"font-family: Verdana; font-size: 9pt;\"> y <\/span><span style=\"font-family: Verdana; font-size: 9pt;\">Nasser<\/span><span style=\"font-family: Verdana; font-size: 9pt;\">. Se trata del neutralismo positivo cuya connotaci\u00f3n es <\/span><span style=\"font-family: Verdana; font-size: 9pt;\">antibloquista<\/span><span style=\"font-family: Verdana; font-size: 9pt;\"> y, por ende, no alineada. A Buenos Aires no le resulta f\u00e1cil aquella postulaci\u00f3n, pues la victoria de los aliados en la II Guerra Mundial impone una tiran\u00eda bipartita. Yalta, <\/span><span style=\"font-family: Verdana; font-size: 9pt;\">Postdam<\/span><span style=\"font-family: Verdana; font-size: 9pt;\"> y Chapultepec mediatizan las soberan\u00edas. Por otro lado, la vocaci\u00f3n sanmartiniana -o, como se dir\u00eda hoy y con mayor propiedad, \u00abbolivariana\u00bb por la irrupci\u00f3n de Ch\u00e1vez es una idea-fuerza que, potencialmente ha estado flotante sobre Argentina. El rango virreinal, la gesta emancipadora, el neutralismo en ambos conflictos globales, la gravitaci\u00f3n de un nacionalismo ecum\u00e9nico derivado de vertientes diversas, la sensaci\u00f3n de constituir potencia y otros factores explican el af\u00e1n irradiante del peronismo.<\/span><span style=\"font-family: Verdana; font-size: 9pt;\">\u00a0<\/span><\/span><br \/>\n<span style=\"color: #000000;\"> <span style=\"font-family: Verdana; font-size: 9pt;\">Esta convicci\u00f3n ya est\u00e1 vigente en el coronel Per\u00f3n muy temprano. En entrevista efectuada dos meses despu\u00e9s de ser electo por el periodista Germ\u00e1n <\/span><span style=\"font-family: Verdana; font-size: 9pt;\">Masafierro<\/span><span style=\"font-family: Verdana; font-size: 9pt;\">. En ese texto el nuevo <\/span><span style=\"font-family: Verdana; font-size: 9pt;\">mandatario de apenas 44 a\u00f1os desmiente el supuesto af\u00e1n imperialista de su pa\u00eds y la naturaleza fascista de su nacionalismo. Junto con ello manifiesta que entre sus planes figura la intensificaci\u00f3n del intercambio argentino-chileno.<\/span><span style=\"font-family: Verdana; font-size: 9pt;\">\u00a0<\/span><span style=\"font-family: Verdana; font-size: 9pt; font-style: italic;\">\u00abArgentina<\/span><span style=\"font-family: Verdana; font-size: 9pt; font-style: italic;\">\u00a0<\/span><span style=\"font-family: Verdana; font-size: 9pt;\">-declara-<\/span><span style=\"font-family: Verdana; font-size: 9pt;\">\u00a0<\/span><span style=\"font-family: Verdana; font-size: 9pt; font-style: italic;\">necesita de<\/span><span style=\"font-family: Verdana; font-size: 9pt; font-style: italic;\">\u00a0<\/span><span style=\"font-family: Verdana; font-size: 9pt; font-style: italic;\">Chile&#8230; No debieran existir barreras entre ambos<\/span><span style=\"font-family: Verdana; font-size: 9pt; font-style: italic;\">\u00a0<\/span><span style=\"font-family: Verdana; font-size: 9pt; font-style: italic;\">pa\u00edses. Nosotros, netamente agr\u00edcolas y con enormes<\/span><span style=\"font-family: Verdana; font-size: 9pt; font-style: italic;\">\u00a0<\/span><span style=\"font-family: Verdana; font-size: 9pt; font-style: italic;\">riquezas agropecuarias y ustedes con inmensas<\/span><span style=\"font-family: Verdana; font-size: 9pt; font-style: italic;\">\u00a0<\/span><span style=\"font-family: Verdana; font-size: 9pt; font-style: italic;\">reservas mineras que son \u00fatiles para la gran industria<\/span><span style=\"font-family: Verdana; font-size: 9pt; font-style: italic;\">\u00a0<\/span><span style=\"font-family: Verdana; font-size: 9pt; font-style: italic;\">fabril\u00bb.<\/span> <span style=\"font-family: Verdana; font-size: 9pt;\">Luego se pregunta<\/span><span style=\"font-family: Verdana; font-size: 9pt;\">\u00a0<\/span><span style=\"font-family: Verdana; font-size: 9pt; font-style: italic;\">\u00ab\u00bf<\/span><span style=\"font-family: Verdana; font-size: 9pt; font-style: italic;\">Por qu\u00e9 ustedes no podr\u00edan<\/span><span style=\"font-family: Verdana; font-size: 9pt; font-style: italic;\">\u00a0<\/span><span style=\"font-family: Verdana; font-size: 9pt; font-style: italic;\">poblar regiones argentinas y los argentinos ir a comer<\/span><span style=\"font-family: Verdana; font-size: 9pt; font-style: italic;\">\u00a0<\/span><span style=\"font-family: Verdana; font-size: 9pt; font-style: italic;\">langostas chilenas\u00bb.<\/span><span style=\"font-family: Verdana; font-size: 9pt; font-style: italic;\">\u00a0<\/span><span style=\"font-family: Verdana; font-size: 9pt;\">Finaliza formulando votos por la organizaci\u00f3n de un bloque de pa\u00edses sudamericanos y eso -reitera- son los Estados Unidos del Sur2. Al a\u00f1o siguiente, el 27 de mayo, se entrevista con el Presidente de Brasil Enrico Gaspar <\/span><span style=\"font-family: Verdana; font-size: 9pt;\">Dutra<\/span><span style=\"font-family: Verdana; font-size: 9pt;\"> sobre el puente que une el Paso de los Libres con <\/span><span style=\"font-family: Verdana; font-size: 9pt;\">Uruguayana<\/span><span style=\"font-family: Verdana; font-size: 9pt;\">. All\u00ed se bosqueja un acuerdo sobre el aprovechamiento de Salto Grande y de las cataratas de Iguaz\u00fa. Aludiendo al viaducto comenta<\/span><span style=\"font-family: Verdana; font-size: 9pt;\">\u00a0<\/span><span style=\"font-family: Verdana; font-size: 9pt; font-style: italic;\">\u00absi<\/span><span style=\"font-family: Verdana; font-size: 9pt; font-style: italic;\">\u00a0<\/span><span style=\"font-family: Verdana; font-size: 9pt; font-style: italic;\">somos capaces de vencer a la naturaleza en sus 2.<\/span><span style=\"font-family: Verdana; font-size: 9pt; font-style: italic;\">\u00a0<\/span><span style=\"font-family: Verdana; font-size: 9pt;\">Diario \u00abLa Hora\u00bb de Santiago. 23.03.46.<\/span><span style=\"font-family: Verdana; font-size: 9pt;\">\u00a0<\/span><span style=\"font-family: Verdana; font-size: 9pt; font-style: italic;\">designios tel\u00faricos, se\u00e1moslo tambi\u00e9n en vivir sin fronteras\u00bb.<\/span><span style=\"font-family: Verdana; font-size: 9pt; font-style: italic;\">\u00a0<\/span><span style=\"font-family: Verdana; font-size: 9pt;\">El 23 de octubre dialoga con el Presidente Enrique <\/span><span style=\"font-family: Verdana; font-size: 9pt;\">Hertzog<\/span><span style=\"font-family: Verdana; font-size: 9pt;\"> en campamento de YPFB cercano a Yacuiba. Cierra sus palabras de despedida citando los versos de Jos\u00e9 Hern\u00e1ndez, aquellos<\/span><span style=\"font-family: Verdana; font-size: 9pt;\">\u00a0<\/span><span style=\"font-family: Verdana; font-size: 9pt; font-style: italic;\">\u00absean los hermanos<\/span><span style=\"font-family: Verdana; font-size: 9pt; font-style: italic;\">\u00a0<\/span><span style=\"font-family: Verdana; font-size: 9pt; font-style: italic;\">unidos porque esa es la ley primera&#8230;\u00bb3.<\/span><span style=\"font-family: Verdana; font-size: 9pt; font-style: italic;\">\u00a0<\/span><span style=\"font-family: Verdana; font-size: 9pt;\">Esto se cita para se\u00f1alar que el viaje a Chile y la negociaci\u00f3n con el Presidente Gonz\u00e1lez Videla, luego la propuesta al general Ib\u00e1\u00f1ez y al doctor Getulio Vargas y el viaje a Santiago en 1953 no son episodios coyunturales, sino responden a un contexto avalado por la tradici\u00f3n c\u00edvica rioplatense, doctrinas propias y acciones ya maduradas.<\/span><\/span><\/p>\n<p style=\"background-color: #ffffff; margin: 5pt 0pt; text-align: justify;\"><span style=\"color: #000000;\"><span style=\"font-family: Verdana; font-size: 9pt; font-weight: bold;\">IRREDENTISMO Y ABC<\/span><span style=\"font-family: Verdana; font-size: 9pt;\">\u00a0<\/span><\/span><br \/>\n<img loading=\"lazy\" decoding=\"async\" class=\"alignleft size-full wp-image-5547\" src=\"https:\/\/historiadelperonismo.com\/wp-content\/uploads\/55e868ef43e3f_img.jpeg\" alt=\"55e868ef43e3f_img\" width=\"146\" height=\"114\" srcset=\"https:\/\/historiadelperonismo.com\/wp-content\/uploads\/55e868ef43e3f_img.jpeg 146w, https:\/\/historiadelperonismo.com\/wp-content\/uploads\/55e868ef43e3f_img-50x39.jpeg 50w\" sizes=\"(max-width: 146px) 100vw, 146px\" \/><\/p>\n<p style=\"background-color: #ffffff; margin: 5pt 0pt; text-align: right;\"><span style=\"font-family: Verdana; font-size: 9pt; color: #000000;\">\u00a0<\/span><\/p>\n<p style=\"margin: 5pt 0pt; text-align: justify; background-color: #ffffff;\"><span style=\"color: #000000;\"><span style=\"font-family: Verdana; font-size: 9pt;\">\u00a0<\/span><span style=\"font-family: Verdana; font-size: 9pt;\">af\u00e1n<\/span><span style=\"font-family: Verdana; font-size: 9pt;\"> de Per\u00f3n por la integraci\u00f3n de Suram\u00e9rica y, en particular, del Cono Sur se incuba temprano. Se afirma que influye poderosamente en su plan la obra del geopol\u00edtico Mario <\/span><span style=\"font-family: Verdana; font-size: 9pt;\">Travassos<\/span><span style=\"font-family: Verdana; font-size: 9pt;\"> intitulada \u00abProyecci\u00f3n continental de Brasil\u00bb4. Ya la documentaci\u00f3n del GOU incluye datos sobre el particular. A esto se a\u00f1aden ahora las concepciones de Manuel Ugarte quien intenta el mestizaje de nacionalismo y socialismo a comienzo de siglo siendo, por ello, excomulgado por el directorio del Partido Socialista cuyo eurocentrismo es conocido5. No obstante, hay antecedentes -ya enumerados- entre los cuales figuran la idea-fuerza de convertir a Buenos Aires en cabecera de un bloque <\/span><span style=\"font-family: Verdana; font-size: 9pt;\">antimperialista<\/span><span style=\"font-family: Verdana; font-size: 9pt;\"> suramericano. En primera instancia se apunta a recuperar gravitaci\u00f3n sobre las que hab\u00edan sido part\u00edculas del Virreinato del Plata como Paraguay, Uruguay y, en cierto modo, Bolivia. El viejo nacionalismo aristocr\u00e1tico de ra\u00edz cat\u00f3lica y nostalgia hispanista tambi\u00e9n nutre aquel prop\u00f3sito.<\/span><span style=\"font-family: Verdana; font-size: 9pt;\">\u00a0<\/span><\/span><\/p>\n<p style=\"text-align: justify;\"><span style=\"color: #000000;\"><span style=\"font-family: Verdana; font-size: 9pt;\">Hay obst\u00e1culos a ese ecumenismo de la argentinidad. Las rep\u00fablicas de la periferia de Argentina albergan viejos rencores que sus respectivas oligarqu\u00edas conservan vigentes. En Uruguay el <\/span><span style=\"font-family: Verdana; font-size: 9pt;\">batllismo<\/span><span style=\"font-family: Verdana; font-size: 9pt;\"> -n\u00facleo del Partido Colorado- es el grupo hegem\u00f3nico. Desde su fundaci\u00f3n ha sido manipulado por Londres, Washington y R\u00edo de Janeiro. Fomenta el <\/span><span style=\"font-family: Verdana; font-size: 9pt;\">excepcionalismo<\/span><span style=\"font-family: Verdana; font-size: 9pt;\"> que legitima la existencia misma del pa\u00eds como Estado tap\u00f3n y cultiva el cr\u00f3nico temor de absorci\u00f3n por parte de Argentina. El Partido Blanco que es <\/span><span style=\"font-family: Verdana; font-size: 9pt;\">gauch\u00f3filo<\/span><span style=\"font-family: Verdana; font-size: 9pt;\"> y, por ende, <\/span><span style=\"font-family: Verdana; font-size: 9pt;\">argentinista<\/span><span style=\"font-family: Verdana; font-size: 9pt;\"> permanece en minor\u00eda y su liderazgo, aunque prestigiado, no logra alterar la gravitaci\u00f3n <\/span><span style=\"font-family: Verdana; font-size: 9pt;\">coloradista<\/span><span style=\"font-family: Verdana; font-size: 9pt;\">. Brasil maneja hip\u00f3tesis de conflicto centenarias legadas por los Braganza. Aluden al control de la cuenca del Plata y de por medio hay una guerra que, aunque breve, deja huella. Paraguay es la rep\u00fablica que, pese a su resistencia numantina, es aniquilada en la Guerra de la Triple Alianza. Uno de los agresores es Argentina. Sin embargo, su resentimiento se vierte contra los brasileros y Buenos Aires se esmera en atribuir la confrontaci\u00f3n a Mitre y los <\/span><span style=\"font-family: Verdana; font-size: 9pt;\">mitristas<\/span><span style=\"font-family: Verdana; font-size: 9pt;\">. Per\u00f3n y los historiadores revisionistas que lo acompa\u00f1an son \u00ab<\/span><span style=\"font-family: Verdana; font-size: 9pt;\">paraguay\u00f3f\u00edlos<\/span><span style=\"font-family: Verdana; font-size: 9pt;\">\u00bb y ello nutre al segmento <\/span><span style=\"font-family: Verdana; font-size: 9pt;\">argentinista<\/span><span style=\"font-family: Verdana; font-size: 9pt;\"> del <\/span><span style=\"font-family: Verdana; font-size: 9pt;\">lopizmo<\/span><span style=\"font-family: Verdana; font-size: 9pt;\"> del Partido Colorado -no confundir con el Colorado uruguayo- que gobierna el pa\u00eds desde el fin de aquella conflagraci\u00f3n hasta hoy.<\/span><\/span><\/p>\n<ul style=\"margin: 0pt; padding-left: 0pt;\" type=\"disc\">\n<li style=\"background-color: #ffffff; font-family: serif; font-size: 10pt; margin: 5pt 0pt 5pt 27.6pt; padding-left: 8.4pt; text-align: justify; text-indent: 0pt;\"><span style=\"color: #000000;\"><span style=\"font-family: Verdana; font-size: 9pt; font-weight: bold;\">\u00a0<\/span><span style=\"font-family: Verdana; font-size: 9pt; font-weight: bold;\">Mart\u00edn Fierro.<\/span><\/span><br \/>\n<span style=\"color: #000000;\"> <span style=\"font-family: Verdana; font-size: 9pt; font-weight: bold;\">4. Cit. por <\/span><span style=\"font-family: Verdana; font-size: 9pt; font-weight: bold;\">Methol<\/span><span style=\"font-family: Verdana; font-size: 9pt; font-weight: bold;\"> Ferr\u00e9 A.: \u00abPer\u00f3n y el ABC\u00bb. Edit. Tiempo Nue<\/span><span style=\"font-family: Verdana; font-size: 9pt; font-weight: bold;\">\u00ad<\/span><span style=\"font-family: Verdana; font-size: 9pt; font-weight: bold;\">vo, Santiago, 1989, <\/span><span style=\"font-family: Verdana; font-size: 9pt; font-weight: bold;\">pag<\/span><span style=\"font-family: Verdana; font-size: 9pt; font-weight: bold;\">. 10.<\/span><\/span><br \/>\n<span style=\"color: #000000;\"> <span style=\"font-family: Verdana; font-size: 9pt; font-weight: bold;\">5. Ver <\/span><span style=\"font-family: Verdana; font-size: 9pt; font-weight: bold;\">Spilimbergo<\/span><span style=\"font-family: Verdana; font-size: 9pt; font-weight: bold;\">, Jorge Enea: \u00abJuan B. Justo y el socialismo<\/span><span style=\"font-family: Verdana; font-size: 9pt; font-weight: bold;\">\u00a0<\/span><span style=\"font-family: Verdana; font-size: 9pt; font-weight: bold;\">cipayo\u00bb, Edit. Coyoac\u00e1n, Buenos Aires, 1960.<\/span><\/span><\/li>\n<\/ul>\n<p style=\"background-color: #ffffff; margin: 5pt 0pt; text-align: justify;\"><span style=\"font-family: Verdana; font-size: 9pt; color: #000000;\">\u00a0<\/span><\/p>\n<p style=\"margin: 5pt 0pt; text-align: justify; background-color: #ffffff;\"><span style=\"color: #000000;\"><span style=\"font-family: Verdana; font-size: 9pt;\">Con Chile hay litigios lim\u00edtrofes. No pod\u00edan estar ausentes. Ambos Estados poseen una de las tres fronteras m\u00e1s dilatadas del planeta. Ya desde las Presidencias de Rosas y de Bulnes se registran mutuas reclamaciones por territorios australes que ponen a ambos pa\u00edses al borde de un choque armado a fines del siglo XIX. Aunque nuestra Independencia es imposible de concebir sin el Ej\u00e9rcito Libertador de los Andes es notoria una persistente <\/span><span style=\"font-family: Verdana; font-size: 9pt;\">argentinofobia<\/span><span style=\"font-family: Verdana; font-size: 9pt;\"> que cristaliza en la frase:<\/span><span style=\"font-family: Verdana; font-size: 9pt;\">\u00a0<\/span><span style=\"font-family: Verdana; font-size: 9pt; font-style: italic;\">\u00abnos usurparon<\/span><span style=\"font-family: Verdana; font-size: 9pt; font-style: italic;\">\u00a0<\/span><span style=\"font-family: Verdana; font-size: 9pt; font-style: italic;\">la Patagonia\u00bb.<\/span><span style=\"font-family: Verdana; font-size: 9pt; font-style: italic;\">\u00a0<\/span><span style=\"font-family: Verdana; font-size: 9pt;\">Prensa, aula, cuartel eternizan ese recelo acentuado por el gigantismo geogr\u00e1fico, el esplendor econ\u00f3mico, la brillantez cultural y hasta por el \u00e9xito futbol\u00edstico de la patria de Jos\u00e9 de San Mart\u00edn. En cien a\u00f1os se ha ido vigorizando una<\/span><span style=\"font-family: Verdana; font-size: 9pt;\">\u00a0<\/span><span style=\"font-family: Verdana; font-size: 9pt; font-style: italic;\">\u00abcultura del asedio\u00bb<\/span><span style=\"font-family: Verdana; font-size: 9pt; font-style: italic;\">\u00a0<\/span><span style=\"font-family: Verdana; font-size: 9pt;\">manifestado en el ABP, es decir, visualizar la rep\u00fablica como un basti\u00f3n sometido a cr\u00f3nica amenaza por los vecinos argentinos, bolivianos y peruanos. En la jerga castrense es el HV3 -hip\u00f3tesis vecinal 3- que supone al pa\u00eds v\u00edctima de un ataque simult\u00e1neo de las rep\u00fablicas fronterizas6. Ese peligro siempre latente explica el delirio armamentista y la actitudes de desconfianza, desprecio y resentimiento que empujan a la <\/span><span style=\"font-family: Verdana; font-size: 9pt;\">chilenidad<\/span><span style=\"font-family: Verdana; font-size: 9pt;\"> a estimar que el patriotismo necesariamente debe incluir el <\/span><span style=\"font-family: Verdana; font-size: 9pt;\">antiperuanismo<\/span><span style=\"font-family: Verdana; font-size: 9pt;\">, el <\/span><span style=\"font-family: Verdana; font-size: 9pt;\">antibolivianismo<\/span><span style=\"font-family: Verdana; font-size: 9pt;\"> y el <\/span><span style=\"font-family: Verdana; font-size: 9pt;\">antiargentinismo<\/span><span style=\"font-family: Verdana; font-size: 9pt;\">. Mientras los dos \u00abanti\u00bb iniciales suponen un complejo de superioridad, este \u00abanti\u00bb -de modo inexorable- implica complejo de inferioridad. Imposible arrojar al rostro de los rioplatenses su condici\u00f3n de<\/span><span style=\"font-family: Verdana; font-size: 9pt;\">\u00a0<\/span><span style=\"font-family: Verdana; font-size: 9pt; font-style: italic;\">\u00abindios piojentos, hediondos y<\/span><span style=\"font-family: Verdana; font-size: 9pt; font-style: italic;\">\u00a0<\/span><span style=\"font-family: Verdana; font-size: 9pt; font-style: italic;\">atrasados\u00bb.<\/span><span style=\"font-family: Verdana; font-size: 9pt; font-style: italic;\">\u00a0<\/span><span style=\"font-family: Verdana; font-size: 9pt;\">No cabe sostener que vivan en rucas y masquen coca. Entonces se opta por juzgarlos<\/span><span style=\"font-family: Verdana; font-size: 9pt;\">\u00a0<\/span><span style=\"font-family: Verdana; font-size: 9pt; font-style: italic;\">\u00abprepotentes\u00bb<\/span><span style=\"font-family: Verdana; font-size: 9pt; font-style: italic;\">\u00a0<\/span><span style=\"font-family: Verdana; font-size: 9pt;\">y<\/span><span style=\"font-family: Verdana; font-size: 9pt;\">\u00a0<\/span><span style=\"font-family: Verdana; font-size: 9pt; font-style: italic;\">\u00abexpansionistas\u00bb.<\/span><span style=\"font-family: Verdana; font-size: 9pt; font-style: italic;\">\u00a0<\/span><span style=\"font-family: Verdana; font-size: 9pt;\">Son los mismos vituperios <\/span><span style=\"font-family: Verdana; font-size: 9pt;\">chilenof\u00f3bicos<\/span><span style=\"font-family: Verdana; font-size: 9pt;\"> vigentes en Lima y en La Paz. Lo frecuente es que ante esa triple amenaza siempre se opta por modalidades de dependencia externa. En el pasado el Reino Unido y ahora EEUU. Anta\u00f1o -y casi por un siglo- la diplomacia del Mapocho apunta como aliado inmediato a Brasil en la perspectiva de fricci\u00f3n u hostilidad con Argentina. Ese esquema ya no es fiable para la geopol\u00edtica tradicional de Santiago. Lo anotado -en lo sustantivo- es la muralla china que se propone demoler Per\u00f3n.<\/span><span style=\"font-family: Verdana; font-size: 9pt;\">\u00a0<\/span><\/span><\/p>\n<p style=\"text-align: justify;\"><span style=\"color: #000000;\"><span style=\"font-family: Verdana; font-size: 9pt;\">En su ofensiva figura el relanzamiento del ABC. Esta sigla implica la alianza estrat\u00e9gica de Argentina con Brasil y Chile. Con ello se altera totalmente el sistema tradicional de hip\u00f3tesis de conflicto que, durante un siglo, ha manejado la vieja guardia de los generales y almirantes. Es el retorno a la geopol\u00edtica <\/span><span style=\"font-family: Verdana; font-size: 9pt;\">O&#8217;Higginista<\/span><span style=\"font-family: Verdana; font-size: 9pt;\"> y sanmartiniana. Ya ese ABC se hab\u00eda ensayado a nivel de canciller\u00edas en 1915. Implic\u00f3 neutralidad ante la I Guerra Mundial, actitud defensiva frente el expansionismo norteamericano y soluci\u00f3n pac\u00edfica de conflictos internos que pudieran acaecer entre los asociados. La agresi\u00f3n que entonces soporta M\u00e9xico por tropa de EEUU encuentra la oposici\u00f3n de esta alianza. Ahora el plan de Per\u00f3n es un pacto no s\u00f3lo diplom\u00e1tico, sino una triple entente que implique una diplomacia com\u00fan, complementariedad econ\u00f3mica e integraci\u00f3n pol\u00edtica. Fin \u00faltimo: configurar un bloque bioce\u00e1nico austral.<\/span><\/span><\/p>\n<p style=\"margin: 5pt 0pt; text-align: justify; background-color: #ffffff;\"><span style=\"color: #000000;\"><span style=\"font-family: Verdana; font-size: 9pt; font-weight: bold;\">6. Al respecto cons\u00faltese de Godoy, Pedro: \u00abChile versus <\/span><span style=\"font-family: Verdana; font-size: 9pt; font-weight: bold;\">Bol\u00edvia<\/span><span style=\"font-family: Verdana; font-size: 9pt; font-weight: bold;\">:<\/span><span style=\"font-family: Verdana; font-size: 9pt; font-weight: bold;\">\u00a0<\/span><span style=\"font-family: Verdana; font-size: 9pt; font-weight: bold;\">otra mirada\u00bb, Edit. <\/span><span style=\"font-family: Verdana; font-size: 9pt; font-weight: bold;\">NuestrAm\u00e9rica<\/span><span style=\"font-family: Verdana; font-size: 9pt; font-weight: bold;\">, Santiago, 2004.<\/span><\/span><\/p>\n<p style=\"background-color: #ffffff; margin: 5pt 0pt; text-align: justify;\"><span style=\"font-family: Verdana; font-size: 9pt; color: #000000;\">\u00a0<\/span><\/p>\n<p style=\"background-color: #ffffff; margin: 5pt 0pt; text-align: justify;\"><span style=\"font-family: Verdana; font-size: 9pt; font-weight: bold; color: #000000;\">TRAS UN NUEVO MAIPU<\/span><\/p>\n<p style=\"background-color: #ffffff; margin: 5pt 0pt; text-align: justify;\"><img loading=\"lazy\" decoding=\"async\" class=\"alignleft size-full wp-image-5548\" src=\"https:\/\/historiadelperonismo.com\/wp-content\/uploads\/55e868ef43f67_img.jpeg\" alt=\"55e868ef43f67_img\" width=\"76\" height=\"35\" srcset=\"https:\/\/historiadelperonismo.com\/wp-content\/uploads\/55e868ef43f67_img.jpeg 76w, https:\/\/historiadelperonismo.com\/wp-content\/uploads\/55e868ef43f67_img-50x23.jpeg 50w\" sizes=\"(max-width: 76px) 100vw, 76px\" \/><\/p>\n<p style=\"background-color: #ffffff; margin: 5pt 0pt; text-align: justify;\"><span style=\"font-family: Verdana; font-size: 9pt; color: #000000;\">\u00a0<\/span><\/p>\n<p style=\"background-color: #ffffff; margin: 5pt 0pt; text-align: justify;\"><span style=\"color: #000000;\"><span style=\"font-family: Verdana; font-size: 9pt;\">En 1946 -ya elegido por voto popular-Presidente de la Rep\u00fablica consigue que el mandatario chileno Gabriel Gonz\u00e1lez suscriba el Pacto de Uni\u00f3n Aduanera. En la redacci\u00f3n de tal documento juega un rol importante el entonces senador Jaime Larra\u00edn Garc\u00eda Moreno. No obstante, dicho Tratado -en la medida que la Guerra Fr\u00eda tiende a agudizarse- se deshidrata. La Moneda -por efecto de un pragmatismo cortoplacista- opta por el contubernio con Washington. Ello implica excluir del gobierno al PC y, posteriormente, proscribirlo. Tambi\u00e9n supone congelar la alianza con Buenos Aires, Lo importante para La Moneda es estrechar los nexos con Washington. Esto supone empr\u00e9stitos que permiten -entre otras metas- financiar la pol\u00edtica de desarrollo industrial en el contexto de sustituir importaciones y generar desarrollo. Con tales metas, como ahora, Santiago brega por convertirse en el sobrino <\/span><span style=\"font-family: Verdana; font-size: 9pt;\">regal\u00f3n del T\u00edo Sam. En ese marco una 3a Posici\u00f3n es inviable.<\/span><span style=\"font-family: Verdana; font-size: 9pt;\">\u00a0<\/span><\/span><br \/>\n<span style=\"color: #000000;\"> <span style=\"font-family: Verdana; font-size: 9pt;\">La decepci\u00f3n de Per\u00f3n y sus asesores pareciera los impulsa a tender puentes extraoficiales hacia las FFAA y hacia las organizaciones sindicales. De aquella \u00e9poca -1948- es el Complot de las Patitas de Chancho en el cual aparece involucrado personal uniformado. Ese es el momento en que el general Ram\u00f3n Ca\u00f1as Montalva, comandante en jefe del Ej\u00e9rcito, denuncia<\/span><span style=\"font-family: Verdana; font-size: 9pt;\">\u00a0<\/span><span style=\"font-family: Verdana; font-size: 9pt; font-style: italic;\">\u00abuna potencia<\/span><span style=\"font-family: Verdana; font-size: 9pt; font-style: italic;\">\u00a0<\/span><span style=\"font-family: Verdana; font-size: 9pt; font-style: italic;\">sudamericana cuyas aspiraciones hegem\u00f3nicas son<\/span><span style=\"font-family: Verdana; font-size: 9pt; font-style: italic;\">\u00a0<\/span><span style=\"font-family: Verdana; font-size: 9pt; font-style: italic;\">conocidas, trata de difundir ideas subversivas en la Instituci\u00f3n\u00bb.<\/span><span style=\"font-family: Verdana; font-size: 9pt; font-style: italic;\">\u00a0<\/span><span style=\"font-family: Verdana; font-size: 9pt;\">Se <\/span><span style=\"font-family: Verdana; font-size: 9pt;\">redivulga<\/span><span style=\"font-family: Verdana; font-size: 9pt;\"> la circular del GOU fechada en 19437 lapidando como <\/span><span style=\"font-family: Verdana; font-size: 9pt;\">filonazi<\/span><span style=\"font-family: Verdana; font-size: 9pt;\"> al justicialismo. Recu\u00e9rdese que ya es conocida en los c\u00edrculos castrenses la confidencia que el caudillo formula al agregado militar de Chile en Buenos Aires, coronel Silvestre <\/span><span style=\"font-family: Verdana; font-size: 9pt;\">Ur\u00edzar<\/span><span style=\"font-family: Verdana; font-size: 9pt;\">,<\/span><span style=\"font-family: Verdana; font-size: 9pt;\">\u00a0<\/span><span style=\"font-family: Verdana; font-size: 9pt; font-style: italic;\">\u00abChile<\/span><span style=\"font-family: Verdana; font-size: 9pt; font-style: italic;\">\u00a0<\/span><span style=\"font-family: Verdana; font-size: 9pt; font-style: italic;\">debe unirse a la Argentina para formar un solo <\/span><span style=\"font-family: Verdana; font-size: 9pt; font-style: italic;\">pa\u00eds, pues<\/span><span style=\"font-family: Verdana; font-size: 9pt; font-style: italic;\"> en el mundo actual no hay lugar para naciones<\/span><span style=\"font-family: Verdana; font-size: 9pt; font-style: italic;\">\u00a0<\/span><span style=\"font-family: Verdana; font-size: 9pt; font-style: italic;\">peque\u00f1as y d\u00e9biles. La unidad de Argentina y Chile,<\/span><span style=\"font-family: Verdana; font-size: 9pt; font-style: italic;\">\u00a0<\/span><span style=\"font-family: Verdana; font-size: 9pt; font-style: italic;\">con costa sobre los dos oc\u00e9anos y econom\u00edas<\/span><span style=\"font-family: Verdana; font-size: 9pt; font-style: italic;\">\u00a0<\/span><span style=\"font-family: Verdana; font-size: 9pt; font-style: italic;\">complementarias constituye un todo perfecto. Unidos<\/span><span style=\"font-family: Verdana; font-size: 9pt; font-style: italic;\">\u00a0<\/span><span style=\"font-family: Verdana; font-size: 9pt; font-style: italic;\">Chile y Argentina<\/span><span style=\"font-family: Verdana; font-size: 9pt; font-style: italic;\">\u00a0<\/span><span style=\"font-family: Verdana; font-size: 9pt;\">-reiteraba-<\/span><span style=\"font-family: Verdana; font-size: 9pt;\">\u00a0<\/span><span style=\"font-family: Verdana; font-size: 9pt; font-style: italic;\">podr\u00e1n dominar Am\u00e9rica<\/span><span style=\"font-family: Verdana; font-size: 9pt; font-style: italic;\">\u00a0<\/span><span style=\"font-family: Verdana; font-size: 9pt; font-style: italic;\">del Sur y a\u00fan convertirse en potencia mundial\u00bb*.<\/span><\/span><\/p>\n<p style=\"background-color: #ffffff; margin: 5pt 0pt; text-align: justify;\"><span style=\"color: #000000;\"><span style=\"font-family: Verdana; font-size: 9pt; font-weight: bold;\">7. Cit. por <\/span><span style=\"font-family: Verdana; font-size: 9pt; font-weight: bold;\">Magne\u00ed<\/span><span style=\"font-family: Verdana; font-size: 9pt; font-weight: bold;\">, A.: \u00abNuestros vecinos justicialistas\u00bb, Edit. <\/span><span style=\"font-family: Verdana; font-size: 9pt; font-weight: bold;\">del<\/span><span style=\"font-family: Verdana; font-size: 9pt; font-weight: bold;\">\u00a0<\/span><span style=\"font-family: Verdana; font-size: 9pt; font-weight: bold;\">Pac\u00edfico, Santiago, 1953, <\/span><span style=\"font-family: Verdana; font-size: 9pt; font-weight: bold;\">pag<\/span><span style=\"font-family: Verdana; font-size: 9pt; font-weight: bold;\">. 12.<\/span><\/span><\/p>\n<p style=\"background-color: #ffffff; margin: 5pt 0pt; text-align: justify;\"><span style=\"color: #000000;\"><span style=\"font-family: Verdana; font-size: 9pt;\">Pese a lo anotado, al asumir el mando, Gabriel Gonz\u00e1lez Videla el 4 de noviembre de 1946, concurre, encabezando la delegaci\u00f3n platina, el Vicepresidente Hortensio Quijano. Gestiona ante La Moneda el Pacto de Uni\u00f3n Aduanera. Seg\u00fan el ya nombrado senador Larra\u00edn Garc\u00eda Moreno es<\/span><span style=\"font-family: Verdana; font-size: 9pt;\">\u00a0<\/span><span style=\"font-family: Verdana; font-size: 9pt; font-style: italic;\">\u00abel Tratado de mayor importancia que jam\u00e1s haya suscrito Chile\u00bb.<\/span><span style=\"font-family: Verdana; font-size: 9pt; font-style: italic;\">\u00a0<\/span><span style=\"font-family: Verdana; font-size: 9pt;\">Rebasa lo puramente comercial. Liberaba de derecho de aduana materias primas y productos y crea sociedades mixtas chileno-argentinas. El Estado argentino pasa a la condici\u00f3n de socio comanditario de yacimientos mineros y centrales industriales de Chile por medio siglo. Ello a cambio de gruesas sumas en empr\u00e9stitos y de facilidades plenarias en materia de art\u00edculos alimentarios como trigo y carne. Sin embargo, hubo en Santiago el prop\u00f3sito de boicotear dicho convenio. Al finalizar 1948 ya no quedaban sino suspicacias y hasta resquemores. La pol\u00edtica decisiva de nuestro mandatario en orden a alinearse con Washington lo empuja a abandonarlo porque, de un modo u otro, altera el esquema <\/span><span style=\"font-family: Verdana; font-size: 9pt;\">interamericanizantes<\/span><span style=\"font-family: Verdana; font-size: 9pt;\"> al cual se pliega La Moneda ante la inminente III Guerra Mundial.<\/span><\/span><\/p>\n<p><span style=\"color: #000000;\"><span style=\"font-family: Verdana; font-size: 9pt; font-weight: bold;\">8. Cit. por <\/span><span style=\"font-family: Verdana; font-size: 9pt; font-weight: bold;\">W\u00fcrth<\/span><span style=\"font-family: Verdana; font-size: 9pt; font-weight: bold;\"> Rojas, E.: \u00abIb\u00e1\u00f1ez, caudillo enigm\u00e1tico\u00bb, Edit. <\/span><span style=\"font-family: Verdana; font-size: 9pt; font-weight: bold;\">del<\/span><span style=\"font-family: Verdana; font-size: 9pt; font-weight: bold;\">\u00a0<\/span><span style=\"font-family: Verdana; font-size: 9pt; font-weight: bold;\">Pacifico, Santiago, 1958, <\/span><span style=\"font-family: Verdana; font-size: 9pt; font-weight: bold;\">pag<\/span><span style=\"font-family: Verdana; font-size: 9pt; font-weight: bold;\">. 120.<\/span><\/span><\/p>\n<p style=\"background-color: #ffffff; margin: 5pt 0pt; text-align: justify;\"><span style=\"font-family: Verdana; font-size: 9pt; color: #000000;\">\u00a0<\/span><\/p>\n<p style=\"background-color: #ffffff; margin: 5pt 0pt; text-align: justify;\"><span style=\"font-family: Verdana; font-size: 9pt; font-weight: bold; color: #000000;\">CONJURAS Y ANHELOS<\/span><\/p>\n<p><img loading=\"lazy\" decoding=\"async\" class=\"alignleft size-full wp-image-5549\" src=\"https:\/\/historiadelperonismo.com\/wp-content\/uploads\/55e868ef4406a_img.jpeg\" alt=\"55e868ef4406a_img\" width=\"54\" height=\"67\" srcset=\"https:\/\/historiadelperonismo.com\/wp-content\/uploads\/55e868ef4406a_img.jpeg 54w, https:\/\/historiadelperonismo.com\/wp-content\/uploads\/55e868ef4406a_img-40x50.jpeg 40w\" sizes=\"(max-width: 54px) 100vw, 54px\" \/><\/p>\n<p style=\"background-color: #ffffff; margin: 5pt 0pt; text-align: justify;\"><span style=\"font-family: Verdana; font-size: 9pt; color: #000000;\">\u00a0<\/span><\/p>\n<p style=\"text-align: justify;\"><span style=\"color: #000000;\"><span style=\"font-family: Verdana; font-size: 9pt;\">El enfriamiento de los nexos Casa Rosada -La Moneda se acent\u00faan. Per\u00f3n, al parecer, estimula a su servicio de inteligencia a cultivar v\u00ednculos con civiles y, sobre todo, con uniformados en retiro y servicio. El 31 de octubre de 1948 -como se anticipara- se devela un complot para tumbar al r\u00e9gimen que encabeza Gonz\u00e1lez Videla. La conspiraci\u00f3n es c\u00edvico militar y se detecta a uniformados influidos por la experiencia peronista. Se sostiene que han recibido est\u00edmulo de representantes del cuerpo diplom\u00e1tico y consular de Argentina acreditado en el pa\u00eds. La investigaci\u00f3n de rigor no logra confirmar la supuesta infiltraci\u00f3n, pero no queda duda que los cuadros civiles de inspiraci\u00f3n nacionalista simpatizan con Carlos Ib\u00e1\u00f1ez y admiran el modelo justicialista. Apenas superado el peligro el comandante en jefe del Ej\u00e9rcito -general Ram\u00f3n Ca\u00f1as <\/span><span style=\"font-family: Verdana; font-size: 9pt;\">V\u00edontalva<\/span><span style=\"font-family: Verdana; font-size: 9pt;\">&#8211; emite la declaraci\u00f3n a la cual se alude en l\u00edneas precedentes.<\/span><span style=\"font-family: Verdana; font-size: 9pt;\">\u00a0<\/span><\/span><\/p>\n<p style=\"text-align: justify;\"><span style=\"color: #000000;\"><span style=\"font-family: Verdana; font-size: 9pt;\">En 1951, se efect\u00faa una asamblea popular adversa al Presidente Gonz\u00e1lez Videla. Se protesta contra las alzas de<\/span><span style=\"font-family: Verdana; font-size: 9pt;\">\u00a0<\/span><span style=\"font-family: Verdana; font-size: 9pt; font-style: italic;\">\u00ablos art\u00edculos de primera necesidad\u00bb<\/span><span style=\"font-family: Verdana; font-size: 9pt; font-style: italic;\">\u00a0<\/span><span style=\"font-family: Verdana; font-size: 9pt;\">como se dec\u00eda entonces. Al d\u00eda siguiente, los actores centrales de tal mitin Domiciano Soto y Edgardo <\/span><span style=\"font-family: Verdana; font-size: 9pt;\">Maas<\/span><span style=\"font-family: Verdana; font-size: 9pt;\"> -comunista y socialista, respectivamente- desaparecen. Se acusa a la polic\u00eda del Poder Ejecutivo de secuestro y hasta de homicidio. Finalmente -cuando el pa\u00eds est\u00e1 al borde de un paro total de <\/span><span style=\"font-family: Verdana; font-size: 9pt;\">protesta que pudo estar zurcido con un cuartelazo <\/span><span style=\"font-family: Verdana; font-size: 9pt;\">iba\u00f1ista<\/span><span style=\"font-family: Verdana; font-size: 9pt;\">&#8211; se encuentran ambos personeros <\/span><span style=\"font-family: Verdana; font-size: 9pt;\">autosecuestrados<\/span><span style=\"font-family: Verdana; font-size: 9pt;\"> en Colliguay. La investigaci\u00f3n ulterior verifica que en la tramoya est\u00e1n implicados simpatizantes de Ib\u00e1\u00f1ez y Per\u00f3n. Ide\u00f3logo y responsable de la log\u00edstica es el profesor Guillermo Izquierdo Araya quien ha estado becado en Buenos Aires y en 1945 preside la Uni\u00f3n Nacionalista de Chile. M\u00e1s a\u00fan, en 1947 funda la Logia de los C\u00f3ndores9. Se sostiene -en, el pre\u00e1mbulo del acta fundacional de la cofrad\u00eda secreta- que el <\/span><span style=\"font-family: Verdana; font-size: 9pt;\">condorismo<\/span><span style=\"font-family: Verdana; font-size: 9pt;\"> procura establecer filiales en diversas rep\u00fablicas del Cono Sur incluyendo Ecuador. Recu\u00e9rdese que <\/span><span style=\"font-family: Verdana; font-size: 9pt;\">el<\/span><span style=\"font-family: Verdana; font-size: 9pt;\"> cuatro veces Presidente Velasco Ibarra, exhibe adhesi\u00f3n al justicialismo. Miembros de las FFAA de <\/span><span style=\"font-family: Verdana; font-size: 9pt;\">Bolivia y<\/span><span style=\"font-family: Verdana; font-size: 9pt;\"> Paraguay manifiestan simpat\u00eda por el peronismo. Equivale aquello un tanto al \u00ab<\/span><span style=\"font-family: Verdana; font-size: 9pt;\">nasserismo<\/span><span style=\"font-family: Verdana; font-size: 9pt;\">\u00bb que, en la d\u00e9cada de los 60, cosecha adherentes en los cuarteles de todo el denominado \u00abmundo \u00e1rabe\u00bb. Sin distanciarnos de latitud, aqu\u00ed hay \u00ab<\/span><span style=\"font-family: Verdana; font-size: 9pt;\">crucismo<\/span><span style=\"font-family: Verdana; font-size: 9pt;\">\u00bb por <\/span><span style=\"font-family: Verdana; font-size: 9pt;\">Ia<\/span><span style=\"font-family: Verdana; font-size: 9pt;\"> irradiaci\u00f3n del experimento integrador de Andr\u00e9s Santa Cruz y -en este siglo- ejerce seducci\u00f3n el \u00ab<\/span><span style=\"font-family: Verdana; font-size: 9pt;\">velasquismo<\/span><span style=\"font-family: Verdana; font-size: 9pt;\">\u00bb que deriva de la revoluci\u00f3n castrense que, encabezada por Juan Velasco Alvarado, conmueve al Per\u00fa. Hoy el \u00abchavismo\u00bb irradia m\u00e1s all\u00e1 de las fronteras de Venezuela por el influjo de otro militar Hugo Ch\u00e1vez.<\/span><\/span><\/p>\n<p style=\"background-color: #ffffff; margin: 5pt 0pt; text-align: justify;\"><span style=\"color: #000000;\"><span style=\"font-family: Verdana; font-size: 9pt; font-weight: bold;\">9. Ver \u00abDimensi\u00f3n hist\u00f3rica de Chile\u00bb, Revista de Academia<\/span><span style=\"font-family: Verdana; font-size: 9pt; font-weight: bold;\">\u00a0<\/span><span style=\"font-family: Verdana; font-size: 9pt; font-weight: bold;\">Metropolitana de Ciencias de la Educaci\u00f3n, Santiago, 1976, <\/span><span style=\"font-family: Verdana; font-size: 9pt; font-weight: bold;\">pag<\/span><span style=\"font-family: Verdana; font-size: 9pt; font-weight: bold;\">.<\/span><span style=\"font-family: Verdana; font-size: 9pt; font-weight: bold;\">\u00a0<\/span><span style=\"font-family: Verdana; font-size: 9pt; font-weight: bold;\">23 a<\/span><span style=\"font-family: Verdana; font-size: 9pt; font-weight: bold;\">\u00a0<\/span><span style=\"font-family: Verdana; font-size: 9pt; font-weight: bold;\">92.<\/span><\/span><\/p>\n<p style=\"background-color: #ffffff; margin: 5pt 0pt; text-align: justify;\"><span style=\"color: #000000;\"><span style=\"font-family: Verdana; font-size: 9pt;\">As\u00ed en su momento, no son escasos los oficiales y sindicalistas seducidos por el experimento argentino y en cada rep\u00fablica coagulan -ajenos al juego pol\u00edtico cl\u00e1sico- activos, aunque heter\u00f3clitos grupos <\/span><span style=\"font-family: Verdana; font-size: 9pt;\">peronizantes<\/span><span style=\"font-family: Verdana; font-size: 9pt;\">. Alteran la dualidad derecha-izquierda, asocian rostros nuevos provenientes de diversa procedencia social y pol\u00edtica. Los adversarios de Casa Rosada los estigmatizan como quinta columnas del <\/span><span style=\"font-family: Verdana; font-size: 9pt;\">justicialismo<\/span><span style=\"font-family: Verdana; font-size: 9pt;\">.<\/span><span style=\"font-family: Verdana; font-size: 9pt;\">\u00a0<\/span><\/span><\/p>\n<p style=\"text-align: justify;\"><span style=\"color: #000000;\"><span style=\"font-family: Verdana; font-size: 9pt;\">Al a\u00f1o siguiente, en 1948, como organismo p\u00fablico nace en Santiago la Acci\u00f3n Chileno-Argentina y, de modo simult\u00e1neo, en Buenos Aires, la Acci\u00f3n Argentino-Chilena. Error frecuente: identificar aquella instituci\u00f3n con la Acci\u00f3n Chilena Anticomunista que opera luego de la ruptura del Presidente Gonz\u00e1lez Videla con la tienda de <\/span><span style=\"font-family: Verdana; font-size: 9pt;\">Lafferte<\/span><span style=\"font-family: Verdana; font-size: 9pt;\"> y Neruda. Por otro lado, resulta interesante un estudio de los integrantes del directorio del ACHA. Junto con uniformados en retiro y de los acad\u00e9micos Izquierdo Araya y Juan G\u00f3mez Millas figura el economista Carlos <\/span><span style=\"font-family: Verdana; font-size: 9pt;\">Keller<\/span><span style=\"font-family: Verdana; font-size: 9pt;\">, quien fuera ide\u00f3logo del Movimiento Nacional Socialista, as\u00ed como Sergio Onofre <\/span><span style=\"font-family: Verdana; font-size: 9pt;\">Jarpa<\/span><span style=\"font-family: Verdana; font-size: 9pt;\"> junto a Eugenio Orrego Vicu\u00f1a. Esta somera exposici\u00f3n de nombres demuestra, una vez m\u00e1s, que el fen\u00f3meno cesarista pulveriza el afrancesado encasillamiento de \u00abizquierda\u00bb y de \u00abderecha\u00bb al cual estamos habituados. El centenario del deceso de Jos\u00e9 de San Mart\u00edn -1950- abre posibilidades de irradiaci\u00f3n cultural e ideol\u00f3gica a la Casa Rosada sobre aquellos segmentos de Suram\u00e9rica liberados, por el h\u00e9roe, de la monarqu\u00eda absoluta.<\/span><\/span><\/p>\n<p style=\"background-color: #ffffff; margin: 5pt 0pt; text-align: justify;\"><span style=\"font-family: Verdana; font-size: 9pt; color: #000000;\">\u00a0<\/span><\/p>\n<p style=\"background-color: #ffffff; margin: 5pt 0pt 12pt; text-align: justify;\"><span style=\"color: #000000;\"><span style=\"font-family: Verdana; font-size: 9pt;\">\u00bf<\/span><span style=\"font-family: Verdana; font-size: 9pt; font-weight: bold;\">IBANISMO ES JUSTICIALISMO?<\/span><\/span><\/p>\n<p style=\"text-align: justify;\"><span style=\"color: #000000;\"><img loading=\"lazy\" decoding=\"async\" class=\"alignleft size-full wp-image-5550\" src=\"https:\/\/historiadelperonismo.com\/wp-content\/uploads\/55e868ef4417f_img.jpeg\" alt=\"55e868ef4417f_img\" width=\"61\" height=\"79\" srcset=\"https:\/\/historiadelperonismo.com\/wp-content\/uploads\/55e868ef4417f_img.jpeg 61w, https:\/\/historiadelperonismo.com\/wp-content\/uploads\/55e868ef4417f_img-39x50.jpeg 39w\" sizes=\"(max-width: 61px) 100vw, 61px\" \/><\/span><br \/>\n<span style=\"font-family: Verdana; font-size: 9pt; color: #000000;\"> \u00a0<\/span><\/p>\n<p style=\"background-color: #ffffff; margin: 5pt 0pt; text-align: justify;\"><span style=\"font-family: Verdana; font-size: 9pt; color: #000000;\">\u00a0<\/span><\/p>\n<p style=\"background-color: #ffffff; margin: 5pt 0pt; text-align: justify;\"><span style=\"color: #000000;\"><span style=\"font-family: Verdana; font-size: 9pt;\">La corrupci\u00f3n adjudicada a la III administraci\u00f3n radical, su viraje a la derecha y una enloquecida inflaci\u00f3n permitir\u00e1n -entre otros factores-irrumpir al general Carlos Ib\u00e1\u00f1ez del Campo como figura pol\u00edtica de primer orden. Este caudillo ahora exhibe <\/span><span style=\"font-family: Verdana; font-size: 9pt;\">banderas nacional<\/span> <span style=\"font-family: Verdana; font-size: 9pt;\">populistas muy similares<\/span><span style=\"font-family: Verdana; font-size: 9pt;\"> a la doctrina de Per\u00f3n. Parec\u00eda estar en la 3a Posici\u00f3n. Hay viejos v\u00ednculos: en dos oportunidades la Argentina lo <\/span><span style=\"font-family: Verdana; font-size: 9pt;\">prohija<\/span><span style=\"font-family: Verdana; font-size: 9pt;\"> como refugiado pol\u00edtico. Su campa\u00f1a se inaugura en Buenos Aires y aglutina a diversos componentes del espectro pol\u00edtico en el Grupo \u00abArauco\u00bb. La Casa Rosada le proporciona discreto apoyo. Ya no es \u00abEl Caballo\u00bb, sino \u00abEl general de la Esperanza\u00bb. Como todo fen\u00f3meno de naturaleza caudillista agrieta los compartimentos estancos a trav\u00e9s de los cuales se expresa la pol\u00edtica tradicional.<\/span><span style=\"font-family: Verdana; font-size: 9pt;\">\u00a0<\/span><\/span><\/p>\n<p style=\"text-align: justify;\"><span style=\"color: #000000;\"><span style=\"font-family: Verdana; font-size: 9pt;\">Los preparativos para aquellas elecciones suponen la organizaci\u00f3n de tiendas afines al veterano postulante al solio de O&#8217;Higgins. As\u00ed se refunda el Partido Agrario-laborista. Re\u00fane cuadros dispersos de la disuelta <\/span><span style=\"font-family: Verdana; font-size: 9pt;\">Vanguadia<\/span><span style=\"font-family: Verdana; font-size: 9pt;\"> Popular Socialista que es la continuidad del Movimiento Nacional Socialista. Tambi\u00e9n, no sin titubeos pueriles, el Partido Socialista Popular adhiere al <\/span><span style=\"font-family: Verdana; font-size: 9pt;\">iba\u00f1ismo<\/span><span style=\"font-family: Verdana; font-size: 9pt;\">. Ambas colectividades est\u00e1n influidas por el nacional<\/span> <span style=\"font-family: Verdana; font-size: 9pt;\">populismo <\/span><span style=\"font-family: Verdana; font-size: 9pt;\">vigente en Buenos Aires. En las murallas aparece la consigna<\/span><span style=\"font-family: Verdana; font-size: 9pt;\">\u00a0<\/span><span style=\"font-family: Verdana; font-size: 9pt; font-style: italic;\">\u00abNi yanquis ni rusos\u00bb.<\/span><span style=\"font-family: Verdana; font-size: 9pt; font-style: italic;\">\u00a0<\/span><span style=\"font-family: Verdana; font-size: 9pt;\">Es el embri\u00f3n de la 3a Posici\u00f3n. Ya en la I Presidencia 1927-1932 hubo manifiesto inter\u00e9s en La Moneda por lo que entonces se denomina Uni\u00f3n Aduanera y Monetaria. Inclu\u00eda a Argentina, Bolivia, Uruguay y Paraguay. Altos funcionarios de nuestro Banco Central entre los que figura Guillermo <\/span><span style=\"font-family: Verdana; font-size: 9pt;\">Subercaseaux<\/span><span style=\"font-family: Verdana; font-size: 9pt;\"> -ide\u00f3logo del Partido Nacionalista fundado en 1910 y con vigencia hasta 1920-actualizan la obra del economista argentino Alejandro Bunge. Todo ello en el marco del <\/span><span style=\"font-family: Verdana; font-size: 9pt;\">militarpopulismo<\/span><span style=\"font-family: Verdana; font-size: 9pt;\"> que irradia el <\/span><span style=\"font-family: Verdana; font-size: 9pt;\">iba\u00f1ismo<\/span><span style=\"font-family: Verdana; font-size: 9pt;\"> con el programa conocido como \u00abChile Nuevo\u00bb10. No son extra\u00f1as al caudillo esas posiciones tanto que bajo su mandato se reintegra Tacna a Per\u00fa y se traza la L\u00ednea de la Concordia. Cuento corto, el 4 de septiembre de 1952 triunfa arrolladoramente en las elecciones. 60 d\u00edas despu\u00e9s ingresa -con la escoba en ristre- a la Casa de <\/span><span style=\"font-family: Verdana; font-size: 9pt;\">Toesca<\/span><span style=\"font-family: Verdana; font-size: 9pt;\">\u00bb anunciando una Revoluci\u00f3n Pac\u00edfica.<\/span><span style=\"font-family: Verdana; font-size: 9pt;\">\u00a0<\/span><\/span><\/p>\n<p style=\"text-align: justify;\"><span style=\"color: #000000;\"><span style=\"font-family: Verdana; font-size: 9pt;\">El justicialismo, en su af\u00e1n <\/span><span style=\"font-family: Verdana; font-size: 9pt;\">divulgatorio<\/span><span style=\"font-family: Verdana; font-size: 9pt;\">, <\/span><span style=\"font-family: Verdana; font-size: 9pt;\">archipotencia<\/span><span style=\"font-family: Verdana; font-size: 9pt;\"> las radioemisoras de Buenos Aires. Junto con ello, funda Agencia Latina anticipo de la muy cubana Prensa Latina. Es la primera distribuidora de noticias de un pa\u00eds de nuestra Am\u00e9rica. Tendr\u00e1, obvio, oficina en Santiago. En una \u00e9poca sin TV la onda radial es clave.<\/span><\/span><\/p>\n<ol style=\"margin: 0pt; padding-left: 0pt; text-align: justify;\" type=\"1\">\n<li style=\"background-color: #ffffff; font-family: Verdana; font-size: 9pt; margin: 5pt 0pt 5pt 32pt; padding-left: 4pt; text-align: justify; text-indent: 0pt;\"><span style=\"color: #000000;\"><span style=\"font-family: Verdana; font-size: 9pt; font-weight: bold;\">Ver Vergara Vicu\u00f1a, Aquiles \u00abIb\u00e1\u00f1ez, C\u00e9sar criollo\u00bb y Madrid,<\/span><span style=\"font-family: Verdana; font-size: 9pt; font-weight: bold;\">\u00a0<\/span><span style=\"font-family: Verdana; font-size: 9pt; font-weight: bold;\">Eduardo: \u00abArgentina, Brasil y Chile\u00bb. Art, en Revista de Estudios<\/span><span style=\"font-family: Verdana; font-size: 9pt; font-weight: bold;\">\u00a0<\/span><span style=\"font-family: Verdana; font-size: 9pt; font-weight: bold;\">Transandinos N\u00ba 4.<\/span><\/span><\/li>\n<li style=\"background-color: #ffffff; font-family: Verdana; font-size: 9pt; margin: 5pt 0pt 5pt 32pt; padding-left: 4pt; text-align: justify; text-indent: 0pt;\"><span style=\"font-family: Verdana; font-size: 9pt; font-weight: bold; color: #000000;\">Nombre dado a La Moneda, palacio de gobierno en Chile.<\/span><\/li>\n<\/ol>\n<p style=\"margin: 5pt 0pt; text-align: justify; background-color: #ffffff;\"><span style=\"color: #000000;\"><span style=\"font-family: Verdana; font-size: 9pt;\">Eso no pasa inadvertido para el <\/span><span style=\"font-family: Verdana; font-size: 9pt;\">staff<\/span><span style=\"font-family: Verdana; font-size: 9pt;\"> de Per\u00f3n. Entonces el Servicio Internacional Radiof\u00f3nico Argentino SIRA intenta la adquisici\u00f3n de la Radio Mercurio. Tal emisora no posee ninguna conexi\u00f3n con el rotativo del mismo nombre que siempre -ayer y hoy- ha sido adverso a la integraci\u00f3n y, de modo particular, rabiosamente <\/span><span style=\"font-family: Verdana; font-size: 9pt;\">antiargentino<\/span><span style=\"font-family: Verdana; font-size: 9pt;\">. A\u00fan m\u00e1s, se funda la Alianza de Trabajadores Latinoamericanos Sindicalistas ATLAS. Ser\u00e1, obvio, ferozmente combatida tanto por la CTAL de inspiraci\u00f3n comunista piloteada por Vicente Lombardo Toledano como por la ORIT-CIOLS que financia EEUU.<\/span><\/span><\/p>\n<p style=\"margin: 5pt 0pt; text-align: justify; background-color: #ffffff;\"><span style=\"font-family: Verdana; font-size: 9pt; font-weight: bold; color: #000000;\">HORIZONTE ALBICELESTE<\/span><\/p>\n<p style=\"text-align: justify;\"><span style=\"color: #000000;\"><span style=\"font-family: Verdana; font-size: 9pt;\">Ib\u00e1\u00f1ez en La Moneda y Vargas en Palacio Catete impulsan a Per\u00f3n a <\/span><span style=\"font-family: Verdana; font-size: 9pt;\">agendar<\/span><span style=\"font-family: Verdana; font-size: 9pt;\"> el ABC. Como si fuera poco, en abril de 1952 -meses antes del arrollador triunfo del <\/span><span style=\"font-family: Verdana; font-size: 9pt;\">iba\u00f1ismo<\/span><span style=\"font-family: Verdana; font-size: 9pt;\"> en las urnas- se impone una revoluci\u00f3n en Bolivia. La capitanea el Movimiento Nacionalista Revolucionario MNR. La Casa Rosada, de inmediato, reconoce al nuevo r\u00e9gimen. Aviones fletados por la Fundaci\u00f3n \u00abEva Per\u00f3n\u00bb aterrizan en La Paz con equipos m\u00e9dicos de socorro. Este trastorno posee ra\u00edces en la Guerra del Chaco. En tal conflagraci\u00f3n fratricida 1932-1936 intervienen oficiales chilenos de filiaci\u00f3n <\/span><span style=\"font-family: Verdana; font-size: 9pt;\">iba\u00f1ista<\/span><span style=\"font-family: Verdana; font-size: 9pt;\"> y <\/span><span style=\"font-family: Verdana; font-size: 9pt;\">grovista<\/span><span style=\"font-family: Verdana; font-size: 9pt;\">. Influyen sobre sus pares bolivianos y \u2013despu\u00e9s del \u00abcorralito de <\/span><span style=\"font-family: Verdana; font-size: 9pt;\">Villamontes<\/span><span style=\"font-family: Verdana; font-size: 9pt;\">\u00bb y del armisticio con Paraguay- asumen el poder caudillos como David Toro y Germ\u00e1n Busch. Se proclaman \u00abmilitar-socialistas\u00bb y se empe\u00f1an en reformas estructurales. Fundan la Logia RADEPA12 y regresan a Palacio Quemado con el mayor Gualberto Villarroel quien es v\u00edctima de un <\/span><span style=\"font-family: Verdana; font-size: 9pt;\">putsch<\/span><span style=\"font-family: Verdana; font-size: 9pt;\"> y colgado de un farol de la Plaza Murillo en medio de la alegr\u00eda de una izquierda -tan ap\u00e1trida como aliad\u00f3fila- que presenta el hecho como el equivalente andino del linchamiento de Mussolini en Mil\u00e1n. Ese gobierno -ahogado en sangre por la colusi\u00f3n de la oligarqu\u00eda y el marxismo con el benepl\u00e1cito de la Embajada de EEUU- manifiesta simpat\u00eda por el r\u00e9gimen reci\u00e9n inaugurado por Per\u00f3n. Testimonio interesante es la misiva remitida por el capit\u00e1n Ricardo Cardona, edec\u00e1n militar del Presidente depuesto13.<\/span><span style=\"font-family: Verdana; font-size: 9pt;\">\u00a0<\/span><\/span><\/p>\n<p style=\"text-align: justify;\"><span style=\"color: #000000;\"><span style=\"font-family: Verdana; font-size: 9pt;\">En Per\u00fa -a trav\u00e9s del periodista Manuel <\/span><span style=\"font-family: Verdana; font-size: 9pt;\">Seoane<\/span><span style=\"font-family: Verdana; font-size: 9pt;\">-se inician negociaciones para ligar al Partido Justicialista con el APRA. Este esfuerzo, sin embargo, se frustra en parte por el porfiado civilismo de V\u00edctor Ra\u00fal Haya de la Torre quien siempre identifica uniformes con tiran\u00edas. A\u00fan m\u00e1s, en su momento, el proyecto ABC y, particularmente, el acercamiento Per\u00f3n-<\/span><span style=\"font-family: Verdana; font-size: 9pt;\">lb\u00e1\u00f1ez<\/span> <span style=\"font-family: Verdana; font-size: 9pt;\">es<\/span><span style=\"font-family: Verdana; font-size: 9pt;\"> explotado por <\/span><span style=\"font-family: Verdana; font-size: 9pt;\">Itamaraty<\/span><span style=\"font-family: Verdana; font-size: 9pt;\">. Se presenta como una entente que, de consolidarse, perjudica a Per\u00fa vulnerando la vieja hip\u00f3tesis de conflicto peruana que supone como r\u00e9plica la alianza Lima-Buenos Aires. Por ese motivo, en las barbas mismas de Vargas el canciller Joao <\/span><span style=\"font-family: Verdana; font-size: 9pt;\">Neves<\/span><span style=\"font-family: Verdana; font-size: 9pt;\"> de <\/span><span style=\"font-family: Verdana; font-size: 9pt;\">Fontoura<\/span><span style=\"font-family: Verdana; font-size: 9pt;\"> invita y <\/span><span style=\"font-family: Verdana; font-size: 9pt;\">recepciona<\/span><span style=\"font-family: Verdana; font-size: 9pt;\"> en R\u00edo de Janeiro al Presidente Manuel <\/span><span style=\"font-family: Verdana; font-size: 9pt;\">Odr\u00eda<\/span><span style=\"font-family: Verdana; font-size: 9pt;\">. <\/span><span style=\"font-family: Verdana; font-size: 9pt;\">Itamaraty<\/span><span style=\"font-family: Verdana; font-size: 9pt;\"> -la canciller\u00eda carioca- opera con tanta autonom\u00eda de vuelo que es un Estado dentro del Estado. Los nexos con la Casa Blanca son notorios y los disc\u00edpulos del Bar\u00f3n de R\u00edo Branco enjuician el ABC como \u00abataque a la unidad hemisf\u00e9rica\u00bb y \u00abatentado al sistema interamericano\u00bb.<\/span><\/span><\/p>\n<p style=\"text-align: justify;\"><span style=\"color: #000000;\"><span style=\"font-family: Verdana; font-size: 9pt; font-weight: bold;\">12. Sigla de Raz\u00f3n de Patria<\/span><span style=\"font-family: Verdana; font-size: 9pt; font-weight: bold;\">\u00a0<\/span><\/span><br \/>\n<span style=\"color: #000000;\"> <span style=\"font-family: Verdana; font-size: 9pt; font-weight: bold;\">13. Ver en <\/span><span style=\"font-family: Verdana; font-size: 9pt; font-weight: bold;\">Magnet<\/span><span style=\"font-family: Verdana; font-size: 9pt; font-weight: bold;\">, A.: \u00abNuestros vecinos justicialistas\u00bb, P\u00e1g. 68<\/span><\/span><\/p>\n<p style=\"margin: 5pt 0pt; text-align: justify; background-color: #ffffff;\"><span style=\"color: #000000;\"><span style=\"font-family: Verdana; font-size: 9pt;\">No obstante lo anotado, se registra un acercamiento al Paraguay sin precedente. El mismo l\u00edder justicialista reintegra a esa rep\u00fablica trofeos de la Guerra de la Triple Alianza (1860-1865), se condona una a\u00f1eja deuda derivada de aquella conflagraci\u00f3n, se reescriben los textos escolares de Historia Argentina en lo atinente a aquel cap\u00edtulo b\u00e9lico y se facilita la navegaci\u00f3n por las arterias fluviales del sistema del Plata. Las FFAA paraguayas, en retribuci\u00f3n, designan al mandatario visitante general de Ej\u00e9rcito. A\u00f1os m\u00e1s tarde ese rango le asegurar\u00e1 inmunidad cuando, al derrumbarse el r\u00e9gimen, se refugia en lancha militar paraguaya anclada en d\u00e1rsena rioplatense y se le brinda refugio en Asunci\u00f3n. En torno a este instante, el panorama cono<\/span> <span style=\"font-family: Verdana; font-size: 9pt;\">sure\u00f1o es favorable a sus proyectos sanmartinianos.<\/span><span style=\"font-family: Verdana; font-size: 9pt;\">\u00a0<\/span><\/span><\/p>\n<p style=\"text-align: justify;\"><span style=\"color: #000000;\"><span style=\"font-family: Verdana; font-size: 9pt;\">Tres meses despu\u00e9s de asumir Ib\u00e1\u00f1ez el mando supremo, en Santiago se publica entrevista a Per\u00f3n14. All\u00ed manifiesta:<\/span><span style=\"font-family: Verdana; font-size: 9pt;\">\u00a0<\/span><span style=\"font-family: Verdana; font-size: 9pt; font-style: italic;\">\u00abCreo que la unidad <\/span><span style=\"font-family: Verdana; font-size: 9pt; font-style: italic;\">chilenoargentina<\/span><span style=\"font-family: Verdana; font-size: 9pt; font-style: italic;\">&#8230; hay<\/span><span style=\"font-family: Verdana; font-size: 9pt; font-style: italic;\">\u00a0<\/span><span style=\"font-family: Verdana; font-size: 9pt; font-style: italic;\">que hacerla total e inmediatamente. La simple unidad<\/span><span style=\"font-family: Verdana; font-size: 9pt; font-style: italic;\">\u00a0<\/span><span style=\"font-family: Verdana; font-size: 9pt; font-style: italic;\">econ\u00f3mica no es suficiente. Se puede anular o destruir.<\/span><span style=\"font-family: Verdana; font-size: 9pt; font-style: italic;\">\u00a0<\/span><span style=\"font-family: Verdana; font-size: 9pt; font-style: italic;\">Hay que hacer la unidad<\/span><span style=\"font-family: Verdana; font-size: 9pt; font-style: italic;\">\u00a0<\/span><span style=\"font-family: Verdana; font-size: 9pt;\">y<\/span><span style=\"font-family: Verdana; font-size: 9pt;\">\u00a0<\/span><span style=\"font-family: Verdana; font-size: 9pt; font-style: italic;\">los problemas que puedan<\/span><span style=\"font-family: Verdana; font-size: 9pt; font-style: italic;\">\u00a0<\/span><span style=\"font-family: Verdana; font-size: 9pt; font-style: italic;\">originarse se arreglan en el camino. Esto es como meterse a la ducha fr\u00eda.<\/span><span style=\"font-family: Verdana; font-size: 9pt; font-style: italic;\">\u00a0<\/span><span style=\"font-family: Verdana; font-size: 9pt;\">Si<\/span><span style=\"font-family: Verdana; font-size: 9pt;\">\u00a0<\/span><span style=\"font-family: Verdana; font-size: 9pt; font-style: italic;\">se mete un dedo al agua, uno duda. Preferible es ponerse bajo el chorro con<\/span><span style=\"font-family: Verdana; font-size: 9pt; font-style: italic;\">\u00a0<\/span><span style=\"font-family: Verdana; font-size: 9pt; font-style: italic;\">todo el cuerpo&#8230; El pueblo argentino abrir\u00e1 sus brazos a los chilenos para lograr la unidad porque el pueblo<\/span><span style=\"font-family: Verdana; font-size: 9pt; font-style: italic;\">\u00a0<\/span><span style=\"font-family: Verdana; font-size: 9pt; font-style: italic;\">argentino quiere, de verdad, la uni\u00f3n. Si es necesario,<\/span><span style=\"font-family: Verdana; font-size: 9pt; font-style: italic;\">\u00a0<\/span><span style=\"font-family: Verdana; font-size: 9pt; font-style: italic;\">el pueblo argentino saldr\u00e1 a las calles a pedir la unidad<\/span><span style=\"font-family: Verdana; font-size: 9pt; font-style: italic;\">\u00a0<\/span><span style=\"font-family: Verdana; font-size: 9pt; font-style: italic;\">con Chile. Creo que el pueblo chileno har\u00e1 lo mismo\u00bb.<\/span><span style=\"font-family: Verdana; font-size: 9pt; font-style: italic;\">\u00a0<\/span><span style=\"font-family: Verdana; font-size: 9pt;\">Las opiniones vertidas por el mandatario motivan protestas tales que la Casa Rosada se ve obligada a desmentirlas presumiblemente a petici\u00f3n de La Moneda. Hoy a medio siglo de distancia no se logra entender que origine tal hurac\u00e1n.<\/span><\/span><\/p>\n<p style=\"margin: 5pt 0pt; text-align: justify; background-color: #ffffff;\"><span style=\"color: #000000;\"><span style=\"font-family: Verdana; font-size: 9pt; font-weight: bold;\">14. Diario \u00abLa Naci\u00f3n\u00bb de Santiago. 16.08.53. Lo entrevista Jos\u00e9<\/span><span style=\"font-family: Verdana; font-size: 9pt; font-weight: bold;\">\u00a0<\/span><span style=\"font-family: Verdana; font-size: 9pt; font-weight: bold;\">Dolores V\u00e1squez. V\u00e9ase que lo antecede en 8 a\u00f1os el periodista<\/span><span style=\"font-family: Verdana; font-size: 9pt; font-weight: bold;\">\u00a0<\/span><span style=\"font-family: Verdana; font-size: 9pt; font-weight: bold;\">Germ\u00e1n <\/span><span style=\"font-family: Verdana; font-size: 9pt; font-weight: bold;\">Masafierro<\/span><\/span><\/p>\n<p style=\"margin: 5pt 0pt; text-align: justify; background-color: #ffffff;\"><span style=\"font-family: Verdana; font-size: 9pt; font-weight: bold; color: #000000;\">\u00a0<\/span><\/p>\n<p style=\"margin: 5pt 0pt; text-align: justify; background-color: #ffffff;\"><span style=\"font-family: Verdana; font-size: 9pt; font-weight: bold; color: #000000;\">EL IMPERIO SE MOVILIZA<\/span><\/p>\n<p style=\"text-align: justify;\"><span style=\"color: #000000;\"><img loading=\"lazy\" decoding=\"async\" class=\"alignleft size-full wp-image-5551\" src=\"https:\/\/historiadelperonismo.com\/wp-content\/uploads\/55e868ef442bd_img.jpeg\" alt=\"55e868ef442bd_img\" width=\"70\" height=\"41\" srcset=\"https:\/\/historiadelperonismo.com\/wp-content\/uploads\/55e868ef442bd_img.jpeg 70w, https:\/\/historiadelperonismo.com\/wp-content\/uploads\/55e868ef442bd_img-50x29.jpeg 50w\" sizes=\"(max-width: 70px) 100vw, 70px\" \/><\/span><\/p>\n<p style=\"text-align: justify;\"><span style=\"color: #000000;\"><span style=\"font-family: Verdana; font-size: 9pt;\">Mientras el Presidente Per\u00f3n prepara el viaje a Chile se mueven los agentes norteamericanos y, presumiblemente, brit\u00e1nicos con velocidad. Resultar\u00eda inaceptable para la <\/span><span style=\"font-family: Verdana; font-size: 9pt;\">geoestrategia<\/span><span style=\"font-family: Verdana; font-size: 9pt;\"> angloestadounidense que se constituya un polo integrador en el extremo sur del Continente. Se activan los lazos con la derecha <\/span><span style=\"font-family: Verdana; font-size: 9pt;\">mapochina<\/span><span style=\"font-family: Verdana; font-size: 9pt;\"> en aquella \u00e9poca m\u00e1s que hoy ligada al agro. Nada hay que la torne m\u00e1s <\/span><span style=\"font-family: Verdana; font-size: 9pt;\">antiargentina<\/span><span style=\"font-family: Verdana; font-size: 9pt;\"> a la oligarqu\u00eda criolla \u2013con Per\u00f3n, si con o contra Per\u00f3n- que las importaciones de carne y trigo de la otra Banda. Ahora Washington la abastece de argumentos:<\/span><span style=\"font-family: Verdana; font-size: 9pt;\">\u00a0<\/span><span style=\"font-family: Verdana; font-size: 9pt; font-style: italic;\">\u00abPer\u00f3n es el <\/span><span style=\"font-family: Verdana; font-size: 9pt; font-style: italic;\">H\u00edtler<\/span><span style=\"font-family: Verdana; font-size: 9pt; font-style: italic;\"> austral\u00bb,<\/span><span style=\"font-family: Verdana; font-size: 9pt; font-style: italic;\">\u00a0<\/span><span style=\"font-family: Verdana; font-size: 9pt; font-style: italic;\">\u00abLa Casa Rosada prepara el <\/span><span style=\"font-family: Verdana; font-size: 9pt; font-style: italic;\">anchluss<\/span><span style=\"font-family: Verdana; font-size: 9pt; font-style: italic;\">\u00bb, \u00abJusticialismo es fascismo\u00bb, \u00abPer\u00f3n es disc\u00edpulo del Duce\u00bb,<\/span><span style=\"font-family: Verdana; font-size: 9pt; font-style: italic;\">\u00a0<\/span><span style=\"font-family: Verdana; font-size: 9pt;\">etc. Todo nuestro a\u00f1ejo y actual chauvinismo se ti\u00f1e de <\/span><span style=\"font-family: Verdana; font-size: 9pt;\">argentinofobia<\/span><span style=\"font-family: Verdana; font-size: 9pt;\">. Al trampero caen redondamente radicales como Exequiel Gonz\u00e1lez Madariaga y Ra\u00fal <\/span><span style=\"font-family: Verdana; font-size: 9pt;\">Rettig<\/span><span style=\"font-family: Verdana; font-size: 9pt;\">, socialistas como Salvador Allende y Florencio Galleguillos, democristianos como Ricardo <\/span><span style=\"font-family: Verdana; font-size: 9pt;\">Boizard<\/span><span style=\"font-family: Verdana; font-size: 9pt;\"> conocido en el \u00e1mbito period\u00edstico como \u00abPicot\u00f3n\u00bb y, por cierto, Alejandro <\/span><span style=\"font-family: Verdana; font-size: 9pt;\">Magnet<\/span><span style=\"font-family: Verdana; font-size: 9pt;\">. Queda claro, el problema para la patrioter\u00eda de Chile es Per\u00f3n en lo adjetivo, pero en lo sustantivo es el pa\u00eds de Mart\u00edn Fierro.<\/span><span style=\"font-family: Verdana; font-size: 9pt;\">\u00a0<\/span><\/span><\/p>\n<p style=\"text-align: justify;\"><span style=\"color: #000000;\"><span style=\"font-family: Verdana; font-size: 9pt;\">El 20 de febrero de 1953 un convoy ferroviario trae al mandatario a Chile. Lo encabeza una locomotora engalanada con guirnalda con los colores patrios de Chile y Argentina. Dos d\u00edas demora la traves\u00eda desde Buenos Aires a Santiago. La delegaci\u00f3n trasandina la integran oficiales de las FFAA, sindicalistas de la CGT, luminarias del deporte encabezadas por el volante Juan Manuel <\/span><span style=\"font-family: Verdana; font-size: 9pt;\">Fangio<\/span><span style=\"font-family: Verdana; font-size: 9pt;\">. Lo acompa\u00f1a -acorde con el protocolo- el embajador de Chile en Buenos Aires, Conrado R\u00edos Gallardo. En 1973 -al cumplirse el vig\u00e9simo aniversario de la visita- se efect\u00faa un reportaje15. En ella declara el diplom\u00e1tico aludido:<\/span><span style=\"font-family: Verdana; font-size: 9pt;\">\u00a0<\/span><span style=\"font-family: Verdana; font-size: 9pt; font-style: italic;\">\u00abPer\u00f3n dispon\u00eda de carisma. <\/span><span style=\"font-family: Verdana; font-size: 9pt; font-style: italic;\">Eraun<\/span><span style=\"font-family: Verdana; font-size: 9pt; font-style: italic;\"> verdadero caudillo. Sagaz, talentoso, elocuente.<\/span><span style=\"font-family: Verdana; font-size: 9pt; font-style: italic;\">\u00a0<\/span><span style=\"font-family: Verdana; font-size: 9pt;\">15. Diario \u00abEl Mercurio\u00bb de Santiago. 20.02.73.<\/span><span style=\"font-family: Verdana; font-size: 9pt;\">\u00a0<\/span><\/span><\/p>\n<p style=\"text-align: justify;\"><span style=\"color: #000000;\"><span style=\"font-family: Verdana; font-size: 9pt; font-style: italic;\">A diferencia de Castro era un humanista\u00bb.<\/span><span style=\"font-family: Verdana; font-size: 9pt; font-style: italic;\">\u00a0<\/span><span style=\"font-family: Verdana; font-size: 9pt;\">Evoca tambi\u00e9n que al llegar a la Estaci\u00f3n Alameda baja uniformado y al saludar a Ib\u00e1\u00f1ez -que ten\u00eda mayor antig\u00fcedad- le expresa:<\/span><span style=\"font-family: Verdana; font-size: 9pt;\">\u00a0<\/span><span style=\"font-family: Verdana; font-size: 9pt; font-style: italic;\">\u00ab\u00a1<\/span><span style=\"font-family: Verdana; font-size: 9pt; font-style: italic;\">Su subalterno se presenta, mi general!\u00bb. Antes<\/span><span style=\"font-family: Verdana; font-size: 9pt; font-style: italic;\">\u00a0<\/span><span style=\"font-family: Verdana; font-size: 9pt;\">se obsequian a quienes <\/span><span style=\"font-family: Verdana; font-size: 9pt;\">recepcionan<\/span><span style=\"font-family: Verdana; font-size: 9pt;\"> al tren presidencial paquetes con juguetes y medallas con Per\u00f3n y Evita. Una moneda de bajo valor con el perfil de Evita recientemente acu\u00f1ada se regala como recuerdo. De inmediato, los enemigos del justicialismo expresan:<\/span><span style=\"font-family: Verdana; font-size: 9pt;\">\u00a0<\/span><span style=\"font-family: Verdana; font-size: 9pt; font-style: italic;\">\u00abPer\u00f3n reparte limosna y as\u00ed humilla a los chilenos modestos\u00bb.<\/span><span style=\"font-family: Verdana; font-size: 9pt;\">\u00a0<\/span><\/span><\/p>\n<p style=\"text-align: justify;\"><span style=\"color: #000000;\"><span style=\"font-family: Verdana; font-size: 9pt;\">El socialismo chileno est\u00e1 -en la d\u00e9cada del 50-dividido. Una fracci\u00f3n PS de Chile es social dem\u00f3crata a la europea y colabora con el Presidente Gabriel Gonz\u00e1lez Videla. Postular\u00e1 la I candidatura de Allende -hubo cuatro-todas con el apoyo del PC. La otra tendencia se organiza en el Partido Socialista Popular PSP. Lo capitanea Ra\u00fal <\/span><span style=\"font-family: Verdana; font-size: 9pt;\">Ampuero<\/span><span style=\"font-family: Verdana; font-size: 9pt;\"> sustenta a Ib\u00e1\u00f1ez en el proceso electoral de 1952. Se proclama adversario de \u00abvaticanos doctrinarios externos\u00bb, sintoniza con el popular<\/span> <span style=\"font-family: Verdana; font-size: 9pt;\">nacionalismo victorioso en Buenos Aires y La Paz, rescata su simpat\u00eda por el M\u00e9xico cardenista y es concordante con la 3a Posici\u00f3n. Sus figuras representativas son Clodomiro <\/span><span style=\"font-family: Verdana; font-size: 9pt;\">Almeyda<\/span><span style=\"font-family: Verdana; font-size: 9pt;\">, que ocupar\u00e1 la Cartera de Trabajo. En Hacienda se ubica Felipe Herrera16 quien es despachado a Buenos Aires para las negociaciones previas a los acuerdos. Aniceto Rodr\u00edguez -edec\u00e1n del estadista argentino en la gira a Concepci\u00f3n- es otro entusiasta <\/span><span style=\"font-family: Verdana; font-size: 9pt;\">f\u00edloperonista<\/span><span style=\"font-family: Verdana; font-size: 9pt;\">. Esa tienda, no obstante, no exhibe inconsistencia doctrinaria- que le impiden asumir una sostenida defensa del proyecto integrador que sostiene la Casa Rosada. Vacilante y confuso retrocede y no se le conoce ninguna actuaci\u00f3n favorable a la alianza chileno argentina. Al final se margina de responsabilidades de gobierno. Situaci\u00f3n parecida afecta al Partido <\/span><span style=\"font-family: Verdana; font-size: 9pt;\">Agrariolaborista<\/span><span style=\"font-family: Verdana; font-size: 9pt;\"> PAL.<\/span><\/span><\/p>\n<p style=\"text-align: justify;\"><span style=\"color: #000000;\"><span style=\"font-family: Verdana; font-size: 9pt;\">No todo, en consecuencia, es perversidad del adversario, es decir, de la oligarqu\u00eda y del imperialismo que impulsan el <\/span><span style=\"font-family: Verdana; font-size: 9pt;\">antiperon\u00edsmo<\/span><span style=\"font-family: Verdana; font-size: 9pt;\"> y la <\/span><span style=\"font-family: Verdana; font-size: 9pt;\">argentinofobia<\/span><span style=\"font-family: Verdana; font-size: 9pt;\">. Hay tambi\u00e9n errores del propio <\/span><span style=\"font-family: Verdana; font-size: 9pt;\">iba\u00f1ismo<\/span><span style=\"font-family: Verdana; font-size: 9pt;\">. Se conserva atomizado. Lo desgarran ambiciones internas. El caudillo de 1952-1953 ya no es el animoso coronel de 1927 que impusiera orden en ese Campo de Agramante. Cae en el<\/span><span style=\"font-family: Verdana; font-size: 9pt;\">\u00a0<\/span><span style=\"font-family: Verdana; font-size: 9pt; font-style: italic;\">laissezfaire<\/span><span style=\"font-family: Verdana; font-size: 9pt; font-style: italic;\">\u00a0<\/span><span style=\"font-family: Verdana; font-size: 9pt;\">y renuncia a asociar en torno a su jefatura a decenas de grup\u00fasculos que disputan hegemon\u00eda al PSP y al PAL. A\u00fan m\u00e1s, en su c\u00edrculo \u00edntimo hay quienes en funci\u00f3n de la geopol\u00edtica cl\u00e1sica, son <\/span><span style=\"font-family: Verdana; font-size: 9pt;\">balcanizadores<\/span><span style=\"font-family: Verdana; font-size: 9pt;\"> y, por ende, adversarios de Per\u00f3n. Los encabeza Rene Montero su secretario privado- secundados por Carlos <\/span><span style=\"font-family: Verdana; font-size: 9pt;\">Fennery<\/span><span style=\"font-family: Verdana; font-size: 9pt;\"> Sergio Recabarren17. Nada menos que el jefe de la Casa Militar de la Presidencia -en Chile, Intendente de Palacio- coronel Ernesto <\/span><span style=\"font-family: Verdana; font-size: 9pt;\">W\u00fcrth<\/span><span style=\"font-family: Verdana; font-size: 9pt;\"> Rojas es tambi\u00e9n un enemigo del l\u00edder justicialista. El mismo Presidente de Chile, en lo que a br\u00fajula pol\u00edtica se refiere, es oscilante. En la cuenta anual, ante el Poder Legislativo, el 21 de mayo de 1953 no se refiere a la visita de Per\u00f3n y menos a los EEUU <\/span><span style=\"font-family: Verdana; font-size: 9pt;\">andinoplatenses<\/span><span style=\"font-family: Verdana; font-size: 9pt;\">. La obstrucci\u00f3n parlamentaria en momentos lo tienta a programar la clausura del Parlamento. Esa medida de fuerza -que seg\u00fan documentos recomienda Per\u00f3n18 y empujan genuinos nacionalistas adscritos a La Moneda- habr\u00eda generado la uni\u00f3n econ\u00f3mica chileno argentina e incluso la alianza pol\u00edtica que se anhela en Buenos Aires. Sin embargo, Ib\u00e1\u00f1ez titubea y por \u00faltimo esquiva el autogolpe. Id\u00e9ntica indecisi\u00f3n pierde a Balmaceda en 1890. La duda permite a la Armada insurreccionarse y con la mayor\u00eda del Parlamento monta otro gobierno y tumba al mandatario en una guerra intestina.<\/span><\/span><\/p>\n<p style=\"background-color: #ffffff; margin: 5pt 0pt; text-align: justify;\"><span style=\"font-family: Verdana; font-size: 9pt; color: #000000;\">\u00a0<\/span><\/p>\n<p style=\"background-color: #ffffff; margin: 5pt 0pt; text-align: justify;\"><span style=\"color: #000000;\"><span style=\"font-family: Verdana; font-size: 9pt; font-weight: bold;\">16. Este personero cofunda el CEDECH. Ello permite al autor con<\/span><span style=\"font-family: Verdana; font-size: 9pt; font-weight: bold;\">\u00ad<\/span><span style=\"font-family: Verdana; font-size: 9pt; font-weight: bold;\">firmar que simpatiz\u00f3 siempre con el l\u00edder transandino y con las<\/span><span style=\"font-family: Verdana; font-size: 9pt; font-weight: bold;\">\u00a0<\/span><span style=\"font-family: Verdana; font-size: 9pt; font-weight: bold;\">tesis integradoras que \u00e9ste impulsara.<\/span><span style=\"font-family: Verdana; font-size: 9pt; font-weight: bold;\">\u00a0<\/span><\/span><br \/>\n<span style=\"color: #000000;\"> <span style=\"font-family: Verdana; font-size: 9pt; font-weight: bold;\">17. Rene Montero confiesa ser el Caballo de Troya del <\/span><span style=\"font-family: Verdana; font-size: 9pt; font-weight: bold;\">antiargentinismo<\/span><span style=\"font-family: Verdana; font-size: 9pt; font-weight: bold;\">\u00a0<\/span><span style=\"font-family: Verdana; font-size: 9pt; font-weight: bold;\">al interior de La Moneda en \u00abConfesiones pol\u00edticas\u00bb, <\/span><span style=\"font-family: Verdana; font-size: 9pt; font-weight: bold;\">cap<\/span><span style=\"font-family: Verdana; font-size: 9pt; font-weight: bold;\">\u00a0<\/span><span style=\"font-family: Verdana; font-size: 9pt; font-weight: bold;\">VIII,<\/span><span style=\"font-family: Verdana; font-size: 9pt; font-weight: bold;\">\u00a0<\/span><span style=\"font-family: Verdana; font-size: 9pt; font-weight: bold;\">Edit. <\/span><span style=\"font-family: Verdana; font-size: 9pt; font-weight: bold;\">Zig<\/span><span style=\"font-family: Verdana; font-size: 9pt; font-weight: bold;\">\u00a0<\/span><span style=\"font-family: Verdana; font-size: 9pt; font-weight: bold;\">Zag<\/span><span style=\"font-family: Verdana; font-size: 9pt; font-weight: bold;\">, Santiago, 1958 y <\/span><span style=\"font-family: Verdana; font-size: 9pt; font-weight: bold;\">Recabarren<\/span><span style=\"font-family: Verdana; font-size: 9pt; font-weight: bold;\">, en conversaciones me manifest\u00f3 siem<\/span><span style=\"font-family: Verdana; font-size: 9pt; font-weight: bold;\">\u00ad<\/span><span style=\"font-family: Verdana; font-size: 9pt; font-weight: bold;\">pre su orgullo por \u00abhaber salvado la democracia\u00bb. Visualiza el<\/span><span style=\"font-family: Verdana; font-size: 9pt; font-weight: bold;\">\u00a0<\/span><span style=\"font-family: Verdana; font-size: 9pt; font-weight: bold;\">justicialismo, lisa y llanamente, como \u00ab<\/span><span style=\"font-family: Verdana; font-size: 9pt; font-weight: bold;\">truji\u00edlismo<\/span><span style=\"font-family: Verdana; font-size: 9pt; font-weight: bold;\">\u00bb.<\/span><\/span><\/p>\n<p style=\"background-color: #ffffff; margin: 5pt 0pt; text-align: justify;\"><span style=\"color: #000000;\"><span style=\"font-family: Verdana; font-size: 9pt;\">No todo es perversidad de los adversarios. Tampoco, se registran s\u00f3lo errores y funestas indecisiones. Tambi\u00e9n -pese a la prolijidad el protocolo <\/span><span style=\"font-family: Verdana; font-size: 9pt;\">rioplantense<\/span><span style=\"font-family: Verdana; font-size: 9pt;\">-se deslizan desatinos. Quiz\u00e1s no se calcula muy bien el grado de susceptibilidad de un pueblo andino que -encapsulado entre cordilleras, desiertos y oc\u00e9anos- se educa en un tozudo etnocentrismo. Las alusiones cr\u00edticas de Per\u00f3n y sus asesores como Ra\u00fal <\/span><span style=\"font-family: Verdana; font-size: 9pt;\">Mend\u00e9<\/span><span style=\"font-family: Verdana; font-size: 9pt;\"> y Jer\u00f3nimo <\/span><span style=\"font-family: Verdana; font-size: 9pt;\">Remorino<\/span><span style=\"font-family: Verdana; font-size: 9pt;\"> a la trayectoria hist\u00f3rica del pa\u00eds son juzgadas como desacatos e intrusiones. Se produce entonces una avalancha de resentimiento y de desconfianza. Surge la sensaci\u00f3n de <\/span><span style=\"font-family: Verdana; font-size: 9pt;\">menoscabo. Ello se acent\u00faa porque en Argentina predomina <\/span><span style=\"font-family: Verdana; font-size: 9pt;\">\u00eda<\/span><span style=\"font-family: Verdana; font-size: 9pt;\"> suficiencia y aqu\u00ed la inseguridad. All\u00e1 se expresan en superlativos y aqu\u00ed en diminutivos. Otro desliz,<\/span><span style=\"font-family: Verdana; font-size: 9pt;\">\u00a0<\/span><span style=\"font-family: Verdana; font-size: 9pt; font-style: italic;\">cherchez<\/span> <span style=\"font-family: Verdana; font-size: 9pt; font-style: italic;\">lafemme<\/span><span style=\"font-family: Verdana; font-size: 9pt; font-style: italic;\">\u00a0<\/span><span style=\"font-family: Verdana; font-size: 9pt;\">es la intervenci\u00f3n de una asesora del Presidente argentino -Delia Parodi- en los asuntos internos del Partido Femenino. En aras de evitar una fisura se hace un donativo de dinero. El esc\u00e1ndalo es may\u00fasculo. No todos son yerros. Se registran tambi\u00e9n \u00e9xitos. Las recepciones populares en la Capital, Valpara\u00edso y Concepci\u00f3n son apote\u00f3sicas. Brota un peronismo chileno. En los muros callejeros -de modo espont\u00e1neo y sin canalizaci\u00f3n partidaria- aparecen inscripciones favorables a Per\u00f3n. La Universidad de Chile -entonces un verdadero Templo de Minerva- confiere al Presidente visitante el grado de Dr. Honoris Causa. Impulsan este gesto los catedr\u00e1ticos Juan G\u00f3mez Millas -tercio del PAL y proveniente del nacionalismo- Eugenio Gonz\u00e1lez Rojas -fundador del PS, en su momento Ministro de Educaci\u00f3n durante la ef\u00edmera Rep\u00fablica Socialista proclamada por el coronel <\/span><span style=\"font-family: Verdana; font-size: 9pt;\">Marmaduque<\/span><span style=\"font-family: Verdana; font-size: 9pt;\"> Grove en 1932-y \u00a1cosa curiosa! el vate comunista Pablo Neruda. La ceremonia es a Sal\u00f3n de Honor repleto19 y el homenajeado se luce en una alocuci\u00f3n que motiva elogios. Arturo Olavarr\u00eda20 recuerda que, en el viaje a Concepci\u00f3n,<\/span><span style=\"font-family: Verdana; font-size: 9pt;\">\u00a0<\/span><span style=\"font-family: Verdana; font-size: 9pt; font-style: italic;\">\u00abaprovecha de plantearle el asunto del Beagle. Me<\/span><span style=\"font-family: Verdana; font-size: 9pt; font-style: italic;\">\u00a0<\/span><span style=\"font-family: Verdana; font-size: 9pt; font-style: italic;\">responde que est\u00e1 pronto a aceptar la soluci\u00f3n que proponga La Moneda. No podemos -argumento-continuar en disputas sobre temas irrelevantes\u00bb.<\/span><span style=\"font-family: Verdana; font-size: 9pt; font-weight: bold;\">\u00a0<\/span><\/span><br \/>\n<span style=\"color: #000000;\"> <span style=\"font-family: Verdana; font-size: 9pt; font-weight: bold;\">18. Ver Vial, Gonzalo: \u00abChile y Argentina: Ib\u00e1\u00f1ez y Per\u00f3n (1952-1954\u00bb, en \u00abNueva mirada a la Historia\u00bb, Edit. VER, Santiago, 1996,<\/span><span style=\"font-family: Verdana; font-size: 9pt; font-weight: bold;\">\u00a0<\/span><span style=\"font-family: Verdana; font-size: 9pt; font-weight: bold;\">p\u00e1gs.212 a 218<\/span><\/span><br \/>\n<span style=\"color: #000000;\"> <span style=\"font-family: Verdana; font-size: 9pt; font-weight: bold;\">19. Jacques <\/span><span style=\"font-family: Verdana; font-size: 9pt; font-weight: bold;\">Chonchol<\/span><span style=\"font-family: Verdana; font-size: 9pt; font-weight: bold;\">, en testimonio oral, alude a una ceremonia<\/span><span style=\"font-family: Verdana; font-size: 9pt; font-weight: bold;\">\u00a0<\/span><span style=\"font-family: Verdana; font-size: 9pt; font-weight: bold;\">solemne<\/span><span style=\"font-family: Verdana; font-size: 9pt; font-weight: bold;\">\u00a0<\/span><span style=\"font-family: Verdana; font-size: 9pt; font-weight: bold;\">con un orador notable.<\/span><\/span><br \/>\n<span style=\"font-family: Verdana; font-size: 9pt; font-weight: bold; color: #000000;\"> 20. Diario \u00abEl Mercurio\u00bb, 20.02 73.<\/span><\/p>\n<p style=\"background-color: #ffffff; margin: 5pt 0pt; text-align: justify;\"><span style=\"font-family: Verdana; font-size: 9pt; color: #000000;\">\u00a0<\/span><\/p>\n<p style=\"margin: 5pt 0pt; text-align: justify; background-color: #ffffff;\"><span style=\"font-family: Verdana; font-size: 9pt; font-weight: bold; color: #000000;\">\u00abSILENCIO\u00bb EN LA CASERNA<\/span><\/p>\n<p style=\"text-align: justify;\"><span style=\"color: #000000;\"><span style=\"font-family: Verdana; font-size: 9pt;\">En las FFAA la situaci\u00f3n es <\/span><span style=\"font-family: Verdana; font-size: 9pt;\">curiosa<\/span><span style=\"font-family: Verdana; font-size: 9pt;\">. Las opiniones se dividen: hay uniformados patrioteros y otros que por canales diversos -de un modo u otro- concuerdan en favorecer el proyecto integrador de Per\u00f3n. Muy tempranamente se fundan logias castrenses. Entre ellas anotemos la ADREPA -Acci\u00f3n Depuradora de la Patria-, el GOS -Grupo de Oficiales Selectos, los PUMAS -Pro Uni\u00f3n Militar de Am\u00e9rica del Sur- y, principalmente, la L\u00ednea Recta2&#8242;. Tales sectas poseen un componente gremial (remuneraciones, equipamiento), la fe en un r\u00e9gimen autoritario (paz social, desarrollo <\/span><span style=\"font-family: Verdana; font-size: 9pt;\">autosostenido<\/span><span style=\"font-family: Verdana; font-size: 9pt;\">, soberan\u00eda plena, alianza con reg\u00edmenes afines del \u00e1rea) y, en lo inmediato, apoyo solidario al Presidente Ib\u00e1\u00f1ez horquillado entre la obstrucci\u00f3n parlamentaria y el <\/span><span style=\"font-family: Verdana; font-size: 9pt;\">agitacionismo<\/span><span style=\"font-family: Verdana; font-size: 9pt;\"> marxista. No s\u00f3lo factores pol\u00edticos dificultan su gobierno, sino tambi\u00e9n otro de naturaleza financiera: la inflaci\u00f3n se desborda a un 72% en 1954 y al a\u00f1o siguiente 86%. Econ\u00f3micamente se registran dificultades para comercializar el cobre. Se urg\u00eda desde los cuarteles clausurar el Parlamento y cristalizar el programa de septiembre. Este, se sabe, es concordante con las pol\u00edticas entonces aplicadas por Casa Rosada y Palacio Quemado. Hay connotaci\u00f3n <\/span><span style=\"font-family: Verdana; font-size: 9pt;\">peronizante<\/span><span style=\"font-family: Verdana; font-size: 9pt;\"> de los denominados Complots de las Patitas de Chancho y de Colliguay. Sin embargo, no se encuentran pruebas. No obstante, son ciertos los esfuerzos del l\u00edder justicialista para empujar un autogolpe <\/span><span style=\"font-family: Verdana; font-size: 9pt;\">\u00a1<\/span><span style=\"font-family: Verdana; font-size: 9pt;\">ba\u00f1ista. El 15 de marzo de 1953 en carta confidencial urge al Presidente de Chile a escoger entre<\/span><span style=\"font-family: Verdana; font-size: 9pt;\">\u00a0<\/span><span style=\"font-family: Verdana; font-size: 9pt; font-style: italic;\">\u00abel pueblo y la oligarqu\u00eda y el imperialismo\u00bb.<\/span><span style=\"font-family: Verdana; font-size: 9pt; font-style: italic;\">\u00a0<\/span><span style=\"font-family: Verdana; font-size: 9pt;\">Lo informa de su \u00e9xito: pol\u00edticos sometidos, el imperialismo dominado y una legi\u00f3n de hombres nuevos encuadrando a una masa impregnada de los postulados justicialistas. A\u00f1ad\u00eda que<\/span><span style=\"font-family: Verdana; font-size: 9pt;\">\u00a0<\/span><span style=\"font-family: Verdana; font-size: 9pt; font-style: italic;\">\u00abel pueblo chileno est\u00e1 preparado y s\u00f3lo le falta el hombre y la Providencia ha pensado en UD.\u00bb<\/span><span style=\"font-family: Verdana; font-size: 9pt; font-style: italic;\">\u00a0<\/span><span style=\"font-family: Verdana; font-size: 9pt;\">Advierte a Ib\u00e1\u00f1ez que la oposici\u00f3n se vitaliza y que abarca tanto la derecha como la izquierda y que debe actuar sin demora y decididamente. Lo urge a elevar los salarios y con ello mejorar las condiciones de vida. Le ofrece ingreso de masa bovina a precio rebajado y sin preocuparse de los costos22.<\/span><\/span><\/p>\n<p style=\"text-align: justify;\"><span style=\"color: #000000;\"><span style=\"font-family: Verdana; font-size: 9pt;\">Esa presi\u00f3n sobre el mandatario <\/span><span style=\"font-family: Verdana; font-size: 9pt;\">mapochino<\/span><span style=\"font-family: Verdana; font-size: 9pt;\"> es un esfuerzo para que asuma un rol protag\u00f3nico como en 1927. En el fondo precipitar la clausura del Congreso y con una dictadura populista lograr \u00abde soldado a soldado\u00bb la unidad pol\u00edtica de ambos Estados. En esa misma l\u00ednea operan n\u00facleos de oficiales del Ej\u00e9rcito y diversos equipos de civiles. La respuesta de La Moneda es sibilina y demora dos semanas. La redacta Rene Montero que es un encubierto antiperonista y <\/span><span style=\"font-family: Verdana; font-size: 9pt;\">argentinof\u00f3bico<\/span><span style=\"font-family: Verdana; font-size: 9pt;\">.<\/span><\/span><\/p>\n<p style=\"margin: 5pt 0pt; text-align: justify; background-color: #ffffff;\"><span style=\"color: #000000;\"><span style=\"font-family: Verdana; font-size: 9pt; font-weight: bold;\">21. Ver Bravo, Le\u00f3nidas: \u00abLo que supo un auditor de guerra\u00bb,<\/span><span style=\"font-family: Verdana; font-size: 9pt; font-weight: bold;\">\u00a0<\/span><span style=\"font-family: Verdana; font-size: 9pt; font-weight: bold;\">Edit. <\/span><span style=\"font-family: Verdana; font-size: 9pt; font-weight: bold;\">del<\/span><span style=\"font-family: Verdana; font-size: 9pt; font-weight: bold;\"> Pac\u00edfico, Santiago, 1962.<\/span><\/span><br \/>\n<span style=\"color: #000000;\"> <span style=\"font-family: Verdana; font-size: 9pt; font-weight: bold;\">22. Ver Vial, Gonzalo: <\/span><span style=\"font-family: Verdana; font-size: 9pt; font-weight: bold;\">op<\/span><span style=\"font-family: Verdana; font-size: 9pt; font-weight: bold;\">. cit.<\/span><\/span><\/p>\n<p style=\"margin: 5pt 0pt; text-align: justify; background-color: #ffffff;\"><span style=\"font-family: Verdana; font-size: 9pt; color: #000000;\">\u00a0<\/span><\/p>\n<p style=\"margin: 5pt 0pt; text-align: justify; background-color: #ffffff;\"><span style=\"color: #000000;\"><span style=\"font-family: Verdana; font-size: 9pt; font-weight: bold;\">CUESTA ABAJO EN LA RODADA<\/span><span style=\"font-family: Verdana; font-size: 9pt; font-weight: bold;\">\u00a0<\/span><\/span><\/p>\n<p style=\"text-align: justify;\"><span style=\"color: #000000;\"><span style=\"font-family: Verdana; font-size: 9pt;\"><img loading=\"lazy\" decoding=\"async\" class=\"alignleft size-full wp-image-5552\" src=\"https:\/\/historiadelperonismo.com\/wp-content\/uploads\/55e868ef44417_img.jpeg\" alt=\"55e868ef44417_img\" width=\"65\" height=\"75\" srcset=\"https:\/\/historiadelperonismo.com\/wp-content\/uploads\/55e868ef44417_img.jpeg 65w, https:\/\/historiadelperonismo.com\/wp-content\/uploads\/55e868ef44417_img-43x50.jpeg 43w\" sizes=\"(max-width: 65px) 100vw, 65px\" \/>staff<\/span><span style=\"font-family: Verdana; font-size: 9pt;\"> de colaboradores inmediatos el proyecto <\/span><span style=\"font-family: Verdana; font-size: 9pt;\">peroniano<\/span><span style=\"font-family: Verdana; font-size: 9pt;\"> es visualizado con desconfianza. Es el arcaico patrioterismo criollo. Quienes pueden asumir una militancia <\/span><span style=\"font-family: Verdana; font-size: 9pt;\">suramericanista<\/span><span style=\"font-family: Verdana; font-size: 9pt;\"> est\u00e1n privados de lucidez o dotados de fuerza pol\u00edtica declinante. Aqu\u00ed -a diferencia, por ejemplo, de Per\u00fa por influjo del APRA- no hay un movimiento de masas que incluya entre sus postulados la idea-fuerza de la integraci\u00f3n subregional. El <\/span><span style=\"font-family: Verdana; font-size: 9pt;\">iba\u00f1ismo<\/span><span style=\"font-family: Verdana; font-size: 9pt;\"> no consigue coagular en una estructura disciplinada. El Partido Agrario laborista se deshidrata y el Partido Socialista Popular pierde el rumbo y sale del gobierno.<\/span><span style=\"font-family: Verdana; font-size: 9pt;\">\u00a0<\/span><\/span><\/p>\n<p style=\"text-align: justify;\"><span style=\"color: #000000;\"><span style=\"font-family: Verdana; font-size: 9pt;\">En R\u00edo de Janeiro <\/span><span style=\"font-family: Verdana; font-size: 9pt;\">Itamaraty<\/span><span style=\"font-family: Verdana; font-size: 9pt;\"> -la canciller\u00eda carioca-manifiesta su oposici\u00f3n a la constituci\u00f3n de bloques que vulneren la solidaridad panamericana. No cabe duda que el Departamento de Estado est\u00e1 tras la maniobra que obliga a Getulio Vargas a retroceder. Ese es un factor que paraliza a Ib\u00e1\u00f1ez. Entonces la Casa Rosada en substituci\u00f3n del ABC propone los EEUU andino platenses. Apenas meses despu\u00e9s el caudillo brasilero se suicida. Su testamento adjudica la decisi\u00f3n al imperialismo. En La Paz, Hern\u00e1n Siles Suazo proclama que Argentina no tutela el proceso revolucionario. En Asunci\u00f3n -pese a la vieja <\/span><span style=\"font-family: Verdana; font-size: 9pt;\">paraguayofilia<\/span><span style=\"font-family: Verdana; font-size: 9pt;\"> de Per\u00f3n- la fracci\u00f3n del Partido Colorado favorable al justicialismo se debilita. Los \u00ab<\/span><span style=\"font-family: Verdana; font-size: 9pt;\">abrasilerados<\/span><span style=\"font-family: Verdana; font-size: 9pt;\">\u00bb se tornan ahora m\u00e1s poderosos que los \u00ab<\/span><span style=\"font-family: Verdana; font-size: 9pt;\">argentinistas<\/span><span style=\"font-family: Verdana; font-size: 9pt;\">\u00bb. En Lima, Haya, l\u00edder e ide\u00f3logo del aprismo -como se advirtiera-desautoriza las gestiones <\/span><span style=\"font-family: Verdana; font-size: 9pt;\">peronizantes<\/span><span style=\"font-family: Verdana; font-size: 9pt;\"> de <\/span><span style=\"font-family: Verdana; font-size: 9pt;\">Seone<\/span><span style=\"font-family: Verdana; font-size: 9pt;\"> y preso del <\/span><span style=\"font-family: Verdana; font-size: 9pt;\">parkinson<\/span><span style=\"font-family: Verdana; font-size: 9pt;\"> civilista se hace eco de las acusaciones, seg\u00fan las cuales, Per\u00f3n es un <\/span><span style=\"font-family: Verdana; font-size: 9pt;\">militarote<\/span> <span style=\"font-family: Verdana; font-size: 9pt;\">semifascista<\/span><span style=\"font-family: Verdana; font-size: 9pt;\">&#8230; El proyecto sanmartiniano y bolivarista de la Casa Rosada cruje. La fuerza de los intereses creados supera el entusiasmo, la creatividad y la clarividencia de Per\u00f3n. Del optimismo se pasa al desconcierto.<\/span><\/span><\/p>\n<p style=\"margin: 5pt 0pt; text-align: justify; background-color: #ffffff;\"><span style=\"font-family: Verdana; font-size: 9pt; color: #000000;\">\u00a0<\/span><\/p>\n<p style=\"margin: 5pt 0pt; text-align: justify; background-color: #ffffff;\"><span style=\"color: #000000;\"><span style=\"font-family: Verdana; font-size: 9pt; font-weight: bold;\">LA BATALLA DEL<\/span><span style=\"font-family: Verdana; font-size: 9pt; font-weight: bold;\">\u00a0<\/span><span style=\"font-family: Verdana; font-size: 9pt; font-weight: bold;\">MAPOCHO<\/span><\/span><\/p>\n<p style=\"text-align: justify;\"><span style=\"color: #000000;\"><span style=\"font-family: Verdana; font-size: 9pt;\">La gira de Per\u00f3n a Chile implica episodios insuficientemente estudiados. La principal Casa de Estudio del pa\u00eds23 lo inviste, como se anotara, con el grado de Dr. HC. El Ministerio de Defensa, cuyo titular es el general Abd\u00f3n Parra, le obsequia la r\u00e9plica de la espada de O&#8217;Higgins. Tal distinci\u00f3n se reserva s\u00f3lo a t\u00edtulo excepcional. Municipios de diversas ciudades lo proclaman Hu\u00e9sped Ilustre. La Moneda le confiere la Orden de O&#8217;Higgins. Es el momento en que oradores argentinos en Chile y chilenos en Argentina arengan a las multitudes con el vocativo<\/span><span style=\"font-family: Verdana; font-size: 9pt;\">\u00a0<\/span><span style=\"font-family: Verdana; font-size: 9pt; font-style: italic;\">\u00ab\u00a1<\/span><span style=\"font-family: Verdana; font-size: 9pt; font-style: italic;\">Compatriotas!\u00bb.<\/span><span style=\"font-family: Verdana; font-size: 9pt;\">\u00a0<\/span><\/span><\/p>\n<p style=\"text-align: justify;\"><span style=\"color: #000000;\"><span style=\"font-family: Verdana; font-size: 9pt;\">En Buenos Aires, por decreto, es promulgado el Dec\u00e1logo de la Fraternidad entre ambos pueblos. Se proclama que la Cordillera de los Andes ha desaparecido. Con la met\u00e1fora se quiere explicitar que la anhelada unidad de las dos rep\u00fablicas es un hecho. En 1953 queda superada, seg\u00fan se afirma, la miop\u00eda de 1817. El colof\u00f3n de la gira: el Acta de Santiago.<\/span><span style=\"font-family: Verdana; font-size: 9pt;\">\u00a0<\/span><\/span><br \/>\n<span style=\"color: #000000;\"> <span style=\"font-family: Verdana; font-size: 9pt;\">La euforia, sin embargo, cede el paso al escepticismo. El 21 de mayo de 1953 en el Mensaje Presidencial se silencia ante el Congreso Pleno la visita de Per\u00f3n. Ello a 90 d\u00edas de suscribirse el documento indicado que se conoce -repito- como el Acta de Santiago. La omisi\u00f3n se registra a s\u00f3lo 30 d\u00edas del plazo fijado para rubricar el Tratado de Uni\u00f3n de ambos Estados. El momento vivido en el hemiciclo del Poder Legislativo permite establecer que del plenilunio se pasa al menguante. Pronto vendr\u00e1 el eclipse. El rev\u00e9s carioca -como ya se explicara- obliga a desechar el ambicioso plan.<\/span><span style=\"font-family: Verdana; font-size: 9pt;\">\u00a0<\/span><\/span><\/p>\n<p style=\"text-align: justify;\"><span style=\"color: #000000;\"><span style=\"font-family: Verdana; font-size: 9pt;\">Per\u00f3n intenta revertir el obst\u00e1culo <\/span><span style=\"font-family: Verdana; font-size: 9pt;\">mapochino<\/span><span style=\"font-family: Verdana; font-size: 9pt;\">. Ocho d\u00edas despu\u00e9s de la lectura del Mensaje se convoca a la Casa Rosada al embajador rioplatense. Vuelve el 3 de junio acompa\u00f1ado del ministro Ra\u00fal <\/span><span style=\"font-family: Verdana; font-size: 9pt;\">Mend\u00e9<\/span><span style=\"font-family: Verdana; font-size: 9pt;\"> con el borrador del proyecto de Uni\u00f3n Chileno-Argentina. Incluye 68 art\u00edculos que, adem\u00e1s de lo econ\u00f3mico, a\u00f1ade lo pol\u00edtico, lo cultural y lo militar. Es el esfuerzo desesperado de la Casa Rosada para desempantanar las negociaciones y superar el tropiezo brasilero que echa por tierra el ABC. Encuentra un Santiago congelado. Ya son de ayer la euforia sanmartiniana vigente durante la visita del mandatario trasandino. Nuestra Canciller\u00eda<\/span><span style=\"font-family: Verdana; font-size: 9pt;\">\u00a0<\/span><span style=\"font-family: Verdana; font-size: 9pt; font-style: italic;\">semeja un <\/span><span style=\"font-family: Verdana; font-size: 9pt; font-style: italic;\">freezer<\/span><span style=\"font-family: Verdana; font-size: 9pt; font-style: italic;\">.<\/span><span style=\"font-family: Verdana; font-size: 9pt; font-style: italic;\">\u00a0<\/span><span style=\"font-family: Verdana; font-size: 9pt;\">Como escualos en g\u00e9lido mar se desplaza una burocracia diplom\u00e1tica infiltrada por la clase alta y el imperialismo y ducha en estimular recelos a <\/span><span style=\"font-family: Verdana; font-size: 9pt;\">Argentina.<\/span><span style=\"font-family: Verdana; font-size: 9pt;\">\u00a0<\/span><\/span><\/p>\n<p style=\"text-align: justify;\"><span style=\"color: #000000;\"><span style=\"font-family: Verdana; font-size: 9pt;\">El invierno chileno enfr\u00eda las relaciones Santiago-Buenos Aires. <\/span><span style=\"font-family: Verdana; font-size: 9pt;\">Yanquilandia<\/span><span style=\"font-family: Verdana; font-size: 9pt;\">, la plutocracia agropecuaria, la clase pol\u00edtica -por comisi\u00f3n u omisi\u00f3n-, la prensa banal&#8230; han hecho su trabajo. El borrador tra\u00eddo se etiqueta de \u00abins\u00f3lito\u00bb y de \u00abburda imposici\u00f3n\u00bb. En las librer\u00edas se agotan nuevas ediciones de \u00abNuestros vecinos justicialistas\u00bb. Se dir\u00e1 que las financia la oposici\u00f3n de Per\u00f3n que conspira desde Montevideo. En el Congreso Nacional se alude a una intolerable infiltraci\u00f3n peronista y, al estilo de la \u00abcacer\u00eda de brujas\u00bb del senador Joseph Mc <\/span><span style=\"font-family: Verdana; font-size: 9pt;\">Carthy<\/span><span style=\"font-family: Verdana; font-size: 9pt;\">, se crea un Comit\u00e9 para investigar la penetraci\u00f3n del <\/span><span style=\"font-family: Verdana; font-size: 9pt;\">justicial\u00edsmo<\/span><span style=\"font-family: Verdana; font-size: 9pt;\"> en el pa\u00eds. Lo preside el diputado socialista Florencio Galleguillos. La izquierda y la derecha cierran filas ante la propuesta de Per\u00f3n. Poco antes en ins\u00f3lita <\/span><span style=\"font-family: Verdana; font-size: 9pt;\">autopurga<\/span><span style=\"font-family: Verdana; font-size: 9pt;\"> la C\u00e1mara Alta inhabilita a Mar\u00eda de la Cruz mediante mecanismo privado de precedente. El <\/span><span style=\"font-family: Verdana; font-size: 9pt;\">iba\u00f1ismo<\/span><span style=\"font-family: Verdana; font-size: 9pt;\"> -carente de ide\u00f3logos y con una bancada parlamentaria inorg\u00e1nica- queda en minor\u00eda. El vigoroso populismo de 1952 con ra\u00edces en la doctrina del Chile Nuevo vigente entre 1927 y 1931 comienza su fase declinatoria. En pol\u00edtica exterior subregional, la indecisi\u00f3n -o arrinconamiento- de Vargas gravitar\u00e1 poderosamente sobre el ya veterano caudillo. Necesita el contrapeso de R\u00edo de Janeiro para profundizar la alianza con Buenos Aires y quiz\u00e1s temi\u00f3 un eje peruano-brasilero que se pod\u00eda sospechar tras la invitaci\u00f3n del canciller carioca a <\/span><span style=\"font-family: Verdana; font-size: 9pt;\">Odr\u00eda<\/span><span style=\"font-family: Verdana; font-size: 9pt;\">. Sea como fuere en Palacio Catete campea el panamericanismo de <\/span><span style=\"font-family: Verdana; font-size: 9pt;\">Itamaraty<\/span><span style=\"font-family: Verdana; font-size: 9pt;\"> y la prensa -igual que en Chile- alerta del \u00abpeligro argentino\u00bb.<\/span><span style=\"font-family: Verdana; font-size: 9pt;\">\u00a0<\/span><\/span><br \/>\n<span style=\"color: #000000;\"> <span style=\"font-family: Verdana; font-size: 9pt; font-weight: bold;\">23. Ver \u00abConfraternidad latinoamericana\u00bb, 1953. <\/span><span style=\"font-family: Verdana; font-size: 9pt; font-weight: bold;\">s\/i<\/span><\/span><\/p>\n<p style=\"margin: 5pt 0pt; text-align: justify; background-color: #ffffff;\"><span style=\"font-family: Verdana; font-size: 9pt; color: #000000;\">\u00a0<\/span><\/p>\n<p style=\"margin: 5pt 0pt; text-align: justify; background-color: #ffffff;\"><span style=\"font-family: Verdana; font-size: 9pt; font-weight: bold; color: #000000;\">EL PESO DE LA NOCHE<\/span><\/p>\n<p style=\"text-align: justify;\"><span style=\"color: #000000;\"><span style=\"font-family: Verdana; font-size: 9pt;\">La<\/span><span style=\"font-family: Verdana; font-size: 9pt; font-weight: bold;\">\u00a0<\/span><span style=\"font-family: Verdana; font-size: 9pt;\">Moneda -para salir del compromiso- a matacaballo elabora una contrapropuesta de 12 art\u00edculos restringida a lo puramente econ\u00f3mico. En la tarea se luce la burocracia diplom\u00e1tica. El 6 de julio el Presidente Ib\u00e1\u00f1ez y su ministro <\/span><span style=\"font-family: Verdana; font-size: 9pt;\">Osear<\/span> <span style=\"font-family: Verdana; font-size: 9pt;\">Fenner<\/span><span style=\"font-family: Verdana; font-size: 9pt;\"> lo suscriben en Buenos Aires. Aquello parece el parto de los montes. El Tratado no es nada m\u00e1s que el fundamento para generar otros. Es el testimonio del eclipse del influjo de Per\u00f3n en Chile. El mismo <\/span><span style=\"font-family: Verdana; font-size: 9pt;\">iba\u00f1ismo<\/span><span style=\"font-family: Verdana; font-size: 9pt;\"> est\u00e1 marchito. Los grupos que lo apoyan se <\/span><span style=\"font-family: Verdana; font-size: 9pt;\">desmembran<\/span><span style=\"font-family: Verdana; font-size: 9pt;\">. En la Casa de <\/span><span style=\"font-family: Verdana; font-size: 9pt;\">Toesca<\/span><span style=\"font-family: Verdana; font-size: 9pt;\"> se evapora el mesianismo de la hora prima y se impone la rutina pragm\u00e1tica. Ya el caudillo que iluminara con su doctrina del Chile Nuevo no quiere aventuras. Se sepulta aquel proyecto de la clausura del Parlamento. Las logias militares se disuelven al quedar privadas del apoyo de La Moneda. El torpe litigio de Per\u00f3n y la Iglesia ser\u00e1 otro factor concomitante del <\/span><span style=\"font-family: Verdana; font-size: 9pt;\">opacamiento<\/span><span style=\"font-family: Verdana; font-size: 9pt;\"> de la estrella justicialista en el pa\u00eds de O&#8217;Higgins. Las semanas y los meses se escabullen como conejos y a mediados de 1955 es el fin. Estalla la denominada Revoluci\u00f3n Libertadora. El justicialismo se derrumba. El r\u00e9gimen se desploma sin pena ni gloria. Cosa curiosa, el mismo fen\u00f3meno ocurre a Jacobo <\/span><span style=\"font-family: Verdana; font-size: 9pt;\">Arbentz<\/span><span style=\"font-family: Verdana; font-size: 9pt;\"> en Guatemala, a Joao <\/span><span style=\"font-family: Verdana; font-size: 9pt;\">Goulart<\/span><span style=\"font-family: Verdana; font-size: 9pt;\"> en Brasil y a Salvador Allende en Chile. Al caer el r\u00e9gimen peronista se hace a\u00f1icos el proyecto de integraci\u00f3n de Iberoam\u00e9rica que, sin duda, es el que alcanza mayor solidez y solvencia en el siglo XX.<\/span><span style=\"font-family: Verdana; font-size: 9pt;\">\u00a0<\/span><\/span><\/p>\n<p style=\"text-align: justify;\"><span style=\"color: #000000;\"><span style=\"font-family: Verdana; font-size: 9pt;\">Este ensayo aspira a rese\u00f1ar la ra\u00edz, trayectoria, declinaci\u00f3n y trascendencia de un tit\u00e1nico esfuerzo por superar el desmembramiento y arrinconar a los aislacionistas. Trata de sobreponernos a malentendidos, clis\u00e9s, estereotipos, generalizaciones y superficialidades que envuelven y distorsionan la relaci\u00f3n chileno argentina. No es f\u00e1cil superar dos siglos de prejuicios, prenociones y preconceptos. Se han acumulado los rencores y las maledicencias. Contra estos blindados molinos de vientos combate Per\u00f3n. Sin duda, un hombre notable que -en la ruta de Jos\u00e9 de San Mart\u00edn y de O&#8217;Higgins as\u00ed como de Bol\u00edvar- intenta reeditar una gesta. Como h\u00e9roe de la tragedia griega cae envuelto -una y otra vez- por la hidra de <\/span><span style=\"font-family: Verdana; font-size: 9pt;\">Lerna<\/span><span style=\"font-family: Verdana; font-size: 9pt;\"> y se extrav\u00eda en los laberintos de Creta. Sin embargo, las emprende a mandobles contra el monstruo y transita sin temores por vericuetos y s\u00f3tanos de aquel basti\u00f3n embrujado. No obstante, m\u00e1s podr\u00e1 -como en las piezas teatrales de Esquilo- la fuerza del sino que su gallarda voluntad y espl\u00e9ndido talento. La tarea que emprendiera queda como legado para quienes en el siglo XXI -ya en el dintel del III milenio- bregan por la unidad del \u00abpueblo continente\u00bb como opci\u00f3n de libertadora convencidos que la atomizaci\u00f3n significa rezago y sometimiento.<\/span><\/span><\/p>\n<p style=\"background-color: #ffffff; margin: 5pt 0pt; text-align: justify;\"><span style=\"font-family: Verdana; font-size: 9pt; color: #000000;\">\u00a0<\/span><\/p>\n<p style=\"background-color: #ffffff; margin: 5pt 0pt 12pt; text-align: justify;\"><span style=\"color: #000000;\"><span style=\"font-family: Verdana; font-size: 9pt; font-weight: bold;\">CHISTOGRAFIA<\/span><span style=\"font-family: Verdana; font-size: 9pt; font-weight: bold;\">\u00a0<\/span><span style=\"font-family: Verdana; font-size: 9pt; font-weight: bold;\">\u00a0<\/span><span style=\"font-family: Verdana; font-size: 9pt; font-weight: bold;\"> ANTIARGENTINA<img loading=\"lazy\" decoding=\"async\" class=\"alignleft size-full wp-image-5553\" src=\"https:\/\/historiadelperonismo.com\/wp-content\/uploads\/55e868ef446ab_img.jpeg\" alt=\"55e868ef446ab_img\" width=\"290\" height=\"153\" srcset=\"https:\/\/historiadelperonismo.com\/wp-content\/uploads\/55e868ef446ab_img.jpeg 290w, https:\/\/historiadelperonismo.com\/wp-content\/uploads\/55e868ef446ab_img-260x137.jpeg 260w, https:\/\/historiadelperonismo.com\/wp-content\/uploads\/55e868ef446ab_img-50x26.jpeg 50w\" sizes=\"(max-width: 290px) 100vw, 290px\" \/><\/span><\/span><\/p>\n<p style=\"background-color: #ffffff; margin: 5pt 0pt; text-align: center;\"><span style=\"font-family: Verdana; font-size: 9pt; color: #000000;\">\u00a0<\/span><\/p>\n<p style=\"background-color: #ffffff; margin: 5pt 0pt; text-align: justify;\"><span style=\"font-family: Verdana; font-size: 9pt; color: #000000;\">\u00a0<\/span><\/p>\n<p style=\"background-color: #ffffff; margin: 5pt 0pt; text-align: justify;\"><span style=\"font-family: Verdana; font-size: 9pt; color: #000000;\">\u00a0<\/span><\/p>\n<p style=\"background-color: #ffffff; margin: 5pt 0pt; text-align: justify;\"><span style=\"font-family: Verdana; font-size: 9pt; color: #000000;\">\u00a0<\/span><\/p>\n<p style=\"background-color: #ffffff; margin: 5pt 0pt; text-align: justify;\"><span style=\"font-family: Verdana; font-size: 9pt; color: #000000;\">&#8211; La NASA invit\u00f3 al espacio a un astronauta argentino<\/span><\/p>\n<p style=\"background-color: #ffffff; margin: 5pt 0pt; text-align: justify;\"><span style=\"font-family: Verdana; font-size: 9pt; color: #000000;\">&#8211; Siempre que lo ponga en \u00f3rbita sobre el Atl\u00e1ntico y no sobre el Pac\u00edfico&#8230;<\/span><\/p>\n<p style=\"background-color: #ffffff; margin: 5pt 0pt; text-align: justify;\"><span style=\"font-family: Verdana; font-size: 9pt; color: #000000;\">\u00a0<\/span><\/p>\n<p style=\"background-color: #ffffff; margin: 5pt 0pt; text-align: justify;\"><span style=\"color: #000000;\"><img loading=\"lazy\" decoding=\"async\" class=\"size-full wp-image-5554 alignnone\" src=\"https:\/\/historiadelperonismo.com\/wp-content\/uploads\/55e868ef44959_img.jpeg\" alt=\"55e868ef44959_img\" width=\"343\" height=\"232\" srcset=\"https:\/\/historiadelperonismo.com\/wp-content\/uploads\/55e868ef44959_img.jpeg 343w, https:\/\/historiadelperonismo.com\/wp-content\/uploads\/55e868ef44959_img-300x203.jpeg 300w, https:\/\/historiadelperonismo.com\/wp-content\/uploads\/55e868ef44959_img-216x146.jpeg 216w, https:\/\/historiadelperonismo.com\/wp-content\/uploads\/55e868ef44959_img-50x34.jpeg 50w\" sizes=\"(max-width: 343px) 100vw, 343px\" \/><\/span><\/p>\n<p style=\"background-color: #ffffff; margin: 5pt 0pt; text-align: justify;\"><span style=\"font-family: Verdana; font-size: 9pt; color: #000000;\">\u00a0<\/span><\/p>\n<p style=\"background-color: #ffffff; margin: 5pt 0pt; text-align: center;\"><span style=\"color: #000000;\"><span style=\"font-family: Verdana; font-size: 9pt;\">Ella: Tengan cuidado. Los argentinos, son nuestros<\/span><span style=\"font-family: Verdana; font-size: 9pt;\">\u00a0<\/span><\/span><br \/>\n<span style=\"font-family: Verdana; font-size: 9pt; color: #000000;\"> enemigos de ayer, de hoy, de ma\u00f1ana y de siempre.<\/span><\/p>\n<p style=\"background-color: #ffffff; margin: 5pt 0pt; text-align: center;\"><span style=\"font-family: Verdana; font-size: 9pt; color: #000000;\">El: Tiene raz\u00f3n. Esa unidad con Argentina estorba<\/span><br \/>\n<span style=\"font-family: Verdana; font-size: 9pt; color: #000000;\"> mis negocios con Washington y Londres.<\/span><\/p>\n<p style=\"background-color: #ffffff; margin: 5pt 0pt; text-align: center;\"><span style=\"font-family: Verdana; font-size: 9pt; color: #000000;\">\u00a0<\/span><\/p>\n<p style=\"background-color: #ffffff; margin: 5pt 0pt; text-align: center;\"><img loading=\"lazy\" decoding=\"async\" class=\"alignleft size-full wp-image-5555\" src=\"https:\/\/historiadelperonismo.com\/wp-content\/uploads\/55e868ef44b10_img.jpeg\" alt=\"55e868ef44b10_img\" width=\"116\" height=\"213\" srcset=\"https:\/\/historiadelperonismo.com\/wp-content\/uploads\/55e868ef44b10_img.jpeg 116w, https:\/\/historiadelperonismo.com\/wp-content\/uploads\/55e868ef44b10_img-80x146.jpeg 80w, https:\/\/historiadelperonismo.com\/wp-content\/uploads\/55e868ef44b10_img-27x50.jpeg 27w\" sizes=\"(max-width: 116px) 100vw, 116px\" \/><\/p>\n<p style=\"background-color: #ffffff; margin: 5pt 0pt; text-align: center;\"><span style=\"font-family: Verdana; font-size: 9pt; color: #000000;\">\u00a0<\/span><\/p>\n<p style=\"background-color: #ffffff; margin: 5pt 0pt; text-align: center;\"><span style=\"font-family: Verdana; font-size: 9pt; color: #000000;\">\u00a0<\/span><\/p>\n<p style=\"background-color: #ffffff; margin: 5pt 0pt; text-align: center;\"><span style=\"font-family: Verdana; font-size: 9pt; color: #000000;\">\u00a0<\/span><\/p>\n<p style=\"background-color: #ffffff; margin: 5pt 0pt; text-align: center;\"><span style=\"font-family: Verdana; font-size: 9pt; color: #000000;\">\u00a0<\/span><\/p>\n<p style=\"background-color: #ffffff; margin: 5pt 0pt; text-align: center;\"><span style=\"font-family: Verdana; font-size: 9pt; color: #000000;\">\u00a0<\/span><\/p>\n<p style=\"background-color: #ffffff; margin: 5pt 0pt; text-align: center;\"><span style=\"font-family: Verdana; font-size: 9pt; color: #000000;\">\u00a0<\/span><\/p>\n<p style=\"background-color: #ffffff; margin: 5pt 0pt; text-align: center;\"><img loading=\"lazy\" decoding=\"async\" class=\"alignleft size-full wp-image-5556\" src=\"https:\/\/historiadelperonismo.com\/wp-content\/uploads\/55e868ef44c3b_img.jpeg\" alt=\"55e868ef44c3b_img\" width=\"123\" height=\"125\" srcset=\"https:\/\/historiadelperonismo.com\/wp-content\/uploads\/55e868ef44c3b_img.jpeg 123w, https:\/\/historiadelperonismo.com\/wp-content\/uploads\/55e868ef44c3b_img-50x50.jpeg 50w, https:\/\/historiadelperonismo.com\/wp-content\/uploads\/55e868ef44c3b_img-80x80.jpeg 80w, https:\/\/historiadelperonismo.com\/wp-content\/uploads\/55e868ef44c3b_img-85x85.jpeg 85w\" sizes=\"(max-width: 123px) 100vw, 123px\" \/><\/p>\n<p style=\"background-color: #ffffff; margin: 5pt 0pt; text-align: center;\"><span style=\"font-family: Verdana; font-size: 9pt; color: #000000;\">\u00a0<\/span><\/p>\n<p style=\"background-color: #ffffff; margin: 5pt 0pt; text-align: center;\"><span style=\"font-family: Verdana; font-size: 9pt; color: #000000;\">\u00a0<\/span><\/p>\n<p style=\"background-color: #ffffff; margin: 5pt 0pt; text-align: center;\"><span style=\"font-family: Verdana; font-size: 9pt; color: #000000;\">\u00a0<\/span><\/p>\n<p style=\"background-color: #ffffff; margin: 5pt 0pt; text-align: center;\"><span style=\"font-family: Verdana; font-size: 9pt; color: #000000;\">\u00a0<\/span><\/p>\n<p style=\"background-color: #ffffff; margin: 5pt 0pt; text-align: center;\"><span style=\"color: #000000;\"><span style=\"font-family: Verdana; font-size: 9pt; font-weight: bold;\">DOCUMENTOS<\/span><span style=\"font-family: Verdana; font-size: 9pt; font-weight: bold;\">\u00a0<\/span><span style=\"font-family: Verdana; font-size: 9pt; font-weight: bold;\">PER\u00d3N<\/span><span style=\"font-family: Verdana; font-size: 9pt; font-weight: bold;\">\u00a0<\/span><span style=\"font-family: Verdana; font-size: 9pt; font-weight: bold;\">IBA\u00d1EZ<\/span><span style=\"font-family: Verdana; font-size: 9pt; font-weight: bold;\">\u00a0<\/span><\/span><br \/>\n<span style=\"font-family: Verdana; font-size: 9pt; font-weight: bold; color: #000000;\"> 1953<\/span><\/p>\n<p style=\"background-color: #ffffff; margin: 5pt 0pt; text-align: center;\"><img loading=\"lazy\" decoding=\"async\" class=\"alignleft size-full wp-image-5557\" src=\"https:\/\/historiadelperonismo.com\/wp-content\/uploads\/55e868ef44ddf_img.jpeg\" alt=\"55e868ef44ddf_img\" width=\"122\" height=\"153\" srcset=\"https:\/\/historiadelperonismo.com\/wp-content\/uploads\/55e868ef44ddf_img.jpeg 122w, https:\/\/historiadelperonismo.com\/wp-content\/uploads\/55e868ef44ddf_img-116x146.jpeg 116w, https:\/\/historiadelperonismo.com\/wp-content\/uploads\/55e868ef44ddf_img-40x50.jpeg 40w\" sizes=\"(max-width: 122px) 100vw, 122px\" \/><\/p>\n<p style=\"background-color: #ffffff; margin: 5pt 0pt; text-align: center;\"><span style=\"font-family: Verdana; font-size: 9pt; color: #000000;\">\u00a0<\/span><\/p>\n<p style=\"background-color: #ffffff; margin: 5pt 0pt; text-align: center;\"><span style=\"font-family: Verdana; font-size: 9pt; color: #000000;\">\u00a0<\/span><\/p>\n<p style=\"background-color: #ffffff; margin: 5pt 0pt; text-align: justify;\"><span style=\"font-family: Verdana; font-size: 9pt; font-weight: bold; color: #000000;\">\u00a0<\/span><\/p>\n<p style=\"background-color: #ffffff; margin: 5pt 0pt; text-align: justify;\"><span style=\"font-family: Verdana; font-size: 9pt; font-weight: bold; color: #000000;\">\u00a0<\/span><\/p>\n<p style=\"background-color: #ffffff; margin: 5pt 0pt; text-align: justify;\"><span style=\"font-family: Verdana; font-size: 9pt; font-weight: bold; color: #000000;\">\u00a0<\/span><\/p>\n<p style=\"background-color: #ffffff; margin: 5pt 0pt; text-align: justify;\"><img loading=\"lazy\" decoding=\"async\" class=\"alignleft size-full wp-image-5558\" src=\"https:\/\/historiadelperonismo.com\/wp-content\/uploads\/55e868ef44ee9_img.jpeg\" alt=\"55e868ef44ee9_img\" width=\"80\" height=\"75\" srcset=\"https:\/\/historiadelperonismo.com\/wp-content\/uploads\/55e868ef44ee9_img.jpeg 80w, https:\/\/historiadelperonismo.com\/wp-content\/uploads\/55e868ef44ee9_img-50x47.jpeg 50w\" sizes=\"(max-width: 80px) 100vw, 80px\" \/><\/p>\n<p style=\"background-color: #ffffff; margin: 5pt 0pt; text-align: justify;\"><span style=\"font-family: Verdana; font-size: 9pt; color: #000000;\">\u00a0<\/span><\/p>\n<p style=\"background-color: #ffffff; margin: 5pt 0pt; text-align: justify;\"><span style=\"color: #000000;\"><span style=\"font-family: Verdana; font-size: 9pt; font-weight: bold;\">ARGENTINA Y CHILE<\/span><span style=\"font-family: Verdana; font-size: 9pt;\">\u00a0<\/span><\/span><br \/>\n<span style=\"color: #000000;\"> <span style=\"font-family: Verdana; font-size: 9pt; font-style: italic;\">Reportaje, al Gral. J. D. Per\u00f3n del Diario La <\/span><span style=\"font-family: Verdana; font-size: 9pt; font-style: italic;\">Naci\u00f3n, Santiago<\/span><span style=\"font-family: Verdana; font-size: 9pt; font-style: italic;\"> de Chile, 20 de febrero de 1953<\/span><span style=\"font-family: Verdana; font-size: 9pt;\">\u00a0<\/span><\/span><br \/>\n<span style=\"color: #000000;\"> <span style=\"font-family: Verdana; font-size: 9pt; font-weight: bold;\">-\u00bfCree V.E. que Chile y la Argentina podr\u00edan<\/span><span style=\"font-family: Verdana; font-size: 9pt; font-weight: bold;\">\u00a0<\/span><span style=\"font-family: Verdana; font-size: 9pt; font-weight: bold;\">influir en la soluci\u00f3n de los problemas que afligen al mundo? En caso afirmativo, <\/span><span style=\"font-family: Verdana; font-size: 9pt; font-weight: bold;\">\u00bf<\/span><span style=\"font-family: Verdana; font-size: 9pt; font-weight: bold;\">q<\/span><span style=\"font-family: Verdana; font-size: 9pt; font-weight: bold;\">uerr\u00eda VE. <\/span><span style=\"font-family: Verdana; font-size: 9pt; font-weight: bold;\">Indicar<\/span><span style=\"font-family: Verdana; font-size: 9pt; font-weight: bold;\"> en<\/span><span style=\"font-family: Verdana; font-size: 9pt; font-weight: bold;\">\u00a0<\/span><span style=\"font-family: Verdana; font-size: 9pt; font-weight: bold;\">qu\u00e9 forma podr\u00edan hacerlo<\/span><span style=\"font-family: Verdana; font-size: 9pt; font-weight: bold;\">?<\/span><\/span><\/p>\n<p style=\"text-align: justify;\"><span style=\"font-family: Verdana; font-size: 9pt; color: #000000;\">-Argentina y Chile son, en el concierta mundial, peque\u00f1os pa\u00edses por su poder\u00edo material, pero no siempre la historia fue escrita por las naciones ricas y poderosas. Creo que frente a los imperialismos materialistas que dominan en el mundo, Argentina y Chile pueden influir en la soluci\u00f3n de los problemas de la humanidad si tienen en cuenta, por lo menos:<\/span><\/p>\n<ol style=\"margin: 0pt; padding-left: 0pt; text-align: justify;\" type=\"1\">\n<li style=\"background-color: #ffffff; font-family: Verdana; font-size: 9pt; margin: 5pt 0pt 5pt 32pt; padding-left: 4pt; text-align: justify; text-indent: 0pt;\"><span style=\"font-family: Verdana; font-size: 9pt; color: #000000;\">que ya los problemas de la humanidad no pertenecen al dominio de los gobiernos, sino de los pueblos.<\/span><\/li>\n<li style=\"background-color: #ffffff; font-family: Verdana; font-size: 9pt; margin: 5pt 0pt 5pt 32pt; padding-left: 4pt; text-align: justify; text-indent: 0pt;\"><span style=\"font-family: Verdana; font-size: 9pt; color: #000000;\">que la soluci\u00f3n solamente puede estructurarse sobre la base de naciones justas, soberanas y libres.<\/span><\/li>\n<li style=\"background-color: #ffffff; font-family: Verdana; font-size: 9pt; margin: 5pt 0pt 5pt 32pt; padding-left: 4pt; text-align: justify; text-indent: 0pt;\"><span style=\"color: #000000;\"><span style=\"font-family: Verdana; font-size: 9pt;\">que la dignidad de los pueblos y la dignidad <\/span><span style=\"font-family: Verdana; font-size: 9pt;\">d\u00e9<\/span><span style=\"font-family: Verdana; font-size: 9pt;\"> los hombres es fundamental como objetivos para la soluci\u00f3n de todos los problemas humanos.<\/span><\/span><\/li>\n<li style=\"background-color: #ffffff; font-family: Verdana; font-size: 9pt; margin: 5pt 0pt 5pt 32pt; padding-left: 4pt; text-align: justify; text-indent: 0pt;\"><span style=\"font-family: Verdana; font-size: 9pt; color: #000000;\">que en todos los casos es necesario \u00abhacer lo que los pueblos quieren\u00bb.<\/span><\/li>\n<li style=\"background-color: #ffffff; font-family: Verdana; font-size: 9pt; margin: 5pt 0pt 5pt 32pt; padding-left: 4pt; text-align: justify; text-indent: 0pt;\"><span style=\"font-family: Verdana; font-size: 9pt; color: #000000;\">que la pol\u00edtica internacional ha de abandonar las viejas pr\u00e1cticas de la diplomacia formalista y realizarse sobre bases de absoluta sinceridad y reciprocidades mutuas.<\/span><\/li>\n<li style=\"background-color: #ffffff; font-family: Verdana; font-size: 9pt; margin: 5pt 0pt 5pt 32pt; padding-left: 4pt; text-align: justify; text-indent: 0pt;\"><span style=\"font-family: Verdana; font-size: 9pt; color: #000000;\">que todas las naciones, como los hombres, son iguales en el concierto internacional.<\/span><\/li>\n<li style=\"background-color: #ffffff; font-family: Verdana; font-size: 9pt; margin: 5pt 0pt 5pt 32pt; padding-left: 4pt; text-align: justify; text-indent: 0pt;\"><span style=\"font-family: Verdana; font-size: 9pt; color: #000000;\">que cada gobierno debe hacer la felicidad presente de su pueblo y mediante ella la grandeza futura de su patria.<\/span><\/li>\n<\/ol>\n<p style=\"background-color: #ffffff; margin: 5pt 0pt; text-align: justify;\"><span style=\"font-family: Verdana; font-size: 9pt; color: #000000;\">8) que la felicidad del pueblo puede alcanzarse tratando de armonizar los valores espirituales con los intereses y los derechos del individuo con los de la comunidad.<\/span><\/p>\n<p style=\"text-align: justify;\"><span style=\"color: #000000;\"><span style=\"font-family: Verdana; font-size: 9pt; font-weight: bold;\">&#8211;<\/span><span style=\"font-family: Verdana; font-size: 9pt; font-weight: bold;\">\u00bf<\/span><span style=\"font-family: Verdana; font-size: 9pt; font-weight: bold;\">Considera VE. <\/span><span style=\"font-family: Verdana; font-size: 9pt; font-weight: bold;\">factible<\/span><span style=\"font-family: Verdana; font-size: 9pt; font-weight: bold;\"> la aplicaci\u00f3n de la<\/span><span style=\"font-family: Verdana; font-size: 9pt; font-weight: bold;\">\u00a0<\/span><span style=\"font-family: Verdana; font-size: 9pt; font-weight: bold;\">doctrina justicialista en Chile, dadas las <\/span><span style=\"font-family: Verdana; font-size: 9pt; font-weight: bold;\">especiales<\/span><span style=\"font-family: Verdana; font-size: 9pt; font-weight: bold;\">\u00a0<\/span><span style=\"font-family: Verdana; font-size: 9pt; font-weight: bold;\">condiciones de vida de<\/span><span style=\"font-family: Verdana; font-size: 9pt; font-weight: bold;\">\u00a0<\/span><span style=\"font-family: Verdana; font-size: 9pt; font-weight: bold;\">ese<\/span><span style=\"font-family: Verdana; font-size: 9pt;\">\u00a0<\/span><span style=\"font-family: Verdana; font-size: 9pt; font-weight: bold;\">pa\u00eds?<\/span><span style=\"font-family: Verdana; font-size: 9pt;\">\u00a0<\/span><\/span><\/p>\n<p style=\"text-align: justify;\"><span style=\"color: #000000;\"><span style=\"font-family: Verdana; font-size: 9pt;\">-El justicialismo es una doctrina argentina y para los argentinos, pero sus principios generales de contenido profundamente cristiano y humanista pueden ser aplicados en cualquier pa\u00eds del mundo.<\/span><span style=\"font-family: Verdana; font-size: 9pt;\">\u00a0<\/span><\/span><\/p>\n<p style=\"text-align: justify;\"><span style=\"color: #000000;\"><span style=\"font-family: Verdana; font-size: 9pt;\">Como tercera posici\u00f3n ideol\u00f3gica distinta del capitalismo y del comunismo yo la ofrec\u00ed al mundo como solucionen 1947.<\/span><span style=\"font-family: Verdana; font-size: 9pt;\">\u00a0<\/span><\/span><br \/>\n<span style=\"color: #000000;\"> <span style=\"font-family: Verdana; font-size: 9pt;\">Puede ser aplicada en Chile.<\/span><span style=\"font-family: Verdana; font-size: 9pt;\">\u00a0<\/span><\/span><br \/>\n<span style=\"color: #000000;\"> <span style=\"font-family: Verdana; font-size: 9pt;\">No nos interesa que se diga o no que lo que se aplica es el justicialismo. Lo que importa es que los pueblos, y el chileno en particular, consigan su felicidad mediante la justicia, la libertad y la soberan\u00eda, que son las tres banderas del justicialismo.<\/span><span style=\"font-family: Verdana; font-size: 9pt;\">\u00a0<\/span><\/span><\/p>\n<p style=\"text-align: justify;\"><span style=\"color: #000000;\"><span style=\"font-family: Verdana; font-size: 9pt; font-weight: bold;\">\u00bfEstima usted, Excelencia que debe llegarse a<\/span><span style=\"font-family: Verdana; font-size: 9pt; font-weight: bold;\">\u00a0<\/span><span style=\"font-family: Verdana; font-size: 9pt; font-weight: bold;\">la completa uni\u00f3n pol\u00edtica y econ\u00f3mica de los pa\u00edses americanos?<\/span><span style=\"font-family: Verdana; font-size: 9pt;\">\u00a0<\/span><\/span><\/p>\n<p style=\"text-align: justify;\"><span style=\"color: #000000;\"><span style=\"font-family: Verdana; font-size: 9pt;\">-No s\u00f3lo lo creo sino que lo auspicio y lo propugno. Si no nos adelantamos a los hechos, la evoluci\u00f3n natural de la historia nos obligar\u00e1 a la uni\u00f3n. En esto como en todas las cosas de la vida es mejor conducir los acontecimientos que dejarse arrastrar por ellos.<\/span><span style=\"font-family: Verdana; font-size: 9pt;\">\u00a0<\/span><\/span><br \/>\n<span style=\"color: #000000;\"> <span style=\"font-family: Verdana; font-size: 9pt;\">La uni\u00f3n pol\u00edtica y econ\u00f3mica americana debe hacerse sobre la base de naciones justas, soberanas y libres.<\/span><span style=\"font-family: Verdana; font-size: 9pt;\">\u00a0<\/span><\/span><\/p>\n<p style=\"text-align: justify;\"><span style=\"color: #000000;\"><span style=\"font-family: Verdana; font-size: 9pt; font-weight: bold;\">-Cree usted en la conveniencia de una reuni\u00f3n<\/span><span style=\"font-family: Verdana; font-size: 9pt; font-weight: bold;\">\u00a0<\/span><span style=\"font-family: Verdana; font-size: 9pt; font-weight: bold;\">de presidentes latinoamericanos en Chile o cualquier<\/span><span style=\"font-family: Verdana; font-size: 9pt; font-weight: bold;\">\u00a0<\/span><span style=\"font-family: Verdana; font-size: 9pt; font-weight: bold;\">pa\u00eds americano<\/span><span style=\"font-family: Verdana; font-size: 9pt; font-weight: bold;\">?<\/span><span style=\"font-family: Verdana; font-size: 9pt;\">\u00a0<\/span><\/span><\/p>\n<p style=\"text-align: justify;\"><span style=\"color: #000000;\"><span style=\"font-family: Verdana; font-size: 9pt;\">-Una reuni\u00f3n de presidentes latinoamericanos en Chile o cualquier otro pa\u00eds americano ser\u00eda interesante cuando todos est\u00e9n dispuestos a servir al inter\u00e9s de sus propios pueblos sin tener en cuenta ning\u00fan otro inter\u00e9s aparte de la libertad de Am\u00e9rica.<\/span><span style=\"font-family: Verdana; font-size: 9pt;\">\u00a0<\/span><\/span><br \/>\n<span style=\"color: #000000;\"> <span style=\"font-family: Verdana; font-size: 9pt;\">El mundo entero s\u00f3lo podr\u00eda organizarse y resolver sus problemas mediante el acuerdo de gobiernos que representan naciones justas, soberanas y libres.<\/span><span style=\"font-family: Verdana; font-size: 9pt;\">\u00a0<\/span><\/span><\/p>\n<p style=\"text-align: justify;\"><span style=\"color: #000000;\"><span style=\"font-family: Verdana; font-size: 9pt;\">De lo contrario, una reuni\u00f3n semejante regional o mundial estar\u00eda condenada al fracaso.<\/span><span style=\"font-family: Verdana; font-size: 9pt;\">\u00a0<\/span><\/span><br \/>\n<span style=\"color: #000000;\"> <span style=\"font-family: Verdana; font-size: 9pt;\">Las conferencias internacionales de cualquier naturaleza que fueran no pueden ser dirigidas. Deben ser libres, y para ello deben estar integradas por gobiernos libres de pueblos tambi\u00e9n libres.<\/span><span style=\"font-family: Verdana; font-size: 9pt;\">\u00a0<\/span><\/span><\/p>\n<p style=\"text-align: justify;\"><span style=\"color: #000000;\"><span style=\"font-family: Verdana; font-size: 9pt; font-weight: bold;\">-\u00bfEstima usted, Excelencia, que se inicia ahora<\/span><span style=\"font-family: Verdana; font-size: 9pt; font-weight: bold;\">\u00a0<\/span><span style=\"font-family: Verdana; font-size: 9pt; font-weight: bold;\">la uni\u00f3n econ\u00f3mica de Am\u00e9rica del Sur? \u00bfSi su<\/span><span style=\"font-family: Verdana; font-size: 9pt; font-weight: bold;\">\u00a0<\/span><span style=\"font-family: Verdana; font-size: 9pt; font-weight: bold;\">contestaci\u00f3n fuera afirmativa en qu\u00e9 se basa para<\/span><span style=\"font-family: Verdana; font-size: 9pt; font-weight: bold;\">\u00a0<\/span><span style=\"font-family: Verdana; font-size: 9pt; font-weight: bold;\">estimarlo as\u00ed?<\/span><span style=\"font-family: Verdana; font-size: 9pt;\">\u00a0<\/span><\/span><\/p>\n<p style=\"text-align: justify;\"><span style=\"font-family: Verdana; font-size: 9pt; color: #000000;\">-Pienso que Am\u00e9rica del Sur debe unirse. El resto del mundo est\u00e1 agotando sus reservas territoriales. Nosotros las tenemos en abundancia y sin explotar. Es l\u00f3gico pensar<\/span><\/p>\n<p style=\"background-color: #ffffff; margin: 5pt 0pt; text-align: justify;\"><span style=\"color: #000000;\"><span style=\"font-family: Verdana; font-size: 9pt; font-weight: bold;\">-\u00bfNo estima usted que Am\u00e9rica del Sur debe<\/span><span style=\"font-family: Verdana; font-size: 9pt; font-weight: bold;\">\u00a0<\/span><span style=\"font-family: Verdana; font-size: 9pt; font-weight: bold;\">realizar una pol\u00edtica nueva de defensa de sus materias<\/span><span style=\"font-family: Verdana; font-size: 9pt; font-weight: bold;\">\u00a0<\/span><span style=\"font-family: Verdana; font-size: 9pt; font-weight: bold;\">primas?<\/span><span style=\"font-family: Verdana; font-size: 9pt;\">\u00a0<\/span><\/span><\/p>\n<p style=\"text-align: justify;\"><span style=\"color: #000000;\"><span style=\"font-family: Verdana; font-size: 9pt;\">-La defensa de nuestras materias primas forma parte de la defensa de nuestra vida pol\u00edtica, social y econ\u00f3mica. Ya le he dicho que la lucha del mundo futuro ser\u00e1 influida por el factor econ\u00f3mico&#8230; y este no puede ser desvinculado del grave problema de las materias primas. La uni\u00f3n econ\u00f3mica de dos o m\u00e1s pueblos no puede hacerse sin tener, \u00abal tiro\u00bb como dicen los chilenos, una soluci\u00f3n para defender nuestras materias primas.<\/span><span style=\"font-family: Verdana; font-size: 9pt;\">\u00a0<\/span><\/span><\/p>\n<p style=\"text-align: justify;\"><span style=\"color: #000000;\"><span style=\"font-family: Verdana; font-size: 9pt; font-weight: bold;\">-\u00bfQu\u00e9 trascendencia le da usted personalmente<\/span><span style=\"font-family: Verdana; font-size: 9pt; font-weight: bold;\">\u00a0<\/span><span style=\"font-family: Verdana; font-size: 9pt; font-weight: bold;\">a su viaje a Chile?<\/span><span style=\"font-family: Verdana; font-size: 9pt;\">\u00a0<\/span><\/span><\/p>\n<p style=\"text-align: justify;\"><span style=\"color: #000000;\"><span style=\"font-family: Verdana; font-size: 9pt;\">-Todo cuanto acabo de decirle es mi mejor respuesta. Mi viaje a Chile tendr\u00e1 la trascendencia que quieran darle los chilenos y los argentinos. Si nuestros pueblos quieren lo que nosotros sus gobernantes logremos acordar, con visi\u00f3n panor\u00e1mica de un gran porvenir, este viaje ser\u00e1 trascendente. De lo contrario no pasar\u00e1 de ser un gesto de amistad entre dos hombres.<\/span><span style=\"font-family: Verdana; font-size: 9pt;\">\u00a0<\/span><\/span><\/p>\n<p style=\"text-align: justify;\"><span style=\"color: #000000;\"><span style=\"font-family: Verdana; font-size: 9pt;\">Creo, sin embargo, que los pueblos no quieren gestos sino realizaciones, no quieren palabras, sino verdades, no desean promesas, sino hechos. Y creo tambi\u00e9n, que los pueblos de Am\u00e9rica sienten llegada la hora que el destino les ha asignado en el concierto de la historia.<\/span><span style=\"font-family: Verdana; font-size: 9pt;\">\u00a0<\/span><\/span><\/p>\n<p style=\"text-align: justify;\"><span style=\"font-family: Verdana; font-size: 9pt; color: #000000;\">Si yo no me equivoco demasiado, este viaje y estas entrevistas de dos Gobiernos y de dos pueblos no pasar\u00e1n en vano por la historia de Am\u00e9rica.<\/span><\/p>\n<p style=\"background-color: #ffffff; margin: 5pt 0pt; text-align: justify;\"><span style=\"color: #000000;\"><span style=\"font-family: Verdana; font-size: 9pt; font-weight: bold;\">PALABRAS DEL GENERAL<\/span><span style=\"font-family: Verdana; font-size: 9pt; font-weight: bold;\">\u00a0<\/span><span style=\"font-family: Verdana; font-size: 9pt; font-weight: bold;\">CARLOS IBA\u00d1EZ DEL CAMPO<\/span><span style=\"font-family: Verdana; font-size: 9pt; font-style: italic; font-weight: bold;\">\u00a0<\/span><\/span><br \/>\n<span style=\"color: #000000;\"> <span style=\"font-family: Verdana; font-size: 9pt; font-style: italic; font-weight: bold;\">Alocuci\u00f3n de bienvenida<\/span><span style=\"font-family: Verdana; font-size: 9pt; font-style: italic; font-weight: bold;\">\u00a0<\/span><span style=\"font-family: Verdana; font-size: 9pt; font-style: italic; font-weight: bold;\">al Presidente trasandino.<\/span><\/span><\/p>\n<p style=\"background-color: #ffffff; margin: 5pt 0pt; text-align: justify;\"><img loading=\"lazy\" decoding=\"async\" class=\"alignleft size-full wp-image-5559\" src=\"https:\/\/historiadelperonismo.com\/wp-content\/uploads\/55e868ef4500a_img.jpeg\" alt=\"55e868ef4500a_img\" width=\"97\" height=\"39\" srcset=\"https:\/\/historiadelperonismo.com\/wp-content\/uploads\/55e868ef4500a_img.jpeg 97w, https:\/\/historiadelperonismo.com\/wp-content\/uploads\/55e868ef4500a_img-50x20.jpeg 50w\" sizes=\"(max-width: 97px) 100vw, 97px\" \/><\/p>\n<p style=\"background-color: #ffffff; margin: 5pt 0pt; text-align: justify;\"><span style=\"font-family: Verdana; font-size: 9pt; color: #000000;\">\u00a0<\/span><\/p>\n<p style=\"background-color: #ffffff; margin: 5pt 0pt; text-align: justify;\"><span style=\"font-family: Verdana; font-size: 9pt; color: #000000;\">Pueblo de Chile:<\/span><\/p>\n<p style=\"text-align: justify;\"><span style=\"color: #000000;\"><span style=\"font-family: Verdana; font-size: 9pt;\">El Presidente de la Rep\u00fablica Argentina, Excelent\u00edsimo Juan Per\u00f3n, es desde ayer hu\u00e9sped de honor del pueblo y de<\/span><span style=\"font-family: Verdana; font-size: 9pt;\">!<\/span><span style=\"font-family: Verdana; font-size: 9pt;\"> gobierno chilenos. Vosotros conoc\u00e9is los antecedentes de la magn\u00edfica obra de justicia y de engrandecimiento realizada en su patria por nuestro visitante. De m\u00e1s est\u00e1n, entonces, mis palabras para exaltar sus virtudes de estadista y de inspirador de un pueblo que lo ama y respeta por ser el int\u00e9rprete de sus anhelos y el depositario de las grandes tradiciones argentinas.<\/span><\/span><\/p>\n<p style=\"text-align: justify;\"><span style=\"color: #000000;\"><span style=\"font-family: Verdana; font-size: 9pt; font-weight: bold;\">Indestructible fraternidad<\/span><span style=\"font-family: Verdana; font-size: 9pt;\">\u00a0<\/span><\/span><br \/>\n<span style=\"color: #000000;\"> <span style=\"font-family: Verdana; font-size: 9pt;\">Invitado por mi gobierno, el Presidente Per\u00f3n nos honra con su visita, que obedece al elevado se\u00f1alado por su posici\u00f3n geogr\u00e1fica y por sus comunes tradiciones, les marca el camino de una indestructible fraternidad.<\/span><span style=\"font-family: Verdana; font-size: 9pt;\">\u00a0<\/span><\/span><\/p>\n<p style=\"text-align: justify;\"><span style=\"color: #000000;\"><span style=\"font-family: Verdana; font-size: 9pt;\">Impulsados por los imperativos econ\u00f3micos que promueven el bienestar de los pueblos y el progreso de las naciones, los presidentes de Argentina y de Chile deseamos que aquella hermandad deje de ser una expresi\u00f3n puramente espiritual y se realice en el campo de un amplio y fecundo intercambio comercial, que circule libremente a trav\u00e9s de una cordillera que ambos interpretamos como un s\u00edmbolo de uni\u00f3n y no de aislamiento. La cordillera libre deber\u00e1 ser el primer paso hacia la amplia unidad econ\u00f3mica entre Chile y Argentina, que mi gobierno preconiza y auspicia como antecedente de la unidad latinoamericana, la coordinaci\u00f3n de cuya econom\u00eda en un plano continental est\u00e1 siendo reclamada para el desarrollo industrial y agr\u00edcola de los pa\u00edses que deben integrarla.<\/span><span style=\"font-family: Verdana; font-size: 9pt;\">\u00a0<\/span><\/span><\/p>\n<p style=\"text-align: justify;\"><span style=\"color: #000000;\"><span style=\"font-family: Verdana; font-size: 9pt;\">Conciudadanos: os presento, en este instante memorable, al presidente de Argentina, mi ilustre amigo, el general Juan Per\u00f3n.<\/span><span style=\"font-family: Verdana; font-size: 9pt;\">\u00a0<\/span><\/span><br \/>\n<span style=\"font-family: Verdana; font-size: 9pt; color: #000000;\"> \u00a1Viva la Rep\u00fablica Argentina!<\/span><\/p>\n<p style=\"background-color: #ffffff; margin: 5pt 0pt; text-align: center;\"><span style=\"font-family: Verdana; font-size: 9pt; font-weight: bold; color: #000000;\">Felipe Herrera<\/span><\/p>\n<p><span style=\"font-family: Verdana; font-size: 9pt; color: #000000;\">Cofundador del CEDECH, catedr\u00e1tico, Presidente del BID, quien apoya el proyecto<\/span><\/p>\n<p style=\"background-color: #ffffff; margin: 5pt 0pt; text-align: center;\"><span style=\"color: #000000;\"><img loading=\"lazy\" decoding=\"async\" class=\"alignleft size-full wp-image-5560\" src=\"https:\/\/historiadelperonismo.com\/wp-content\/uploads\/55e868ef45160_img.jpeg\" alt=\"55e868ef45160_img\" width=\"132\" height=\"181\" srcset=\"https:\/\/historiadelperonismo.com\/wp-content\/uploads\/55e868ef45160_img.jpeg 132w, https:\/\/historiadelperonismo.com\/wp-content\/uploads\/55e868ef45160_img-106x146.jpeg 106w, https:\/\/historiadelperonismo.com\/wp-content\/uploads\/55e868ef45160_img-36x50.jpeg 36w\" sizes=\"(max-width: 132px) 100vw, 132px\" \/><\/span><\/p>\n<p style=\"background-color: #ffffff; margin: 5pt 0pt; text-align: center;\"><span style=\"font-family: Verdana; font-size: 9pt; color: #000000;\">ABC, es ide\u00f3<\/span><\/p>\n<p style=\"background-color: #ffffff; margin: 5pt 0pt; text-align: center;\"><span style=\"color: #000000;\"><span style=\"font-family: Verdana; font-size: 9pt;\">logo<\/span><span style=\"font-family: Verdana; font-size: 9pt;\">, en Chile, del nacionalismo iberoamericano.<\/span><\/span><\/p>\n<p style=\"background-color: #ffffff; margin: 5pt 0pt; text-align: center;\"><span style=\"font-family: Verdana; font-size: 9pt; color: #000000;\">\u00a0<\/span><\/p>\n<p style=\"background-color: #ffffff; margin: 5pt 0pt; text-align: justify;\"><span style=\"font-family: Verdana; font-size: 9pt; font-weight: bold; color: #000000;\">PALABRAS DEL GENERAL JUAN PER\u00d3N<\/span><\/p>\n<p style=\"background-color: #ffffff; margin: 5pt 0pt 12pt; text-align: justify;\"><span style=\"color: #000000;\"><img loading=\"lazy\" decoding=\"async\" class=\"alignleft size-full wp-image-5561\" src=\"https:\/\/historiadelperonismo.com\/wp-content\/uploads\/55e868ef45268_img.jpeg\" alt=\"55e868ef45268_img\" width=\"72\" height=\"83\" srcset=\"https:\/\/historiadelperonismo.com\/wp-content\/uploads\/55e868ef45268_img.jpeg 72w, https:\/\/historiadelperonismo.com\/wp-content\/uploads\/55e868ef45268_img-43x50.jpeg 43w\" sizes=\"(max-width: 72px) 100vw, 72px\" \/><\/span><br \/>\n<span style=\"font-family: Verdana; font-size: 9pt; color: #000000;\"> \u00a0<\/span><\/p>\n<p style=\"background-color: #ffffff; margin: 5pt 0pt; text-align: justify;\"><span style=\"font-family: Verdana; font-size: 9pt; color: #000000;\">\u00a0<\/span><\/p>\n<p style=\"margin: 5pt 0pt; text-align: justify; background-color: #ffffff;\"><span style=\"font-family: Verdana; font-size: 9pt; color: #000000;\">Amigos chilenos:<\/span><\/p>\n<p style=\"text-align: justify;\"><span style=\"font-family: Verdana; font-size: 9pt; color: #000000;\">Os traigo el abrazo cari\u00f1oso de Argentina al pueblo chileno. Tengo en mi vida, como el m\u00e1s insigne honor, el haber sido declarado el Primer Trabajador de la Rep\u00fablica. En nombre de ese pueblo trabajador traigo para los compa\u00f1eros chilenos la solidaridad.<\/span><\/p>\n<p style=\"text-align: justify;\"><span style=\"color: #000000;\"><span style=\"font-family: Verdana; font-size: 9pt;\">Se ha preguntado cu\u00e1l es el objeto que tra\u00eda el Presidente de la Argentina a Chile. Me trae a esta tierra, como siempre, una causa ampliamente confesable y qu\u00e9; en presencia del mandatario de Chile quiero decirla. Nosotros pensamos que, antes de ir a buscar amigos a muchos miles de kil\u00f3metros de distancia, es preferible buscarlos en los que tienen con nosotros una historia y un suelo com\u00fan.<\/span><span style=\"font-family: Verdana; font-size: 9pt;\">\u00a0<\/span><\/span><\/p>\n<p style=\"text-align: justify;\"><span style=\"color: #000000;\"><span style=\"font-family: Verdana; font-size: 9pt;\">Por eso, la iniciativa el Presidente de Chile me trae a esta tierra para decirle, delante de su pueblo, que hace treinta a\u00f1os que compartimos similares ideales de hermandad de nuestras patrias. Le traigo el coraz\u00f3n abierto de mi patria. No somos mercaderes, somos patriotas y somos amigos.<\/span><span style=\"font-family: Verdana; font-size: 9pt;\">\u00a0<\/span><\/span><\/p>\n<p style=\"text-align: justify;\"><span style=\"color: #000000;\"><span style=\"font-family: Verdana; font-size: 9pt;\">Con la altivez de pueblo libre manifiesto a este ilustre hombre de Estado que disponga y nos pruebe, porque pensamos que en estos tiempos mejor que decir es hacer y mejor que prometer es realizar.<\/span><span style=\"font-family: Verdana; font-size: 9pt;\">\u00a0<\/span><\/span><\/p>\n<p style=\"text-align: justify;\"><span style=\"color: #000000;\"><span style=\"font-family: Verdana; font-size: 9pt;\">Vivimos tiempos de decisiones, y yo creo interpretar perfectamente el sentir de mi pueblo si declaro en este acto solemne que pensamos que la historia de los pueblos es la lucha por su libertad y por su justicia.<\/span><span style=\"font-family: Verdana; font-size: 9pt;\">\u00a0<\/span><\/span><\/p>\n<p style=\"text-align: justify;\"><span style=\"font-family: Verdana; font-size: 9pt; color: #000000;\">Ese pueblo que sostiene las banderas de la justicia social, de la independencia econ\u00f3mica y de la soberan\u00eda pol\u00edtica dice al pueblo de Chile por mi intermedio: los argentinos ofrecen a los chilenos su cooperaci\u00f3n, sin pedir nada, sin exigir nada.<\/span><\/p>\n<p style=\"background-color: #ffffff; margin: 5pt 0pt 12pt; text-align: justify;\"><span style=\"color: #000000;\"><img loading=\"lazy\" decoding=\"async\" class=\"alignleft size-full wp-image-5555\" src=\"https:\/\/historiadelperonismo.com\/wp-content\/uploads\/55e868ef44b10_img.jpeg\" alt=\"55e868ef44b10_img\" width=\"116\" height=\"213\" srcset=\"https:\/\/historiadelperonismo.com\/wp-content\/uploads\/55e868ef44b10_img.jpeg 116w, https:\/\/historiadelperonismo.com\/wp-content\/uploads\/55e868ef44b10_img-80x146.jpeg 80w, https:\/\/historiadelperonismo.com\/wp-content\/uploads\/55e868ef44b10_img-27x50.jpeg 27w\" sizes=\"(max-width: 116px) 100vw, 116px\" \/><\/span><\/p>\n<p style=\"background-color: #ffffff; margin: 5pt 0pt; text-align: justify;\"><span style=\"font-family: Verdana; font-size: 9pt; color: #000000;\">\u00a0<\/span><\/p>\n<p style=\"background-color: #ffffff; margin: 5pt 0pt; text-align: justify;\"><span style=\"font-family: Verdana; font-size: 9pt; color: #000000;\">\u00a0<\/span><\/p>\n<p style=\"background-color: #ffffff; margin: 5pt 0pt; text-align: justify;\"><span style=\"font-family: Verdana; font-size: 9pt; color: #000000;\">\u00a0<\/span><\/p>\n<p style=\"background-color: #ffffff; margin: 5pt 0pt; text-align: justify;\"><span style=\"font-family: Verdana; font-size: 9pt; color: #000000;\">\u00a0<\/span><\/p>\n<p style=\"background-color: #ffffff; margin: 5pt 0pt; text-align: justify;\"><span style=\"font-family: Verdana; font-size: 9pt; color: #000000;\">\u00a0<\/span><\/p>\n<p style=\"background-color: #ffffff; margin: 5pt 0pt; text-align: justify;\"><span style=\"color: #000000;\"><span style=\"font-family: Verdana; font-size: 9pt;\">Ella: Tengan cuidado. Los argentinos, son nuestros<\/span><span style=\"font-family: Verdana; font-size: 9pt;\">\u00a0<\/span><\/span><br \/>\n<span style=\"font-family: Verdana; font-size: 9pt; color: #000000;\"> enemigos de ayer, de hoy, de ma\u00f1ana y de siempre.<\/span><\/p>\n<p><span style=\"font-family: Verdana; font-size: 9pt; color: #000000;\">El: Tiene raz\u00f3n. Esa unidad con Argentina estorba<\/span><br \/>\n<span style=\"font-family: Verdana; font-size: 9pt; color: #000000;\"> mis negocios con Washington y Londres.<\/span><\/p>\n<p style=\"margin: 0pt;\"><span style=\"font-family: 'Times New Roman'; font-size: 12pt; color: #000000;\">\u00a0<\/span><\/p>\n<p style=\"background-color: #ffffff; margin: 5pt 0pt; text-align: justify;\"><span style=\"font-family: Verdana; font-size: 9pt; font-weight: bold; color: #000000;\">O&#8217;HIGGINS Y SAN MART\u00cdN<\/span><\/p>\n<p><img loading=\"lazy\" decoding=\"async\" class=\"alignleft size-full wp-image-5562\" src=\"https:\/\/historiadelperonismo.com\/wp-content\/uploads\/55e868ef4551e_img.jpeg\" alt=\"55e868ef4551e_img\" width=\"136\" height=\"111\" srcset=\"https:\/\/historiadelperonismo.com\/wp-content\/uploads\/55e868ef4551e_img.jpeg 136w, https:\/\/historiadelperonismo.com\/wp-content\/uploads\/55e868ef4551e_img-50x41.jpeg 50w\" sizes=\"(max-width: 136px) 100vw, 136px\" \/><\/p>\n<p style=\"background-color: #ffffff; margin: 5pt 0pt; text-align: right;\"><span style=\"font-family: Verdana; font-size: 9pt; font-style: italic; color: #000000;\">\u00a0<\/span><\/p>\n<p style=\"background-color: #ffffff; margin: 5pt 0pt; text-align: right;\"><span style=\"font-family: Verdana; font-size: 9pt; font-style: italic; color: #000000;\">\u00a0<\/span><\/p>\n<p style=\"text-align: justify;\"><span style=\"color: #000000;\"><span style=\"font-family: Verdana; font-size: 9pt; font-style: italic; font-weight: bold;\">Discurso pronunciado en la cena de camarader\u00eda<\/span><span style=\"font-family: Verdana; font-size: 9pt; font-style: italic; font-weight: bold;\">\u00a0<\/span><span style=\"font-family: Verdana; font-size: 9pt; font-style: italic; font-weight: bold;\">de las FFAA.<\/span><span style=\"font-family: Verdana; font-size: 9pt; font-style: italic; font-weight: bold;\">\u00a0<\/span><span style=\"font-family: Verdana; font-size: 9pt; font-style: italic; font-weight: bold;\">Buenos Aires<\/span><span style=\"font-family: Verdana; font-size: 9pt; font-style: italic; font-weight: bold;\">,7<\/span><span style=\"font-family: Verdana; font-size: 9pt; font-style: italic; font-weight: bold;\"> de julio de 1953.<\/span><span style=\"font-family: Verdana; font-size: 9pt; font-weight: bold;\">\u00a0<\/span><\/span><br \/>\n<span style=\"color: #000000;\"> <span style=\"font-family: Verdana; font-size: 9pt;\">Se\u00f1or Presidente<\/span><span style=\"font-family: Verdana; font-size: 9pt;\">\u00a0<\/span><span style=\"font-family: Verdana; font-size: 9pt;\"> de<\/span><span style=\"font-family: Verdana; font-size: 9pt;\">\u00a0<\/span><span style=\"font-family: Verdana; font-size: 9pt;\"> la Rep\u00fablica de<\/span><span style=\"font-family: Verdana; font-size: 9pt;\">\u00a0<\/span><span style=\"font-family: Verdana; font-size: 9pt;\"> Chile, Se\u00f1ores Ministros, Camaradas:<\/span><span style=\"font-family: Verdana; font-size: 9pt;\">\u00a0<\/span><\/span><\/p>\n<p style=\"text-align: justify;\"><span style=\"color: #000000;\"><span style=\"font-family: Verdana; font-size: 9pt;\">Las FFAA de la Rep\u00fablica celebran hoy el aniversario de la Independencia que lograron en los d\u00edas heroicos de la emancipaci\u00f3n. Todos los a\u00f1os y en v\u00edsperas de esta misma fecha, los hombres que tenemos el honor de revistar como soldados del Ej\u00e9rcito Argentino, nos reunimos para templar el esp\u00edritu con el recuerdo de las glorias pasadas, a fin de que ese mismo temple antiguo de los varones que nos dieron esta tierra que servimos, nos mantenga despiertos y firmes en esta eterna guardia que montamos por (ajusticia, por la soberan\u00eda y por la libertad.<\/span><span style=\"font-family: Verdana; font-size: 9pt;\">\u00a0<\/span><\/span><\/p>\n<p style=\"text-align: justify;\"><span style=\"color: #000000;\"><span style=\"font-family: Verdana; font-size: 9pt;\">Pero esta vez nos acompa\u00f1an, como en los d\u00edas heroicos de la primera libertad, los sentimientos, los altos ideales y la voluntad mancomunada del pueblo chileno que representa el Presidente Ib\u00e1\u00f1ez. Su presencia nos recuerda esta noche las palabras que pronunciara en Chile el general Las Heras en 1863, ante el bronce fresco del Libertador San Mart\u00edn, diciendo que<\/span><span style=\"font-family: Verdana; font-size: 9pt;\">\u00a0<\/span><span style=\"font-family: Verdana; font-size: 9pt; font-style: italic;\">\u00abhubo una \u00e9poca gloriosa en la<\/span><span style=\"font-family: Verdana; font-size: 9pt; font-style: italic;\">\u00a0<\/span><span style=\"font-family: Verdana; font-size: 9pt; font-style: italic;\">historia de este Continente en que todos los americanos \u00e9ramos compatriotas unidos por el doble vinculo de nuestro com\u00fan infortunio y nuestros comunes esfuerzos por la Independencia\u00bb.<\/span><span style=\"font-family: Verdana; font-size: 9pt;\">\u00a0<\/span><\/span><\/p>\n<p style=\"text-align: justify;\"><span style=\"color: #000000;\"><span style=\"font-family: Verdana; font-size: 9pt;\">Es el pueblo chileno y son sus ej\u00e9rcitos, cuya memoria ser\u00e1 eterna, quienes nos acompa\u00f1an en la persona del general Ib\u00e1\u00f1ez, que lo mismo ha sabido concitar la opini\u00f3n de sus conciudadanos en las lides pol\u00edticas, como llevar sobre sus hombros la responsabilidad de preparar los ej\u00e9rcitos de Chile para las horas amargas de una lucha que \u00e9l mismo convertir\u00eda despu\u00e9s en un Tratado de Paz y de Amistad con el pueblo hermano del Per\u00fa.<\/span><span style=\"font-family: Verdana; font-size: 9pt;\">\u00a0<\/span><\/span><\/p>\n<p style=\"text-align: justify;\"><span style=\"color: #000000;\"><span style=\"font-family: Verdana; font-size: 9pt;\">Esta, nuestra tradicional reuni\u00f3n de camarader\u00eda militar, est\u00e1 completa esta noche que nos recuerda, con otro escenario y en otros tiempos, las noches apacibles que sol\u00edan darse para el \u00abEj\u00e9rcito de los Andes y de Chile\u00bb, entre las duras jornadas de la gesta com\u00fan libertadora. Los soldados de San Mart\u00edn, acostumbrados desde 1817 a la compa\u00f1\u00eda noble de los chilenos, sentimos, en la persona del general Ib\u00e1\u00f1ez, la presencia de los soldados de O&#8217;Higgins, cuya tradici\u00f3n de honor tiene su justa expresi\u00f3n en este ilustre chileno que nos trae, con su visita, el esp\u00edritu de la Escuela de Caballer\u00eda de Quillota, orgullo de las FFAA del pueblo chileno.<\/span><span style=\"font-family: Verdana; font-size: 9pt;\">\u00a0<\/span><\/span><\/p>\n<p style=\"text-align: justify;\"><span style=\"color: #000000;\"><span style=\"font-family: Verdana; font-size: 9pt;\">Han cambiado los tiempos desde aquellos a\u00f1os dif\u00edciles y duros en que chilenos y argentinos sent\u00edamos sobre nuestras espaldas la responsabilidad de la primera liberaci\u00f3n, bajo el acicate permanente de nuestros grandes capitanes. Sobre aquel encuentro de nuestros pueblos y de nuestros ej\u00e9rcitos ha pasado tambi\u00e9n el tiempo. Durante m\u00e1s de un siglo hemos dejado de o\u00edr el llamado de San Mart\u00edn que expresaba:<\/span><span style=\"font-family: Verdana; font-size: 9pt;\">\u00a0<\/span><span style=\"font-family: Verdana; font-size: 9pt; font-style: italic;\">\u00abDebo seguir el destino que me <\/span><span style=\"font-family: Verdana; font-size: 9pt; font-style: italic;\">\u00a1<\/span><span style=\"font-family: Verdana; font-size: 9pt; font-style: italic;\">lama\u00bb.<\/span><span style=\"font-family: Verdana; font-size: 9pt;\">\u00a0<\/span><\/span><\/p>\n<p style=\"text-align: justify;\"><span style=\"color: #000000;\"><span style=\"font-family: Verdana; font-size: 9pt;\">Durante m\u00e1s de <\/span><span style=\"font-family: Verdana; font-size: 9pt;\">un siglo chilenos y argentinos<\/span><span style=\"font-family: Verdana; font-size: 9pt;\"> hemos dejado que manos extra\u00f1as apagasen, con silencios incomprensibles y a veces inconfesables, la voz de nuestra propia sangre derramada en una comuni\u00f3n sin fronteras y sin l\u00edmites.<\/span><span style=\"font-family: Verdana; font-size: 9pt;\">\u00a0<\/span><\/span><\/p>\n<p style=\"text-align: justify;\"><span style=\"color: #000000;\"><span style=\"font-family: Verdana; font-size: 9pt;\">En este largo intervalo del tiempo que nos separa de nuestra primera uni\u00f3n, s\u00f3lo en contadas excepciones ha sido quebrado el silencio de nuestras fronteras espirituales, cerradas a todo llamamiento.<\/span><span style=\"font-family: Verdana; font-size: 9pt;\">\u00a0<\/span><\/span><\/p>\n<p style=\"text-align: justify;\"><span style=\"color: #000000;\"><span style=\"font-family: Verdana; font-size: 9pt;\">As\u00ed por ejemplo, durante 90 a\u00f1os han sido silenciadas ante nuestros pueblos las palabras que la gratitud chilena de Jos\u00e9 Victorino <\/span><span style=\"font-family: Verdana; font-size: 9pt;\">Lastarria<\/span><span style=\"font-family: Verdana; font-size: 9pt;\"> pronunciara en 1863; y hoy nos sorprende por eso el recuerdo de sus conceptos generosos pronunciados por \u00e9l cuando Chile inaugur\u00f3 <\/span><span style=\"font-family: Verdana; font-size: 9pt;\">su monumento a San Mart\u00edn:<\/span><span style=\"font-family: Verdana; font-size: 9pt;\">\u00a0<\/span><\/span><\/p>\n<p style=\"text-align: justify;\"><span style=\"color: #000000;\"><span style=\"font-family: Verdana; font-size: 9pt; font-style: italic;\">\u00ab\u00a1<\/span><span style=\"font-family: Verdana; font-size: 9pt; font-style: italic;\">Una es la gloria de estos pueblos<\/span><span style=\"font-family: Verdana; font-size: 9pt; font-style: italic;\">\u00a0<\/span><span style=\"font-family: Verdana; font-size: 9pt;\">-dijo <\/span><span style=\"font-family: Verdana; font-size: 9pt;\">Lastarria<\/span><span style=\"font-family: Verdana; font-size: 9pt;\">-,<\/span><span style=\"font-family: Verdana; font-size: 9pt;\">\u00a0<\/span><span style=\"font-family: Verdana; font-size: 9pt; font-style: italic;\">una es su historia, uno su porvenir! \u00bfPor qu\u00e9<\/span><span style=\"font-family: Verdana; font-size: 9pt; font-style: italic;\">\u00a0<\/span><span style=\"font-family: Verdana; font-size: 9pt; font-style: italic;\">no han de volver a andar juntos su camino como cuando les trazaba la senda de su libertad el vencedor de Chacabuco y Maip\u00fa?&#8230;\u00bb<\/span><span style=\"font-family: Verdana; font-size: 9pt;\">\u00a0<\/span><\/span><\/p>\n<p style=\"text-align: justify;\"><span style=\"color: #000000;\"><span style=\"font-family: Verdana; font-size: 9pt;\">Y nos duelen las palabras de aquel tiempo como un reproche \u00edntimo por nuestra inconsecuencia ante los altos ideales de la gesta com\u00fan libertadora.<\/span><span style=\"font-family: Verdana; font-size: 9pt;\">\u00a0<\/span><\/span><\/p>\n<p style=\"text-align: justify;\"><span style=\"color: #000000;\"><span style=\"font-family: Verdana; font-size: 9pt;\">Como si un siglo entero hubiese pasado en vano por nuestra historia com\u00fan, llena de peque\u00f1eces, de pasiones bastardas, de est\u00e9riles enconos, de rencillas que son inexplicables si no se mira la deslealtad y la inconsecuencia de los hombres que deb\u00edan conducir los altos ideales que en 1817 se amparaban bajo la misma bandera y cantaban incluso la misma canci\u00f3n fundamental, sin resquemores ni recelos, ni suspicacias; como si un siglo entero hubiese pasado en silencio sobre la primera etapa de nuestra historia solidaria, las palabras chilenas del mismo <\/span><span style=\"font-family: Verdana; font-size: 9pt;\">Lastarria<\/span><span style=\"font-family: Verdana; font-size: 9pt;\"> pronunciadas en 1863 que nos amenazan, hoy como entonces, con la misma tremenda acusaci\u00f3n, dici\u00e9ndonos de frente, como se dicen las palabras duras en las horas amargas:<\/span><span style=\"font-family: Verdana; font-size: 9pt;\">\u00a0<\/span><\/span><\/p>\n<p style=\"text-align: justify;\"><span style=\"color: #000000;\"><span style=\"font-family: Verdana; font-size: 9pt; font-style: italic;\">\u00abEstamos solos. Somos pueblos nuevos y casi<\/span><span style=\"font-family: Verdana; font-size: 9pt; font-style: italic;\">\u00a0<\/span><span style=\"font-family: Verdana; font-size: 9pt; font-style: italic;\">hu\u00e9rfanos en el mundo&#8230; En el centro de la civilizaci\u00f3n y<\/span><span style=\"font-family: Verdana; font-size: 9pt; font-style: italic;\">\u00a0<\/span><span style=\"font-family: Verdana; font-size: 9pt; font-style: italic;\">del poder no se quiere creer en nuestra virtud, en nuestra<\/span><span style=\"font-family: Verdana; font-size: 9pt; font-style: italic;\">\u00a0<\/span><span style=\"font-family: Verdana; font-size: 9pt; font-style: italic;\">dignidad, en nuestra gloria&#8230; y se pretende ver en nuestra<\/span><span style=\"font-family: Verdana; font-size: 9pt; font-style: italic;\">\u00a0<\/span><span style=\"font-family: Verdana; font-size: 9pt; font-style: italic;\">Am\u00e9rica solamente pasiones antisociales, instintos salvajes<\/span><span style=\"font-family: Verdana; font-size: 9pt; font-style: italic;\">\u00a0<\/span><span style=\"font-family: Verdana; font-size: 9pt; font-style: italic;\">en lugar de principios, de raz\u00f3n y de justicia. \u00a1Estamos<\/span><span style=\"font-family: Verdana; font-size: 9pt; font-style: italic;\">\u00a0<\/span><span style=\"font-family: Verdana; font-size: 9pt; font-style: italic;\">solos! Uni\u00f3n fecunda<\/span><span style=\"font-family: Verdana; font-size: 9pt; font-style: italic;\">\u00a0<\/span><span style=\"font-family: Verdana; font-size: 9pt;\">-dice despu\u00e9s refiri\u00e9ndose a la uni\u00f3n de nuestros pueblos-<\/span><span style=\"font-family: Verdana; font-size: 9pt;\">\u00a0<\/span><span style=\"font-family: Verdana; font-size: 9pt; font-style: italic;\">consagrada por la sangre y el dolor.<\/span><span style=\"font-family: Verdana; font-size: 9pt; font-style: italic;\">\u00a0<\/span><span style=\"font-family: Verdana; font-size: 9pt; font-style: italic;\">Que no la recordemos en vano. San Mart\u00edn era su s\u00edmbolo,<\/span><span style=\"font-family: Verdana; font-size: 9pt; font-style: italic;\">\u00a0<\/span><span style=\"font-family: Verdana; font-size: 9pt; font-style: italic;\">\u00a1Que reviva la antigua unidad de los pueblos americanos! \u00a1Que Bol\u00edvar sea el emblema de la uni\u00f3n de colombianos<\/span><span style=\"font-family: Verdana; font-size: 9pt; font-style: italic;\">\u00a0<\/span><span style=\"font-family: Verdana; font-size: 9pt; font-style: italic;\">bolivianos! \u00a1Que el nombre de Hidalgo reanime a los<\/span><span style=\"font-family: Verdana; font-size: 9pt; font-style: italic;\">\u00a0<\/span><span style=\"font-family: Verdana; font-size: 9pt; font-style: italic;\">mejicanos! \u00a1Que todos juntos sigamos las huellas de<\/span><span style=\"font-family: Verdana; font-size: 9pt; font-style: italic;\">\u00a0<\/span><span style=\"font-family: Verdana; font-size: 9pt; font-style: italic;\">aquellos grandes hombres hasta consumar la obra de la Independencia, por medio del triunfo de la democracia!\u00bb Este<\/span><span style=\"font-family: Verdana; font-size: 9pt; font-style: italic;\">\u00a0<\/span><span style=\"font-family: Verdana; font-size: 9pt;\">-sigue diciendo <\/span><span style=\"font-family: Verdana; font-size: 9pt;\">Lastarria<\/span><span style=\"font-family: Verdana; font-size: 9pt;\">&#8211;<\/span><span style=\"font-family: Verdana; font-size: 9pt; font-style: italic;\">es un momento solemne para<\/span><span style=\"font-family: Verdana; font-size: 9pt; font-style: italic;\">\u00a0<\/span><span style=\"font-family: Verdana; font-size: 9pt; font-style: italic;\">Am\u00e9rica. El Viejo Mundo le pide cuentas de <\/span><span style=\"font-family: Verdana; font-size: 9pt; font-style: italic;\">suIndependencia<\/span><span style=\"font-family: Verdana; font-size: 9pt; font-style: italic;\">&#8230;<\/span><span style=\"font-family: Verdana; font-size: 9pt;\">\u00a0<\/span><\/span><\/p>\n<p style=\"text-align: justify;\"><span style=\"color: #000000;\"><span style=\"font-family: Verdana; font-size: 9pt; font-style: italic;\">Es el combate del derecho y de la verdad contra<\/span><span style=\"font-family: Verdana; font-size: 9pt; font-style: italic;\">\u00a0<\/span><span style=\"font-family: Verdana; font-size: 9pt; font-style: italic;\">la fuerza y la mentira. Para que esta guerra termine con<\/span><span style=\"font-family: Verdana; font-size: 9pt; font-style: italic;\">\u00a0<\/span><span style=\"font-family: Verdana; font-size: 9pt; font-style: italic;\">gloria, Am\u00e9rica necesita unir a sus hijos como los<\/span><span style=\"font-family: Verdana; font-size: 9pt; font-style: italic;\">\u00a0<\/span><span style=\"font-family: Verdana; font-size: 9pt; font-style: italic;\">uniera en otros tiempos para conquistar su<\/span><span style=\"font-family: Verdana; font-size: 9pt; font-style: italic;\">\u00a0<\/span><span style=\"font-family: Verdana; font-size: 9pt; font-style: italic;\">personalidad. <\/span><span style=\"font-family: Verdana; font-size: 9pt; font-style: italic;\">\u00a1<\/span><span style=\"font-family: Verdana; font-size: 9pt; font-style: italic;\">Reanimemos el entusiasmo de <\/span><span style=\"font-family: Verdana; font-size: 9pt; font-style: italic;\">nuestrasglor\u00edas<\/span><span style=\"font-family: Verdana; font-size: 9pt; font-style: italic;\"> pasadas y que el nombre de nuestros h\u00e9roes<\/span><span style=\"font-family: Verdana; font-size: 9pt; font-style: italic;\">\u00a0<\/span><span style=\"font-family: Verdana; font-size: 9pt; font-style: italic;\">sea el de esta nueva liberaci\u00f3n\u00bb.<\/span><span style=\"font-family: Verdana; font-size: 9pt;\">\u00a0<\/span><\/span><\/p>\n<p style=\"text-align: justify;\"><span style=\"color: #000000;\"><span style=\"font-family: Verdana; font-size: 9pt;\">Desde el siglo pasado nos llegan tambi\u00e9n las palabras pronunciadas por nuestros libertadores, palabras cuyo solo recuerdo aguijonea nuestras almas como el reproche amargo por la m\u00e1s condenable de las infidelidades.<\/span><span style=\"font-family: Verdana; font-size: 9pt;\">\u00a0<\/span><\/span><\/p>\n<p style=\"text-align: justify;\"><span style=\"color: #000000;\"><span style=\"font-family: Verdana; font-size: 9pt;\">Es el mismo O&#8217;Higgins dici\u00e9ndonos desde 1817;<\/span><span style=\"font-family: Verdana; font-size: 9pt;\">\u00a0<\/span><span style=\"font-family: Verdana; font-size: 9pt; font-style: italic;\">\u00abHa sido restaurado Chile por las armas de las Provincias<\/span><span style=\"font-family: Verdana; font-size: 9pt; font-style: italic;\">\u00a0<\/span><span style=\"font-family: Verdana; font-size: 9pt; font-style: italic;\">Unidas del R\u00edo de la Plata bajo las \u00f3rdenes del general San Mart\u00edn.<\/span><span style=\"font-family: Verdana; font-size: 9pt;\">\u00a0<\/span><\/span><\/p>\n<p style=\"text-align: justify;\"><span style=\"color: #000000;\"><span style=\"font-family: Verdana; font-size: 9pt; font-style: italic;\">Elevado por la voluntad del pueblo a la suprema direcci\u00f3n del Estado, anuncio al mundo un nuevo asilo, a la industria, a la amistad y a los ciudadanos todos de<\/span><span style=\"font-family: Verdana; font-size: 9pt; font-style: italic;\">!<\/span><span style=\"font-family: Verdana; font-size: 9pt; font-style: italic;\"> globo. La sabidur\u00eda y recursos de Argentina, decidida por nuestra emancipaci\u00f3n, da lugar a un porvenir pr\u00f3spero y feliz\u00bb.<\/span><span style=\"font-family: Verdana; font-size: 9pt;\">\u00a0<\/span><\/span><\/p>\n<p style=\"text-align: justify;\"><span style=\"color: #000000;\"><span style=\"font-family: Verdana; font-size: 9pt;\">Es tambi\u00e9n San Mart\u00edn quien nos traza la ruta de sus ideales renunciando a todo poder pol\u00edtico sobre Chile ante la asamblea del pueblo chileno que lo proclamaba gobernador de Chile, con omn\u00edmoda voluntad, indic\u00e1ndonos con ello y definitivamente que toda uni\u00f3n entre los pueblos de Am\u00e9rica no podr\u00e1 realizarse sino bajo el signo de la soberan\u00eda.<\/span><span style=\"font-family: Verdana; font-size: 9pt;\">\u00a0<\/span><\/span><\/p>\n<p style=\"text-align: justify;\"><span style=\"color: #000000;\"><span style=\"font-family: Verdana; font-size: 9pt;\">Sin embargo, cu\u00e1nta difamaci\u00f3n injusta y deleznable hubiese corrido por el mundo con motivo de la carta del Libertador al Cabildo de Mendoza, escrita casi al apearse de su caballo cubierto a\u00fan por el polvo del combate de Chacabuco y en cuyo texto declara:<\/span><span style=\"font-family: Verdana; font-size: 9pt;\">\u00a0<\/span><span style=\"font-family: Verdana; font-size: 9pt; font-style: italic;\">\u00abTodo Chile ya es<\/span><span style=\"font-family: Verdana; font-size: 9pt; font-style: italic;\">\u00a0<\/span><span style=\"font-family: Verdana; font-size: 9pt; font-style: italic;\">nuestro\u00bb.<\/span><span style=\"font-family: Verdana; font-size: 9pt;\">\u00a0<\/span><\/span><\/p>\n<p style=\"text-align: justify;\"><span style=\"color: #000000;\"><span style=\"font-family: Verdana; font-size: 9pt;\">En estos momentos de la humanidad, llenos de mentiras y de malas intenciones, no faltar\u00edan los suspicaces que vieran en las palabras del Libertador una confesada intenci\u00f3n imperialista, como si sentirnos hermanos no nos otorgase el supremo derecho de 1 lamamos mutuamente compatriotas, como a\u00f1oraba ya en 1863 el general Las Heras con los mismos anhelos con que hoy lo a\u00f1oramos los hombres de aqu\u00ed o de all\u00e1, que todav\u00eda creemos que los grandes ideales pueden realizarse entre los hombres.<\/span><span style=\"font-family: Verdana; font-size: 9pt;\">\u00a0<\/span><\/span><\/p>\n<p style=\"text-align: justify;\"><span style=\"color: #000000;\"><span style=\"font-family: Verdana; font-size: 9pt;\">Tambi\u00e9n desde aquellos a\u00f1os dif\u00edciles de la liberaci\u00f3n, San Mart\u00edn nos ha venido se\u00f1alando la meta de nuestro camino, porque al decirnos:<\/span><span style=\"font-family: Verdana; font-size: 9pt;\">\u00a0<\/span><span style=\"font-family: Verdana; font-size: 9pt; font-style: italic;\">\u00abDebo seguir el destino que me llama\u00bb,<\/span><span style=\"font-family: Verdana; font-size: 9pt; font-style: italic;\">\u00a0<\/span><span style=\"font-family: Verdana; font-size: 9pt;\">nos est\u00e1 urgiendo a repetir con \u00e9l la misma sentencia que deber\u00e1 convertirse en la clave de nuestro propio porvenir, grit\u00e1ndonos desde el fondo inapelable de nuestra historia que<\/span><span style=\"font-family: Verdana; font-size: 9pt;\">\u00a0<\/span><span style=\"font-family: Verdana; font-size: 9pt; font-style: italic;\">\u00abdebemos seguir al destino que nos llama\u00bb.<\/span><span style=\"font-family: Verdana; font-size: 9pt;\">\u00a0<\/span><\/span><\/p>\n<p style=\"text-align: justify;\"><span style=\"color: #000000;\"><span style=\"font-family: Verdana; font-size: 9pt;\">Si alguien osase preguntarnos: \u00bfDesde d\u00f3nde nos llama? \u00bfHacia qu\u00e9 meta nos conduce ese extra\u00f1o llamado que se llama \u00abvocaci\u00f3n\u00bb lo mismo para los pueblos que para los hombres? La respuesta est\u00e1 bien clara en la historia misma de aquella d\u00e9cada heroica de O&#8217;Higgins y San Mart\u00edn, cuyo sentido din\u00e1mico nos hicieran olvidar despu\u00e9s los hombres peque\u00f1os y mediocres que sustituyeron nuestros ideales por el inter\u00e9s, nuestra cultura por la t\u00e9cnica, nuestra verdad por la mentira disfrazada de verdad, nuestro derecho por su mistificaci\u00f3n, nuestra justicia por la explotaci\u00f3n, nuestra libertad por la entrega consumada en las sombras de la noche y nuestra soberan\u00eda por migajas de monedas o por vidrios de colores.<\/span><span style=\"font-family: Verdana; font-size: 9pt;\">\u00a0<\/span><\/span><\/p>\n<p style=\"text-align: justify;\"><span style=\"color: #000000;\"><span style=\"font-family: Verdana; font-size: 9pt;\">Es el mismo San Mart\u00edn quien nos llama persistentemente desde 1817 dici\u00e9ndonos que<\/span><span style=\"font-family: Verdana; font-size: 9pt;\">\u00a0<\/span><span style=\"font-family: Verdana; font-size: 9pt; font-style: italic;\">\u00abChile es la<\/span><span style=\"font-family: Verdana; font-size: 9pt; font-style: italic;\">\u00a0<\/span><span style=\"font-family: Verdana; font-size: 9pt; font-style: italic;\">ciudadela de Am\u00e9rica del Sur\u00bb.<\/span><span style=\"font-family: Verdana; font-size: 9pt; font-style: italic;\">\u00a0<\/span><span style=\"font-family: Verdana; font-size: 9pt;\">Su gran ideal fue constituir una confederaci\u00f3n continental. Cuando regresa a Buenos Aires<\/span><span style=\"font-family: Verdana; font-size: 9pt;\">\u00a0<\/span><span style=\"font-family: Verdana; font-size: 9pt; font-style: italic;\">\u00aben bien de la Am\u00e9rica\u00bb<\/span><span style=\"font-family: Verdana; font-size: 9pt; font-style: italic;\">\u00a0<\/span><span style=\"font-family: Verdana; font-size: 9pt;\">-como \u00e9l dice- y se encuentra en el camino con la carta de Pueyrred\u00f3n que lo interpreta expres\u00e1ndole:<\/span><span style=\"font-family: Verdana; font-size: 9pt;\">\u00a0<\/span><span style=\"font-family: Verdana; font-size: 9pt; font-style: italic;\">\u00ab\u00a1<\/span><span style=\"font-family: Verdana; font-size: 9pt; font-style: italic;\">Que bella ocasi\u00f3n para irnos sobre Lima!\u00bb<\/span><span style=\"font-family: Verdana; font-size: 9pt;\">\u00a0<\/span><\/span><\/p>\n<p style=\"text-align: justify;\"><span style=\"color: #000000;\"><span style=\"font-family: Verdana; font-size: 9pt;\">Nuestra historia com\u00fan ha recogido tambi\u00e9n, entre tantas joyas magn\u00edficas, las palabras del embajador argentino Guido, \u00abcolaborador de la conquista de Chile\u00bb, \u00edntimo de San Mart\u00edn, y es \u00e9l mismo quien declara que<\/span><span style=\"font-family: Verdana; font-size: 9pt;\">\u00a0<\/span><span style=\"font-family: Verdana; font-size: 9pt; font-style: italic;\">\u00abel principal objeto<\/span><span style=\"font-family: Verdana; font-size: 9pt; font-style: italic;\">\u00a0<\/span><span style=\"font-family: Verdana; font-size: 9pt; font-style: italic;\">de su misi\u00f3n deb\u00eda ser estrechar las relaciones y v\u00ednculos<\/span><span style=\"font-family: Verdana; font-size: 9pt; font-style: italic;\">\u00a0<\/span><span style=\"font-family: Verdana; font-size: 9pt; font-style: italic;\">de Chile con la Provincias Unidas y establecer los<\/span><span style=\"font-family: Verdana; font-size: 9pt; font-style: italic;\">\u00a0<\/span><span style=\"font-family: Verdana; font-size: 9pt; font-style: italic;\">principios y leyes que deb\u00edan observar ambos pa\u00edses en<\/span><span style=\"font-family: Verdana; font-size: 9pt; font-style: italic;\">\u00a0<\/span><span style=\"font-family: Verdana; font-size: 9pt; font-style: italic;\">lo relativo al comercio rec\u00edproco y con los extranjeros sobre<\/span><span style=\"font-family: Verdana; font-size: 9pt; font-style: italic;\">\u00a0<\/span><span style=\"font-family: Verdana; font-size: 9pt; font-style: italic;\">la base de la mutua reciprocidad y conveniencia\u00bb.<\/span><span style=\"font-family: Verdana; font-size: 9pt;\">\u00a0<\/span><\/span><\/p>\n<p style=\"text-align: justify;\"><span style=\"font-family: Verdana; font-size: 9pt; color: #000000;\">En ning\u00fan momento los libertadores de Chile y Argentina y sus personeros e int\u00e9rpretes directos olvidan que la lucha por los altos y comunes ideales no termina en la independencia de Argentina y de Chile.<\/span><\/p>\n<p style=\"background-color: #ffffff; margin: 5pt 0pt; text-align: justify;\"><span style=\"color: #000000;\"><span style=\"font-family: Verdana; font-size: 9pt;\">Siempre es Am\u00e9rica, y en particular Am\u00e9rica de Sur, el gran objetivo de la liberaci\u00f3n, pero siempre, sobre las bases comunes de acuerdos mutuos que no afecten la soberan\u00eda de los pueblos emancipados por el ideal sanmartiniano y por el esfuerzo conjunto de los dos Libertadores cuyos esp\u00edritus presiden, en esta noche extraordinaria, esta comuni\u00f3n de sentimientos, de ideales y de voluntad.<\/span><span style=\"font-family: Verdana; font-size: 9pt;\">\u00a0<\/span><\/span><\/p>\n<p style=\"text-align: justify;\"><span style=\"color: #000000;\"><span style=\"font-family: Verdana; font-size: 9pt;\">A tal punto llega la subordinaci\u00f3n del Capit\u00e1n de los Andes a la soberan\u00eda de Chile, que no duda en aceptar, del general O&#8217;Higgins, Director Supremo del Estado Chileno, el cargo de general en jefe del Ej\u00e9rcito Nacional que se llam\u00f3 chileno<\/span><span style=\"font-family: Verdana; font-size: 9pt;\">\u00a0<\/span><span style=\"font-family: Verdana; font-size: 9pt; font-style: italic;\">y<\/span><span style=\"font-family: Verdana; font-size: 9pt; font-style: italic;\">\u00a0<\/span><span style=\"font-family: Verdana; font-size: 9pt;\">enarbol\u00f3 la bandera de Chile, aunque formaban en sus filas todos los soldados argentinos que dieron a las fuerzas de la liberaci\u00f3n la denominaci\u00f3n de<\/span><span style=\"font-family: Verdana; font-size: 9pt;\">\u00a0<\/span><span style=\"font-family: Verdana; font-size: 9pt; font-style: italic;\">\u00abEj\u00e9rcito Unido de los Andes y de Chile: \u00abnuevo Ej\u00e9rcito Libertador Sudamericano\u00bb, \u00abnuevo Ej\u00e9rcito Sudamericano con destinos solidarios y con glorias comunes\u00bb.<\/span><span style=\"font-family: Verdana; font-size: 9pt;\">\u00a0<\/span><\/span><\/p>\n<p style=\"text-align: justify;\"><span style=\"color: #000000;\"><span style=\"font-family: Verdana; font-size: 9pt;\">Tambi\u00e9n desde las p\u00e1ginas comunes de nuestra historia, San Mart\u00edn, m\u00e1s all\u00e1 de sus designios militares, nos habla de la uni\u00f3n de nuestros pueblos, de sus comunes inquietudes y de sus concordantes objetivos.<\/span><span style=\"font-family: Verdana; font-size: 9pt;\">\u00a0<\/span><\/span><\/p>\n<p style=\"text-align: justify;\"><span style=\"color: #000000;\"><span style=\"font-family: Verdana; font-size: 9pt;\">Pero as\u00ed como San Mart\u00edn insiste en la liberaci\u00f3n total de Am\u00e9rica sobre la base de una confederaci\u00f3n de rep\u00fablicas con iguales derechos, soberanas y libres, y sobre la necesidad de una mutua complementaci\u00f3n, el mismo O&#8217;Higgins, que comparte la concepci\u00f3n las ideas de San Mart\u00edn, nos recuerda, en diciembre de 1817, comentando a su pueblo la campa\u00f1a del Per\u00fa:<\/span><span style=\"font-family: Verdana; font-size: 9pt;\">\u00a0<\/span><span style=\"font-family: Verdana; font-size: 9pt; font-style: italic;\">\u00abesta campa\u00f1a fijar\u00e1 los destinos de Chile y acaso tambi\u00e9n los de Am\u00e9rica\u00bb,<\/span><span style=\"font-family: Verdana; font-size: 9pt; font-style: italic;\">\u00a0<\/span><span style=\"font-family: Verdana; font-size: 9pt;\">se\u00f1al\u00e1ndonos as\u00ed el camino sobre cuyas metas se han ensa\u00f1ado la peque\u00f1ez de los mediocres y el ego\u00edsmo de los interesados en hacemos olvidar nuestros grandes ideales, que son, deberes ineludibles.<\/span><span style=\"font-family: Verdana; font-size: 9pt;\">\u00a0<\/span><\/span><br \/>\n<span style=\"color: #000000;\"> <span style=\"font-family: Verdana; font-size: 9pt;\">Se\u00f1or Presidente, Se\u00f1ores Ministros, camaradas:<\/span><span style=\"font-family: Verdana; font-size: 9pt;\">\u00a0<\/span><\/span><\/p>\n<p style=\"text-align: justify;\"><span style=\"color: #000000;\"><span style=\"font-family: Verdana; font-size: 9pt;\">Los recuerdos hist\u00f3ricos podr\u00edan extenderse casi hasta el l\u00edmite de lo infinito. Los que he enunciado prueban fehacientemente que no nos hemos equivocado los gobiernos de Chile y <\/span><span style=\"font-family: Verdana; font-size: 9pt;\">de Argentina cuando en el Acta de Santiago que firm\u00e1ramos el 21 de febrero pasado establecimos solemnemente que<\/span><span style=\"font-family: Verdana; font-size: 9pt;\">\u00a0<\/span><span style=\"font-family: Verdana; font-size: 9pt; font-style: italic;\">\u00abera nuestro prop\u00f3sito alcanzar los<\/span><span style=\"font-family: Verdana; font-size: 9pt; font-style: italic;\">\u00a0<\/span><span style=\"font-family: Verdana; font-size: 9pt; font-style: italic;\">ideales comunes e irrenunciables de nuestros pueblos,<\/span><span style=\"font-family: Verdana; font-size: 9pt; font-style: italic;\">\u00a0<\/span><span style=\"font-family: Verdana; font-size: 9pt; font-style: italic;\">concretando as\u00ed el esp\u00edritu que anim\u00f3 la uni\u00f3n de Argentina<\/span><span style=\"font-family: Verdana; font-size: 9pt; font-style: italic;\">\u00a0<\/span><span style=\"font-family: Verdana; font-size: 9pt; font-style: italic;\">y de Chile en las gestas hist\u00f3ricas de la Independencia\u00bb.<\/span><span style=\"font-family: Verdana; font-size: 9pt;\">\u00a0<\/span><\/span><\/p>\n<p style=\"text-align: justify;\"><span style=\"color: #000000;\"><span style=\"font-family: Verdana; font-size: 9pt;\">Pero como en ella no nos hemos olvidado de Am\u00e9rica, y en un af\u00e1n generoso que nos impone el esp\u00edritu de nuestros pueblos, hemos extendido los alcances de nuestros \u00abideales comunes e irrenunciables\u00bb al \u00e1mbito total de las Am\u00e9ricas, declarando con la absoluta franqueza que corresponde a dos soldados, uno <\/span><span style=\"font-family: Verdana; font-size: 9pt;\">chileno<\/span><span style=\"font-family: Verdana; font-size: 9pt; font-style: italic;\">y<\/span><span style=\"font-family: Verdana; font-size: 9pt; font-style: italic;\">\u00a0<\/span><span style=\"font-family: Verdana; font-size: 9pt;\">otro argentino, int\u00e9rpretes de dos pueblos dignos cuya voluntad representan, que mediante la acci\u00f3n conjunta y solidaria de Chile y de Argentina<\/span><span style=\"font-family: Verdana; font-size: 9pt;\">\u00a0<\/span><\/span><\/p>\n<p style=\"text-align: justify;\"><span style=\"font-family: Verdana; font-size: 9pt; color: #000000;\">Las razones fundamentales que nos impulsan y que nos alientan a realizar esta empresa nos llegan, como acabo de probarlo, de la conformaci\u00f3n espiritual de nuestros pueblos que se nutrieron en sus primeros d\u00edas de libertad, con los altos ideales que obsesionan, las miradas y los corazones de nuestros insignes capitanes.<\/span><\/p>\n<p style=\"text-align: justify;\"><span style=\"color: #000000;\"><span style=\"font-family: Verdana; font-size: 9pt;\">Los tiempos han cambiado, pero la libertad y la soberan\u00eda de nuestros pueblos siguen amenazados como en 1817. Cuando se habla de ellas en el lenguaje formal de los convencionalismos adquiridos, se intenta ocultar habitualmente a nuestros pueblos la dura verdad de los oprobios y de los sometimientos que a veces no queremos confesar.<\/span><span style=\"font-family: Verdana; font-size: 9pt;\">\u00a0<\/span><\/span><\/p>\n<p style=\"text-align: justify;\"><span style=\"color: #000000;\"><span style=\"font-family: Verdana; font-size: 9pt;\">Ahora ya no son los sometimientos ni las <\/span><span style=\"font-family: Verdana; font-size: 9pt;\">opresiones<\/span><span style=\"font-family: Verdana; font-size: 9pt;\"> pol\u00edticas, que por lo menos en 1817 se vest\u00edan con uniformes de milicia, las que amenazan o ciegan la libertad y la soberan\u00eda de los pueblos. Hoy son los inconfesables intereses que pretenden dominar los que, por todas partes pretenden mantener la divisi\u00f3n de nuestros pueblos para reinar sobre ellos mediante la explotaci\u00f3n y la esclavitud m\u00e1s oprobiosa de todos los tiempos.<\/span><span style=\"font-family: Verdana; font-size: 9pt;\">\u00a0<\/span><\/span><\/p>\n<p style=\"text-align: justify;\"><span style=\"color: #000000;\"><span style=\"font-family: Verdana; font-size: 9pt;\">Por ello, frente a las nuevas fuerzas de car\u00e1cter econ\u00f3mico que pretenden dominarnos, nosotros, chilenos y argentinos, retomando los antiguos ideales de O&#8217;Higgins y de San Mart\u00edn pensando como ellos en nuestros pueblos y tambi\u00e9n en los pueblos de Am\u00e9rica, hemos decidido realizar la uni\u00f3n de nuestras fuerzas econ\u00f3micas, creyendo que \u00e9sta es acaso la \u00faltima hora que el destino nos ofrece para cumplir con la misi\u00f3n que Dios nos tiene reservada en sus eternos designios insondables.<\/span><span style=\"font-family: Verdana; font-size: 9pt;\">\u00a0<\/span><\/span><\/p>\n<p style=\"text-align: justify;\"><span style=\"color: #000000;\"><span style=\"font-family: Verdana; font-size: 9pt;\">Presentimos que el a\u00f1o 2000 nos hallar\u00e1 unidos o dominados. Estamos seguros de que la generaci\u00f3n del a\u00f1o 2000 ser\u00e1 nuestro juez inexorable y no deseamos que ella nos condene como traidores de nuestros primeros capitanes y menos a\u00fan, como traidores de nuestros propios pueblos.<\/span><span style=\"font-family: Verdana; font-size: 9pt;\">\u00a0<\/span><\/span><\/p>\n<p style=\"text-align: justify;\"><span style=\"color: #000000;\"><span style=\"font-family: Verdana; font-size: 9pt;\">Sabemos que en 1953, como en 1817, la infamia y la calumnia se cernir\u00e1n sobre nuestros planes. Sabemos ya que hablar de uni\u00f3n entre chilenos y argentinos y con las mismas palabras de San Mart\u00edn y O&#8217;Higgins es merecer el encono de la lucha solapada y artera. Sabemos tambi\u00e9n que llamarnos \u00abcompatriotas\u00bb es poco menos que un delito del que nos acusan precisamente todos los mercaderes que prefieren llamar compatriotas a los compradores de libertad y de soberan\u00eda.<\/span><span style=\"font-family: Verdana; font-size: 9pt;\">\u00a0<\/span><\/span><\/p>\n<p style=\"text-align: justify;\"><span style=\"color: #000000;\"><span style=\"font-family: Verdana; font-size: 9pt;\">Pero tambi\u00e9n sabemos que para dominar a las fuerzas del mal no hay otro camino que el antiguo principio de la conducci\u00f3n que aplicaron, con tanto dolor y con tanto sacrificio, nuestros mayores: la decisi\u00f3n de vencer.<\/span><span style=\"font-family: Verdana; font-size: 9pt;\">\u00a0<\/span><span style=\"font-family: Verdana; font-size: 9pt;\">\u00a0<\/span><\/span><\/p>\n<p style=\"text-align: justify;\"><span style=\"color: #000000;\"><span style=\"font-family: Verdana; font-size: 9pt;\">No debemos enga\u00f1arnos ante el porvenir. Ninguna clase de uni\u00f3n se realiza con papeles. Los pactos firmados suelen ser a veces letra muerta&#8230;<\/span><span style=\"font-family: Verdana; font-size: 9pt;\">\u00a0<\/span><\/span><\/p>\n<p style=\"text-align: justify;\"><span style=\"color: #000000;\"><span style=\"font-family: Verdana; font-size: 9pt;\">Sabemos demasiado bien que detr\u00e1s de nuestras firmas y a\u00fan m\u00e1s all\u00e1 de la letra de cualquier convenio est\u00e1 la fuerza que representa la voluntad mayoritaria de nuestros pueblos, con una ambici\u00f3n insaciable de justicia, de libertad y de soberan\u00eda.<\/span><span style=\"font-family: Verdana; font-size: 9pt;\">\u00a0<\/span><\/span><\/p>\n<p style=\"text-align: justify;\"><span style=\"color: #000000;\"><span style=\"font-family: Verdana; font-size: 9pt;\">Nuestro dilema es definitivo y terminante. Por un camino se nos muestra la tranquilidad interna e internacional, la ausencia de todas las infamias, mentiras y calumnias que suelen respetar a los gobiernos que se entregan, y junto a ese panorama de bonanza este primer camino nos presenta tambi\u00e9n el espect\u00e1culo de nuestros pueblos explotados, sobre cuya dignidad se ensa\u00f1an todos los atropellos de la fuerza.<\/span><span style=\"font-family: Verdana; font-size: 9pt;\">\u00a0<\/span><\/span><\/p>\n<p style=\"text-align: justify;\"><span style=\"color: #000000;\"><span style=\"font-family: Verdana; font-size: 9pt;\">El otro camino nos muestra un campo de batalla lleno de encrucijadas, especiales para toda traici\u00f3n, para todo sabotaje, para toda emboscada y nos prepara una permanente y sistem\u00e1tica campa\u00f1a de difamaci\u00f3n, pero en cambio por ese camino estrecho, ascendente y espinoso, van nuestros pueblos con la frente bien alta, justos, soberanos y libres.<\/span><span style=\"font-family: Verdana; font-size: 9pt;\">\u00a0<\/span><\/span><\/p>\n<p style=\"text-align: justify;\"><span style=\"color: #000000;\"><span style=\"font-family: Verdana; font-size: 9pt;\">El pueblo de Chile ha visto en el general Ib\u00e1\u00f1ez al int\u00e9rprete de sus esperanzas porque ha cre\u00eddo en \u00e9l y en su decisi\u00f3n de elegir el camino de su pueblo; y yo, precisamente por eso, porque creo en el Presidente Ib\u00e1\u00f1ez y porque soy soldado como \u00e9l de un ej\u00e9rcito del pueblo, lo sigo con mi decisi\u00f3n que es irrevocable y definitiva, como deben ser las decisiones que toman los soldados cuando est\u00e1n en juego los supremos ideales de la Patria.<\/span><span style=\"font-family: Verdana; font-size: 9pt;\">\u00a0<\/span><\/span><\/p>\n<p style=\"text-align: justify;\"><span style=\"color: #000000;\"><span style=\"font-family: Verdana; font-size: 9pt;\">Algunos piensan -y as\u00ed lo proclaman- que la empresa es demasiado grande, dura y dif\u00edcil, y a\u00fan se atreven a\u00f1adir que es imposible. Yo me permito contestarles en nombre de los pueblos de Chile y de Argentina que conozco, siento y quiero con la misma intensidad de mis afectos:<\/span><span style=\"font-family: Verdana; font-size: 9pt;\">\u00a0<\/span><\/span><\/p>\n<p style=\"text-align: justify;\"><span style=\"color: #000000;\"><span style=\"font-family: Verdana; font-size: 9pt;\">-S\u00ed. La empresa es grande, dura y dif\u00edcil. Es casi imposible, como cruzar en 1817 la cordillera y empe\u00f1ar una batalla en Chacabuco. Pero precisamente por eso Dios nos hizo chilenos y nos hizo argentinos. Por eso tal vez entre nuestros pueblos se levanta la cordillera de los Andes para que, mirando sus cumbres y aprendiendo a vencerlas, cada d\u00eda realicemos el ejercicio diario de vencer, que es la \u00fanica escuela de los pueblos y de los hombres capaces de realizar las grandes empresas que luego la historia contempla con admiraci\u00f3n y con asombro.<\/span><span style=\"font-family: Verdana; font-size: 9pt;\">\u00a0<\/span><\/span><\/p>\n<p style=\"text-align: justify;\"><span style=\"color: #000000;\"><span style=\"font-family: Verdana; font-size: 9pt;\">Contamos con el apoyo total de nuestros pueblos.<\/span><span style=\"font-family: Verdana; font-size: 9pt;\">\u00a0<\/span><\/span><br \/>\n<span style=\"font-family: Verdana; font-size: 9pt; color: #000000;\"> Esto lo saben muy bien, entre nosotros y en Chile, los ilustres camaradas de las FFAA que, venidos del pueblo, conocen sus m\u00e1s \u00edntimos anhelos, y son ellos, precisamente, nuestros camaradas chilenos y argentinos, los testigos de honor ante quienes yo entiendo justo y honrado confiar los pensamientos que inspiran esta nueva liberaci\u00f3n que nos proponemos realizar con el mismo esp\u00edritu y los mismos ideales que presidieron la gesta de O&#8217;Higgins y de San Mart\u00edn.<\/span><\/p>\n<p style=\"background-color: #ffffff; margin: 5pt 0pt; text-align: justify;\"><span style=\"font-family: Verdana; font-size: 9pt; color: #000000;\">\u00a0<\/span><\/p>\n<p style=\"background-color: #ffffff; margin: 5pt 0pt; text-align: justify;\"><span style=\"font-family: Verdana; font-size: 9pt; font-weight: bold; color: #000000;\">HABLA EL GENERAL IBANEZ<\/span><\/p>\n<p><img loading=\"lazy\" decoding=\"async\" class=\"alignleft size-full wp-image-5563\" src=\"https:\/\/historiadelperonismo.com\/wp-content\/uploads\/55e868ef456fa_img.jpeg\" alt=\"55e868ef456fa_img\" width=\"94\" height=\"93\" srcset=\"https:\/\/historiadelperonismo.com\/wp-content\/uploads\/55e868ef456fa_img.jpeg 94w, https:\/\/historiadelperonismo.com\/wp-content\/uploads\/55e868ef456fa_img-50x50.jpeg 50w, https:\/\/historiadelperonismo.com\/wp-content\/uploads\/55e868ef456fa_img-80x80.jpeg 80w, https:\/\/historiadelperonismo.com\/wp-content\/uploads\/55e868ef456fa_img-85x85.jpeg 85w\" sizes=\"(max-width: 94px) 100vw, 94px\" \/><\/p>\n<p style=\"margin: 5pt 0pt; text-align: justify; background-color: #ffffff;\"><span style=\"color: #000000;\"><span style=\"font-family: Verdana; font-size: 9pt; font-style: italic;\">\u00a0<\/span><span style=\"font-family: Verdana; font-size: 9pt; font-style: italic; font-weight: bold;\">Discurso pronunciado<\/span><span style=\"font-family: Verdana; font-size: 9pt; font-style: italic; font-weight: bold;\">\u00a0<\/span><span style=\"font-family: Verdana; font-size: 9pt; font-style: italic; font-weight: bold;\">en la cena de camarader\u00eda<\/span><span style=\"font-family: Verdana; font-size: 9pt; font-style: italic; font-weight: bold;\">\u00a0<\/span><span style=\"font-family: Verdana; font-size: 9pt; font-style: italic; font-weight: bold;\">de las<\/span><span style=\"font-family: Verdana; font-size: 9pt; font-style: italic; font-weight: bold;\">\u00a0<\/span><span style=\"font-family: Verdana; font-size: 9pt; font-style: italic; font-weight: bold;\"> FFAA.<\/span><\/span><\/p>\n<p style=\"text-align: justify;\"><span style=\"color: #000000;\"><span style=\"font-family: Verdana; font-size: 9pt; font-style: italic;\">Buenos Aires,<\/span><span style=\"font-family: Verdana; font-size: 9pt; font-style: italic;\">\u00a0<\/span><span style=\"font-family: Verdana; font-size: 9pt; font-style: italic;\">7 de julio de 1953.<\/span><span style=\"font-family: Verdana; font-size: 9pt;\">Excelent\u00edsimo Se\u00f1or Presidente de la Rep\u00fablica Argentina, Se\u00f1ores Ministros, camaradas:<\/span><span style=\"font-family: Verdana; font-size: 9pt;\">\u00a0<\/span><\/span><\/p>\n<p style=\"text-align: justify;\"><span style=\"color: #000000;\"><span style=\"font-family: Verdana; font-size: 9pt;\">Es profundamente grato para un soldado, a quien la voluntad democr\u00e1tica de su Patria ha elevado a las altas responsabilidades del mando supremo, recibir junto<\/span><span style=\"font-family: Verdana; font-size: 9pt; font-weight: bold;\">\u00a0<\/span><span style=\"font-family: Verdana; font-size: 9pt;\">con la apote\u00f3sica recepci\u00f3n con que ayer le brindara el pueblo de Buenos Aires, el homenaje que esta noche le ofrecen sus camaradas de armas.<\/span><span style=\"font-family: Verdana; font-size: 9pt;\">\u00a0<\/span><\/span><\/p>\n<p style=\"text-align: justify;\"><span style=\"color: #000000;\"><span style=\"font-family: Verdana; font-size: 9pt;\">Vestir el uniforme sigue siendo para <\/span><span style=\"font-family: Verdana; font-size: 9pt;\">mi<\/span><span style=\"font-family: Verdana; font-size: 9pt;\"> un t\u00edtulo de honor, acaso el m\u00e1s alto de todos. No digo esto por ostentaci\u00f3n profesional, ni por pueril vanidad. Lo afirmo porque comprendo muy a fondo lo que significan los patri\u00f3ticos deberes del soldado y la responsabilidad que simboliza el llevar la casaca del ej\u00e9rcito, de las fuerzas navales o de los c\u00f3ndores de la aviaci\u00f3n.<\/span><span style=\"font-family: Verdana; font-size: 9pt;\">\u00a0<\/span><\/span><\/p>\n<p style=\"text-align: justify;\"><span style=\"color: #000000;\"><span style=\"font-family: Verdana; font-size: 9pt;\">Yo s\u00e9 que un soldado no es s\u00f3lo en tierra, mar y aire el celoso guardi\u00e1n de la soberan\u00eda de la Patria, sino tambi\u00e9n el depositario de sus tradiciones y de las m\u00e1s nobles virtudes de la raza.<\/span><span style=\"font-family: Verdana; font-size: 9pt;\">\u00a0<\/span><\/span><\/p>\n<p style=\"text-align: justify;\"><span style=\"color: #000000;\"><span style=\"font-family: Verdana; font-size: 9pt;\">Soy el m\u00e1s convencido de que el hecho de llevar el uniforme equivale de por s\u00ed a una superaci\u00f3n \u00edntima, a un deseo fervoroso de esforzarse abnegadamente en el servicio de la Naci\u00f3n y en el perfeccionamiento arm\u00f3nico de la personalidad en aras del bien com\u00fan. Es \u00e9sta la profunda proyecci\u00f3n que tiene la vida en esa escuela de sacrificio, austeridad y cooperaci\u00f3n que significa la existencia de las Fuerzas Armadas en las naciones democr\u00e1ticas.<\/span><span style=\"font-family: Verdana; font-size: 9pt;\">\u00a0<\/span><\/span><\/p>\n<p style=\"text-align: justify;\"><span style=\"color: #000000;\"><span style=\"font-family: Verdana; font-size: 9pt;\">Quisiera hablar largamente sobre este tema que me resulta tan familiar, pues el valor moral innegable que expresa la disciplina de esta escuela de honor y responsabilidad en que nos hemos formado con el general Per\u00f3n, representa el mayor est\u00edmulo para cumplir con nuestros deberes con la Patria y el pueblo; pero las circunstancias determinadas por la alta investidura de mi cargo me imponen la tarea de manifestar ante vosotros el trascendental significado que tiene para el continente la concertaci\u00f3n del pacto que nuestros pa\u00edses han resuelto poner en marcha.<\/span><span style=\"font-family: Verdana; font-size: 9pt;\">\u00a0<\/span><\/span><\/p>\n<p style=\"text-align: justify;\"><span style=\"color: #000000;\"><span style=\"font-family: Verdana; font-size: 9pt;\">La magn\u00edfica recepci\u00f3n que el pueblo de la Capital Federal ha brindado al Presidente de Chile, constituye la expresi\u00f3n m\u00e1s elocuente de la sinceridad con que dos pueblos hermanan sus destinos para luchar por un com\u00fan engrandecimiento y por la felicidad de los que, tanto aqu\u00ed como en el otro lado de los Andes, fecundan los d\u00edas de la existencia con el esfuerzo maravilloso del trabajo y el est\u00edmulo creador de la cultura.<\/span><span style=\"font-family: Verdana; font-size: 9pt;\">\u00a0<\/span><\/span><\/p>\n<p style=\"text-align: justify;\"><span style=\"color: #000000;\"><span style=\"font-family: Verdana; font-size: 9pt;\">El Presidente de la Rep\u00fablica Argentina, heredero leg\u00edtimo de las tradiciones que ennobleciera con sus actos y sacrificios el Libertador Jos\u00e9 de San Mart\u00edn, ha querido que aquella Acta, ello se debe que el impulso natural de los pueblos se dirija, primero, a la formaci\u00f3n de bloques homog\u00e9neos entre pa\u00edses lim\u00edtrofes, y despu\u00e9s, a las uniones continentales, como es el ejemplo de Occidente europeo. Sin que mis palabras signifiquen un vaticinio, yo vislumbro que no est\u00e1n lejanos los d\u00edas en que se logren entendimientos internacionales mucho m\u00e1s decisivos para salvar a la humanidad del odio y la violencia, defender la paz y el progreso, e impedir que se destruyan las creaciones del trabajo y los valores permanentes de la civilizaci\u00f3n.<\/span><span style=\"font-family: Verdana; font-size: 9pt;\">\u00a0<\/span><\/span><\/p>\n<p style=\"text-align: justify;\"><span style=\"color: #000000;\"><span style=\"font-family: Verdana; font-size: 9pt;\">Los pueblos latinoamericanos no pueden permanecer ajenos ni escapar a la influencia de esta corriente hist\u00f3rica, que tiende a superar las viejas f\u00f3rmulas de entendimientos y a evitar la dispersi\u00f3n de los esfuerzos nacionales, y como somos atentos observadores de las experiencias del pasado y de los acontecimientos contempor\u00e1neos, estamos en condiciones de comprender que nuestro futuro depende de los frutos que produzca esta confraternidad -no a trav\u00e9s de las palabras como se ha hecho tradicionalmente-, sino por intermedio de una acci\u00f3n realista y resuelta, como es el caso del Tratado de Uni\u00f3n Econ\u00f3mica Chileno-Argentina, primera etapa de una pol\u00edtica de proyecciones m\u00e1s profundas, que se\u00f1ala las promisorias posibilidades de llegar un d\u00eda al gran entendimiento que vislumbrara Sim\u00f3n Bol\u00edvar.<\/span><span style=\"font-family: Verdana; font-size: 9pt;\">\u00a0<\/span><\/span><\/p>\n<p style=\"text-align: justify;\"><span style=\"color: #000000;\"><span style=\"font-family: Verdana; font-size: 9pt;\">Ninguno de los pa\u00edses hermanos debe pensar que chilenos y argentinos pretendemos la hegemon\u00eda continental, sino que, por el contrario, nuestro Pacto debe entenderse como el primer eslab\u00f3n pr\u00e1ctico de la hermandad que une desde su origen a todas las rep\u00fablicas<\/span><span style=\"font-family: Verdana; font-size: 9pt;\">\u00a0<\/span><span style=\"font-family: Verdana; font-size: 9pt; font-weight: bold;\">hispano-latinas<\/span><span style=\"font-family: Verdana; font-size: 9pt; font-weight: bold;\">\u00a0<\/span><span style=\"font-family: Verdana; font-size: 9pt;\">del Nuevo Mundo. Tampoco puede interpretarse este Pacto como un medio de poner vallas <\/span><span style=\"font-family: Verdana; font-size: 9pt;\">aun<\/span><span style=\"font-family: Verdana; font-size: 9pt;\"> mejor entendimiento entre el norte el sur de las Am\u00e9ricas, sino como un anhelo de superaci\u00f3n de dos naciones libres y soberanas, que buscan integrar sus esfuerzos en bien de la prosperidad com\u00fan y en un elevado af\u00e1n de que las relaciones interamericanas se desenvuelvan en el plano de la mayor dignidad internacional y una m\u00e1s justa comprensi\u00f3n de los intereses de nuestros pueblos.<\/span><span style=\"font-family: Verdana; font-size: 9pt;\">\u00a0<\/span><\/span><\/p>\n<p style=\"text-align: justify;\"><span style=\"color: #000000;\"><span style=\"font-family: Verdana; font-size: 9pt;\">La finalidad del convenio chileno-argentino es muy clara y precisa: tiende hacia la implementaci\u00f3n de nuestras econom\u00edas en un juego de rec\u00edproco beneficio; a la intensificaci\u00f3n del intercambio comercial a trav\u00e9s de mutuas compensaciones al apoyo com\u00fan en favor <\/span><span style=\"font-family: Verdana; font-size: 9pt;\">e<\/span><span style=\"font-family: Verdana; font-size: 9pt;\"> nuestro desarrollo industrial y agr\u00edcola, con vistas al aprovechamiento racional de las capaci<\/span><span style=\"font-family: Verdana; font-size: 9pt;\">\u00ad<\/span><span style=\"font-family: Verdana; font-size: 9pt;\">dades, consolidando de esta manera nuestra seguridad econ\u00f3mica y el bienestar de nuestros trabajadores.<\/span><span style=\"font-family: Verdana; font-size: 9pt;\">\u00a0<\/span><\/span><\/p>\n<p style=\"text-align: justify;\"><span style=\"color: #000000;\"><span style=\"font-family: Verdana; font-size: 9pt;\">La ejecuci\u00f3n pr\u00e1ctica de esta uni\u00f3n, que se ir\u00e1 perfeccionando progresivamente, tendr\u00e1 normes repercusiones en el desenvolvimiento de las actividades vitales de ambos pa\u00edses y se traducir\u00e1 en el m\u00e1s efectivo cambio de estilo en nuestras relaciones, pues modifica esencialmente los m\u00e9todos y los t\u00e9rminos tradicionales de la pol\u00edtica internacional <\/span><span style=\"font-family: Verdana; font-size: 9pt;\">latinoamericana.<\/span><span style=\"font-family: Verdana; font-size: 9pt;\">\u00a0<\/span><\/span><\/p>\n<p style=\"text-align: justify;\"><span style=\"color: #000000;\"><span style=\"font-family: Verdana; font-size: 9pt;\">Quiero declarar que tanto el gobierno como el pueblo de Chile est\u00e1n inspirados en las m\u00e1s altas finalidades de una cooperaci\u00f3n fraternal y en el prop\u00f3sito superior de dar la mayor fuerza a esta <\/span><span style=\"font-family: Verdana; font-size: 9pt;\">un<\/span><span style=\"font-family: Verdana; font-size: 9pt;\"> naci\u00f3n econ\u00f3mica, para que sea mucho m\u00e1s honda y duradera, con una acci\u00f3n de nuestras fuerzas espirituales. <\/span><span style=\"font-family: Verdana; font-size: 9pt;\">El<\/span><span style=\"font-family: Verdana; font-size: 9pt;\"> lo exaltando para el feliz \u00e9xito de nuestros prop\u00f3sitos, en una \u00f3rbita de mayor amplitud, los m\u00e1s aut\u00e9nticos valores de las artes, la literatura y las ciencias.<\/span><span style=\"font-family: Verdana; font-size: 9pt;\">\u00a0<\/span><\/span><\/p>\n<p style=\"text-align: justify;\"><span style=\"color: #000000;\"><span style=\"font-family: Verdana; font-size: 9pt;\">En este instante hist\u00f3rico para Am\u00e9rica surge desde la eternidad el mensaje de nuestros libertadores, y ellos, en concili\u00e1bulo \u00edntimo frente al infinito, alzan sus aceros rindiendo homenaje a la herencia de sus pueblos, a sus hombres que hoy se levantan en rebeli\u00f3n de libertad creadora y de justicia social.<\/span><span style=\"font-family: Verdana; font-size: 9pt;\">\u00a0<\/span><\/span><\/p>\n<p style=\"text-align: justify;\"><span style=\"color: #000000;\"><span style=\"font-family: Verdana; font-size: 9pt;\">Argentinos: yo, como antiguo soldado, quiero comandar en esta hora solemne para nuestras dos naciones hermanas mi simb\u00f3lico escuadr\u00f3n de caballer\u00eda, y desde la cima del gran\u00edtico marm\u00f3reo monumento andino, sellar con una descarga de honor los pactos que firmaremos ma\u00f1ana, porque ellos son los cauces por donde correr\u00e1 desde hoy hasta siempre la savia y sangre de los pueblos de Argentina y Chile. Quiero volver a mi patria llevando la firme voluntad de realizar este mensaje, por cuanto hemos jurado ante la presencia de O&#8217;Higgins y San Mart\u00edn.<\/span><span style=\"font-family: Verdana; font-size: 9pt;\">\u00a0<\/span><\/span><\/p>\n<p style=\"text-align: justify;\"><span style=\"color: #000000;\"><span style=\"font-family: Verdana; font-size: 9pt;\">Permitidme, camaradas, que alce mi copa en honor de la Rep\u00fablica Argentina, de su pasado de trabajo y esperanza, de su prosperidad y grandeza actuales, de su magn\u00edfico porvenir. Y permitidme, por \u00faltimo, que la levante en homenaje a quien no s\u00f3lo es su primer mandatario, tambi\u00e9n su primer Ciudadano, su primer Soldado: \u00a1el general Per\u00f3n!<\/span><span style=\"font-family: Verdana; font-size: 9pt;\">\u00a0<\/span><\/span><\/p>\n<p style=\"margin: 5pt 0pt; text-align: justify; background-color: #ffffff;\"><span style=\"font-family: Verdana; font-size: 9pt; color: #000000;\">\u00a0<\/span><\/p>\n<p style=\"background-color: #ffffff; margin: 5pt 0pt; text-align: justify;\"><span style=\"color: #000000;\"><span style=\"font-family: Verdana; font-size: 9pt; font-weight: bold;\">EL PROYECTO ABC<\/span><span style=\"font-family: Verdana; font-size: 9pt;\">\u00a0<\/span><\/span><\/p>\n<p><img loading=\"lazy\" decoding=\"async\" class=\"alignleft size-full wp-image-5564\" src=\"https:\/\/historiadelperonismo.com\/wp-content\/uploads\/55e868ef4582f_img.jpeg\" alt=\"55e868ef4582f_img\" width=\"56\" height=\"87\" srcset=\"https:\/\/historiadelperonismo.com\/wp-content\/uploads\/55e868ef4582f_img.jpeg 56w, https:\/\/historiadelperonismo.com\/wp-content\/uploads\/55e868ef4582f_img-32x50.jpeg 32w\" sizes=\"(max-width: 56px) 100vw, 56px\" \/><\/p>\n<p style=\"margin: 5pt 0pt; text-align: justify; background-color: #ffffff;\"><span style=\"color: #000000;\"><span style=\"font-family: Verdana; font-size: 9pt; font-style: italic; font-weight: bold;\">Escuela Nacional de Guerra,<\/span><span style=\"font-family: Verdana; font-size: 9pt; font-style: italic; font-weight: bold;\">\u00a0<\/span><span style=\"font-family: Verdana; font-size: 9pt; font-style: italic; font-weight: bold;\">Buenos Aires,<\/span><span style=\"font-family: Verdana; font-size: 9pt; font-style: italic; font-weight: bold;\">\u00a0<\/span><span style=\"font-family: Verdana; font-size: 9pt; font-style: italic; font-weight: bold;\">11 de noviembre de 1953.<\/span><span style=\"font-family: Verdana; font-size: 9pt; font-weight: bold;\">\u00a0<\/span><\/span><\/p>\n<p style=\"text-align: justify;\"><span style=\"color: #000000;\"><span style=\"font-family: Verdana; font-size: 9pt;\">Se\u00f1ores:<\/span><span style=\"font-family: Verdana; font-size: 9pt;\">\u00a0<\/span><\/span><\/p>\n<p style=\"text-align: justify;\"><span style=\"color: #000000;\"><span style=\"font-family: Verdana; font-size: 9pt;\">He aceptado con gran placer esta ocasi\u00f3n para disertar sobre las ideas fundamentales que han inspirado una nueva pol\u00edtica internacional de la Rep\u00fablica Argentina.<\/span><span style=\"font-family: Verdana; font-size: 9pt;\">\u00a0<\/span><\/span><\/p>\n<p style=\"text-align: justify;\"><span style=\"font-family: Verdana; font-size: 9pt; color: #000000;\">Es indudable que, por el c\u00famulo de tareas que yo tengo, no podr\u00e9 presentar a ustedes una exposici\u00f3n acad\u00e9mica sobre este tema, pero s\u00ed podr\u00e9 mantener una conversaci\u00f3n en la que lo m\u00e1s fundamental y lo m\u00e1s decisivo de nuestras concepciones ser\u00e1 expuesto con sencillez y con claridad.<\/span><\/p>\n<p style=\"text-align: justify;\"><span style=\"color: #000000;\"><span style=\"font-family: Verdana; font-size: 9pt; font-weight: bold;\">El mundo moderno<\/span><span style=\"font-family: Verdana; font-size: 9pt;\">\u00a0<\/span><\/span><\/p>\n<p style=\"text-align: justify;\"><span style=\"color: #000000;\"><span style=\"font-family: Verdana; font-size: 9pt;\">Las organizaciones humanas, a lo largo de todos los tiempos, han ido, indudablemente, creando sucesivos agrupamientos y reagrupamientos. Desde la familia troglodita hasta nuestros tiempos eso ha marcado un sinn\u00famero de agrupaciones a trav\u00e9s de las familias, las tribus, las ciudades, las naciones y los grupos de naciones, y hay quien se aventura ya a decir que para el a\u00f1o 2000 las agrupaciones menores ser\u00e1n los continentes.<\/span><span style=\"font-family: Verdana; font-size: 9pt;\">\u00a0<\/span><\/span><\/p>\n<p style=\"text-align: justify;\"><span style=\"color: #000000;\"><span style=\"font-family: Verdana; font-size: 9pt;\">Es indudable que la evoluci\u00f3n hist\u00f3rica de la humanidad va afirmando este concepto cada d\u00eda con mayores visos de realidad. Eso es todo cuanto podemos decir en lo que se refiere a la natural y fatal evoluci\u00f3n de la humanidad. Si ese problema lo transportamos a nuestra Am\u00e9rica surge inmediatamente una apreciaci\u00f3n impuesta por nuestras propias circunstancias <\/span><span style=\"font-family: Verdana; font-size: 9pt;\">y nuestra propia situaci\u00f3n.<\/span><span style=\"font-family: Verdana; font-size: 9pt;\">\u00a0<\/span><\/span><\/p>\n<p style=\"text-align: justify;\"><span style=\"color: #000000;\"><span style=\"font-family: Verdana; font-size: 9pt;\">Es indudable que el mundo, superpoblado y <\/span><span style=\"font-family: Verdana; font-size: 9pt;\">superindustrializado<\/span><span style=\"font-family: Verdana; font-size: 9pt;\">, presenta para el futuro un panorama que la humanidad todav\u00eda no ha conocido por lo menos en una escala tan extraordinaria. Todos los problemas que hoy se ventilan en el mundo son, en su mayor\u00eda, producto de esta superpoblaci\u00f3n y <\/span><span style=\"font-family: Verdana; font-size: 9pt;\">superindustrializaci\u00f3n<\/span><span style=\"font-family: Verdana; font-size: 9pt;\">, sean problemas de car\u00e1cter material o sean problemas de car\u00e1cter espiritual. Es tal la influencia de la superproducci\u00f3n y es de tal magnitud la influencia de la t\u00e9cnica y de esa superproducci\u00f3n, que la humanidad, en todos sus problemas econ\u00f3micos, pol\u00edticos y sociol\u00f3gicos, se encuentra profundamente influida por esas circunstancias.<\/span><\/span><\/p>\n<p style=\"text-align: justify;\"><span style=\"color: #000000;\"><span style=\"font-family: Verdana; font-size: 9pt;\">Si \u00e9se es el futuro de la humanidad, es indudable que estos problemas ir\u00e1n progresando y produciendo nuevos y m\u00e1s dif\u00edciles problemas emergentes de las circunstancias enunciadas.<\/span><span style=\"font-family: Verdana; font-size: 9pt;\">\u00a0<\/span><\/span><\/p>\n<p style=\"text-align: justify;\"><span style=\"color: #000000;\"><span style=\"font-family: Verdana; font-size: 9pt; font-weight: bold;\">Comida<\/span><span style=\"font-family: Verdana; font-size: 9pt; font-weight: bold;\">\u00a0<\/span><span style=\"font-family: Verdana; font-size: 9pt; font-weight: bold;\">y materia prima<\/span><span style=\"font-family: Verdana; font-size: 9pt;\">\u00a0<\/span><\/span><\/p>\n<p style=\"text-align: justify;\"><span style=\"color: #000000;\"><span style=\"font-family: Verdana; font-size: 9pt;\">Resulta tambi\u00e9n indiscutible que la lucha fundamental en un mundo superpoblado es por una cosa siempre primordial para la humanidad: la comida. Ese es el peor y el m\u00e1s dif\u00edcil problema a resolver.<\/span><span style=\"font-family: Verdana; font-size: 9pt;\">\u00a0<\/span><\/span><\/p>\n<p style=\"text-align: justify;\"><span style=\"color: #000000;\"><span style=\"font-family: Verdana; font-size: 9pt;\">El segundo problema que plantea la industrializaci\u00f3n es la materia prima: valdr\u00eda decir que en este mundo que lucha por la comida y por la materia prima, el problema fundamental del futuro es un problema de base y fundament\u00f3 econ\u00f3micos, y la lucha del futuro ser\u00e1 cada vez m\u00e1s econ\u00f3mica, en raz\u00f3n de una mayor superpoblaci\u00f3n y de una mayor <\/span><span style=\"font-family: Verdana; font-size: 9pt;\">superindustrializaci\u00f3n<\/span><span style=\"font-family: Verdana; font-size: 9pt;\">.<\/span><span style=\"font-family: Verdana; font-size: 9pt;\">\u00a0<\/span><\/span><\/p>\n<p style=\"text-align: justify;\"><span style=\"color: #000000;\"><span style=\"font-family: Verdana; font-size: 9pt;\">En consecuencia, analizando nuestros problemas, podr\u00edamos decir que el futuro del mundo, el futuro de los pueblos y el futuro de las naciones estar\u00e1 extraordinariamente influido por la magnitud de las reservas que posean: reservas de alimentos y reservas de materias primas.<\/span><span style=\"font-family: Verdana; font-size: 9pt;\">\u00a0<\/span><\/span><\/p>\n<p style=\"text-align: justify;\"><span style=\"color: #000000;\"><span style=\"font-family: Verdana; font-size: 9pt; font-weight: bold;\">Ventaja de Am\u00e9rica<\/span><span style=\"font-family: Verdana; font-size: 9pt;\">\u00a0<\/span><\/span><\/p>\n<p style=\"text-align: justify;\"><span style=\"color: #000000;\"><span style=\"font-family: Verdana; font-size: 9pt;\">Esto es una cosa tan evidente, tan natural y simple, que no necesitar\u00edamos hacer uso ni de la estad\u00edstica y menos a\u00fan de la dial\u00e9ctica para convencer a nadie.<\/span><span style=\"font-family: Verdana; font-size: 9pt;\">\u00a0<\/span><\/span><\/p>\n<p style=\"text-align: justify;\"><span style=\"color: #000000;\"><span style=\"font-family: Verdana; font-size: 9pt;\">Y ahora, viendo el problema pr\u00e1ctica y objetivamente, pensamos cu\u00e1les son las zonas del mundo donde todav\u00eda existen las mayores reservas de estos dos elementos fundamentales de la vida humana; el alimento y la materia prima.<\/span><span style=\"font-family: Verdana; font-size: 9pt;\">\u00a0<\/span><\/span><\/p>\n<p style=\"text-align: justify;\"><span style=\"color: #000000;\"><span style=\"font-family: Verdana; font-size: 9pt;\">Es indudable que nuestro continente, en especial Sudam\u00e9rica, es la zona del mundo donde todav\u00eda, en raz\u00f3n de su falta de poblaci\u00f3n y de su falta de explotaci\u00f3n extractiva, est\u00e1 la mayor reserva de materia prima y alimentos del mundo. Esto nos indicar\u00eda que el porvenir es nuestro y que en la futura lucha nosotros marchamos con una extraordinaria ventaja a las dem\u00e1s zonas del mundo, que han agotado sus posibilidades de producci\u00f3n alimenti<\/span><span style=\"font-family: Verdana; font-size: 9pt;\">\u00ad<\/span><span style=\"font-family: Verdana; font-size: 9pt;\">cia y de provisi\u00f3n de materias primas o que son ineptas para la producci\u00f3n de estos dos elementos fundamentales de la vida.<\/span><span style=\"font-family: Verdana; font-size: 9pt;\">\u00a0<\/span><\/span><br \/>\n<span style=\"color: #000000;\"> <span style=\"font-family: Verdana; font-size: 9pt;\">Si esto, se\u00f1ores, crea realmente el problema de la lucha, es indudable que en esa lucha llevamos nosotros una ventaja inicial, y que en el aseguramiento de un futuro promisorio tenemos halag\u00fce\u00f1as esperanzas de disfrutarlo en mayor medida que otros pa\u00edses del mundo.<\/span><span style=\"font-family: Verdana; font-size: 9pt;\">\u00a0<\/span><\/span><\/p>\n<p style=\"text-align: justify;\"><span style=\"color: #000000;\"><span style=\"font-family: Verdana; font-size: 9pt; font-weight: bold;\">La amenaza<\/span><span style=\"font-family: Verdana; font-size: 9pt; font-weight: bold;\">\u00a0<\/span><\/span><\/p>\n<p style=\"text-align: justify;\"><span style=\"color: #000000;\"><span style=\"font-family: Verdana; font-size: 9pt;\">Pero precisamente en estas circunstancias radica nuestro mayor peligro, porque es indudable que la humanidad ha demostrado -a lo largo de la historia de todos los tiempos- que cuando se ha carecido de alimentos o de elementos indispensables para la vida, como ser\u00edan las mate<\/span><span style=\"font-family: Verdana; font-size: 9pt;\">\u00ad<\/span><span style=\"font-family: Verdana; font-size: 9pt;\">rias primas y otros, se ha dispuesto de ellos quit\u00e1ndolos por las buenas o por las malas, vale decir, con habilidosas com<\/span><span style=\"font-family: Verdana; font-size: 9pt;\">\u00ad<\/span><span style=\"font-family: Verdana; font-size: 9pt;\">binaciones o mediante la fuerza. Lo que quiere decir, en buen romance, que nosotros estamos amenazados a que un d\u00eda los pa\u00edses superpoblados y <\/span><span style=\"font-family: Verdana; font-size: 9pt;\">superindustrializados<\/span><span style=\"font-family: Verdana; font-size: 9pt;\">, que no disponen de alimentos ni de materia prima, pero que tienen un extraordinario poder jueguen ese poder para despojar<\/span><span style=\"font-family: Verdana; font-size: 9pt;\">\u00ad<\/span><span style=\"font-family: Verdana; font-size: 9pt;\">nos de los elementos de que nosotros disponemos en demas\u00eda con relaci\u00f3n a nuestra poblaci\u00f3n y a nuestras necesidades. Ah\u00ed est\u00e1 el problema planteado en sus bases funda<\/span><span style=\"font-family: Verdana; font-size: 9pt;\">\u00ad<\/span><span style=\"font-family: Verdana; font-size: 9pt;\">mentales, pero tambi\u00e9n las m\u00e1s objetivas y realistas.<\/span><span style=\"font-family: Verdana; font-size: 9pt;\">\u00a0<\/span><\/span><\/p>\n<p style=\"text-align: justify;\"><span style=\"color: #000000;\"><span style=\"font-family: Verdana; font-size: 9pt;\">Si subsistiesen los peque\u00f1os y d\u00e9biles pa\u00edses, en un futuro no lejano podr\u00edamos ser territorio de conquista como han sido miles y miles de territorios desde los fenicios hasta nuestros d\u00edas. No ser\u00eda una historia nueva la que se escribir\u00eda en estas latitudes; ser\u00eda la historia que ha campeado en todos los tiempos, sobre todos los lugares de la tierra, de manera que ni siquiera llamar\u00eda mucho la atenci\u00f3n.<\/span><span style=\"font-family: Verdana; font-size: 9pt;\">\u00a0<\/span><\/span><\/p>\n<p style=\"text-align: justify;\"><span style=\"color: #000000;\"><span style=\"font-family: Verdana; font-size: 9pt; font-weight: bold;\">Defensa com\u00fan<\/span><span style=\"font-family: Verdana; font-size: 9pt;\">\u00a0<\/span><\/span><\/p>\n<p style=\"text-align: justify;\"><span style=\"color: #000000;\"><span style=\"font-family: Verdana; font-size: 9pt;\">Es esa circunstancia la que ha inducido a nuestro gobierno a encarar de frente la posibilidad de una uni\u00f3n real y efectiva de nuestros pa\u00edses, para encarar una vida en co<\/span><span style=\"font-family: Verdana; font-size: 9pt;\">\u00ad<\/span><span style=\"font-family: Verdana; font-size: 9pt;\">m\u00fan y para planear, tambi\u00e9n, una defensa en com\u00fan.<\/span><span style=\"font-family: Verdana; font-size: 9pt;\">\u00a0<\/span><\/span><\/p>\n<p style=\"text-align: justify;\"><span style=\"color: #000000;\"><span style=\"font-family: Verdana; font-size: 9pt;\">Si esas circunstancias no son suficientes, o ese he<\/span><span style=\"font-family: Verdana; font-size: 9pt;\">\u00ad<\/span><span style=\"font-family: Verdana; font-size: 9pt;\">cho no es un factor que gravite decisivamente para nuestra uni\u00f3n, no creo que exista ninguna otra circunstancia impor<\/span><span style=\"font-family: Verdana; font-size: 9pt;\">\u00ad<\/span><span style=\"font-family: Verdana; font-size: 9pt;\">tante para que la realicemos.<\/span><span style=\"font-family: Verdana; font-size: 9pt;\">\u00a0<\/span><\/span><\/p>\n<p style=\"text-align: justify;\"><span style=\"color: #000000;\"><span style=\"font-family: Verdana; font-size: 9pt;\">Si cuanto he dicho no fuese real, o no fuese cierto, la uni\u00f3n de esta zona del mundo no tendr\u00eda raz\u00f3n de ser, como no fuera una cuesti\u00f3n m\u00e1s o menos abstracta o idealista.<\/span><span style=\"font-family: Verdana; font-size: 9pt;\">\u00a0<\/span><\/span><\/p>\n<p style=\"text-align: justify;\"><span style=\"color: #000000;\"><span style=\"font-family: Verdana; font-size: 9pt; font-weight: bold;\">Las uniones americanas<\/span><span style=\"font-family: Verdana; font-size: 9pt; font-weight: bold;\">\u00a0<\/span><\/span><\/p>\n<p style=\"text-align: justify;\"><span style=\"color: #000000;\"><span style=\"font-family: Verdana; font-size: 9pt;\">Se\u00f1ores: es indudable que desde el primer momento nosotros pensamos en esto, analizamos las circunstancias y observamos que, desde 1810 hasta nuestros d\u00edas, nunca han faltado distintos intentos para agrupar esta zona del Continente en una uni\u00f3n de distintos tipos.<\/span><span style=\"font-family: Verdana; font-size: 9pt;\">\u00a0<\/span><\/span><\/p>\n<p style=\"text-align: justify;\"><span style=\"color: #000000;\"><span style=\"font-family: Verdana; font-size: 9pt;\">Los primeros surgieron en Chile, ya en los d\u00edas iniciales de las revoluciones emancipadoras de la Argentina, de Chile, del Per\u00fa. Todos ellos fracasaron por distintas circunstancias. Es indudable que, de realizarse aquello en ese tiempo, hubiese sido una cosa extraordinaria. Desgraciadamente, no todos entendieron el problema, y cuando Chile propuso eso aqu\u00ed a Buenos Aires en los primeros d\u00edas de la Revoluci\u00f3n de Mayo, Mariano Moreno fue el que se opuso a toda uni\u00f3n con Chile. Es decir, que estaba en el gobierno mismo, y en la gente m\u00e1s prominente del gobierno, la idea de hacer fracasar esa uni\u00f3n. Eso fracas\u00f3 por culpa de la Junta de Buenos Aires.<\/span><span style=\"font-family: Verdana; font-size: 9pt;\">\u00a0<\/span><\/span><\/p>\n<p style=\"text-align: justify;\"><span style=\"color: #000000;\"><span style=\"font-family: Verdana; font-size: 9pt;\">Hubo varios despu\u00e9s que fracasaron tambi\u00e9n por di<\/span><span style=\"font-family: Verdana; font-size: 9pt;\">\u00ad<\/span><span style=\"font-family: Verdana; font-size: 9pt;\">versas circunstancias. Pas\u00f3 despu\u00e9s el problema a ser propugnado desde Per\u00fa, y la acci\u00f3n de San Mart\u00edn tambi\u00e9n fracas\u00f3. Despu\u00e9s fue Bol\u00edvar quien se hizo cargo de la lu<\/span><span style=\"font-family: Verdana; font-size: 9pt;\">\u00ad<\/span><span style=\"font-family: Verdana; font-size: 9pt;\">cha por una unidad continental, y sabemos tambi\u00e9n c\u00f3mo fracas\u00f3.<\/span><span style=\"font-family: Verdana; font-size: 9pt;\">\u00a0<\/span><\/span><\/p>\n<p style=\"text-align: justify;\"><span style=\"color: #000000;\"><span style=\"font-family: Verdana; font-size: 9pt;\">Se realizaron despu\u00e9s el primero, el segundo y el ter<\/span><span style=\"font-family: Verdana; font-size: 9pt;\">\u00ad<\/span><span style=\"font-family: Verdana; font-size: 9pt;\">cer congreso de M\u00e9xico con la misma finalidad. Y debemos confesar que todo eso fracas\u00f3, mucho por culpa nuestra. Nosotros fuimos los que siempre m\u00e1s o menos nos mantuvimos un poco alejados, con un criterio un tanto aislacionista y ego\u00edsta.<\/span><span style=\"font-family: Verdana; font-size: 9pt;\">\u00a0<\/span><\/span><\/p>\n<p style=\"text-align: justify;\"><span style=\"color: #000000;\"><span style=\"font-family: Verdana; font-size: 9pt; font-weight: bold;\">Unidos o dominados<\/span><span style=\"font-family: Verdana; font-size: 9pt; font-weight: bold;\">\u00a0<\/span><\/span><\/p>\n<p style=\"text-align: justify;\"><span style=\"color: #000000;\"><span style=\"font-family: Verdana; font-size: 9pt;\">Llegamos a nuestros tiempos.<\/span><span style=\"font-family: Verdana; font-size: 9pt;\">\u00a0<\/span><\/span><\/p>\n<p style=\"text-align: justify;\"><span style=\"color: #000000;\"><span style=\"font-family: Verdana; font-size: 9pt;\">Yo no querr\u00eda pasar a la historia sin haber demostrado, por lo menos fehacientemente, que ponemos toda nuestra voluntad real, efectiva, leal y sincera para que esta uni\u00f3n pueda realizarse en el Continente.<\/span><span style=\"font-family: Verdana; font-size: 9pt;\">\u00a0<\/span><\/span><\/p>\n<p style=\"text-align: justify;\"><span style=\"color: #000000;\"><span style=\"font-family: Verdana; font-size: 9pt;\">Pienso yo que el a\u00f1o 2000 nos va a sorprender o unidos o dominados; pienso tambi\u00e9n que es de gente inteligente no esperar que el a\u00f1o 2000 llegue a nosotros, sino hacer un poquito de esfuerzo para llegar un poco antes del a\u00f1o 2000, y llegar un poco en mejores condiciones que aquella que nos podr\u00e1 deparar el destino o mientras nosotros seamos yunque que aguantamos los golpes y no seamos alguna vez martillo; que tambi\u00e9n demos alg\u00fan golpe por nuestra cuenta.<\/span><span style=\"font-family: Verdana; font-size: 9pt;\">\u00a0<\/span><\/span><\/p>\n<p style=\"text-align: justify;\"><span style=\"color: #000000;\"><span style=\"font-family: Verdana; font-size: 9pt;\">Es por esa raz\u00f3n que ya en 1946, al hacer las primeras apreciaciones de car\u00e1cter estrat\u00e9gico y pol\u00edtico interna<\/span><span style=\"font-family: Verdana; font-size: 9pt;\">\u00ad<\/span><span style=\"font-family: Verdana; font-size: 9pt;\">cional, comenzamos a pensar en ese grave problema de nuestro tiempo. Quiz\u00e1 en la pol\u00edtica internacional que nos interesa, es el m\u00e1s grave y el m\u00e1s trascendente; m\u00e1s trascendente quiz\u00e1 que lo que pueda ocurrir en la guerra mun<\/span><span style=\"font-family: Verdana; font-size: 9pt;\">\u00ad<\/span><span style=\"font-family: Verdana; font-size: 9pt;\">dial, que lo que pueda <\/span><span style=\"font-family: Verdana; font-size: 9pt;\">ocurrir en Europa, o lo que pueda ocurrir en el Asia o en el Extremo Oriente; porque \u00e9ste es un problema nuestro, y los otros son problemas del mundo en el cual vivimos, pero que est\u00e1n suficientemente alejados de nosotros.<\/span><span style=\"font-family: Verdana; font-size: 9pt;\">\u00a0<\/span><\/span><\/p>\n<p style=\"text-align: justify;\"><span style=\"color: #000000;\"><span style=\"font-family: Verdana; font-size: 9pt;\">Creo tambi\u00e9n que en la soluci\u00f3n de este grave y trascendente problema cuentan los pueblos m\u00e1s que los hombres y que los gobiernos.<\/span><span style=\"font-family: Verdana; font-size: 9pt;\">\u00a0<\/span><\/span><\/p>\n<p style=\"text-align: justify;\"><span style=\"color: #000000;\"><span style=\"font-family: Verdana; font-size: 9pt;\">Es por eso que, cuando hicimos las primeras apreciaciones, analizamos si esto podr\u00eda realizarse a trav\u00e9s de las canciller\u00edas actuantes como en el siglo <\/span><span style=\"font-family: Verdana; font-size: 9pt;\">XV\u00edn<\/span><span style=\"font-family: Verdana; font-size: 9pt;\">, en una buena comida, con lucidos discursos, pero que terminan al terminar la comida, inoperantes e intrascendentes, como han sido todas las acciones de las canciller\u00edas de esta parte del mundo desde hace casi un siglo hasta nuestros d\u00edas; o si habr\u00eda que actuar m\u00e1s efectivamente, influyendo no a los gobiernos, que aqu\u00ed se cambian como se cambian las camisas, sino influyendo a los pueblos, que son los permanentes, porque los hombres pasan y los gobiernos se suceden, pero los pueblos quedan.<\/span><span style=\"font-family: Verdana; font-size: 9pt;\">\u00a0<\/span><\/span><\/p>\n<p style=\"text-align: justify;\"><span style=\"color: #000000;\"><span style=\"font-family: Verdana; font-size: 9pt;\">Hemos observado, por otra parte, que el \u00e9xito, quiz\u00e1s el \u00fanico \u00e9xito extraordinario del comunismo, consiste en que ellos no trabajan con los gobiernos, sino con los pueblos, porque ellos est\u00e1n encaminados a una obra permanente y no a una obra circunstancial.<\/span><span style=\"font-family: Verdana; font-size: 9pt;\">\u00a0<\/span><\/span><\/p>\n<p style=\"text-align: justify;\"><span style=\"color: #000000;\"><span style=\"font-family: Verdana; font-size: 9pt;\">Y si en el orden internacional quiere realizarse algo trascendente, hay que darle car\u00e1cter permanente, porque mientras sea circunstancial, en el orden de la pol\u00edtica inter<\/span><span style=\"font-family: Verdana; font-size: 9pt;\">\u00ad<\/span><span style=\"font-family: Verdana; font-size: 9pt;\">nacional no tendr\u00e1 ninguna importancia. Por esa raz\u00f3n, y aprovechando las naturales inclinaciones de nuestra doctri<\/span><span style=\"font-family: Verdana; font-size: 9pt;\">\u00ad<\/span><span style=\"font-family: Verdana; font-size: 9pt;\">na propia, comenzamos a trabajar sobre los pueblos, sin excitaci\u00f3n, sin apresuramientos y, sobre todo, tratando de cuidar minuciosamente, de desvirtuar toda posibilidad de que nos acusen de intervenci\u00f3n en los asuntos internos de otros Estados.<\/span><span style=\"font-family: Verdana; font-size: 9pt;\">\u00a0<\/span><\/span><\/p>\n<p style=\"text-align: justify;\"><span style=\"color: #000000;\"><span style=\"font-family: Verdana; font-size: 9pt; font-weight: bold;\">El primer plan<\/span><span style=\"font-family: Verdana; font-size: 9pt;\">\u00a0<\/span><\/span><\/p>\n<p style=\"text-align: justify;\"><span style=\"color: #000000;\"><span style=\"font-family: Verdana; font-size: 9pt;\">En 1946 cuando yo me hice cargo del gobierno, la pol\u00edtica internacional argentina no ten\u00eda ninguna definici\u00f3n.<\/span><span style=\"font-family: Verdana; font-size: 9pt;\">\u00a0<\/span><\/span><\/p>\n<p style=\"text-align: justify;\"><span style=\"color: #000000;\"><span style=\"font-family: Verdana; font-size: 9pt;\">No encontramos all\u00ed ning\u00fan plan de acci\u00f3n, c\u00f3mo no exist\u00eda tampoco en los ministerios militares ni siquiera una remota hip\u00f3tesis sobre la cual los militares pudieran basar sus planes de operaciones. Tampoco en el Ministerio de Relaciones Exteriores, en todo su archivo, hab\u00eda un solo plan activo sobre la pol\u00edtica internacional que segu\u00eda la Rep\u00fablica Argentina, ni siquiera sobre la orientaci\u00f3n, por lo menos, que reg\u00edan sus decisiones o designios.<\/span><span style=\"font-family: Verdana; font-size: 9pt;\">\u00a0<\/span><\/span><\/p>\n<p style=\"text-align: justify;\"><span style=\"color: #000000;\"><span style=\"font-family: Verdana; font-size: 9pt;\">Vale decir que nosotros hab\u00edamos vivido, en pol\u00edtica internacional, respondiendo a las medidas que tomaban los otros con referencia a nosotros, pero sin tener jam\u00e1s una idea propia que nos pudiese conducir, por lo menos a lo largo de los tiempos, con una direcci\u00f3n uniforme y congruente. Nos dedicamos a tapar los agujeros que nos ha<\/span><span style=\"font-family: Verdana; font-size: 9pt;\">\u00ad<\/span><span style=\"font-family: Verdana; font-size: 9pt;\">c\u00edan las distintas medidas que tomasen los dem\u00e1s pa\u00edses. Nosotros no ten\u00edamos iniciativa.<\/span><span style=\"font-family: Verdana; font-size: 9pt;\">\u00a0<\/span><\/span><\/p>\n<p style=\"text-align: justify;\"><span style=\"color: #000000;\"><span style=\"font-family: Verdana; font-size: 9pt;\">No es tan criticable el procedimiento, porque tam<\/span><span style=\"font-family: Verdana; font-size: 9pt;\">\u00ad<\/span><span style=\"font-family: Verdana; font-size: 9pt;\">bi\u00e9n suele ser una forma de proceder, quiz\u00e1s explicable, pues los peque\u00f1os pa\u00edses no pueden tener en el orden de la pol\u00edtica internacional objetivos muy activos ni muy grandes; pero tienen que tener alg\u00fan objetivo.<\/span><span style=\"font-family: Verdana; font-size: 9pt;\">\u00a0<\/span><\/span><\/p>\n<p style=\"text-align: justify;\"><span style=\"color: #000000;\"><span style=\"font-family: Verdana; font-size: 9pt;\">Yo no digo que nos vamos a poner nosotros a establecer objetivos <\/span><span style=\"font-family: Verdana; font-size: 9pt;\">extracontinentales<\/span><span style=\"font-family: Verdana; font-size: 9pt;\"> para imponer nuestra voluntad a los rusos, a los ingleses o a los norteamericanos; no, porque eso ser\u00eda torpe.<\/span><span style=\"font-family: Verdana; font-size: 9pt;\">\u00a0<\/span><\/span><\/p>\n<p style=\"text-align: justify;\"><span style=\"color: #000000;\"><span style=\"font-family: Verdana; font-size: 9pt;\">Vale decir que en esto, como se ha dicho y sostenido tantas veces, hay que tener la pol\u00edtica de la fuerza que se posee o la fuerza que se necesita para sustentar una pol\u00edtica.<\/span><span style=\"font-family: Verdana; font-size: 9pt;\">\u00a0<\/span><\/span><\/p>\n<p style=\"text-align: justify;\"><span style=\"color: #000000;\"><span style=\"font-family: Verdana; font-size: 9pt;\">Nosotros no podemos tener lo segundo y, en conse<\/span><span style=\"font-family: Verdana; font-size: 9pt;\">\u00ad<\/span><span style=\"font-family: Verdana; font-size: 9pt;\">cuencia, tenemos que reducirnos a aceptar lo primero, pero dentro de esa situaci\u00f3n podemos tener nuestras ideas y luchar por ellas para que las canciller\u00edas, que juegan al estilo del siglo XVIII, no nos est\u00e9n dominando con sus sue\u00f1os fant\u00e1sticos de hegemon\u00eda, de mando y de direcci\u00f3n.<\/span><span style=\"font-family: Verdana; font-size: 9pt;\">\u00a0<\/span><\/span><\/p>\n<p style=\"text-align: justify;\"><span style=\"color: #000000;\"><span style=\"font-family: Verdana; font-size: 9pt; font-weight: bold;\">Ponerse adelante<\/span><span style=\"font-family: Verdana; font-size: 9pt;\">\u00a0<\/span><\/span><\/p>\n<p style=\"text-align: justify;\"><span style=\"color: #000000;\"><span style=\"font-family: Verdana; font-size: 9pt;\">Para ser pa\u00eds monitor -como sucede con todos los monitores- ha de ser necesario ponerse <\/span><span style=\"font-family: Verdana; font-size: 9pt;\">adelante para que los dem\u00e1s lo sigan. El problema es llegar cuanto antes a ganar la posici\u00f3n o la colocaci\u00f3n y los dem\u00e1s van a seguir aunque no quieran. De manera que la hegemon\u00eda no se conquista. Por eso nuestra lucha no es, en el orden de la pol\u00edti<\/span><span style=\"font-family: Verdana; font-size: 9pt;\">\u00ad<\/span><span style=\"font-family: Verdana; font-size: 9pt;\">ca internacional, por la hegemon\u00eda de nadie, como lo he dicho muchas veces, sino simplemente y llanamente la obtenci\u00f3n de lo que conviene al pa\u00eds en primer t\u00e9rmino; en segundo t\u00e9rmino, lo que conviene a la gran regi\u00f3n que encuadra el pa\u00eds y, en tercer t\u00e9rmino, el resto del mundo, que ya est\u00e1 m\u00e1s lejano y a menor alcance de nuestras previsiones y de nuestras concepciones.<\/span><span style=\"font-family: Verdana; font-size: 9pt;\">\u00a0<\/span><\/span><\/p>\n<p style=\"text-align: justify;\"><span style=\"color: #000000;\"><span style=\"font-family: Verdana; font-size: 9pt;\">Por eso, bien claramente entendido, como lo he he<\/span><span style=\"font-family: Verdana; font-size: 9pt;\">\u00ad<\/span><span style=\"font-family: Verdana; font-size: 9pt;\">cho en toda circunstancia, para nosotros, primero la Rep\u00fablica Argentina, luego el continente y despu\u00e9s el mundo. En esa posici\u00f3n nos han encontrado y nos encontrar\u00e1n siem<\/span><span style=\"font-family: Verdana; font-size: 9pt;\">\u00ad<\/span><span style=\"font-family: Verdana; font-size: 9pt;\">pre, porque entendemos que la defensa propia est\u00e1 en nuestras manos; que la defensa diremos relativa, est\u00e1 en la zona continental que defendemos y en que vivimos, y que la absoluta es un sue\u00f1o que todav\u00eda no ha alcanzado ning\u00fan hombre ni naci\u00f3n alguna de la tierra. Vivimos solamente en una seguridad relativa, pensando, se\u00f1ores, en la idea fundamental de llegar a una uni\u00f3n en esta parte del continente.<\/span><span style=\"font-family: Verdana; font-size: 9pt;\">\u00a0<\/span><\/span><\/p>\n<p style=\"text-align: justify;\"><span style=\"color: #000000;\"><span style=\"font-family: Verdana; font-size: 9pt;\">Hab\u00edamos pensado que la lucha del futuro ser\u00e1 econ\u00f3mica; la historia nos demuestra que ning\u00fan pa\u00eds se ha impuesto en ese campo, ni en ninguna lucha, si no tiene en s\u00ed una completa, diremos, unidad econ\u00f3mica.<\/span><span style=\"font-family: Verdana; font-size: 9pt;\">\u00a0<\/span><\/span><\/p>\n<p style=\"text-align: justify;\"><span style=\"color: #000000;\"><span style=\"font-family: Verdana; font-size: 9pt;\">Los grandes imperios, las grandes naciones, han llegado desde los comienzos de la historia hasta nuestros d\u00edas, a las grandes conquistas, sobre la base de una unidad eco<\/span><span style=\"font-family: Verdana; font-size: 9pt;\">\u00ad<\/span><span style=\"font-family: Verdana; font-size: 9pt;\">n\u00f3mica. Y yo analizo que si nosotros so\u00f1amos con la grandeza -que tenernos obligaci\u00f3n de so\u00f1ar- para nuestro pa\u00eds, debemos analizar primordialmente ese factor en una etapa del mundo en que la econom\u00eda pasar\u00e1 a primer plano en todas las luchas del futuro.<\/span><span style=\"font-family: Verdana; font-size: 9pt;\">\u00a0<\/span><\/span><\/p>\n<p style=\"text-align: justify;\"><span style=\"color: #000000;\"><span style=\"font-family: Verdana; font-size: 9pt; font-weight: bold;\">El ABC<\/span><span style=\"font-family: Verdana; font-size: 9pt; font-weight: bold;\">\u00a0<\/span><\/span><\/p>\n<p style=\"text-align: justify;\"><span style=\"color: #000000;\"><span style=\"font-family: Verdana; font-size: 9pt;\">Rep\u00fablica Argentina sola, no tiene unidad econ\u00f3mica; Brasil solo, no tiene tampoco unidad econ\u00f3mica; Chile solo, tampoco tiene unidad econ\u00f3mica; pero estos tres pa\u00edses unidos conforman quiz\u00e1 en el momento actual la unidad econ\u00f3mica m\u00e1s extraordinaria del mundo entero, sobre todo para el futuro, porque toda esa inmensa disponibilidad constituye su reserva. Estos son pa\u00edses reserva del mundo.<\/span><span style=\"font-family: Verdana; font-size: 9pt;\">\u00a0<\/span><\/span><\/p>\n<p style=\"text-align: justify;\"><span style=\"color: #000000;\"><span style=\"font-family: Verdana; font-size: 9pt;\">Los otros est\u00e1n quiz\u00e1 a no muchos a\u00f1os de la terminaci\u00f3n de todos sus recursos energ\u00e9ticos y de materia prima; nosotros poseemos todas las reservas de las cuales todav\u00eda no hemos explotado nada.<\/span><span style=\"font-family: Verdana; font-size: 9pt;\">\u00a0<\/span><\/span><\/p>\n<p style=\"text-align: justify;\"><span style=\"color: #000000;\"><span style=\"font-family: Verdana; font-size: 9pt;\">Esa explotaci\u00f3n que han hecho de nosotros, mante<\/span><span style=\"font-family: Verdana; font-size: 9pt;\">\u00ad<\/span><span style=\"font-family: Verdana; font-size: 9pt;\">ni\u00e9ndonos para consumir lo elaborado por ellos, ahora en el futuro puede d\u00e1rseles vuelta, porque en la humanidad y en el mundo hay una justicia que est\u00e1 por sobre todas las de<\/span><span style=\"font-family: Verdana; font-size: 9pt;\">\u00ad<\/span><span style=\"font-family: Verdana; font-size: 9pt;\">m\u00e1s justicias, y que alg\u00fan d\u00eda llega. Y esa justicia se aproxima para nosotros; solamente debemos tener la prudencia y la sabidur\u00eda suficientes para prepararnos a que no nos birlen de nuevo la justicia, en el momento mismo en que esta<\/span><span style=\"font-family: Verdana; font-size: 9pt;\">\u00ad<\/span><span style=\"font-family: Verdana; font-size: 9pt;\">mos por percibirla y por disfrutarla.<\/span><span style=\"font-family: Verdana; font-size: 9pt;\">\u00a0<\/span><\/span><\/p>\n<p style=\"text-align: justify;\"><span style=\"color: #000000;\"><span style=\"font-family: Verdana; font-size: 9pt;\">Esto es lo que ordena, imprescriptiblemente, la necesidad de la uni\u00f3n de Chile, Brasil y Argentina.<\/span><span style=\"font-family: Verdana; font-size: 9pt;\">\u00a0<\/span><\/span><\/p>\n<p style=\"text-align: justify;\"><span style=\"color: #000000;\"><span style=\"font-family: Verdana; font-size: 9pt;\">Es indudable que, realizada esta uni\u00f3n, caer\u00e1n en su \u00f3rbita los dem\u00e1s pa\u00edses sudamericanos, que no ser\u00e1n favorecidos ni por la formaci\u00f3n de un nuevo agrupamiento y probablemente no lo podr\u00e1n realizar en manera alguna, separados o juntos, sino en peque\u00f1as unidades.<\/span><span style=\"font-family: Verdana; font-size: 9pt;\">\u00a0<\/span><\/span><\/p>\n<p style=\"text-align: justify;\"><span style=\"color: #000000;\"><span style=\"font-family: Verdana; font-size: 9pt; font-weight: bold;\">Vargas e Ib\u00e1\u00f1ez<\/span><span style=\"font-family: Verdana; font-size: 9pt;\">\u00a0<\/span><\/span><\/p>\n<p style=\"text-align: justify;\"><span style=\"color: #000000;\"><span style=\"font-family: Verdana; font-size: 9pt;\">Apreciado esto, se\u00f1ores, yo empec\u00e9 a trabajar sobre los pueblos. Tampoco olvid\u00e9 de trabajar a los gobiernos, y durante los siete a\u00f1os del primer gobierno, mientras trabaj\u00e1bamos activamente en los pueblos, preparando la opini\u00f3n para bien recibir esta acci\u00f3n, convers\u00e9 con los que iban a ser presidentes, por lo menos, en los dos pa\u00edses que m\u00e1s nos interesaban: Getulio Vargas y el general Ib\u00e1\u00f1ez.<\/span><span style=\"font-family: Verdana; font-size: 9pt;\">\u00a0<\/span><\/span><\/p>\n<p style=\"text-align: justify;\"><span style=\"color: #000000;\"><span style=\"font-family: Verdana; font-size: 9pt;\">Getulio Vargas estuvo total y absolutamente de acuer<\/span><span style=\"font-family: Verdana; font-size: 9pt;\">\u00ad<\/span><span style=\"font-family: Verdana; font-size: 9pt;\">do con esta idea y en realizarla tan pronto \u00e9l estuviera en el gobierno; Ib\u00e1\u00f1ez me hizo exactamente igual manifestaci\u00f3n, y contrajo el compromiso de proceder lo mismo.<\/span><span style=\"font-family: Verdana; font-size: 9pt;\">\u00a0<\/span><\/span><\/p>\n<p style=\"text-align: justify;\"><span style=\"color: #000000;\"><span style=\"font-family: Verdana; font-size: 9pt;\">Yo no me hac\u00eda ilusiones porque ellos hubieran pro<\/span><span style=\"font-family: Verdana; font-size: 9pt;\">\u00ad<\/span><span style=\"font-family: Verdana; font-size: 9pt;\">metido esto para dar el hecho por cumplido porque bien sab\u00eda que eran hombres que iban al gobierno y no iban a poder hacer lo que quisieran, sino lo que pudieran. Sab\u00eda bien que un sector de esos pueblos se iba a oponer tenazmente a una realizaci\u00f3n de este tipo, por cuestiones de inte<\/span><span style=\"font-family: Verdana; font-size: 9pt;\">\u00ad<\/span><span style=\"font-family: Verdana; font-size: 9pt;\">reses personales y negocios, m\u00e1s que por ninguna otra causa. \u00a1C\u00f3mo no se van a oponer los ganaderos chilenos a que nosotros exportemos sin medida ganado argentino! \u00a1Y c\u00f3mo no se van a oponer a que solucionemos todos los problemas fronterizos para la interacci\u00f3n de ganado, los acopiadores chilenos, cuando una vaca o un novillo, a un metro de la frontera chilena hacia el lado argentino, vale diez mil pesos chilenos, y a un metro hacia Chile de la frontera argentina, vale veinte mil pesos chilenos! Ese que gana los diez mil pesos no va a estar de acuerdo nunca con una unidad de ese tipo.<\/span><span style=\"font-family: Verdana; font-size: 9pt;\">\u00a0<\/span><\/span><\/p>\n<p style=\"text-align: justify;\"><span style=\"color: #000000;\"><span style=\"font-family: Verdana; font-size: 9pt;\">Cito este caso grosero para que los se\u00f1ores intuyan toda la gama inmensa de intereses de todo orden que se desgranan en cada una de las cosas que come el pobre \u00abroto\u00bb chileno y que producen ellos.<\/span><span style=\"font-family: Verdana; font-size: 9pt;\">\u00a0<\/span><\/span><\/p>\n<p style=\"text-align: justify;\"><span style=\"color: #000000;\"><span style=\"font-family: Verdana; font-size: 9pt;\">Ese mismo fen\u00f3meno sucede con el Brasil.<\/span><span style=\"font-family: Verdana; font-size: 9pt;\">\u00a0<\/span><\/span><\/p>\n<p style=\"text-align: justify;\"><span style=\"color: #000000;\"><span style=\"font-family: Verdana; font-size: 9pt;\">Por esta raz\u00f3n nunca me hice demasiadas ilusiones sobre las posibilidades de ello; por eso seguimos trabajando por estas uniones, porque ellas deber\u00e1n venir por los pueblos.<\/span><span style=\"font-family: Verdana; font-size: 9pt;\">\u00a0<\/span><\/span><\/p>\n<p style=\"text-align: justify;\"><span style=\"color: #000000;\"><span style=\"font-family: Verdana; font-size: 9pt;\">Nosotros tenemos muy triste experiencia de las uniones que han venido por los gobiernos; por lo menos, ninguna en ciento cincuenta a\u00f1os ha podido cristalizar en alguna realidad.<\/span><span style=\"font-family: Verdana; font-size: 9pt;\">\u00a0<\/span><\/span><\/p>\n<p style=\"text-align: justify;\"><span style=\"color: #000000;\"><span style=\"font-family: Verdana; font-size: 9pt;\">Probemos el otro camino que nunca se ha probado para ver si, desde abajo, podemos ir influyendo en forma determinante para que esas uniones se realicen.<\/span><span style=\"font-family: Verdana; font-size: 9pt;\">\u00a0<\/span><\/span><\/p>\n<p style=\"text-align: justify;\"><span style=\"color: #000000;\"><span style=\"font-family: Verdana; font-size: 9pt;\">Se\u00f1ores: s\u00e9 tambi\u00e9n que el Brasil, por ejemplo, tropieza con una gran dificultad: <\/span><span style=\"font-family: Verdana; font-size: 9pt;\">Itamaraty<\/span><span style=\"font-family: Verdana; font-size: 9pt;\">, que constituye una instituci\u00f3n <\/span><span style=\"font-family: Verdana; font-size: 9pt;\">supergubernamental<\/span><span style=\"font-family: Verdana; font-size: 9pt;\">. <\/span><span style=\"font-family: Verdana; font-size: 9pt;\">Itamaraty<\/span><span style=\"font-family: Verdana; font-size: 9pt;\"> ha so\u00f1ado, desde la \u00e9poca de su emperador hasta nuestros d\u00edas, con una pol\u00edtica que se ha prolongado a trav\u00e9s de todos los hombres que han ocupado ese dif\u00edcil cargo en el Brasil.<\/span><span style=\"font-family: Verdana; font-size: 9pt;\">\u00a0<\/span><\/span><\/p>\n<p style=\"text-align: justify;\"><span style=\"color: #000000;\"><span style=\"font-family: Verdana; font-size: 9pt;\">Ella los hab\u00eda llevado a establecer un arco entre Chile y el Brasil; esa pol\u00edtica debe ser vencida con el tiempo y por un buen proceder de parte nuestra.<\/span><span style=\"font-family: Verdana; font-size: 9pt;\">\u00a0<\/span><\/span><\/p>\n<p style=\"text-align: justify;\"><span style=\"color: #000000;\"><span style=\"font-family: Verdana; font-size: 9pt;\">Debe desmontarse todo el sistema de <\/span><span style=\"font-family: Verdana; font-size: 9pt;\">Itamaraty<\/span><span style=\"font-family: Verdana; font-size: 9pt;\">, de<\/span><span style=\"font-family: Verdana; font-size: 9pt;\">\u00ad<\/span><span style=\"font-family: Verdana; font-size: 9pt;\">ben desaparecer esas excrecencias imperiales que constituyen, m\u00e1s que ninguna otra raz\u00f3n, los principales obst\u00e1culos para que Brasil entre a una, diremos, uni\u00f3n verdadera con la Argentina.<\/span><span style=\"font-family: Verdana; font-size: 9pt;\">\u00a0<\/span><\/span><\/p>\n<p style=\"text-align: justify;\"><span style=\"color: #000000;\"><span style=\"font-family: Verdana; font-size: 9pt;\">Nosotros con ellos no tenemos ning\u00fan problema, como no sea ese sue\u00f1o de la hegemon\u00eda, en el que estamos prontos a decirles: son ustedes m\u00e1s grandes, m\u00e1s lindos y mejores que nosotros, no tenemos ning\u00fan inconveniente.<\/span><span style=\"font-family: Verdana; font-size: 9pt;\">\u00a0<\/span><\/span><\/p>\n<p style=\"text-align: justify;\"><span style=\"color: #000000;\"><span style=\"font-family: Verdana; font-size: 9pt;\">Nosotros renunciamos a todo eso, de manera que ese tampoco va a ser un inconveniente. Pero es indudable que nosotros cre\u00edamos superado en cierta manera ese problema.<\/span><span style=\"font-family: Verdana; font-size: 9pt;\">\u00a0<\/span><\/span><\/p>\n<p style=\"text-align: justify;\"><span style=\"color: #000000;\"><span style=\"font-family: Verdana; font-size: 9pt;\">Yo he de contarles a los se\u00f1ores un hecho que pondr\u00e1 perfectamente en evidencia c\u00f3mo procedemos nosotros y por qu\u00e9 tenemos la firme convicci\u00f3n de que al final vamos a ganar nosotros, porque procedemos bien. Porque los que proceden mal son los que sucumben v\u00edctimas de su propio mal procedimiento: por eso, no emplearemos en ning\u00fan caso ni los subterfugios, ni las insidias, ni las combinaciones raras, que emplean algunas canciller\u00edas.<\/span><span style=\"font-family: Verdana; font-size: 9pt;\">\u00a0<\/span><\/span><\/p>\n<p style=\"text-align: justify;\"><span style=\"color: #000000;\"><span style=\"font-family: Verdana; font-size: 9pt; font-weight: bold;\">Conciencia Internacional<\/span><span style=\"font-family: Verdana; font-size: 9pt;\">\u00a0<\/span><\/span><\/p>\n<p style=\"text-align: justify;\"><span style=\"color: #000000;\"><span style=\"font-family: Verdana; font-size: 9pt;\">Cuando Vargas subi\u00f3 al gobierno me prometi\u00f3 a <\/span><span style=\"font-family: Verdana; font-size: 9pt;\">mi<\/span><span style=\"font-family: Verdana; font-size: 9pt;\"> que nos reunir\u00edamos en Buenos Aires o en R\u00edo y har\u00edamos ese tratado que yo firm\u00e9 con Ib\u00e1\u00f1ez despu\u00e9s: el mismo tratado.<\/span><span style=\"font-family: Verdana; font-size: 9pt;\">\u00a0<\/span><\/span><\/p>\n<p style=\"text-align: justify;\"><span style=\"color: #000000;\"><span style=\"font-family: Verdana; font-size: 9pt;\">Ese fue un prop\u00f3sito formal que nos hab\u00edamos trazado. M\u00e1s a\u00fan, dijimos: vamos a suprimir las fronteras, si es preciso. Yo agarraba cualquier cosa, porque estaba dentro de la orientaci\u00f3n que yo segu\u00eda y de lo que yo cre\u00eda que era necesario y conveniente.<\/span><span style=\"font-family: Verdana; font-size: 9pt;\">\u00a0<\/span><\/span><\/p>\n<p style=\"text-align: justify;\"><span style=\"color: #000000;\"><span style=\"font-family: Verdana; font-size: 9pt;\">Yo sab\u00eda que ac\u00e1 yo lo realizaba, porque cuando le dijera a mi pueblo que quer\u00eda hacer eso, sab\u00eda que mi pueblo quer\u00eda lo que yo quer\u00eda en el orden de la pol\u00edtica internacio<\/span><span style=\"font-family: Verdana; font-size: 9pt;\">\u00ad<\/span><span style=\"font-family: Verdana; font-size: 9pt;\">nal, porque <\/span><span style=\"font-family: Verdana; font-size: 9pt;\">ya aqu\u00ed existe una conciencia pol\u00edtico-internacional en el pueblo, y existe una organizaci\u00f3n. Adem\u00e1s la gente sabe que, en fin, tantos errores no cometemos, de manera que tiene tambi\u00e9n un poco de fe en lo que hacemos.<\/span><span style=\"font-family: Verdana; font-size: 9pt;\">\u00a0<\/span><\/span><\/p>\n<p style=\"text-align: justify;\"><span style=\"color: #000000;\"><span style=\"font-family: Verdana; font-size: 9pt;\">M\u00e1s tarde Vargas me dijo que era dif\u00edcil que pudi\u00e9ramos hacerlo tan pronto, porque \u00e9l ten\u00eda una situaci\u00f3n pol\u00edtica un poco complicada en las C\u00e1maras y que antes de dominarlas quer\u00eda hacer una conciliaci\u00f3n. Es dif\u00edcil eso en pol\u00edtica; primero hay que dominar y despu\u00e9s la conciliaci\u00f3n viene sola. Son puntos de vista; son distintas maneras de pensar.<\/span><span style=\"font-family: Verdana; font-size: 9pt;\">\u00a0<\/span><\/span><br \/>\n<span style=\"color: #000000;\"> <span style=\"font-family: Verdana; font-size: 9pt;\">El sigui\u00f3 un camino distinto y nombr\u00f3 un gabinete de conciliaci\u00f3n, vale decir, nombr\u00f3 un gabinete donde por lo menos las tres cuartas partes de los ministros eran enemi<\/span><span style=\"font-family: Verdana; font-size: 9pt;\">\u00ad<\/span><span style=\"font-family: Verdana; font-size: 9pt;\">gos pol\u00edticos de \u00e9l y que servir\u00edan a sus propios intereses y no a los del gobierno.<\/span><span style=\"font-family: Verdana; font-size: 9pt;\">\u00a0<\/span><\/span><\/p>\n<p style=\"text-align: justify;\"><span style=\"color: #000000;\"><span style=\"font-family: Verdana; font-size: 9pt;\">Claro que \u00e9l crey\u00f3 que esto en seis meses le iba a dar la soluci\u00f3n; pero cuando pasaron los seis meses el asunto estaba m\u00e1s complicado que antes. Naturalmente, no pudo venir ac\u00e1; no pudo comprometerse frente a su Parlamento y frente a sus propios ministros a realizar una tarea que implicaba ponerse los pantalones y jugarse una carta decisiva frente a la pol\u00edtica internacional mundial, a su pueblo, a su Parlamento y a los intereses que hab\u00eda que vencer.<\/span><span style=\"font-family: Verdana; font-size: 9pt;\">\u00a0<\/span><\/span><br \/>\n<span style=\"color: #000000;\"> <span style=\"font-family: Verdana; font-size: 9pt;\">Naturalmente, yo esper\u00e9. En ese \u00ednterin es elegido presidente el general Ib\u00e1\u00f1ez; la situaci\u00f3n de \u00e9l no era mejor que la situaci\u00f3n de Vargas, pero en cierta manera llegaba plebiscitado en todo lo que se puede ser plebiscitado en Chile, con elecciones muy su g\u00e9neris, porque all\u00e1 se inscriben los que quieren, y los que no quieren no; es una cosa muy distinta la nuestra. Pero \u00e9l llega al gobierno naturalmente. Tan pronto llega al gobierno, yo, conforme con lo que hab\u00edamos conversado, lo tante\u00e9. Me dijo: De acuerdo; lo hacemos. \u00a1Muy bien! El general fue m\u00e1s decidido, porque los genera<\/span><span style=\"font-family: Verdana; font-size: 9pt;\">\u00ad<\/span><span style=\"font-family: Verdana; font-size: 9pt;\">les solemos ser m\u00e1s decididos que los pol\u00edticos. Pero antes de hacerlo, como ten\u00eda un compromiso con Vargas, le escrib\u00ed una carta que le hice llegar por intermedio de su propio embajador, a quien llam\u00e9 y dije:<\/span><span style=\"font-family: Verdana; font-size: 9pt;\">\u00a0<\/span><span style=\"font-family: Verdana; font-size: 9pt; font-style: italic;\">\u00abVea, usted tendr\u00e1 que ir<\/span><span style=\"font-family: Verdana; font-size: 9pt; font-style: italic;\">\u00a0<\/span><span style=\"font-family: Verdana; font-size: 9pt; font-style: italic;\">a R\u00edo con esta caria y tendr\u00e1 que explicarle todo esto a su Presidente. Hace dos a\u00f1os nosotros nos prometimos realizar este acto. Hace m\u00e1s de un a\u00f1o y pico que lo estoy esperando, y no puede venir. Yo le pido autorizaci\u00f3n a \u00e9l para que me libere de ese compromiso de hacerlo primero con el Brasil y me permita hacerlo primero con Chile. Claro que le pido esto porque creo que estos tres pa\u00edses son los que deben realizar la uni\u00f3n\u00bb.<\/span><span style=\"font-family: Verdana; font-size: 9pt;\">\u00a0<\/span><\/span><\/p>\n<p style=\"text-align: justify;\"><span style=\"color: #000000;\"><span style=\"font-family: Verdana; font-size: 9pt;\">El embajador va all\u00e1 y vuelve y me dice, en nombre de su Presidente, que no solamente me autoriza a que vaya a Chile liber\u00e1ndome del compromiso, sino que me da tam<\/span><span style=\"font-family: Verdana; font-size: 9pt;\">\u00ad<\/span><span style=\"font-family: Verdana; font-size: 9pt;\">bi\u00e9n su representaci\u00f3n para que lo haga en nombre de \u00e9l en Chile. Naturalmente ya s\u00e9 ahora muchas cosas que antes no sab\u00eda; acept\u00e9 s\u00f3lo la autorizaci\u00f3n, pero no la representaci\u00f3n.<\/span><span style=\"font-family: Verdana; font-size: 9pt;\">\u00a0<\/span><\/span><\/p>\n<p style=\"text-align: justify;\"><span style=\"color: #000000;\"><span style=\"font-family: Verdana; font-size: 9pt;\">Fui a Chile, llegu\u00e9 all\u00ed y le dije al general Ib\u00e1\u00f1ez:<\/span><span style=\"font-family: Verdana; font-size: 9pt;\">\u00a0<\/span><span style=\"font-family: Verdana; font-size: 9pt; font-style: italic;\">\u00ab Vengo aqu\u00ed con todo listo y traigo la autorizaci\u00f3n del presidente Vargas, porque yo estaba comprometido a hacer esto primero con \u00e9l y con el Brasil; de manera que<\/span><span style=\"font-family: Verdana; font-size: 9pt; font-style: italic;\">\u00a0<\/span><span style=\"font-family: Verdana; font-size: 9pt; font-style: italic;\">todo sale perfectamente bien y como lo hemos planeado, y quiz\u00e1 al hacerse esto se facilite la acci\u00f3n de Vargas y se vaya arreglando as\u00ed mejor el asunto\u00bb.<\/span><span style=\"font-family: Verdana; font-size: 9pt;\">\u00a0<\/span><\/span><\/p>\n<p style=\"text-align: justify;\"><span style=\"color: #000000;\"><span style=\"font-family: Verdana; font-size: 9pt;\">Llegamos, hicimos all\u00e1 con el ministro de Relaciones Exteriores todas esas cosas de las canciller\u00edas, discutimos un poco -poca cosa- y llegamos al acuerdo, no tan amplio como nosotros quer\u00edamos, porque la gente tiene miedo en algunas cosas y, es claro, sali\u00f3 un poco retaceado, pero sali\u00f3. No fue tampoco un parto de los montes, pero cost\u00f3 bastante convencer, persuadir, etc.<\/span><span style=\"font-family: Verdana; font-size: 9pt;\">\u00a0<\/span><\/span><\/p>\n<p style=\"text-align: justify;\"><span style=\"color: #000000;\"><span style=\"font-family: Verdana; font-size: 9pt;\">Y al d\u00eda siguiente llegan las noticias de R\u00edo de Janeiro, donde el ministro de Relaciones Exteriores del Brasil hac\u00eda unas declaraciones tremendas contra el Pacto de Santiago: que estaba en contra de los pactos regionales, que \u00e9se era la destrucci\u00f3n de la unanimidad panamericana. Imag\u00ednense la cara que tendr\u00eda yo al d\u00eda siguiente cuando fui y me pre<\/span><span style=\"font-family: Verdana; font-size: 9pt;\">\u00ad<\/span><span style=\"font-family: Verdana; font-size: 9pt;\">sent\u00e9 al Presidente Ib\u00e1\u00f1ez. AI darle los buenos d\u00edas, me pregunta:<\/span><span style=\"font-family: Verdana; font-size: 9pt;\">\u00a0<\/span><span style=\"font-family: Verdana; font-size: 9pt; font-style: italic;\">\u00ab\u00bf<\/span><span style=\"font-family: Verdana; font-size: 9pt; font-style: italic;\">Qu\u00e9 me dice de los amigos brasile\u00f1os?\u00bb<\/span><span style=\"font-family: Verdana; font-size: 9pt;\">\u00a0<\/span><\/span><\/p>\n<p style=\"text-align: justify;\"><span style=\"color: #000000;\"><span style=\"font-family: Verdana; font-size: 9pt;\">Naturalmente que la prensa carioca sobrepas\u00f3 los l\u00edmites a que hab\u00eda llegado el propio ministro de Relaciones Exteriores, se\u00f1or <\/span><span style=\"font-family: Verdana; font-size: 9pt;\">Neves<\/span><span style=\"font-family: Verdana; font-size: 9pt;\"> de <\/span><span style=\"font-family: Verdana; font-size: 9pt;\">Fontoura<\/span><span style=\"font-family: Verdana; font-size: 9pt;\">. Claro, yo me call\u00e9. No ten\u00eda m\u00e1s remedio. Firm\u00e9 el tratado y me vine aqu\u00ed.<\/span><span style=\"font-family: Verdana; font-size: 9pt;\">\u00a0<\/span><\/span><\/p>\n<p style=\"text-align: justify;\"><span style=\"color: #000000;\"><span style=\"font-family: Verdana; font-size: 9pt;\">Cuando llegu\u00e9 me encuentro con Gerardo Rocha, viejo periodista de gran talento, director de O Mundo en R\u00edo, muy amigo de Vargas, quien me dijo:<\/span><span style=\"font-family: Verdana; font-size: 9pt;\">\u00a0<\/span><span style=\"font-family: Verdana; font-size: 9pt; font-style: italic;\">\u00abMe manda el Presidente<\/span><span style=\"font-family: Verdana; font-size: 9pt; font-style: italic;\">\u00a0<\/span><span style=\"font-family: Verdana; font-size: 9pt; font-style: italic;\">para que le explique lo que ha pasado en el Brasil.<\/span><span style=\"font-family: Verdana; font-size: 9pt; font-style: italic;\">\u00a0<\/span><span style=\"font-family: Verdana; font-size: 9pt; font-style: italic;\">Dice que la situaci\u00f3n de \u00e9l es muy dif\u00edcil: que pol\u00edticamente no puede dominar, que tiene sequ\u00edas en el <\/span><span style=\"font-family: Verdana; font-size: 9pt; font-style: italic;\">norte<\/span><span style=\"font-family: Verdana; font-size: 9pt; font-style: italic;\">,heladas<\/span><span style=\"font-family: Verdana; font-size: 9pt; font-style: italic;\"> en el sur; y a los <\/span><span style=\"font-family: Verdana; font-size: 9pt; font-style: italic;\">pol\u00edticos los tiene levantados;<\/span><span style=\"font-family: Verdana; font-size: 9pt; font-style: italic;\">\u00a0<\/span><span style=\"font-family: Verdana; font-size: 9pt; font-style: italic;\">que el comunismo est\u00e1 muy peligroso, que no ha podido<\/span><span style=\"font-family: Verdana; font-size: 9pt; font-style: italic;\">\u00a0<\/span><span style=\"font-family: Verdana; font-size: 9pt; font-style: italic;\">hacer nada; en fin, que lo disculpe, que \u00e9l no piensa as\u00ed y<\/span><span style=\"font-family: Verdana; font-size: 9pt; font-style: italic;\">\u00a0<\/span><span style=\"font-family: Verdana; font-size: 9pt; font-style: italic;\">que si el ministro ha hecho eso, que \u00e9l tampoco puede<\/span><span style=\"font-family: Verdana; font-size: 9pt; font-style: italic;\">\u00a0<\/span><span style=\"font-family: Verdana; font-size: 9pt; font-style: italic;\">mandar al ministro\u00bb.<\/span><\/span><\/p>\n<p style=\"text-align: justify;\"><span style=\"color: #000000;\"><span style=\"font-family: Verdana; font-size: 9pt;\">Yo me he explicado perfectamente bien todo esto; no lo justificaba, pero me lo explicaba por lo menos. Naturalmente, se\u00f1ores, que planteada la situaci\u00f3n en estas cir<\/span><span style=\"font-family: Verdana; font-size: 9pt;\">\u00ad<\/span><span style=\"font-family: Verdana; font-size: 9pt;\">cunstancias, de una manera tan pla\u00f1idera y lamentable, no tuve m\u00e1s remedio que decirle que siguiera tranquilo, que yo no me meto en las cosas de \u00e9l y que hiciera lo que pudiese, pero que siguiera trabajando por esto.<\/span><\/span><br \/>\n<span style=\"color: #000000;\"> <span style=\"font-family: Verdana; font-size: 9pt;\">Bien, se\u00f1ores, yo quer\u00eda contarles esto, que probablemente no lo conoce nadie m\u00e1s que los ministros y yo; claro est\u00e1 que son todos documentos para la historia, por<\/span><span style=\"font-family: Verdana; font-size: 9pt;\">\u00ad<\/span><span style=\"font-family: Verdana; font-size: 9pt;\">que yo no quiero pasar a la historia como un cretino que ha podido realizar esta uni\u00f3n y no la ha realizado. Por lo menos quiero que la gente piense en el futuro que si aqu\u00ed ha habido Cretinos, no he sido yo s\u00f3lo.<\/span><\/span><\/p>\n<p style=\"margin: 5pt 0pt; text-align: justify; background-color: #ffffff;\"><span style=\"color: #000000;\"><span style=\"font-family: Verdana; font-size: 9pt; font-weight: bold;\">Pol\u00edtica de uni\u00f3n<\/span><span style=\"font-family: Verdana; font-size: 9pt;\">\u00a0<\/span><\/span><\/p>\n<p style=\"text-align: justify;\"><span style=\"color: #000000;\"><span style=\"font-family: Verdana; font-size: 9pt;\">Pero lo que yo no quer\u00eda es dejar de afirmar, como lo har\u00e9 p\u00fablicamente en alguna circunstancia, que toda la pol\u00edtica argentina en el orden internacional ha estado orienta<\/span><span style=\"font-family: Verdana; font-size: 9pt;\">\u00ad<\/span><span style=\"font-family: Verdana; font-size: 9pt;\">da hacia la necesidad de esa uni\u00f3n, para que cuando llegue el momento en que seamos juzgados por nuestros hombres -frente a los peligros que esta disociaci\u00f3n producir\u00e1 en el futuro-, por lo menos tengamos el justificativo de nuestra propia impotencia para realizarla.<\/span><span style=\"font-family: Verdana; font-size: 9pt;\">\u00a0<\/span><\/span><\/p>\n<p style=\"text-align: justify;\"><span style=\"color: #000000;\"><span style=\"font-family: Verdana; font-size: 9pt;\">Sin embargo, yo no soy pesimista. Creo que nuestra orientaci\u00f3n, nuestra perseverancia, va todos los d\u00edas ganando terreno dentro de esta idea. Estoy casi convencido de que un d\u00eda lo hemos de realizar todo bien y acabadamente, y que debemos que trabajar incansablemente por realizarlo. Ya se acabaron las \u00e9pocas del mundo en que los conflictos eran entre dos pa\u00edses. Ahora los conflictos se han agrandado de tal manera y han adquirido tal naturaleza que hay que prepararse para los grandes conflictos y no para los peque\u00f1os conflictos.<\/span><span style=\"font-family: Verdana; font-size: 9pt;\">\u00a0<\/span><\/span><\/p>\n<p style=\"text-align: justify;\"><span style=\"font-family: Verdana; font-size: 9pt; color: #000000;\">Esta uni\u00f3n, se\u00f1ores, est\u00e1 en plena elaboraci\u00f3n; es todo cuanto yo podr\u00eda decirles a ustedes como definitivo.<\/span><\/p>\n<p style=\"text-align: justify;\"><span style=\"color: #000000;\"><span style=\"font-family: Verdana; font-size: 9pt;\">Estamos trabaj\u00e1ndola, y el \u00e9xito, se\u00f1ores, ha de producirse; por lo menos, nosotros hemos preparado el \u00e9xito, lo estamos realizando, y no tengan la menor duda de que el d\u00eda que se produzca yo he de saber explotarlo con todas las conveniencias necesarias para nuestro pa\u00eds, porque, de acuerdo con el aforismo napole\u00f3nico, el que prepara un \u00e9xito y lo conquista, dif\u00edcilmente no sabe sacarle las ventajas de lo que ha obtenido.<\/span><span style=\"font-family: Verdana; font-size: 9pt;\">\u00a0<\/span><\/span><\/p>\n<p style=\"text-align: justify;\"><span style=\"color: #000000;\"><span style=\"font-family: Verdana; font-size: 9pt;\">En esto, se\u00f1ores, estoy absolutamente persuadido de que vamos por buen camino. La contestaci\u00f3n del Brasil, buscando desviar su arco de Santiago a Lima, es solamente una contestaci\u00f3n ofuscada y desesperada de una canciller\u00eda que no interpreta el momento y que est\u00e1 persistiendo sobre una l\u00ednea superada por el tiempo y por los acontecimientos; eso no puede tener efectividad.<\/span><span style=\"font-family: Verdana; font-size: 9pt;\">\u00a0<\/span><\/span><\/p>\n<p style=\"text-align: justify;\"><span style=\"color: #000000;\"><span style=\"font-family: Verdana; font-size: 9pt;\">La lucha por las zonas amaz\u00f3nicas y del Plata no tiene ning\u00fan valor ni ninguna importancia; son sue\u00f1os un poco ecuatoriales y nada m\u00e1s. No puede haber en ese sen<\/span><span style=\"font-family: Verdana; font-size: 9pt;\">\u00ad<\/span><span style=\"font-family: Verdana; font-size: 9pt;\">tido ning\u00fan factor geopol\u00edtico ni de ninguna otra naturaleza que pueda enfrentar a estas dos zonas tan diversas en todos sus factores y en todas sus caracter\u00edsticas.<\/span><\/span><\/p>\n<p style=\"text-align: justify;\"><span style=\"color: #000000;\"><span style=\"font-family: Verdana; font-size: 9pt; font-weight: bold;\">La integraci\u00f3n latinoamericana<\/span><span style=\"font-family: Verdana; font-size: 9pt;\">\u00a0<\/span><\/span><\/p>\n<p style=\"text-align: justify;\"><span style=\"color: #000000;\"><span style=\"font-family: Verdana; font-size: 9pt;\">Aqu\u00ed hay un problema de unidad que est\u00e1 por sobre todos los problemas, y en estas circunstancias, quiz\u00e1 muy determinantes, de haber nosotros solucionado nuestros en<\/span><span style=\"font-family: Verdana; font-size: 9pt;\">\u00ad<\/span><span style=\"font-family: Verdana; font-size: 9pt;\">tredichos con Estados Unidos, tal vez esto favorezca en forma decisiva la posibilidad de una uni\u00f3n continental en esta zona del continente americano.<\/span><span style=\"font-family: Verdana; font-size: 9pt;\">\u00a0<\/span><\/span><\/p>\n<p style=\"text-align: justify;\"><span style=\"color: #000000;\"><span style=\"font-family: Verdana; font-size: 9pt;\">Se\u00f1ores: como ha respondido el Paraguay, aunque es un peque\u00f1o pa\u00eds; como ir\u00e1n respondiendo otros pa\u00edses del continente, despacito, sin presiones y sin violencias de ninguna<\/span><span style=\"font-family: Verdana; font-size: 9pt; font-weight: bold;\">\u00a0<\/span><span style=\"font-family: Verdana; font-size: 9pt;\">naturaleza, as\u00ed se va configurando ya una suerte de uni\u00f3n.<\/span><span style=\"font-family: Verdana; font-size: 9pt;\">\u00a0<\/span><\/span><\/p>\n<p style=\"text-align: justify;\"><span style=\"color: #000000;\"><span style=\"font-family: Verdana; font-size: 9pt;\">Las uniones deben realizarse por el procedimiento que es com\u00fan; primeramente hay que conectar algo; despu\u00e9s las dem\u00e1s conexiones se van formando con el tiempo y con los <\/span><span style=\"font-family: Verdana; font-size: 9pt;\">acontecimientos.<\/span><\/span><br \/>\n<span style=\"font-family: Verdana; font-size: 9pt; color: #000000;\"> Chile, a\u00fan a pesar de la lucha que debe sostener all\u00ed, ya est\u00e1 unido con la Argentina,<\/span><\/p>\n<p style=\"text-align: justify;\"><span style=\"color: #000000;\"><span style=\"font-family: Verdana; font-size: 9pt;\">El Paraguay se halla en igual situaci\u00f3n. Hay otros pa\u00edses que ya est\u00e1n inclinados a realizar lo mismo. Si nosotros conseguimos ir adhiriendo lentamente a otros pa\u00edses, no va a tardar mucho en que el Brasil haga tambi\u00e9n lo mismo, y \u00e9se ser\u00e1 el principio del triunfo de nuestra pol\u00edtica.<\/span><span style=\"font-family: Verdana; font-size: 9pt;\">\u00a0<\/span><\/span><\/p>\n<p style=\"text-align: justify;\"><span style=\"color: #000000;\"><span style=\"font-family: Verdana; font-size: 9pt;\">La uni\u00f3n continental sobre la base de la Argentina, Brasil y Chile est\u00e1 mucho m\u00e1s pr\u00f3xima de lo que creen muchos argentinos<\/span><span style=\"font-family: Verdana; font-size: 9pt; font-weight: bold;\">,<\/span><span style=\"font-family: Verdana; font-size: 9pt; font-weight: bold;\">\u00a0<\/span><span style=\"font-family: Verdana; font-size: 9pt;\">muchos chilenos y muchos brasile\u00f1os; en el Brasil hay un sector enorme que trabaj\u00f3 por esto.<\/span><span style=\"font-family: Verdana; font-size: 9pt;\">\u00a0<\/span><\/span><\/p>\n<p style=\"text-align: justify;\"><span style=\"color: #000000;\"><span style=\"font-family: Verdana; font-size: 9pt;\">Lo \u00fanico que hay que vencer son intereses; pero cuando los intereses de los pa\u00edses entran a actuar, los de los hombres deben ser vencidos por aquellos; \u00e9sa es nuestra mayor esperanza.<\/span><span style=\"font-family: Verdana; font-size: 9pt;\">\u00a0<\/span><\/span><\/p>\n<p style=\"text-align: justify;\"><span style=\"font-family: Verdana; font-size: 9pt; color: #000000;\">Hasta que esto se produzca, se\u00f1ores, no tenemos otro remedio que esperar y trabajar para que se realice: y esa es nuestra acci\u00f3n y esa es nuestra orientaci\u00f3n.<\/span><br \/>\n<span style=\"color: #000000;\"> <span style=\"font-family: Verdana; font-size: 9pt;\">Muchas gracias.<\/span><span style=\"font-family: Verdana; font-size: 9pt;\">\u00a0<\/span><\/span><\/p>\n<p style=\"margin: 0pt;\"><span style=\"font-family: 'Times New Roman'; font-size: 12pt; color: #000000;\">\u00a0<\/span><\/p>\n<p style=\"background-color: #ffffff; margin: 5pt 0pt; text-align: center;\"><span style=\"color: #000000;\"><span style=\"font-family: Verdana; font-size: 9pt; font-style: italic; font-weight: bold;\">\u00abLos hermanos sean unidos<\/span><span style=\"font-family: Verdana; font-size: 9pt; font-weight: bold;\">\u00a0<\/span><\/span><br \/>\n<span style=\"color: #000000;\"> <span style=\"font-family: Verdana; font-size: 9pt; font-style: italic; font-weight: bold;\">porque esa es la ley primera.<\/span><span style=\"font-family: Verdana; font-size: 9pt; font-weight: bold;\">\u00a0<\/span><\/span><br \/>\n<span style=\"color: #000000;\"> <span style=\"font-family: Verdana; font-size: 9pt; font-style: italic; font-weight: bold;\">Tengan uni\u00f3n verdadera<\/span><span style=\"font-family: Verdana; font-size: 9pt; font-weight: bold;\">\u00a0<\/span><\/span><br \/>\n<span style=\"color: #000000;\"> <span style=\"font-family: Verdana; font-size: 9pt; font-style: italic; font-weight: bold;\">en cualquier tiempo que sea,<\/span><span style=\"font-family: Verdana; font-size: 9pt; font-weight: bold;\">\u00a0<\/span><\/span><br \/>\n<span style=\"color: #000000;\"> <span style=\"font-family: Verdana; font-size: 9pt; font-style: italic; font-weight: bold;\">porque si entre ellos pelean<\/span><span style=\"font-family: Verdana; font-size: 9pt; font-weight: bold;\">\u00a0<\/span><\/span><br \/>\n<span style=\"color: #000000;\"> <span style=\"font-family: Verdana; font-size: 9pt; font-style: italic; font-weight: bold;\">los devoran los de <\/span><span style=\"font-family: Verdana; font-size: 9pt; font-style: italic; font-weight: bold;\">ajuera<\/span><span style=\"font-family: Verdana; font-size: 9pt; font-style: italic; font-weight: bold;\">\u00bb.<\/span><span style=\"font-family: Verdana; font-size: 9pt; font-weight: bold;\">\u00a0<\/span><\/span><br \/>\n<span style=\"color: #000000;\"> <span style=\"font-family: Verdana; font-size: 9pt; font-style: italic; font-weight: bold;\">Mart\u00edn Fierro<\/span><span style=\"font-family: Verdana; font-size: 9pt; font-weight: bold;\">\u00a0<\/span><\/span><br \/>\n<img loading=\"lazy\" decoding=\"async\" class=\"size-full wp-image-5565 aligncenter\" src=\"https:\/\/historiadelperonismo.com\/wp-content\/uploads\/55e868ef45b5f_img.jpeg\" alt=\"55e868ef45b5f_img\" width=\"276\" height=\"249\" srcset=\"https:\/\/historiadelperonismo.com\/wp-content\/uploads\/55e868ef45b5f_img.jpeg 276w, https:\/\/historiadelperonismo.com\/wp-content\/uploads\/55e868ef45b5f_img-162x146.jpeg 162w, https:\/\/historiadelperonismo.com\/wp-content\/uploads\/55e868ef45b5f_img-50x45.jpeg 50w\" sizes=\"(max-width: 276px) 100vw, 276px\" \/><\/p>\n<p style=\"background-color: #ffffff; margin: 5pt 0pt; text-align: justify;\"><span style=\"font-family: Verdana; font-size: 9pt;\">\u00a0<\/span><\/p>\n<p style=\"font-size: 11pt; line-height: 115%; margin: 0pt 0pt 10pt;\"><span style=\"font-family: Calibri; font-size: 11pt;\">\u00a0<\/span><\/p>\n<\/div>\n<p>&nbsp;<\/p>\n","protected":false},"excerpt":{"rendered":"<p><a style=\"color:#626262;\" href=\"https:\/\/historiadelperonismo.com\/?p=4177\">Per\u00f3n en Chile<br \/>Leer m\u00e1s<\/a><\/p>\n","protected":false},"author":2,"featured_media":0,"comment_status":"closed","ping_status":"closed","sticky":false,"template":"","format":"standard","meta":{"footnotes":""},"categories":[7],"tags":[],"class_list":["post-4177","post","type-post","status-publish","format-standard","hentry","category-otros-autores"],"_links":{"self":[{"href":"https:\/\/historiadelperonismo.com\/index.php?rest_route=\/wp\/v2\/posts\/4177","targetHints":{"allow":["GET"]}}],"collection":[{"href":"https:\/\/historiadelperonismo.com\/index.php?rest_route=\/wp\/v2\/posts"}],"about":[{"href":"https:\/\/historiadelperonismo.com\/index.php?rest_route=\/wp\/v2\/types\/post"}],"author":[{"embeddable":true,"href":"https:\/\/historiadelperonismo.com\/index.php?rest_route=\/wp\/v2\/users\/2"}],"replies":[{"embeddable":true,"href":"https:\/\/historiadelperonismo.com\/index.php?rest_route=%2Fwp%2Fv2%2Fcomments&post=4177"}],"version-history":[{"count":5,"href":"https:\/\/historiadelperonismo.com\/index.php?rest_route=\/wp\/v2\/posts\/4177\/revisions"}],"predecessor-version":[{"id":11576,"href":"https:\/\/historiadelperonismo.com\/index.php?rest_route=\/wp\/v2\/posts\/4177\/revisions\/11576"}],"wp:attachment":[{"href":"https:\/\/historiadelperonismo.com\/index.php?rest_route=%2Fwp%2Fv2%2Fmedia&parent=4177"}],"wp:term":[{"taxonomy":"category","embeddable":true,"href":"https:\/\/historiadelperonismo.com\/index.php?rest_route=%2Fwp%2Fv2%2Fcategories&post=4177"},{"taxonomy":"post_tag","embeddable":true,"href":"https:\/\/historiadelperonismo.com\/index.php?rest_route=%2Fwp%2Fv2%2Ftags&post=4177"}],"curies":[{"name":"wp","href":"https:\/\/api.w.org\/{rel}","templated":true}]}}