{"id":4283,"date":"2015-04-18T10:20:45","date_gmt":"2015-04-18T10:20:45","guid":{"rendered":"http:\/\/www.xn--diseowebdmg4-dhb.com.ar\/historiadelperonismo\/?p=4283"},"modified":"2018-08-14T21:46:01","modified_gmt":"2018-08-15T00:46:01","slug":"los-derechos-del-nino","status":"publish","type":"post","link":"https:\/\/historiadelperonismo.com\/?p=4283","title":{"rendered":"Los Derechos del Ni\u00f1o"},"content":{"rendered":"<p>&nbsp;<\/p>\n<div>\n<div style=\"border: solid windowtext 1.0pt; padding: 1.0pt 4.0pt 1.0pt 4.0pt; margin-left: 10.1pt; margin-right: 10.1pt;\">\n<p style=\"background-color: #ffffff; margin: 0pt; text-align: justify;\"><span style=\"color: #000054; font-family: Arial; font-size: 14pt; font-weight: bold;\">Este material fue editado por la Fundaci\u00f3n Ram\u00f3n Carrillo y reenviado a nuestra p\u00e1gina con la introducci\u00f3n que lo antecede, por el Compa\u00f1ero Jos\u00e9 Mar\u00eda Di<\/span><span style=\"color: #000054; font-family: Arial; font-size: 14pt; font-weight: bold;\">\u00a0<\/span><span style=\"color: #000054; font-family: Arial; font-size: 14pt; font-weight: bold;\">Giorno<\/span><span style=\"color: #000054; font-family: Arial; font-size: 14pt; font-weight: bold;\">. A ellos expresamos nuestra gratitud.<\/span><\/p>\n<\/div>\n<p style=\"background-color: #ffffff; margin: 0pt; text-align: justify;\"><span style=\"color: #222222; font-family: Verdana; font-size: 14pt; font-weight: bold;\">\u00a0<\/span><\/p>\n<p style=\"background-color: #ffffff; margin: 0pt; text-align: justify;\"><span style=\"color: #222222; font-family: Arial; font-size: 14pt; font-style: italic;\">\u00a0<\/span><\/p>\n<p style=\"background-color: #ffffff; margin: 0pt; text-align: justify;\"><span style=\"color: #222222; font-family: Arial; font-size: 14pt; font-style: italic;\">\u00a0<\/span><\/p>\n<p style=\"background-color: #ffffff; margin: 0pt; text-align: justify;\"><span style=\"color: #222222; font-family: Arial; font-size: 14pt; font-style: italic;\">\u00a0<\/span><\/p>\n<p style=\"background-color: #ffffff; margin: 0pt; text-align: justify;\"><span style=\"color: #00004c; font-family: Arial; font-size: 14pt; font-style: italic;\">En virtud a la Reforma del C\u00f3digo Civil, y con el dictamen firmado el 20 de corriente, ratificando \u201cque la vida humana comienza con la concepci\u00f3n\u201d, principio <\/span><span style=\"color: #00004c; font-family: Arial; font-size: 14pt; font-style: italic;\">\u00a0<\/span><span style=\"color: #00004c; font-family: Arial; font-size: 14pt; font-style: italic;\">solicitado por la Iglesia, env\u00edo antecedente que sobre el tema, contemplaba el gobierno del general Juan D. Per\u00f3n, apoyado en la magn\u00edfica elaboraci\u00f3n y propuesta del ministro Dr. Ram\u00f3n Carrillo.<\/span><\/p>\n<p style=\"background-color: #ffffff; margin: 0pt; text-align: justify;\"><span style=\"color: #00004c; font-family: Arial; font-size: 14pt; font-style: italic;\">El afiche y el resumen que acompa\u00f1aban la campa\u00f1a, ponen de manifiesto la indubitable esencia cristiana del justicialismo, adelant\u00e1ndose a las nuevas concepciones que el mundo adoptara con posterioridad.<\/span><\/p>\n<p style=\"background-color: #ffffff; margin: 0pt; text-align: justify;\"><span style=\"color: #00004c; font-family: Arial; font-size: 14pt; font-style: italic;\">Es justicia el reconocimiento a quienes desde la Argentina marcaran rumbo en los derechos del hombre desde como all\u00ed lo dice \u201cdesde antes de nacer\u201d, y que el recuerdo de estas obras no disimulen el olvido de los verdaderos principios del <\/span><span style=\"color: #00004c; font-family: Arial; font-size: 14pt; font-style: italic;\">\u00a0<\/span><span style=\"color: #00004c; font-family: Arial; font-size: 14pt; font-style: italic;\">justicialismo que muchos diera la impresi\u00f3n vienen padeciendo.<\/span><\/p>\n<p style=\"background-color: #ffffff; margin: 0pt; text-align: justify;\"><span style=\"color: #00004c; font-family: Arial; font-size: 14pt; font-style: italic;\">Ser\u00e1 justicia. Un abrazo peronista.<\/span><\/p>\n<p style=\"background-color: #ffffff; margin: 0pt; text-align: justify;\"><span style=\"color: #00004c; font-family: Arial; font-size: 14pt; font-style: italic;\">\u00a0<\/span><\/p>\n<p style=\"background-color: #ffffff; margin: 0pt; text-align: justify;\"><span style=\"color: #00004c; font-family: Arial; font-size: 14pt; font-style: italic;\">\u00a0<\/span><\/p>\n<p style=\"background-color: #ffffff; margin: 0pt; text-align: justify;\"><span style=\"color: #00004c; font-family: Arial; font-size: 14pt; font-style: italic;\">\u00a0<\/span><\/p>\n<p style=\"background-color: #ffffff; margin: 0pt; text-align: justify;\"><span style=\"color: #00004c; font-family: Arial; font-size: 14pt; font-style: italic;\">\u00a0<\/span><\/p>\n<p style=\"background-color: #ffffff; margin: 0pt; text-align: center;\"><img fetchpriority=\"high\" decoding=\"async\" class=\"aligncenter size-full wp-image-5876\" src=\"https:\/\/historiadelperonismo.com\/wp-content\/uploads\/55e9cdbd69c26_img.jpeg\" alt=\"55e9cdbd69c26_img\" width=\"446\" height=\"280\" srcset=\"https:\/\/historiadelperonismo.com\/wp-content\/uploads\/55e9cdbd69c26_img.jpeg 446w, https:\/\/historiadelperonismo.com\/wp-content\/uploads\/55e9cdbd69c26_img-300x188.jpeg 300w, https:\/\/historiadelperonismo.com\/wp-content\/uploads\/55e9cdbd69c26_img-233x146.jpeg 233w, https:\/\/historiadelperonismo.com\/wp-content\/uploads\/55e9cdbd69c26_img-50x31.jpeg 50w\" sizes=\"(max-width: 446px) 100vw, 446px\" \/><\/p>\n<p style=\"background-color: #ffffff; margin: 0pt; text-align: justify;\"><span style=\"color: #00004c; font-family: Arial; font-size: 14pt; font-style: italic;\">\u00a0<\/span><\/p>\n<p style=\"background-color: #ffffff; margin: 0pt; text-align: justify;\"><span style=\"color: #00004c; font-family: Arial; font-size: 14pt; font-style: italic;\">\u00a0<\/span><\/p>\n<p style=\"background-color: #ffffff; margin: 0pt; text-align: center;\"><span style=\"color: #00004c; font-family: Arial; font-size: 12pt; font-weight: bold;\">Dr. Ram\u00f3n Carrillo<\/span><\/p>\n<p style=\"background-color: #ffffff; margin: 0pt; text-align: center;\"><span style=\"color: #00004c; font-family: Arial; font-size: 10pt; font-weight: bold;\">Foto<\/span><span style=\"color: #00004c; font-family: Arial; font-size: 10pt; font-weight: bold;\">\u00a0<\/span><span style=\"color: #00004c; font-family: Arial; font-size: 10pt; font-weight: bold;\">secciones.cienradios.com.ar<\/span><\/p>\n<p style=\"background-color: #ffffff; margin: 0pt; text-align: justify;\"><span style=\"color: #222222; font-family: Arial; font-size: 14pt; font-style: italic;\">\u00a0<\/span><\/p>\n<p style=\"background-color: #ffffff; margin: 0pt; text-align: center;\"><span style=\"color: #00004c; font-family: Verdana; font-size: 13.5pt; font-weight: bold;\">\u00a0<\/span><\/p>\n<p style=\"background-color: #ffffff; margin: 0pt; text-align: center;\"><span style=\"color: #00004c; font-family: Verdana; font-size: 13.5pt; font-weight: bold;\">\u00a0<\/span><\/p>\n<p style=\"background-color: #ffffff; margin: 0pt; text-align: center;\"><span style=\"color: #00004c; font-family: Arial; font-size: 11pt;\">\u00a0<\/span><\/p>\n<p style=\"background-color: #ffffff; margin: 0pt; text-align: center;\"><span style=\"color: #00004c; font-family: Arial; font-size: 14pt; font-weight: bold;\">RAM\u00d3N CARRILLO<\/span><\/p>\n<p style=\"background-color: #ffffff; margin: 0pt; text-align: center;\"><span style=\"color: #00004c; font-family: Arial; font-size: 14pt; font-weight: bold;\">D\u00cdA INTERNACIONAL DEL NI\u00d1O POR NACER<\/span><\/p>\n<p style=\"background-color: #ffffff; margin: 0pt; text-align: justify;\"><span style=\"color: #00004c; font-family: Arial; font-size: 14pt; font-weight: bold;\">\u00a0<\/span><\/p>\n<p style=\"background-color: #ffffff; margin: 0pt; text-align: justify;\"><span style=\"color: #00004c; font-family: Arial; font-size: 14pt; font-weight: bold;\">\u00a0<\/span><\/p>\n<p style=\"background-color: #ffffff; margin: 0pt; text-align: justify;\"><span style=\"color: #00004c; font-family: Arial; font-size: 14pt; font-weight: bold;\">\u00a0<\/span><\/p>\n<p style=\"background-color: #ffffff; margin: 0pt; text-align: center;\"><img decoding=\"async\" class=\"aligncenter size-full wp-image-5877\" src=\"https:\/\/historiadelperonismo.com\/wp-content\/uploads\/55e9cdbd6a02d_img.jpeg\" alt=\"55e9cdbd6a02d_img\" width=\"475\" height=\"686\" srcset=\"https:\/\/historiadelperonismo.com\/wp-content\/uploads\/55e9cdbd6a02d_img.jpeg 475w, https:\/\/historiadelperonismo.com\/wp-content\/uploads\/55e9cdbd6a02d_img-208x300.jpeg 208w, https:\/\/historiadelperonismo.com\/wp-content\/uploads\/55e9cdbd6a02d_img-101x146.jpeg 101w, https:\/\/historiadelperonismo.com\/wp-content\/uploads\/55e9cdbd6a02d_img-35x50.jpeg 35w\" sizes=\"(max-width: 475px) 100vw, 475px\" \/><\/p>\n<p style=\"background-color: #ffffff; margin: 0pt; text-align: center;\"><span style=\"color: #00004c; font-family: 'Times New Roman'; font-size: 12pt;\">\u00a0<\/span><\/p>\n<p style=\"background-color: #ffffff; margin: 0pt; text-align: center;\"><span style=\"color: #00004c; font-family: 'Arial Black'; font-size: 14pt; font-weight: bold;\">\u00a0<\/span><span style=\"color: #00004c; font-family: 'Arial Black'; font-size: 14pt; font-weight: bold;\">\u00a0<\/span><span style=\"color: #00004c; font-family: 'Arial Black'; font-size: 14pt; font-weight: bold;\">\u00a0<\/span><span style=\"color: #00004c; font-family: 'Arial Black'; font-size: 14pt; font-weight: bold;\">\u00a0<\/span><span style=\"color: #00004c; font-family: 'Arial Black'; font-size: 14pt; font-weight: bold;\">\u00a0<\/span><span style=\"color: #00004c; font-family: 'Arial Black'; font-size: 14pt; font-weight: bold;\">\u00a0<\/span><span style=\"color: #00004c; font-family: 'Arial Black'; font-size: 14pt; font-weight: bold;\">\u00a0<\/span><span style=\"color: #00004c; font-family: Arial; font-size: 12pt; font-weight: bold;\">Afiche de campa\u00f1a (hacia 1950)<\/span><br \/>\n<span style=\"color: #00004c; font-family: Arial; font-size: 12pt; font-weight: bold;\">\u00a0<\/span><span style=\"color: #00004c; font-family: Arial; font-size: 12pt; font-weight: bold;\">\u00a0<\/span><span style=\"color: #00004c; font-family: Arial; font-size: 12pt; font-weight: bold;\">\u00a0<\/span><span style=\"color: #00004c; font-family: Arial; font-size: 12pt; font-weight: bold;\">\u00a0<\/span><span style=\"color: #00004c; font-family: Arial; font-size: 12pt; font-weight: bold;\">\u00a0<\/span><span style=\"color: #00004c; font-family: Arial; font-size: 12pt; font-weight: bold;\">\u00a0<\/span><span style=\"color: #00004c; font-family: Arial; font-size: 12pt; font-weight: bold;\">Ministerio de Salud P\u00fablica de la Naci\u00f3n<\/span><\/p>\n<p style=\"background-color: #ffffff; margin: 0pt; text-align: justify;\"><span style=\"color: #00004c; font-family: 'Arial Black'; font-size: 14pt;\">\u00a0<\/span><\/p>\n<p style=\"background-color: #ffffff; margin: 0pt; text-align: justify;\"><span style=\"color: #00004c; font-family: 'Arial Black'; font-size: 14pt;\">\u00a0<\/span><\/p>\n<p style=\"background-color: #ffffff; margin: 0pt; text-align: justify;\"><span style=\"color: #00004c; font-family: Arial; font-size: 11pt;\">\u00a0<\/span><\/p>\n<p style=\"background-color: #ffffff; margin: 0pt 0pt 12pt; text-align: justify;\"><span style=\"color: #00004c; font-family: Arial; font-size: 14pt; font-weight: bold;\">Recordamos tambi\u00e9n que los \u201cDERECHOS DEL RECI\u00c9N NACIDO\u201d y \u00abNECESIDADES DEL NI\u00d1O\u00bb \u2013concebidos por nuestro Pr\u00f3cer de la Salud y publicados en su libro \u00abNace un Hijo\u00bb en 1951\u2013 sirvieron de base a la Asamblea General de las <\/span><span style=\"color: #00004c; font-family: Arial; font-size: 14pt; font-weight: bold;\">Naciones Unidas para elaborar y proclamar en 1959 la \u201cDeclaraci\u00f3n de los Derechos del Ni\u00f1o\u201d, resoluci\u00f3n 1386 (XIV), del 20 de noviembre de 1959.<\/span><\/p>\n<p style=\"background-color: #ffffff; margin: 0pt 0pt 12pt; text-align: justify;\"><span style=\"color: #00004c; font-family: Arial; font-size: 14pt; font-weight: bold;\">\u00a0<\/span><span style=\"color: #00004c; font-family: Arial; font-size: 14pt; font-weight: bold;\">\u00a0<\/span><span style=\"color: #00004c; font-family: Arial; font-size: 14pt; font-weight: bold;\">\u00a0<\/span><span style=\"color: #00004c; font-family: Arial; font-size: 14pt; font-weight: bold;\">\u00a0<\/span><span style=\"color: #00004c; font-family: Arial; font-size: 14pt; font-weight: bold;\">\u00a0<\/span><span style=\"color: #00004c; font-family: Arial; font-size: 14pt; font-weight: bold;\">\u00a0<\/span><span style=\"color: #00004c; font-family: Arial; font-size: 14pt; font-weight: bold;\">\u00a0<\/span><span style=\"color: #00004c; font-family: Arial; font-size: 14pt; font-weight: bold;\">\u00a0<\/span><span style=\"color: #00004c; font-family: Arial; font-size: 14pt; font-weight: bold;\">\u00a0<\/span><span style=\"color: #00004c; font-family: Arial; font-size: 14pt; font-weight: bold;\">\u00a0<\/span><span style=\"color: #00004c; font-family: Arial; font-size: 14pt; font-weight: bold;\">\u00a0<\/span><span style=\"color: #00004c; font-family: Arial; font-size: 14pt; font-weight: bold;\">\u00a0<\/span><span style=\"color: #00004c; font-family: Arial; font-size: 14pt; font-weight: bold;\">\u00a0<\/span><span style=\"color: #00004c; font-family: Arial; font-size: 14pt; font-weight: bold;\">\u00a0<\/span><span style=\"color: #00004c; font-family: Arial; font-size: 14pt; font-weight: bold;\">\u00a0<\/span><span style=\"color: #00004c; font-family: Arial; font-size: 14pt; font-weight: bold;\">\u00a0<\/span><span style=\"color: #00004c; font-family: Arial; font-size: 14pt; font-weight: bold;\">\u00a0<\/span><span style=\"color: #00004c; font-family: Arial; font-size: 14pt; font-weight: bold;\">\u00a0<\/span><span style=\"color: #00004c; font-family: Arial; font-size: 14pt; font-weight: bold;\">\u00a0<\/span><span style=\"color: #00004c; font-family: Arial; font-size: 14pt; font-weight: bold;\">\u00a0<\/span><span style=\"color: #00004c; font-family: Arial; font-size: 14pt; font-weight: bold;\">\u00a0<\/span><span style=\"color: #00004c; font-family: Arial; font-size: 14pt; font-weight: bold;\">\u00a0<\/span><span style=\"color: #00004c; font-family: Arial; font-size: 14pt; font-weight: bold;\">\u00a0<\/span><span style=\"color: #00004c; font-family: Arial; font-size: 14pt; font-weight: bold;\">\u00a0<\/span><span style=\"color: #00004c; font-family: Arial; font-size: 14pt; font-weight: bold;\">\u00a0<\/span><span style=\"color: #00004c; font-family: Arial; font-size: 14pt; font-weight: bold;\">\u00a0<\/span><\/p>\n<p style=\"background-color: #ffffff; margin: 0pt 0pt 12pt; text-align: justify;\"><span style=\"color: #00004c; font-family: Arial; font-size: 14pt; font-weight: bold;\">\u00a0<\/span><\/p>\n<p style=\"background-color: #ffffff; margin: 0pt 0pt 12pt; text-align: center;\"><span style=\"color: #00004c; font-family: Arial; font-size: 14pt; font-weight: bold;\">MINISTERIO DE SALUD P\u00daBLICA DE LA NACI\u00d3N<\/span><\/p>\n<p style=\"background-color: #ffffff; margin: 0pt; text-align: justify;\"><span style=\"color: #00004c; font-family: Arial; font-size: 14pt; font-weight: bold;\">Resoluci\u00f3n 41749 del 27\/12\/1951: \u00ab\u2026Resuelve: que se distribuya gratuitamente la Primera Edici\u00f3n del libro \u201cNace un hijo\u201d entre todas las madres argentinas, dando especial preferencia a las que trabajan, en oficinas, f\u00e1bricas o talleres.\u00bb<\/span><\/p>\n<p style=\"background-color: #ffffff; margin: 0pt 0pt 12pt; text-align: right;\"><span style=\"color: #00004c; font-family: Arial; font-size: 14pt; font-weight: bold;\">(Memoria del<\/span><span style=\"color: #00004c; font-family: Arial; font-size: 14pt; font-weight: bold;\">\u00a0<\/span><span style=\"color: #00004c; font-family: Arial; font-size: 14pt; font-weight: bold;\">MSPN, junio<\/span><span style=\"color: #00004c; font-family: Arial; font-size: 14pt; font-weight: bold;\">\u00a0<\/span><span style=\"color: #00004c; font-family: Arial; font-size: 14pt; font-weight: bold;\">1946 a<\/span><span style=\"color: #00004c; font-family: Arial; font-size: 14pt; font-weight: bold;\">\u00a0<\/span><span style=\"color: #00004c; font-family: Arial; font-size: 14pt; font-weight: bold;\">mayo 1952, p. 419).<\/span><\/p>\n<p style=\"background-color: #ffffff; margin: 0pt 0pt 12pt; text-align: right;\"><span style=\"color: #00004c; font-family: Arial; font-size: 14pt; font-weight: bold;\">\u00a0<\/span><\/p>\n<p style=\"background-color: #ffffff; margin: 0pt 0pt 12pt; text-align: justify;\"><span style=\"color: #00004c; font-family: Arial; font-size: 12pt; font-style: italic; font-weight: bold;\">\u00abEstas p\u00e1ginas, dedicadas a las madres, sobre todo a las madres humildes, a las madres del pueblo, laboriosas y fecundas, han sido escritas con el pensamiento puesto en el porvenir de la Patria. Porvenir que cobra vida en cada uno de los ni\u00f1os que nacen de un extremo a otro de su inmenso territorio.\u00bb (Ram\u00f3n Carrillo; \u00abNace un Hijo\u00bb. Pr\u00f3logo, p\u00e1g. 13)<\/span><\/p>\n<p style=\"background-color: #ffffff; margin: 0pt 0pt 12pt; text-align: justify;\"><span style=\"color: #00004c; font-family: Arial; font-size: 11pt;\">\u00a0<\/span><\/p>\n<p style=\"background-color: #ffffff; margin: 0pt; text-align: center;\"><span style=\"color: #00004c; font-family: Arial; font-size: 14pt; font-weight: bold;\">LOS DERECHOS DEL RECI\u00c9N NACIDO<\/span><\/p>\n<p style=\"background-color: #ffffff; margin: 0pt; text-align: center;\"><span style=\"color: #00004c; font-family: Georgia; font-size: 12pt; font-weight: bold;\">I.<\/span><br \/>\n<span style=\"color: #00004c; font-family: Arial; font-size: 12pt; font-weight: bold;\">Derecho a tener padre y madre.<\/span><\/p>\n<p style=\"background-color: #ffffff; margin: 0pt; text-align: center;\"><span style=\"color: #00004c; font-family: Arial; font-size: 12pt; font-weight: bold;\">II.<\/span><br \/>\n<span style=\"color: #00004c; font-family: Arial; font-size: 12pt; font-weight: bold;\">Derecho <\/span><span style=\"color: #00004c; font-family: Arial; font-size: 12pt; font-weight: bold;\">a<\/span><span style=\"color: #00004c; font-family: Arial; font-size: 12pt; font-weight: bold;\"> ser deseado y recibido con alegr\u00eda y tranquilidad.<\/span><\/p>\n<p style=\"background-color: #ffffff; margin: 0pt; text-align: center;\"><span style=\"color: #00004c; font-family: Arial; font-size: 12pt; font-weight: bold;\">III.<\/span><br \/>\n<span style=\"color: #00004c; font-family: Arial; font-size: 12pt; font-weight: bold;\">Derecho a que se le suministre el mejor alimento: la leche de su propia madre.<\/span><\/p>\n<p style=\"background-color: #ffffff; margin: 0pt; text-align: center;\"><span style=\"color: #00004c; font-family: Arial; font-size: 12pt; font-weight: bold;\">IV.<\/span><br \/>\n<span style=\"color: #00004c; font-family: Arial; font-size: 12pt; font-weight: bold;\">Derecho a que se le eduque desde su nacimiento.<\/span><\/p>\n<p style=\"background-color: #ffffff; margin: 0pt; text-align: center;\"><span style=\"color: #00004c; font-family: Arial; font-size: 12pt; font-weight: bold;\">V.<\/span><br \/>\n<span style=\"color: #00004c; font-family: Arial; font-size: 12pt; font-weight: bold;\">Derecho a que se investiguen las causas de su llanto.<\/span><\/p>\n<p style=\"background-color: #ffffff; margin: 0pt; text-align: center;\"><span style=\"color: #00004c; font-family: Arial; font-size: 12pt; font-weight: bold;\">VI.<\/span><br \/>\n<span style=\"color: #00004c; font-family: Arial; font-size: 12pt; font-weight: bold;\">Derecho a la luz, al sol y al aire libre.<\/span><\/p>\n<p style=\"background-color: #ffffff; margin: 0pt; text-align: center;\"><span style=\"color: #00004c; font-family: Arial; font-size: 12pt; font-weight: bold;\">VII.<\/span><br \/>\n<span style=\"color: #00004c; font-family: Arial; font-size: 12pt; font-weight: bold;\">Derecho a tener un ajuar adecuado y limpio.<\/span><\/p>\n<p style=\"background-color: #ffffff; margin: 0pt; text-align: center;\"><span style=\"color: #00004c; font-family: Arial; font-size: 12pt; font-weight: bold;\">VIII.<\/span><br \/>\n<span style=\"color: #00004c; font-family: Arial; font-size: 12pt; font-weight: bold;\">Derecho a dormir solo en su cuna.<\/span><\/p>\n<p style=\"background-color: #ffffff; margin: 0pt; text-align: center;\"><span style=\"color: #00004c; font-family: Arial; font-size: 12pt; font-weight: bold;\">IX.<\/span><br \/>\n<span style=\"color: #00004c; font-family: Arial; font-size: 12pt; font-weight: bold;\">Derecho a no ser juguete de los mayores.<\/span><\/p>\n<p style=\"background-color: #ffffff; margin: 0pt; text-align: center;\"><span style=\"color: #00004c; font-family: Arial; font-size: 12pt;\">\u00a0<\/span><\/p>\n<p style=\"background-color: #ffffff; margin: 0pt; text-align: center;\"><span style=\"color: #00004c; font-family: Arial; font-size: 12pt; font-weight: bold;\">X.<\/span><br \/>\n<span style=\"color: #00004c; font-family: Arial; font-size: 12pt; font-weight: bold;\">Derecho a la higiene.<\/span><\/p>\n<p style=\"background-color: #ffffff; margin: 0pt; text-align: center;\"><span style=\"color: #00004c; font-family: Arial; font-size: 12pt; font-weight: bold;\">XI.<\/span><br \/>\n<span style=\"color: #00004c; font-family: Arial; font-size: 12pt; font-weight: bold;\">Derecho a la asistencia m\u00e9dica.<\/span><\/p>\n<p style=\"background-color: #ffffff; margin: 0pt; text-align: center;\"><span style=\"color: #00004c; font-family: Arial; font-size: 12pt; font-weight: bold;\">XII.<\/span><br \/>\n<span style=\"color: #00004c; font-family: Arial; font-size: 12pt; font-weight: bold;\">Derecho a que sus padres sepan c\u00f3mo se desarrolla.<\/span><\/p>\n<p style=\"background-color: #ffffff; margin: 0pt; text-align: center;\"><span style=\"color: #00004c; font-family: Arial; font-size: 11pt;\">\u00a0<\/span><\/p>\n<p style=\"background-color: #ffffff; margin: 0pt; text-align: justify;\"><span style=\"color: #00004c; font-family: Arial; font-size: 12pt; font-style: italic; font-weight: bold;\">\u00abToda necesidad, en un ni\u00f1o, es un derecho. La idea de un derecho determinado es una abstracci\u00f3n del esp\u00edritu; la noci\u00f3n de necesidad es algo concreto, emergente de la biolog\u00eda.\u201d<\/span><\/p>\n<p style=\"background-color: #ffffff; margin: 0pt 0pt 12pt; text-align: justify;\"><span style=\"color: #00004c; font-family: Arial; font-size: 12pt; font-style: italic; font-weight: bold;\">\u00abAhora se\u00f1alamos las necesidades del ni\u00f1o en su avance, como ni\u00f1o, por los caminos de la vida.\u00bb<\/span><\/p>\n<p style=\"background-color: #ffffff; margin: 0pt 0pt 12pt; text-align: justify;\"><span style=\"color: #00004c; font-family: Arial; font-size: 12pt;\">\u00a0<\/span><\/p>\n<p style=\"background-color: #ffffff; margin: 0pt 0pt 12pt; text-align: center;\"><span style=\"color: #00004c; font-family: Arial; font-size: 14pt; font-weight: bold;\">NECESIDADES DEL NI\u00d1O<\/span><\/p>\n<p style=\"background-color: #ffffff; margin: 0pt 0pt 12pt; text-align: center;\"><span style=\"color: #00004c; font-family: Arial; font-size: 12pt; font-weight: bold;\">1. PREVISI\u00d3N<\/span><br \/>\n<span style=\"color: #00004c; font-family: Arial; font-size: 12pt; font-weight: bold;\">Necesita llegar a la vida con un m\u00e1ximo de seguridad y un m\u00ednimo de previsiones para su porvenir.<\/span><\/p>\n<p style=\"background-color: #ffffff; margin: 0pt 0pt 12pt; text-align: center;\"><span style=\"color: #00004c; font-family: Arial; font-size: 12pt; font-weight: bold;\">2. HOGAR<\/span><br \/>\n<span style=\"color: #00004c; font-family: Arial; font-size: 12pt; font-weight: bold;\">Necesita un hogar bien constituido e ignorar las diferencias entre sus padres.<\/span><\/p>\n<p style=\"background-color: #ffffff; margin: 0pt 0pt 12pt; text-align: center;\"><span style=\"color: #00004c; font-family: Arial; font-size: 12pt; font-weight: bold;\">3. ASISTENCIA<\/span><br \/>\n<span style=\"color: #00004c; font-family: Arial; font-size: 12pt; font-weight: bold;\">Necesita protecci\u00f3n jur\u00eddica y sanitaria.<\/span><\/p>\n<p style=\"background-color: #ffffff; margin: 0pt 0pt 12pt; text-align: center;\"><span style=\"color: #00004c; font-family: Arial; font-size: 12pt; font-weight: bold;\">4. COMPRENSI\u00d3N<\/span><br \/>\n<span style=\"color: #00004c; font-family: Arial; font-size: 12pt; font-weight: bold;\">Necesita ser comprendido y tratado con amor y cari\u00f1o.<\/span><\/p>\n<p style=\"background-color: #ffffff; margin: 0pt 0pt 12pt; text-align: center;\"><span style=\"color: #00004c; font-family: Arial; font-size: 12pt; font-weight: bold;\">5. ALEGR\u00cdA<\/span><br \/>\n<span style=\"color: #00004c; font-family: Arial; font-size: 12pt; font-weight: bold;\">Necesita jugar y gozar de la compa\u00f1\u00eda de otros ni\u00f1os, para su esparcimiento.<\/span><\/p>\n<p style=\"background-color: #ffffff; margin: 0pt 0pt 12pt; text-align: center;\"><span style=\"color: #00004c; font-family: Arial; font-size: 12pt; font-weight: bold;\">6. NATURALEZA<\/span><br \/>\n<span style=\"color: #00004c; font-family: Arial; font-size: 12pt; font-weight: bold;\">Necesita tener contacto con la naturaleza en un ambiente optimista.<\/span><\/p>\n<p style=\"background-color: #ffffff; margin: 0pt 0pt 12pt; text-align: center;\"><span style=\"color: #00004c; font-family: Arial; font-size: 12pt; font-weight: bold;\">7. ROPA Y TECHO<\/span><br \/>\n<span style=\"color: #00004c; font-family: Arial; font-size: 12pt; font-weight: bold;\">Necesita poseer ropa higi\u00e9nica y vivir bajo un techo confortable, protegido contra toda inclemencia del tiempo.<\/span><\/p>\n<p style=\"background-color: #ffffff; margin: 0pt 0pt 12pt; text-align: center;\"><span style=\"color: #00004c; font-family: Arial; font-size: 12pt; font-weight: bold;\">8. ALIMENTO<\/span><br \/>\n<span style=\"color: #00004c; font-family: Arial; font-size: 12pt; font-weight: bold;\">Necesita una alimentaci\u00f3n agradable, apropiada y suficiente.<\/span><\/p>\n<p style=\"background-color: #ffffff; margin: 0pt 0pt 12pt; text-align: center;\"><span style=\"color: #00004c; font-family: Arial; font-size: 12pt; font-weight: bold;\">9. EDUCACI\u00d3N<\/span><br \/>\n<span style=\"color: #00004c; font-family: Arial; font-size: 12pt; font-weight: bold;\">Necesita una educaci\u00f3n formativa, intelectual, moral, social y f\u00edsica.<\/span><\/p>\n<p style=\"background-color: #ffffff; margin: 0pt 0pt 12pt; text-align: center;\"><span style=\"color: #00004c; font-family: Arial; font-size: 12pt; font-weight: bold;\">10. VOCACI\u00d3N<\/span><br \/>\n<span style=\"color: #00004c; font-family: Arial; font-size: 12pt; font-weight: bold;\">Necesita poder desarrollar sus nobles inclinaciones naturales y su propia vocaci\u00f3n.<\/span><\/p>\n<p style=\"background-color: #ffffff; margin: 0pt 0pt 12pt; text-align: center;\"><span style=\"color: #00004c; font-family: Arial; font-size: 12pt; font-weight: bold;\">11. PATRIA<\/span><br \/>\n<span style=\"color: #00004c; font-family: Arial; font-size: 12pt; font-weight: bold;\">Necesita tener Patria y amarla.<\/span><\/p>\n<p style=\"background-color: #ffffff; margin: 0pt 0pt 12pt; text-align: center;\"><span style=\"color: #00004c; font-family: Arial; font-size: 12pt; font-weight: bold;\">12. DIOS<\/span><br \/>\n<span style=\"color: #00004c; font-family: Arial; font-size: 12pt; font-weight: bold;\">Necesita conocer a Dios y el eterno destino del hombre.<\/span><\/p>\n<p style=\"background-color: #ffffff; margin: 0pt 0pt 12pt; text-align: justify;\"><span style=\"color: #00004c; font-family: Arial; font-size: 12pt; font-style: italic; font-weight: bold;\">\u00abVelen los padres por el futuro del ni\u00f1o y resuelvan sus problemas, de cambiante naturaleza, a medida que transcurren los a\u00f1os, con el mismo celo.\u00bb<\/span><br \/>\n<span style=\"color: #00004c; font-family: Arial; font-size: 12pt; font-style: italic; font-weight: bold;\">\u00abRecuerden que no basta que el reto\u00f1o del rosal haya prendido en tierra \u00f3ptima; es preciso regar la tierra, darle apoyo hasta que se sostenga por s\u00ed mismo, podarle a tiempo y resguardarle siempre de los malos vientos. As\u00ed, y solamente as\u00ed, \u00e9l tambi\u00e9n dar\u00e1 rosas en el futuro.\u00bb<\/span><\/p>\n<p style=\"background-color: #ffffff; margin: 0pt; text-align: right;\"><span style=\"color: #00004c; font-family: Arial; font-size: 11pt; font-style: italic; font-weight: bold;\">Ram\u00f3n Carrillo<\/span><br \/>\n<span style=\"color: #00004c; font-family: Arial; font-size: 12pt; font-weight: bold;\">(Nace un Hijo, 1951)<\/span><\/p>\n<p style=\"background-color: #ffffff; margin: 0pt; text-align: right;\"><span style=\"color: #00004c; font-family: 'Times New Roman'; font-size: 13.5pt; font-weight: bold;\">\u00a0<\/span><\/p>\n<p style=\"background-color: #ffffff; margin: 0pt; text-align: right;\"><span style=\"color: #00004c; font-family: Arial; font-size: 12pt; font-weight: bold;\">\u00a0<\/span><span style=\"color: #00004c; font-family: Arial; font-size: 12pt; font-weight: bold;\">\u00a0<\/span><span style=\"color: #00004c; font-family: Arial; font-size: 12pt; font-weight: bold;\">\u00a0<\/span><span style=\"color: #00004c; font-family: Arial; font-size: 12pt; font-weight: bold;\">\u00a0<\/span><span style=\"color: #00004c; font-family: Arial; font-size: 12pt; font-weight: bold;\">\u00a0<\/span><span style=\"color: #00004c; font-family: Arial; font-size: 12pt; font-weight: bold;\">\u00a0<\/span><span style=\"color: #00004c; font-family: Arial; font-size: 12pt; font-weight: bold;\">\u00a0<\/span><span style=\"color: #00004c; font-family: Arial; font-size: 12pt; font-weight: bold;\">\u00a0<\/span><span style=\"color: #00004c; font-family: Arial; font-size: 12pt; font-weight: bold;\">\u00a0<\/span><span style=\"color: #00004c; font-family: Arial; font-size: 12pt; font-weight: bold;\">\u00a0<\/span><span style=\"color: #00004c; font-family: Arial; font-size: 12pt; font-weight: bold;\">\u00a0<\/span><span style=\"color: #00004c; font-family: Arial; font-size: 12pt; font-weight: bold;\">\u00a0<\/span><span style=\"color: #00004c; font-family: Arial; font-size: 12pt; font-weight: bold;\">\u00a0<\/span><span style=\"color: #00004c; font-family: Arial; font-size: 12pt; font-weight: bold;\">\u00a0<\/span><span style=\"color: #00004c; font-family: Arial; font-size: 12pt; font-weight: bold;\">\u00a0<\/span><span style=\"color: #00004c; font-family: Arial; font-size: 12pt; font-weight: bold;\">\u00a0<\/span><span style=\"color: #00004c; font-family: Arial; font-size: 12pt; font-weight: bold;\">\u00a0<\/span><span style=\"color: #00004c; font-family: Arial; font-size: 12pt; font-weight: bold;\">\u00a0<\/span><span style=\"color: #00004c; font-family: Arial; font-size: 12pt; font-weight: bold;\">\u00a0<\/span><span style=\"color: #00004c; font-family: Arial; font-size: 12pt; font-weight: bold;\">\u00a0<\/span><span style=\"color: #00004c; font-family: Arial; font-size: 12pt; font-weight: bold;\">\u00a0<\/span><span style=\"color: #00004c; font-family: Arial; font-size: 12pt; font-weight: bold;\">\u00a0<\/span><span style=\"color: #00004c; font-family: Arial; font-size: 12pt; font-weight: bold;\">\u00a0<\/span><span style=\"color: #00004c; font-family: Arial; font-size: 12pt; font-weight: bold;\">\u00a0<\/span><span style=\"color: #00004c; font-family: Arial; font-size: 12pt; font-weight: bold;\">\u00a0<\/span><span style=\"color: #00004c; font-family: Arial; font-size: 12pt; font-weight: bold;\">\u00a0<\/span><span style=\"color: #00004c; font-family: Arial; font-size: 12pt; font-weight: bold;\">\u00a0<\/span><span style=\"color: #00004c; font-family: Arial; font-size: 12pt; font-weight: bold;\">\u00a0<\/span><span style=\"color: #00004c; font-family: Arial; font-size: 12pt; font-weight: bold;\">\u00a0<\/span><span style=\"color: #00004c; font-family: Arial; font-size: 12pt; font-weight: bold;\">\u00a0<\/span><span style=\"color: #00004c; font-family: Arial; font-size: 12pt; font-weight: bold;\">\u00a0<\/span><span style=\"color: #00004c; font-family: Arial; font-size: 12pt; font-weight: bold;\">\u00a0<\/span><span style=\"color: #00004c; font-family: Arial; font-size: 12pt; font-weight: bold;\">\u00a0<\/span><span style=\"color: #00004c; font-family: Arial; font-size: 12pt; font-weight: bold;\">\u00a0<\/span><span style=\"color: #00004c; font-family: Arial; font-size: 12pt; font-weight: bold;\">\u00a0<\/span><span style=\"color: #00004c; font-family: Arial; font-size: 12pt; font-weight: bold;\">\u00a0<\/span><span style=\"color: #00004c; font-family: Arial; font-size: 12pt; font-weight: bold;\">\u00a0<\/span><span style=\"color: #00004c; font-family: Arial; font-size: 12pt; font-weight: bold;\">\u00a0<\/span><span style=\"color: #00004c; font-family: Arial; font-size: 12pt; font-weight: bold;\">\u00a0<\/span><span style=\"color: #00004c; font-family: Arial; font-size: 12pt; font-weight: bold;\">\u00a0<\/span><span style=\"color: #00004c; font-family: Arial; font-size: 12pt; font-weight: bold;\">\u00a0<\/span><span style=\"color: #00004c; font-family: Arial; font-size: 12pt; font-weight: bold;\">\u00a0<\/span><span style=\"color: #00004c; font-family: Arial; font-size: 12pt; font-weight: bold;\">\u00a0<\/span><span style=\"color: #00004c; font-family: Arial; font-size: 12pt; font-weight: bold;\">\u00a0<\/span><span style=\"color: #00004c; font-family: Arial; font-size: 12pt; font-weight: bold;\">\u00a0<\/span><span style=\"color: #00004c; font-family: Arial; font-size: 12pt; font-weight: bold;\">\u00a0<\/span><span style=\"color: #00004c; font-family: Arial; font-size: 12pt; font-weight: bold;\">\u00a0<\/span><span style=\"color: #00004c; font-family: Arial; font-size: 12pt; font-weight: bold;\">\u00a0<\/span><span style=\"color: #00004c; font-family: Arial; font-size: 12pt; font-weight: bold;\">\u00a0<\/span><span style=\"color: #00004c; font-family: Arial; font-size: 12pt; font-weight: bold;\">\u00a0<\/span><span style=\"color: #00004c; font-family: Arial; font-size: 12pt; font-weight: bold;\">\u00a0<\/span><span style=\"color: #00004c; font-family: Arial; font-size: 12pt; font-weight: bold;\">\u00a0<\/span><span style=\"color: #00004c; font-family: Arial; font-size: 12pt; font-weight: bold;\">\u00a0<\/span><span style=\"color: #00004c; font-family: Arial; font-size: 12pt; font-weight: bold;\">\u00a0<\/span><span style=\"color: #00004c; font-family: Arial; font-size: 12pt; font-weight: bold;\">\u00a0<\/span><span style=\"color: #00004c; font-family: Arial; font-size: 12pt; font-weight: bold;\">\u00a0<\/span><span style=\"color: #00004c; font-family: Arial; font-size: 12pt; font-weight: bold;\">\u00a0<\/span><span style=\"color: #00004c; font-family: Arial; font-size: 12pt; font-weight: bold;\">\u00a0<\/span><span style=\"color: #00004c; font-family: Arial; font-size: 12pt; font-weight: bold;\">\u00a0<\/span><span style=\"color: #00004c; font-family: Arial; font-size: 12pt; font-weight: bold;\">\u00a0<\/span><span style=\"color: #00004c; font-family: Arial; font-size: 12pt; font-weight: bold;\">\u00a0<\/span><span style=\"color: #00004c; font-family: Arial; font-size: 12pt; font-weight: bold;\">\u00a0<\/span><span style=\"color: #00004c; font-family: Arial; font-size: 12pt; font-weight: bold;\">\u00a0<\/span><span style=\"color: #00004c; font-family: Arial; font-size: 12pt; font-weight: bold;\">\u00a0<\/span><span style=\"color: #00004c; font-family: Arial; font-size: 12pt; font-weight: bold;\">\u00a0<\/span><span style=\"color: #00004c; font-family: Arial; font-size: 12pt; font-weight: bold;\">\u00a0<\/span><span style=\"color: #00004c; font-family: Arial; font-size: 12pt; font-weight: bold;\">Del material enviado por la Profesora<\/span><span style=\"color: #00004c; font-family: Arial; font-size: 12pt; font-weight: bold;\">\u00a0<\/span><span style=\"color: #00004c; font-family: Arial; font-size: 12pt; font-weight: bold;\"> Lic. Teresita Carrillo<\/span><\/p>\n<p style=\"background-color: #ffffff; margin: 0pt 0pt 12pt; text-align: right;\"><span style=\"color: #00004c; font-family: Arial; font-size: 12pt; font-weight: bold;\">Presidente de la FUNDACI\u00d3N RAM\u00d3N CARRILLO. Buenos Aires<\/span><\/p>\n<p style=\"font-size: 11pt; line-height: 115%; margin: 0pt 0pt 10pt;\"><span style=\"font-family: Calibri; font-size: 11pt;\">\u00a0<\/span><\/p>\n<\/div>\n<p>&nbsp;<\/p>\n","protected":false},"excerpt":{"rendered":"<p><a style=\"color: #626262; text-decoration:none;\" href=\"https:\/\/historiadelperonismo.com\/?p=4283\">Ram\u00f3n Carrillo<br \/>Leer m\u00e1s<\/a><\/p>\n","protected":false},"author":2,"featured_media":0,"comment_status":"closed","ping_status":"closed","sticky":false,"template":"","format":"standard","meta":{"footnotes":""},"categories":[13],"tags":[],"class_list":["post-4283","post","type-post","status-publish","format-standard","hentry","category-temas-especiales"],"_links":{"self":[{"href":"https:\/\/historiadelperonismo.com\/index.php?rest_route=\/wp\/v2\/posts\/4283","targetHints":{"allow":["GET"]}}],"collection":[{"href":"https:\/\/historiadelperonismo.com\/index.php?rest_route=\/wp\/v2\/posts"}],"about":[{"href":"https:\/\/historiadelperonismo.com\/index.php?rest_route=\/wp\/v2\/types\/post"}],"author":[{"embeddable":true,"href":"https:\/\/historiadelperonismo.com\/index.php?rest_route=\/wp\/v2\/users\/2"}],"replies":[{"embeddable":true,"href":"https:\/\/historiadelperonismo.com\/index.php?rest_route=%2Fwp%2Fv2%2Fcomments&post=4283"}],"version-history":[{"count":3,"href":"https:\/\/historiadelperonismo.com\/index.php?rest_route=\/wp\/v2\/posts\/4283\/revisions"}],"predecessor-version":[{"id":11438,"href":"https:\/\/historiadelperonismo.com\/index.php?rest_route=\/wp\/v2\/posts\/4283\/revisions\/11438"}],"wp:attachment":[{"href":"https:\/\/historiadelperonismo.com\/index.php?rest_route=%2Fwp%2Fv2%2Fmedia&parent=4283"}],"wp:term":[{"taxonomy":"category","embeddable":true,"href":"https:\/\/historiadelperonismo.com\/index.php?rest_route=%2Fwp%2Fv2%2Fcategories&post=4283"},{"taxonomy":"post_tag","embeddable":true,"href":"https:\/\/historiadelperonismo.com\/index.php?rest_route=%2Fwp%2Fv2%2Ftags&post=4283"}],"curies":[{"name":"wp","href":"https:\/\/api.w.org\/{rel}","templated":true}]}}