{"id":6997,"date":"2015-08-01T22:56:23","date_gmt":"2015-08-01T22:56:23","guid":{"rendered":"http:\/\/historiadelperonismo.com\/?p=6997"},"modified":"2018-08-15T18:57:24","modified_gmt":"2018-08-15T21:57:24","slug":"angel-gabriel-borlenghi-un-hombre-de-estado","status":"publish","type":"post","link":"https:\/\/historiadelperonismo.com\/?p=6997","title":{"rendered":"Angel Gabriel Borlenghi, un hombre de estado"},"content":{"rendered":"<p>&nbsp;<\/p>\n<div>\n<p style=\"margin-top: 0pt; margin-bottom: 0pt; font-size: 28pt;\"><span style=\"font-family: Calibri; font-size: 20pt; font-weight: bold; color: #000080;\">\u00a0<\/span><span style=\"font-family: Calibri; font-weight: bold; color: #000080;\">P<\/span><span style=\"font-family: Calibri; font-weight: bold; color: #000080;\">ara<\/span><span style=\"font-family: Calibri; font-weight: bold; color: #000080;\"> VIDA Y MILITANCIA<\/span><\/p>\n<p style=\"margin-top: 0pt; margin-bottom: 0pt; text-align: justify; font-size: 14pt;\"><span style=\"font-family: Calibri; font-weight: bold; color: #000080;\">\u00a0<\/span><\/p>\n<p style=\"margin-top: 0pt; margin-bottom: 0pt; text-align: justify; font-size: 20pt;\"><span style=\"font-family: Calibri; font-weight: bold; color: #000080;\">\u00c1ngel<\/span><span style=\"font-family: Calibri; font-weight: bold; color: #000080;\">\u00a0 Gabriel Borlenghi, hombre de <\/span><span style=\"font-family: Calibri; font-weight: bold; color: #000080;\">e<\/span><span style=\"font-family: Calibri; font-weight: bold; color: #000080;\">stado <\/span><\/p>\n<p style=\"margin-top: 0pt; margin-bottom: 0pt; text-align: justify; font-size: 20pt;\"><span style=\"font-family: Calibri; font-weight: bold; color: #000080;\">\u00a0<\/span><\/p>\n<p style=\"margin-top: 0pt; margin-bottom: 0pt; text-align: justify; font-size: 20pt;\"><span style=\"font-family: Calibri; font-weight: bold; color: #000080;\">\u00a0<\/span><\/p>\n<p style=\"margin-top: 0pt; margin-bottom: 0pt; text-align: justify; font-size: 20pt;\"><img fetchpriority=\"high\" decoding=\"async\" style=\"border: 0.75pt solid #000000; -aw-left-pos: 0pt; -aw-rel-hpos: column; -aw-rel-vpos: paragraph; -aw-top-pos: 0pt; -aw-wrap-type: inline;\" src=\"https:\/\/historiadelperonismo.com\/wp-content\/uploads\/5702b07cb2e93_img.jpeg\" alt=\"\" width=\"288\" height=\"348\" \/><\/p>\n<p style=\"margin-top: 0pt; margin-bottom: 0pt; text-align: justify; font-size: 20pt;\"><span style=\"font-family: Calibri; font-weight: bold; color: #000080;\">\u00a0<\/span><\/p>\n<p style=\"margin-top: 0pt; margin-bottom: 0pt; text-align: justify; font-size: 20pt;\"><span style=\"font-family: Calibri; font-weight: bold; color: #000080;\">\u00a0<\/span><\/p>\n<p style=\"margin-top: 0pt; margin-bottom: 0pt; text-align: justify; font-size: 14pt;\"><span style=\"font-family: Calibri; font-weight: bold; font-style: italic; color: #000080;\">\u201cMi compa\u00f1ero y amigo \u00c1ngel Borlenghi estuvo siempre de mi lado\u201d <\/span><\/p>\n<p style=\"margin-top: 0pt; margin-bottom: 0pt; text-align: justify; font-size: 14pt;\"><span style=\"font-family: Calibri; font-weight: bold; font-style: italic; color: #000080;\">\u00a0\u00a0\u00a0\u00a0\u00a0\u00a0\u00a0\u00a0\u00a0\u00a0\u00a0\u00a0\u00a0\u00a0\u00a0\u00a0\u00a0\u00a0\u00a0\u00a0\u00a0\u00a0\u00a0\u00a0\u00a0\u00a0\u00a0\u00a0\u00a0\u00a0\u00a0\u00a0\u00a0\u00a0\u00a0\u00a0\u00a0\u00a0\u00a0\u00a0\u00a0\u00a0\u00a0\u00a0\u00a0\u00a0\u00a0\u00a0\u00a0\u00a0\u00a0\u00a0\u00a0\u00a0\u00a0\u00a0\u00a0\u00a0\u00a0\u00a0\u00a0\u00a0\u00a0\u00a0\u00a0\u00a0\u00a0\u00a0\u00a0\u00a0\u00a0\u00a0\u00a0\u00a0\u00a0\u00a0\u00a0\u00a0\u00a0\u00a0\u00a0\u00a0\u00a0\u00a0\u00a0\u00a0\u00a0\u00a0\u00a0\u00a0\u00a0\u00a0\u00a0\u00a0\u00a0\u00a0\u00a0\u00a0\u00a0 Juan D. Per\u00f3n <\/span><span style=\"font-family: Calibri; font-weight: bold; font-style: italic; color: #000080;\">(1)<\/span><\/p>\n<p style=\"margin-top: 0pt; margin-bottom: 0pt; text-align: justify; font-size: 14pt;\"><span style=\"font-family: Calibri; font-weight: bold; font-style: italic; color: #000080;\">\u00a0<\/span><\/p>\n<p style=\"margin-top: 0pt; margin-bottom: 0pt; text-align: justify; font-size: 14pt;\"><span style=\"font-family: Calibri; font-weight: bold; font-style: italic; color: #000080;\">\u00a0<\/span><\/p>\n<p style=\"margin-top: 0pt; margin-bottom: 0pt; text-align: justify; font-size: 14pt;\"><span style=\"font-family: Calibri; font-weight: bold; font-style: italic; color: #000080;\">\u00a0<\/span><\/p>\n<div style=\"border: 0.75pt solid #000000; clear: both;\">\n<p style=\"margin-top: 0pt; margin-bottom: 0pt; text-align: justify; padding-top: 1pt; padding-right: 4pt; padding-left: 4pt; font-size: 14pt;\"><span style=\"font-family: Calibri; font-weight: bold; font-style: italic; color: #000080;\">\u00a0<\/span><\/p>\n<p style=\"margin-top: 0pt; margin-bottom: 0pt; text-align: justify; padding-right: 4pt; padding-left: 4pt; font-size: 14pt;\"><span style=\"font-family: Calibri; font-weight: bold; font-style: italic; color: #000080;\">Quien en vida fuese durante nueve a\u00f1os ministro del Interior de los dos <\/span><span style=\"font-family: Calibri; font-weight: bold; font-style: italic; color: #000080;\">primeros <\/span><span style=\"font-family: Calibri; font-weight: bold; font-style: italic; color: #000080;\">gobiernos de Per\u00f3n, no llega a semejante altura por simple azar del d<\/span><span style=\"font-family: Calibri; font-weight: bold; font-style: italic; color: #000080;\">estino. Como bien define Per\u00f3n al<\/span><span style=\"font-family: Calibri; font-weight: bold; font-style: italic; color: #000080;\"> destino, al mismo debe ayud\u00e1rselo y fortalec\u00e9rselo para convertirlo en sin\u00f3nimo de victoria.<\/span><\/p>\n<p style=\"margin-top: 0pt; margin-bottom: 0pt; text-align: justify; padding-right: 4pt; padding-left: 4pt; font-size: 14pt;\"><span style=\"font-family: Calibri; font-weight: bold; font-style: italic; color: #000080;\">Borlenghi <\/span><span style=\"font-family: Calibri; font-weight: bold; font-style: italic; text-decoration: underline; color: #000080;\">lo hizo desde sus tempran\u00edsimos 16 a\u00f1os<\/span><span style=\"font-family: Calibri; font-weight: bold; font-style: italic; color: #000080;\">, tiempo de la vida en que comenz\u00f3 a militar. Vaya que si aport\u00f3 a la victoria, primero de<\/span><span style=\"font-family: Calibri; font-weight: bold; font-style: italic; color: #000080;\">sde<\/span><span style=\"font-family: Calibri; font-weight: bold; font-style: italic; color: #000080;\"> su gremio, el mercantil y luego a <\/span><span style=\"font-family: Calibri; font-weight: bold; font-style: italic; color: #000080;\">la Revoluci\u00f3n<\/span><span style=\"font-family: Calibri; font-weight: bold; font-style: italic; color: #000080;\"> Justicialista.<\/span><\/p>\n<p style=\"margin-top: 0pt; margin-bottom: 0pt; text-align: justify; padding-right: 4pt; padding-left: 4pt; font-size: 14pt;\"><span style=\"font-family: Calibri; font-weight: bold; font-style: italic; color: #000080;\">Nuestro recuerdo y reconocimiento desde este sitio con la trascripci\u00f3n de <\/span> <span style=\"font-family: Calibri; font-weight: bold; font-style: italic; color: #000080;\">dos breves cap\u00edtulos del libro de Enrique Pav\u00f3n Pereyra,<\/span><span style=\"font-family: Calibri; font-weight: bold; font-style: italic; color: #000080;\"> \u201c<\/span><span style=\"font-family: Calibri; font-weight: bold; font-style: italic; color: #000080;\">Borlenghi, Hombre de Estado<\/span><span style=\"font-family: Calibri; font-weight: bold; font-style: italic; color: #000080;\">\u201d<\/span><span style=\"font-family: Calibri; font-weight: bold; font-style: italic; color: #000080;\">.<\/span><span style=\"font-family: Calibri; font-weight: bold; font-style: italic; color: #000080;\"> (2)<\/span><\/p>\n<p style=\"margin-top: 0pt; margin-bottom: 0pt; text-align: justify; padding-right: 4pt; padding-left: 4pt; padding-bottom: 1pt; font-size: 14pt;\"><span style=\"font-family: Calibri; font-weight: bold; font-style: italic; color: #000080;\">\u00a0<\/span><\/p>\n<\/div>\n<p style=\"margin-top: 0pt; margin-bottom: 0pt; text-align: justify; font-size: 14pt;\"><span style=\"font-family: Calibri; font-weight: bold; font-style: italic; color: #000080;\">\u00a0<\/span><\/p>\n<p style=\"margin-top: 0pt; margin-bottom: 0pt; text-align: justify; font-size: 14pt;\"><span style=\"font-family: Calibri; font-weight: bold; font-style: italic; color: #000080;\">\u00a0<\/span><\/p>\n<p style=\"margin-top: 0pt; margin-bottom: 0pt; text-align: justify; font-size: 14pt;\"><span style=\"font-family: Calibri; font-weight: bold; color: #000080;\">El hombre y las palabras<\/span><\/p>\n<p style=\"margin-top: 0pt; margin-bottom: 0pt; text-align: justify; font-size: 14pt;\"><span style=\"font-family: Calibri; font-weight: bold; color: #000080;\">Cap. 2<\/span><\/p>\n<p style=\"margin-top: 0pt; margin-bottom: 0pt; text-align: justify; font-size: 14pt;\"><span style=\"font-family: Calibri; font-weight: bold; color: #000080;\">\u00a0<\/span><\/p>\n<p style=\"margin-top: 0pt; margin-bottom: 0pt; text-align: justify; font-size: 14pt;\"><span style=\"font-family: Calibri; font-weight: bold; color: #000080;\">\u201c<\/span><span style=\"font-family: Calibri; font-weight: bold; color: #000080;\">\u00bfCu\u00e1l es la arquitectura de este hombre de Piscis, que vino al mundo en Buenos Aires el 18 de marzo de 1906? Anclado en su vocaci\u00f3n obrerista, la cuesti\u00f3n social pertenece e inspira a Borlenghi en el abrazo tenaz de una genuina vocaci\u00f3n humanista. No en balde Per\u00f3n lo considera un hombre de las circunstancias, dispuesto siempre a acudir a la primera se\u00f1al de requerimiento.<\/span><\/p>\n<p style=\"margin-top: 0pt; margin-bottom: 0pt; text-align: justify; font-size: 14pt;\"><span style=\"font-family: Calibri; font-weight: bold; color: #000080;\">Se dir\u00eda que la prudencia y la equidad presiden su habitual buena voluntad<\/span><span style=\"font-family: Calibri; font-weight: bold; color: #000080;\">. Enemigo declarado de la intriga, las trenzas de <\/span><span style=\"font-family: Calibri; font-weight: bold; color: #000080;\">la Casa<\/span><span style=\"font-family: Calibri; font-weight: bold; color: #000080;\"> Rosada<\/span><span style=\"font-family: Calibri; font-weight: bold; color: #000080;\"> no lo tienen en cuenta. Borlenghi est\u00e1 de continuo ocupado y evita dist<\/span><span style=\"font-family: Calibri; font-weight: bold; color: #000080;\">raer<\/span><span style=\"font-family: Calibri; font-weight: bold; color: #000080;\"> un solo minuto en menesteres ajenos a su labor concreta.<\/span><\/p>\n<p style=\"margin-top: 0pt; margin-bottom: 0pt; text-align: justify; font-size: 14pt;\"><span style=\"font-family: Calibri; font-weight: bold; color: #000080;\">Reiteramos encontrarnos ante una personalidad polifac\u00e9tica, a la vez desprejuiciada, capaz de desembarcar sobre la comprensi\u00f3n directa, sin alifafes, en la diversidad de la pol\u00edtica. Ni se asusta ni se achica ante los hechos sorprendentes o inesperados del diario vivir. <\/span><\/p>\n<p style=\"margin-top: 0pt; margin-bottom: 0pt; text-align: justify; font-size: 14pt;\"><span style=\"font-family: Calibri; font-weight: bold; color: #000080;\">Pero resulta que, adem\u00e1s, Borlenghi aparece munido de una dial\u00e9ctica concreta, atinada, que en \u00e9l se vuelve argumentaci\u00f3n irrebatible; pertinaz en los objetivos, y l\u00facida en la selecci\u00f3n de los argumentos convincentes.<\/span><\/p>\n<p style=\"margin-top: 0pt; margin-bottom: 0pt; text-align: justify; font-size: 14pt;\"><span style=\"font-family: Calibri; font-weight: bold; color: #000080;\">Se dir\u00eda que, una vez que el dirigente ha asegurado su frente interno, el sindical, ampl\u00eda y planifica los objetivos metapol\u00edticos e institucionales. Piensa Borlenghi que el lanzamiento del l\u00edder no puede demorarse, puesto que la labor obstinada de siembra y adoctrinamiento ha dado sus frutos.<\/span><span style=\"font-family: Calibri; font-weight: bold; color: #000080;\"> Para Borlenghi ha llegado la etapa de la explotaci\u00f3n de la victoria. Poco o nada le ha costado persuadir a Per\u00f3n de que es preciso divulgar una consigna concreta: la de \u201cPer\u00f3n Presidente constitucional\u201d.<\/span><\/p>\n<p style=\"margin-top: 0pt; margin-bottom: 0pt; text-align: justify; font-size: 14pt;\"><span style=\"font-family: Calibri; font-weight: bold; color: #000080;\">Este puntapi\u00e9 inicial \u2013y definitivo- tiene una fecha propia y determinada, el 12 de julio de 1945, cuando <\/span><span style=\"font-family: Calibri; font-weight: bold; color: #000080;\">la C.G<\/span><span style=\"font-family: Calibri; font-weight: bold; color: #000080;\">.T., protagoniz\u00f3 por primera vez un acto de apoyo a Per\u00f3n<\/span><span style=\"font-family: Calibri; font-weight: bold; color: #000080;\">. El proceso estaba maduro para jugar esta brava carta.<\/span><\/p>\n<p style=\"margin-top: 0pt; margin-bottom: 0pt; text-align: justify; font-size: 14pt;\"><span style=\"font-family: Calibri; font-weight: bold; color: #000080;\">Si en noviembre de 1944 fue escaso el acto destinado a recordar la creaci\u00f3n de <\/span><span style=\"font-family: Calibri; font-weight: bold; color: #000080;\">la Secretar\u00eda<\/span><span style=\"font-family: Calibri; font-weight: bold; color: #000080;\"> de Trabajo, ahora, ocho meses m\u00e1s tarde, la demostraci\u00f3n de fuerzas fue impresionante. Concentraciones parciales en Congreso, Plaza San Mart\u00edn y Monserrat, avanzaron ordenadamente hacia Diagonal Norte, entre Maip\u00fa y Forida, donde se realizar\u00eda el acto. Compacta, s\u00f3lida, haciendo gala de un entusiasmo enronquecido que no se ve\u00eda en la<\/span><span style=\"font-family: Calibri; font-weight: bold; color: #000080;\">s<\/span><span style=\"font-family: Calibri; font-weight: bold; color: #000080;\"> calle<\/span><span style=\"font-family: Calibri; font-weight: bold; color: #000080;\">s<\/span><span style=\"font-family: Calibri; font-weight: bold; color: #000080;\">, la multitud llevaba algunos cartelones con la inscripci\u00f3n: \u201cPer\u00f3n Presidente\u201d. El desaf\u00edo estaba cumplido. Casi como una apuesta a todo o nada. El dato es calve para quien pretende disputar la calle. Y en ese terreno de arenas movedizas Borlenghi juega y gana. Aparece el futuro Ministro no solo como un conductor de manifestaciones masivas, cuyo resorte solo \u00e9l administra, y lo que es m\u00e1s notable, el Secretario General de <\/span><span style=\"font-family: Calibri; font-weight: bold; color: #000080;\">la Confederaci\u00f3n<\/span><span style=\"font-family: Calibri; font-weight: bold; color: #000080;\"> de Empleados de Comercio, se muestra como un aut\u00e9ntico conductor, de patente y obstinada capacidad de movilizaci\u00f3n. Ha dicho: \u2018<\/span><span style=\"font-family: Calibri; font-weight: bold; font-style: italic; color: #000080;\">solo conduce el que moviliza multitudes\u2019<\/span><span style=\"font-family: Calibri; font-weight: bold; color: #000080;\"> \u201c.<\/span><\/p>\n<p style=\"margin-top: 0pt; margin-bottom: 0pt; text-align: justify; font-size: 14pt;\"><span style=\"font-family: Calibri; font-weight: bold; font-style: italic; color: #000080;\">\u00a0\u00a0\u00a0\u00a0\u00a0\u00a0\u00a0\u00a0\u00a0\u00a0\u00a0\u00a0\u00a0\u00a0\u00a0\u00a0\u00a0\u00a0\u00a0\u00a0\u00a0\u00a0\u00a0\u00a0\u00a0\u00a0\u00a0\u00a0\u00a0\u00a0\u00a0\u00a0\u00a0\u00a0\u00a0\u00a0\u00a0\u00a0\u00a0\u00a0\u00a0\u00a0\u00a0\u00a0\u00a0\u00a0\u00a0\u00a0\u00a0\u00a0\u00a0\u00a0\u00a0\u00a0\u00a0\u00a0\u00a0\u00a0\u00a0\u00a0\u00a0\u00a0\u00a0\u00a0\u00a0\u00a0\u00a0\u00a0\u00a0\u00a0\u00a0\u00a0\u00a0\u00a0\u00a0\u00a0\u00a0\u00a0\u00a0\u00a0\u00a0\u00a0\u00a0\u00a0\u00a0\u00a0\u00a0\u00a0\u00a0\u00a0\u00a0\u00a0\u00a0\u00a0\u00a0\u00a0\u00a0\u00a0\u00a0\u00a0\u00a0\u00a0\u00a0\u00a0\u00a0\u00a0\u00a0\u00a0\u00a0\u00a0\u00a0\u00a0\u00a0\u00a0\u00a0\u00a0\u00a0\u00a0\u00a0\u00a0\u00a0\u00a0\u00a0\u00a0\u00a0\u00a0\u00a0\u00a0\u00a0\u00a0\u00a0\u00a0\u00a0\u00a0\u00a0\u00a0\u00a0\u00a0\u00a0\u00a0\u00a0\u00a0\u00a0\u00a0\u00a0\u00a0\u00a0\u00a0\u00a0\u00a0\u00a0\u00a0\u00a0\u00a0\u00a0\u00a0\u00a0\u00a0\u00a0\u00a0\u00a0\u00a0\u00a0\u00a0\u00a0\u00a0\u00a0\u00a0\u00a0\u00a0\u00a0\u00a0\u00a0\u00a0\u00a0\u00a0\u00a0\u00a0\u00a0\u00a0\u00a0\u00a0\u00a0\u00a0\u00a0\u00a0\u00a0\u00a0\u00a0\u00a0\u00a0\u00a0\u00a0\u00a0\u00a0\u00a0\u00a0\u00a0\u00a0\u00a0\u00a0\u00a0\u00a0\u00a0\u00a0\u00a0\u00a0\u00a0\u00a0\u00a0\u00a0\u00a0\u00a0\u00a0\u00a0\u00a0\u00a0\u00a0\u00a0\u00a0\u00a0\u00a0\u00a0\u00a0\u00a0\u00a0\u00a0\u00a0\u00a0\u00a0\u00a0\u00a0\u00a0\u00a0\u00a0\u00a0\u00a0\u00a0\u00a0\u00a0\u00a0\u00a0\u00a0\u00a0\u00a0\u00a0\u00a0\u00a0\u00a0\u00a0\u00a0\u00a0\u00a0\u00a0\u00a0\u00a0\u00a0\u00a0\u00a0\u00a0\u00a0\u00a0\u00a0\u00a0\u00a0\u00a0\u00a0\u00a0\u00a0\u00a0\u00a0\u00a0\u00a0\u00a0\u00a0\u00a0\u00a0\u00a0\u00a0\u00a0\u00a0\u00a0\u00a0\u00a0\u00a0\u00a0\u00a0\u00a0\u00a0\u00a0\u00a0\u00a0\u00a0\u00a0\u00a0\u00a0\u00a0\u00a0\u00a0\u00a0\u00a0\u00a0\u00a0\u00a0\u00a0\u00a0\u00a0\u00a0\u00a0\u00a0\u00a0\u00a0\u00a0\u00a0\u00a0\u00a0\u00a0\u00a0\u00a0\u00a0\u00a0\u00a0\u00a0\u00a0\u00a0\u00a0\u00a0\u00a0\u00a0\u00a0\u00a0\u00a0\u00a0\u00a0\u00a0\u00a0\u00a0\u00a0\u00a0\u00a0\u00a0\u00a0\u00a0\u00a0\u00a0\u00a0\u00a0\u00a0\u00a0\u00a0\u00a0\u00a0\u00a0\u00a0\u00a0\u00a0\u00a0\u00a0\u00a0\u00a0\u00a0\u00a0\u00a0\u00a0\u00a0\u00a0\u00a0\u00a0\u00a0\u00a0\u00a0\u00a0\u00a0\u00a0\u00a0\u00a0\u00a0\u00a0\u00a0\u00a0\u00a0\u00a0\u00a0\u00a0\u00a0\u00a0\u00a0\u00a0\u00a0\u00a0\u00a0\u00a0\u00a0\u00a0\u00a0\u00a0\u00a0\u00a0\u00a0\u00a0\u00a0\u00a0\u00a0\u00a0\u00a0\u00a0\u00a0\u00a0\u00a0\u00a0\u00a0\u00a0\u00a0\u00a0\u00a0\u00a0\u00a0\u00a0\u00a0\u00a0\u00a0\u00a0\u00a0\u00a0\u00a0\u00a0\u00a0\u00a0\u00a0\u00a0\u00a0\u00a0\u00a0\u00a0\u00a0\u00a0\u00a0\u00a0\u00a0\u00a0\u00a0\u00a0\u00a0\u00a0\u00a0\u00a0\u00a0\u00a0\u00a0\u00a0\u00a0\u00a0\u00a0\u00a0\u00a0\u00a0\u00a0\u00a0\u00a0\u00a0\u00a0\u00a0\u00a0\u00a0\u00a0\u00a0\u00a0\u00a0\u00a0\u00a0\u00a0\u00a0\u00a0\u00a0\u00a0\u00a0\u00a0\u00a0\u00a0\u00a0\u00a0\u00a0\u00a0\u00a0\u00a0\u00a0\u00a0\u00a0\u00a0\u00a0\u00a0\u00a0\u00a0\u00a0\u00a0\u00a0\u00a0\u00a0\u00a0\u00a0\u00a0\u00a0\u00a0\u00a0\u00a0\u00a0\u00a0\u00a0\u00a0\u00a0\u00a0\u00a0\u00a0\u00a0\u00a0\u00a0\u00a0\u00a0\u00a0\u00a0\u00a0\u00a0\u00a0\u00a0\u00a0\u00a0\u00a0\u00a0\u00a0\u00a0\u00a0\u00a0\u00a0\u00a0\u00a0\u00a0\u00a0\u00a0\u00a0\u00a0\u00a0\u00a0\u00a0\u00a0\u00a0\u00a0\u00a0\u00a0\u00a0\u00a0\u00a0\u00a0\u00a0\u00a0\u00a0\u00a0\u00a0\u00a0\u00a0\u00a0\u00a0\u00a0\u00a0\u00a0\u00a0\u00a0\u00a0\u00a0\u00a0\u00a0\u00a0\u00a0\u00a0\u00a0\u00a0\u00a0\u00a0\u00a0\u00a0\u00a0\u00a0\u00a0\u00a0\u00a0\u00a0\u00a0\u00a0\u00a0\u00a0\u00a0\u00a0\u00a0\u00a0\u00a0\u00a0\u00a0\u00a0\u00a0\u00a0\u00a0\u00a0\u00a0\u00a0\u00a0\u00a0\u00a0\u00a0\u00a0\u00a0\u00a0\u00a0\u00a0\u00a0\u00a0\u00a0\u00a0\u00a0\u00a0\u00a0\u00a0\u00a0\u00a0\u00a0\u00a0\u00a0\u00a0\u00a0\u00a0\u00a0\u00a0\u00a0\u00a0\u00a0\u00a0\u00a0\u00a0\u00a0\u00a0\u00a0\u00a0\u00a0\u00a0\u00a0\u00a0\u00a0\u00a0\u00a0\u00a0\u00a0\u00a0\u00a0\u00a0\u00a0\u00a0\u00a0\u00a0\u00a0\u00a0\u00a0\u00a0\u00a0\u00a0\u00a0\u00a0\u00a0\u00a0\u00a0\u00a0\u00a0\u00a0\u00a0\u00a0\u00a0\u00a0\u00a0\u00a0\u00a0\u00a0\u00a0\u00a0\u00a0\u00a0\u00a0\u00a0\u00a0\u00a0\u00a0\u00a0\u00a0\u00a0\u00a0\u00a0\u00a0\u00a0\u00a0\u00a0\u00a0\u00a0\u00a0\u00a0\u00a0\u00a0\u00a0\u00a0\u00a0\u00a0\u00a0\u00a0\u00a0\u00a0\u00a0\u00a0\u00a0\u00a0\u00a0\u00a0\u00a0\u00a0\u00a0\u00a0\u00a0\u00a0\u00a0\u00a0\u00a0\u00a0\u00a0\u00a0\u00a0\u00a0\u00a0\u00a0\u00a0\u00a0\u00a0\u00a0\u00a0\u00a0\u00a0\u00a0\u00a0\u00a0\u00a0\u00a0\u00a0\u00a0\u00a0\u00a0\u00a0\u00a0\u00a0\u00a0\u00a0\u00a0\u00a0\u00a0\u00a0\u00a0\u00a0\u00a0\u00a0\u00a0\u00a0\u00a0\u00a0\u00a0\u00a0\u00a0\u00a0\u00a0\u00a0\u00a0\u00a0\u00a0\u00a0\u00a0\u00a0\u00a0\u00a0\u00a0\u00a0\u00a0 <\/span><span style=\"font-family: Calibri; font-weight: bold; font-style: italic; color: #000080;\">\u00a0\u00a0\u00a0\u00a0\u00a0\u00a0\u00a0\u00a0\u00a0\u00a0\u00a0\u00a0\u00a0\u00a0\u00a0\u00a0\u00a0\u00a0\u00a0\u00a0\u00a0\u00a0\u00a0\u00a0\u00a0\u00a0\u00a0\u00a0\u00a0\u00a0\u00a0\u00a0\u00a0\u00a0\u00a0\u00a0\u00a0\u00a0\u00a0\u00a0\u00a0\u00a0\u00a0\u00a0\u00a0\u00a0\u00a0\u00a0\u00a0\u00a0\u00a0\u00a0\u00a0\u00a0\u00a0\u00a0\u00a0\u00a0\u00a0\u00a0\u00a0\u00a0\u00a0\u00a0\u00a0\u00a0\u00a0\u00a0\u00a0\u00a0\u00a0\u00a0\u00a0\u00a0\u00a0\u00a0\u00a0\u00a0\u00a0\u00a0\u00a0\u00a0\u00a0\u00a0\u00a0\u00a0\u00a0\u00a0\u00a0\u00a0\u00a0\u00a0\u00a0\u00a0\u00a0\u00a0\u00a0\u00a0\u00a0\u00a0\u00a0\u00a0\u00a0\u00a0\u00a0\u00a0\u00a0\u00a0\u00a0\u00a0\u00a0\u00a0\u00a0\u00a0\u00a0\u00a0\u00a0\u00a0\u00a0\u00a0\u00a0\u00a0\u00a0\u00a0\u00a0\u00a0\u00a0\u00a0\u00a0\u00a0\u00a0\u00a0\u00a0\u00a0\u00a0\u00a0\u00a0\u00a0\u00a0\u00a0\u00a0\u00a0\u00a0\u00a0\u00a0\u00a0\u00a0\u00a0\u00a0\u00a0\u00a0\u00a0\u00a0\u00a0\u00a0\u00a0\u00a0\u00a0\u00a0\u00a0\u00a0\u00a0\u00a0\u00a0\u00a0\u00a0\u00a0\u00a0\u00a0\u00a0\u00a0\u00a0\u00a0\u00a0\u00a0\u00a0\u00a0\u00a0\u00a0\u00a0\u00a0\u00a0\u00a0\u00a0\u00a0\u00a0\u00a0\u00a0\u00a0\u00a0\u00a0\u00a0\u00a0\u00a0\u00a0\u00a0\u00a0\u00a0\u00a0\u00a0\u00a0\u00a0\u00a0\u00a0\u00a0\u00a0\u00a0\u00a0\u00a0\u00a0\u00a0\u00a0\u00a0\u00a0\u00a0\u00a0\u00a0\u00a0\u00a0\u00a0\u00a0\u00a0\u00a0\u00a0\u00a0\u00a0\u00a0\u00a0\u00a0\u00a0\u00a0\u00a0\u00a0\u00a0\u00a0\u00a0\u00a0\u00a0\u00a0\u00a0\u00a0\u00a0\u00a0\u00a0\u00a0\u00a0\u00a0\u00a0\u00a0\u00a0\u00a0\u00a0\u00a0\u00a0\u00a0\u00a0\u00a0\u00a0\u00a0\u00a0\u00a0\u00a0\u00a0\u00a0\u00a0\u00a0\u00a0\u00a0\u00a0\u00a0\u00a0\u00a0\u00a0\u00a0\u00a0\u00a0\u00a0\u00a0\u00a0\u00a0\u00a0\u00a0\u00a0\u00a0\u00a0\u00a0\u00a0\u00a0\u00a0\u00a0\u00a0\u00a0\u00a0\u00a0\u00a0\u00a0\u00a0\u00a0\u00a0\u00a0\u00a0\u00a0\u00a0\u00a0\u00a0\u00a0\u00a0\u00a0\u00a0\u00a0\u00a0\u00a0\u00a0\u00a0\u00a0\u00a0\u00a0\u00a0\u00a0\u00a0\u00a0\u00a0\u00a0\u00a0\u00a0\u00a0\u00a0\u00a0\u00a0\u00a0\u00a0\u00a0\u00a0\u00a0\u00a0\u00a0\u00a0\u00a0\u00a0\u00a0\u00a0\u00a0\u00a0\u00a0\u00a0\u00a0\u00a0\u00a0\u00a0\u00a0\u00a0\u00a0\u00a0\u00a0\u00a0\u00a0\u00a0\u00a0\u00a0\u00a0\u00a0\u00a0\u00a0\u00a0\u00a0\u00a0\u00a0\u00a0\u00a0\u00a0\u00a0\u00a0\u00a0\u00a0\u00a0\u00a0\u00a0\u00a0\u00a0\u00a0\u00a0\u00a0\u00a0\u00a0\u00a0\u00a0\u00a0\u00a0\u00a0\u00a0\u00a0\u00a0\u00a0\u00a0\u00a0\u00a0\u00a0\u00a0\u00a0\u00a0\u00a0\u00a0\u00a0\u00a0\u00a0\u00a0\u00a0\u00a0\u00a0\u00a0\u00a0\u00a0\u00a0\u00a0\u00a0\u00a0\u00a0\u00a0\u00a0\u00a0\u00a0\u00a0\u00a0\u00a0\u00a0\u00a0\u00a0\u00a0\u00a0\u00a0\u00a0\u00a0\u00a0\u00a0\u00a0\u00a0\u00a0\u00a0\u00a0\u00a0\u00a0\u00a0\u00a0\u00a0\u00a0\u00a0\u00a0\u00a0\u00a0\u00a0\u00a0\u00a0\u00a0\u00a0\u00a0\u00a0\u00a0\u00a0\u00a0\u00a0\u00a0\u00a0\u00a0\u00a0\u00a0\u00a0\u00a0\u00a0\u00a0\u00a0\u00a0\u00a0\u00a0\u00a0\u00a0\u00a0\u00a0\u00a0\u00a0\u00a0\u00a0\u00a0\u00a0\u00a0\u00a0\u00a0\u00a0\u00a0\u00a0\u00a0\u00a0\u00a0\u00a0\u00a0\u00a0\u00a0\u00a0\u00a0\u00a0\u00a0\u00a0\u00a0\u00a0\u00a0\u00a0\u00a0\u00a0\u00a0\u00a0\u00a0\u00a0\u00a0\u00a0\u00a0\u00a0\u00a0\u00a0\u00a0\u00a0\u00a0\u00a0\u00a0\u00a0\u00a0\u00a0\u00a0\u00a0\u00a0\u00a0\u00a0\u00a0\u00a0\u00a0\u00a0\u00a0\u00a0\u00a0\u00a0\u00a0\u00a0\u00a0\u00a0\u00a0\u00a0\u00a0\u00a0\u00a0\u00a0\u00a0\u00a0\u00a0\u00a0\u00a0\u00a0\u00a0\u00a0\u00a0\u00a0\u00a0\u00a0\u00a0\u00a0\u00a0\u00a0\u00a0\u00a0\u00a0\u00a0\u00a0\u00a0\u00a0\u00a0\u00a0\u00a0\u00a0\u00a0\u00a0\u00a0\u00a0\u00a0\u00a0\u00a0\u00a0\u00a0\u00a0\u00a0\u00a0\u00a0\u00a0\u00a0\u00a0\u00a0\u00a0\u00a0\u00a0\u00a0\u00a0\u00a0\u00a0\u00a0\u00a0\u00a0\u00a0\u00a0\u00a0\u00a0\u00a0\u00a0\u00a0\u00a0\u00a0\u00a0\u00a0\u00a0\u00a0\u00a0\u00a0\u00a0\u00a0\u00a0\u00a0\u00a0\u00a0\u00a0\u00a0\u00a0\u00a0\u00a0\u00a0\u00a0\u00a0\u00a0\u00a0\u00a0\u00a0\u00a0\u00a0\u00a0\u00a0\u00a0\u00a0\u00a0\u00a0\u00a0\u00a0\u00a0\u00a0\u00a0\u00a0\u00a0\u00a0\u00a0\u00a0\u00a0\u00a0\u00a0\u00a0\u00a0\u00a0\u00a0\u00a0\u00a0\u00a0\u00a0\u00a0\u00a0\u00a0\u00a0\u00a0\u00a0\u00a0\u00a0\u00a0\u00a0\u00a0\u00a0\u00a0\u00a0\u00a0\u00a0\u00a0\u00a0\u00a0\u00a0\u00a0\u00a0\u00a0\u00a0\u00a0\u00a0\u00a0\u00a0\u00a0\u00a0\u00a0\u00a0\u00a0\u00a0\u00a0\u00a0\u00a0\u00a0\u00a0\u00a0\u00a0\u00a0\u00a0\u00a0\u00a0\u00a0\u00a0\u00a0\u00a0\u00a0\u00a0\u00a0\u00a0\u00a0\u00a0\u00a0\u00a0\u00a0\u00a0\u00a0\u00a0\u00a0\u00a0\u00a0\u00a0\u00a0\u00a0\u00a0\u00a0\u00a0\u00a0\u00a0\u00a0\u00a0\u00a0\u00a0\u00a0\u00a0\u00a0\u00a0\u00a0\u00a0\u00a0\u00a0\u00a0\u00a0\u00a0\u00a0\u00a0\u00a0\u00a0\u00a0\u00a0\u00a0\u00a0\u00a0\u00a0\u00a0\u00a0\u00a0\u00a0\u00a0\u00a0\u00a0\u00a0\u00a0\u00a0\u00a0\u00a0\u00a0\u00a0\u00a0\u00a0\u00a0\u00a0\u00a0\u00a0\u00a0\u00a0\u00a0\u00a0\u00a0\u00a0\u00a0\u00a0\u00a0\u00a0\u00a0\u00a0\u00a0\u00a0\u00a0\u00a0\u00a0\u00a0\u00a0\u00a0\u00a0\u00a0\u00a0\u00a0\u00a0\u00a0\u00a0\u00a0\u00a0\u00a0\u00a0\u00a0\u00a0\u00a0\u00a0\u00a0\u00a0\u00a0\u00a0\u00a0\u00a0\u00a0\u00a0\u00a0\u00a0\u00a0\u00a0\u00a0\u00a0\u00a0\u00a0\u00a0\u00a0\u00a0\u00a0\u00a0\u00a0\u00a0\u00a0\u00a0\u00a0\u00a0\u00a0\u00a0\u00a0\u00a0\u00a0\u00a0\u00a0\u00a0\u00a0\u00a0\u00a0\u00a0\u00a0\u00a0\u00a0\u00a0\u00a0\u00a0\u00a0\u00a0\u00a0\u00a0\u00a0\u00a0\u00a0\u00a0\u00a0\u00a0\u00a0\u00a0\u00a0\u00a0\u00a0\u00a0\u00a0\u00a0\u00a0\u00a0\u00a0\u00a0\u00a0\u00a0\u00a0\u00a0 <\/span><\/p>\n<p style=\"margin-top: 0pt; margin-bottom: 0pt; text-align: justify; font-size: 20pt;\"><span style=\"font-family: Calibri; font-weight: bold; color: #000080;\">\u00a0<\/span><\/p>\n<p style=\"margin-top: 0pt; margin-left: 18pt; margin-bottom: 0pt; text-align: justify; font-size: 11pt;\"><span style=\"font-family: Calibri; font-weight: bold; color: #000080;\">1-<\/span><span style=\"font-family: Calibri; font-weight: bold; color: #000080;\">Per\u00f3n, J. D., Palabras <\/span><span style=\"font-family: Calibri; font-weight: bold; color: #000080;\">en el XX Congreso de <\/span><span style=\"font-family: Calibri; font-weight: bold; color: #000080;\">la Confederaci\u00f3n<\/span><span style=\"font-family: Calibri; font-weight: bold; color: #000080;\"> de Empleados de <\/span><\/p>\n<p style=\"margin-top: 0pt; margin-left: 18pt; margin-bottom: 0pt; text-align: justify; font-size: 11pt;\"><span style=\"font-family: Calibri; font-weight: bold; color: #000080;\">\u00a0\u00a0\u00a0 <\/span><span style=\"font-family: Calibri; font-weight: bold; color: #000080;\">Comercio.<\/span><\/p>\n<p style=\"margin-top: 0pt; margin-left: 18pt; margin-bottom: 0pt; text-align: justify; font-size: 11pt;\"><span style=\"font-family: Calibri; font-weight: bold; color: #000080;\">2-<\/span><span style=\"font-family: Calibri; font-weight: bold; color: #000080;\">Enrique Pav\u00f3n Pereyra-Borlenghi, Hombre de Estado-Desmemoria Ediciones, Buenos <\/span><\/p>\n<p style=\"margin-top: 0pt; margin-left: 18pt; margin-bottom: 0pt; text-align: justify; font-size: 11pt;\"><span style=\"font-family: Calibri; font-weight: bold; color: #000080;\">\u00a0\u00a0\u00a0 Aires, 1999<\/span><\/p>\n<p style=\"margin-top: 0pt; margin-left: 18pt; margin-bottom: 0pt; text-align: justify; font-size: 11pt;\"><span style=\"font-family: Calibri; font-weight: bold; color: #000080;\">\u00a0<\/span><\/p>\n<p style=\"margin-top: 0pt; margin-bottom: 0pt; text-align: justify; border-top: 0.75pt solid #000000; padding-top: 1pt; font-size: 14pt;\"><span style=\"font-family: Calibri; font-weight: bold; color: #000080;\">\u00a0<\/span><\/p>\n<p style=\"margin-top: 0pt; margin-bottom: 0pt; text-align: justify; font-size: 14pt;\"><span style=\"font-family: Calibri; font-weight: bold; color: #000080;\">\u00a0<\/span><\/p>\n<p style=\"margin-top: 0pt; margin-bottom: 0pt; text-align: justify; font-size: 14pt;\"><span style=\"font-family: Calibri; font-weight: bold; color: #000080;\">\u00a0<\/span><\/p>\n<p style=\"margin-top: 0pt; margin-bottom: 0pt; text-align: justify; font-size: 14pt;\"><span style=\"font-family: Calibri; font-weight: bold; color: #000080;\">Ep\u00edlogo del libro citado<\/span><span style=\"font-family: Calibri; font-weight: bold; color: #000080;\"> de Enrique Pav\u00f3n Pereyra<\/span><\/p>\n<p style=\"margin-top: 0pt; margin-bottom: 0pt; text-align: justify; font-size: 14pt;\"><span style=\"font-family: Calibri; font-weight: bold; color: #000080;\">por David Diskin<\/span><\/p>\n<p style=\"margin-top: 0pt; margin-bottom: 0pt; text-align: justify; font-size: 14pt;\"><span style=\"font-family: Calibri; font-weight: bold; color: #000080;\">\u00a0<\/span><\/p>\n<p style=\"margin-top: 0pt; margin-bottom: 0pt; text-align: justify; font-size: 14pt;\"><span style=\"font-family: Calibri; font-weight: bold; color: #000080;\">Para presentar una biograf\u00eda de \u00c1ngel Gabriel Borlenghi, es preciso considerar su acci\u00f3n sindical con su gesti\u00f3n de estadista como integralidad, ya que ambas se complementan en su fecunda trayectoria hasta forjar una personalidad \u00fanica en el que se funden la firmeza, el pragmatismo y la audacia del dirigente obrero, con el equilibro, madurez, y una comprometida b\u00fasqueda del bien com\u00fan, que corresponde a un estadista.<\/span><\/p>\n<p style=\"margin-top: 0pt; margin-bottom: 0pt; text-align: justify; font-size: 14pt;\"><span style=\"font-family: Calibri; font-weight: bold; color: #000080;\">Desde su inicio en la acci\u00f3n sindical, Borlenghi revolucion\u00f3 las estrategias del Movimiento Obrero imperantes en <\/span><span style=\"font-family: Calibri; font-weight: bold; color: #000080;\">la Argentina<\/span><span style=\"font-family: Calibri; font-weight: bold; color: #000080;\">, superando los estrechos moldes corporativos, para proyectarse a las necesidades generales de toda la familia obrera y a los altos intereses <\/span><span style=\"font-family: Calibri; font-weight: bold; color: #000080;\">del pa\u00eds, estampados en <\/span><span style=\"font-family: Calibri; font-weight: bold; color: #000080;\">la Constituci\u00f3n<\/span><span style=\"font-family: Calibri; font-weight: bold; color: #000080;\"> Nacional<\/span><span style=\"font-family: Calibri; font-weight: bold; color: #000080;\"> vigentes en ese entonces.<\/span><\/p>\n<p style=\"margin-top: 0pt; margin-bottom: 0pt; text-align: justify; font-size: 14pt;\"><span style=\"font-family: Calibri; font-weight: bold; color: #000080;\">No emple\u00f3 la acci\u00f3n directa para la conquista de reivindicaciones laborales que aplicaban la generalidad de los dirigentes <\/span><span style=\"font-family: Calibri; font-weight: bold; color: #000080;\">sindicales<\/span><span style=\"font-family: Calibri; font-weight: bold; color: #000080;\"> de su \u00e9poca, sin la persuasi\u00f3n propia de los estadistas, el an\u00e1lisis profundo de los estudiosos, interesando a todos los sectores pol\u00edticos en la aprobaci\u00f3n de las leyes que lograba a favor, no s\u00f3lo de los empleados de comercio, sino de todos los asalariados.<\/span><\/p>\n<p style=\"margin-top: 0pt; margin-bottom: 0pt; text-align: justify; font-size: 14pt;\"><span style=\"font-family: Calibri; font-weight: bold; color: #000080;\">De esta manera, se manifiesta a trav\u00e9s de 30 a\u00f1os de ininterrumpida actividad sindical su formaci\u00f3n de estadista, no se limita a simples convenios para satisfacer reivindicaciones obreras parciales en documentos carentes de estabilidad, sino para plasmar las conquista en leyes perdurables y exigibles, de vasta aplicaci\u00f3n social, que se incorporaron a <\/span><span style=\"font-family: Calibri; font-weight: bold; color: #000080;\">la Naci\u00f3n<\/span><span style=\"font-family: Calibri; font-weight: bold; color: #000080;\"> como derechos inalienables e imprescriptibles, junto al resto de la legislaci\u00f3n nacional.<\/span><\/p>\n<p style=\"margin-top: 0pt; margin-bottom: 0pt; text-align: justify; font-size: 14pt;\"><span style=\"font-family: Calibri; font-weight: bold; color: #000080;\">En esta intensa, continua y fruct\u00edfera gesti\u00f3n, en una \u00e9poca en que las noticias sindicales aparec\u00edan en la secci\u00f3n policiales de los diarios, Borlenghi, en representaci\u00f3n de <\/span><span style=\"font-family: Calibri; font-weight: bold; color: #000080;\">la Confederaci\u00f3n<\/span><span style=\"font-family: Calibri; font-weight: bold; color: #000080;\"> General<\/span><span style=\"font-family: Calibri; font-weight: bold; color: #000080;\"> de Empleados de Comercio, se entrevist\u00f3 con los presidentes de <\/span><span style=\"font-family: Calibri; font-weight: bold; color: #000080;\">la Naci\u00f3n<\/span><span style=\"font-family: Calibri; font-weight: bold; color: #000080;\">: Marcelo T. de Alvear, Agust\u00edn P. Justo, Roberto Mario Ortiz y Ram\u00f3n Castillo para peticionarles derechos obreros, demostrando su inmensa capacidad para llegar a las m\u00e1s altas cumbres del poder, siempre inaccesibles para los dirigentes sindicales, hasta <\/span><span style=\"font-family: Calibri; font-weight: bold; color: #000080;\">la llegada de Per\u00f3n.<\/span><\/p>\n<p style=\"margin-top: 0pt; margin-bottom: 0pt; text-align: justify; font-size: 14pt;\"><span style=\"font-family: Calibri; font-weight: bold; color: #000080;\">Y cada una de las conquistas que lograba eran recibidas en actos p\u00fablicos multitudinarios, formados por empleados de comercio, donde participaron como oradores, junto a Borlenghi eminentes personajes nacionales. As\u00ed, la sanci\u00f3n de la ley 11.729 se celebr\u00f3 en julio de 1934 con un acto donde usaron de la palabra legisladores nacionales de distintos partidos pol\u00edtico: Uni\u00f3n C\u00edvica Radical con Dr. Octavio Cordero; Dem\u00f3crata Nacional, Dr. Carlos D. Curelli; Socialista Dr. Silvio Ruggieri y el Dr. Alfredo Palacios. <\/span><\/p>\n<p style=\"margin-top: 0pt; margin-bottom: 0pt; text-align: justify; font-size: 14pt;\"><span style=\"font-family: Calibri; font-weight: bold; color: #000080;\">Este acto realizado en plena \u00e9poca del fraude electoral, marc\u00f3 una nueva era den pa\u00eds, pues era in\u00e9dito en el Movimiento Obrero Argentino.<\/span><\/p>\n<p style=\"margin-top: 0pt; margin-bottom: 0pt; text-align: justify; font-size: 14pt;\"><span style=\"font-family: Calibri; font-weight: bold; color: #000080;\">Borlenghi fue el promotor y part\u00edcipe en la redacci\u00f3n de derechos fundamentales en materia laboral<\/span><span style=\"font-family: Calibri; font-weight: bold; color: #000080;\">, <\/span><span style=\"font-family: Calibri; font-weight: bold; color: #000080;\">que <\/span><span style=\"font-family: Calibri; font-weight: bold; color: #000080;\">exced<\/span><span style=\"font-family: Calibri; font-weight: bold; color: #000080;\">ieron<\/span><span style=\"font-family: Calibri; font-weight: bold; color: #000080;\"> el \u00e1mbito de su propio gremio para proyectarse al resto de los asalariados de <\/span><span style=\"font-family: Calibri; font-weight: bold; color: #000080;\">la Rep\u00fablica<\/span><span style=\"font-family: Calibri; font-weight: bold; color: #000080;\"> Argentina<\/span><span style=\"font-family: Calibri; font-weight: bold; color: #000080;\">.<\/span><\/p>\n<p style=\"margin-top: 0pt; margin-bottom: 0pt; text-align: justify; font-size: 14pt;\"><span style=\"font-family: Calibri; font-weight: bold; color: #000080;\">Para dar una idea de su magnitud se reservan las leyes m\u00e1s importantes de la<\/span><span style=\"font-family: Calibri; font-weight: bold; color: #000080;\">s<\/span><span style=\"font-family: Calibri; font-weight: bold; color: #000080;\"> que <\/span><span style=\"font-family: Calibri; font-weight: bold; color: #000080;\">fue iniciador: a\u00f1o<\/span><span style=\"font-family: Calibri; font-weight: bold; color: #000080;\">s<\/span><span style=\"font-family: Calibri; font-weight: bold; color: #000080;\"> 1932, s\u00e1bado ingl\u00e9s en <\/span><span style=\"font-family: Calibri; font-weight: bold; color: #000080;\">la Capital<\/span><span style=\"font-family: Calibri; font-weight: bold; color: #000080;\"> Federal<\/span><span style=\"font-family: Calibri; font-weight: bold; color: #000080;\">; 1934, ley 11.729 que consagra vacaciones pagas, licencias por enfermedad o accidente, indemnizaci\u00f3n por despido, preaviso por despido y sent\u00f3 las bases defensivas de la dignidad laboral; 1934, cierre uniforme del comercio en <\/span><span style=\"font-family: Calibri; font-weight: bold; color: #000080;\">la Capital<\/span><span style=\"font-family: Calibri; font-weight: bold; color: #000080;\"> Federal<\/span><span style=\"font-family: Calibri; font-weight: bold; color: #000080;\">; 1937, s\u00e1bado ingl\u00e9s en <\/span><span style=\"font-family: Calibri; font-weight: bold; color: #000080;\">la Provincia<\/span><span style=\"font-family: Calibri; font-weight: bold; color: #000080;\"> de Buenos Aires; a\u00f1o 1938, prohibici\u00f3n de despido por matrimonio, ley de vi<\/span><span style=\"font-family: Calibri; font-weight: bold; color: #000080;\">ajantes de comercio; 1944, C<\/span><span style=\"font-family: Calibri; font-weight: bold; color: #000080;\">aja de <\/span><span style=\"font-family: Calibri; font-weight: bold; color: #000080;\">J<\/span><span style=\"font-family: Calibri; font-weight: bold; color: #000080;\">ubilaciones de Empleados de Comercio<\/span><span style=\"font-family: Calibri; font-weight: bold; color: #000080;\">; 1945, Decreto 33.302 que ampl\u00eda los alcances de la ley <\/span><span style=\"font-family: Calibri; font-weight: bold; color: #000080;\">11.729 a<\/span><span style=\"font-family: Calibri; font-weight: bold; color: #000080;\"> todos los obreros, duplica las indemnizaciones por despido, dispone un aumento general de salarios y crea el Instituto de las Remuneraciones; 1948, el Primer Convenio Colectivo Nacional del Gremio Mercantil.<\/span><\/p>\n<p style=\"margin-top: 0pt; margin-bottom: 0pt; text-align: justify; font-size: 14pt;\"><span style=\"font-family: Calibri; font-weight: bold; color: #000080;\">Su encuentro con Per\u00f3n marc\u00f3 el destino de Borlenghi. Como dijo Homero Manzi <\/span><span style=\"font-family: Calibri; font-weight: bold; font-style: italic; color: #000080;\">\u201cfue el encuentro providencial, la convergencia fecunda de dos hombres preo<\/span><span style=\"font-family: Calibri; font-weight: bold; font-style: italic; color: #000080;\">cupados por el pa\u00eds y por la justicia social\u201d-<\/span><\/p>\n<p style=\"margin-top: 0pt; margin-bottom: 0pt; text-align: justify; font-size: 14pt;\"><span style=\"font-family: Calibri; font-weight: bold; color: #000080;\">Cuando asume el Ministerio del Interior, se produce una especie de simbiosis del dirigente sindical con la del hombre de Estado, completando y enriqueciendo su vigorosa personalidad, ensamblando su acci\u00f3n sindical con su gesti\u00f3n de gobierno, que se desarrollaron simult\u00e1neamente durante diez a\u00f1os consecutivos.<\/span><\/p>\n<\/div>\n<p style=\"margin-top: 0pt; margin-left: 18pt; margin-bottom: 0pt; text-align: justify; font-size: 11pt;\"><span style=\"font-family: Calibri; font-weight: bold; color: #000080;\">\u00a0<\/span><\/p>\n<p style=\"margin-top: 0pt; margin-bottom: 0pt; text-align: justify; border-top: 0.75pt solid #000000; padding-top: 1pt; font-size: 14pt;\"><span style=\"font-family: Calibri; font-weight: bold; color: #000080;\">\u00a0<\/span><\/p>\n<p style=\"margin-top: 0pt; margin-bottom: 0pt; font-size: 14pt; text-align: justify;\"><span style=\"font-family: Calibri; font-weight: bold; color: #000080;\">\u00a0<\/span><\/p>\n<div style=\"font-size: 14pt; font-family: Calibri; font-weight: bold; color: #000080; text-align: justify;\">\n<p style=\"text-align: justify;\"><span style=\"color: #000080;\"><strong>Caracas, 15 de Noviembre de 1957<\/strong><\/span><\/p>\n<p style=\"text-align: justify;\"><span style=\"color: #000080;\"><strong>Sr. D. \u00c1ngel G. Borlenghi<\/strong><\/span><\/p>\n<p style=\"text-align: justify;\"><span style=\"color: #000080;\"><strong>La Habana<\/strong><\/span><\/p>\n<p style=\"text-align: justify;\"><span style=\"color: #000080;\"><strong>Mi querido amigo:<\/strong><\/span><\/p>\n<p style=\"text-align: justify;\"><span style=\"color: #000080;\"><strong><br \/>\nEn estos momentos doy t\u00e9rmino al \u00faltimo cap\u00edtulo de mi libro \u00abLos Vendepatrias\u00bb dedicado a todos los compa\u00f1eros ca\u00eddos y perseguidos por la canalla que azota a nuestro pa\u00eds. He deseado hacerlo para usted personalmente por intermedio de esta carta, ya que ha sido uno de nuestros hombres m\u00e1s injustamente calumniados, sin duda, por haber sido tambi\u00e9n el m\u00e1s \u00fatil, m\u00e1s leal y m\u00e1s sincero servidor del pueblo a lo largo de toda su vida.<\/strong><\/span><\/p>\n<p><span style=\"color: #000080;\"><strong>Si bien la lucha por el pueblo acarrea estos inconvenientes tiene, en cambio, inmensas satisfacciones.<\/strong><\/span><\/p>\n<p><span style=\"color: #000080;\"><strong>Nosotros tras los sacrificios y penurias del esfuerzo comenzamos ahora a recibir las satisfacciones del reconocimiento popular. Es, precisamente, en estos momentos que yo dirijo la gratitud de mi esp\u00edritu a los hombres que, como usted, lo dieron todo por el movimiento sin otro inter\u00e9s que el de ser leales servidores del pueblo y de la patria.<\/strong><\/span><\/p>\n<p><span style=\"color: #000080;\"><strong>Nadie, como yo, han sido testigo de toda su grandeza espiritual en la desinteresada tarea de servir: lo he visto desde los proleg\u00f3menos de la epopeya justicialista en el sacrificio de interminables horas de trabajo por reivindicaci\u00f3n de los trabajadores, lo he seguido luego en el ministerio con su ecuanimidad imperturbable, su juicio sereno y su elevada apreciaci\u00f3n de los hombres y de los hechos y lo he observado en los momentos de decisi\u00f3n siempre pronto al sacrificio personal por el bien de la comunidad y la causa que servimos.<\/strong><\/span><\/p>\n<p><span style=\"color: #000080;\"><strong>Reconozco que su extraordinaria experiencia lleg\u00f3 siempre m\u00e1s lejos que nuestra propia previsi\u00f3n y los hombres peque\u00f1os que lo combatieron, mostraron en las horas de prueba, toda su peque\u00f1ez y su miseria.<\/strong><\/span><\/p>\n<p><strong><span style=\"color: #000080;\">Y, \u00a1a cuantos de ellos me ha sido dado enrostr\u00e1rselo! Por eso, usted debe sentirse feliz en su pobreza, como me siento yo mismo, porque poseemos una riqueza que no todos alcanzan a comprender y a gozar.<\/span><\/strong><\/p>\n<p><strong><span style=\"color: #000080;\">En las duras horas que vive el pueblo Argentino en la actualidad est\u00e1 patente nuestra verdad, esa verdad que usted ha sostenido durante toda su vida de dirigente y que, en estas horas aciagas, refleja tambi\u00e9n toda su grandeza y su sinceridad. Las lecciones m\u00e1s duras suelen ser las que mejor ense\u00f1an \u00bfCu\u00e1ntos pensar\u00e1n en estas horas en Borlenghi? Esa es una satisfacci\u00f3n que no se alcanza sino con el sacrificio.<\/span><\/strong><\/p>\n<p><strong><span style=\"color: #000080;\">Los que no tienen una causa para servir, no merecen la vida y el hombre a\u00fan cobarde, no escapa a su destino. Usted tiene la satisfacci\u00f3n de haber sido el hombre de una causa y haber hecho \u00fatil su vida. En nuestro reconocimiento est\u00e1 el \u00fanico premio que puede llegar y llenar su esp\u00edritu superior, por eso deseo que sepa por mi propia palabra, todo mi agradecimiento por todo lo que usted ha hecho por la grandeza de nuestro movimiento y conozca tambi\u00e9n que al dedicar mi libro, usted estaba preferentemente en mis pensamientos y en mi coraz\u00f3n.-<\/span><\/strong><\/p>\n<p><strong><span style=\"color: #000080;\">En ese recuerdo agradezco tambi\u00e9n al consejero leal todos sus sabios y prudentes consejos que el tiempo ha venido demostr\u00e1ndome en todo su verdadero valor. Cu\u00e1ntas veces he recordado esto en las horas duras y penosas del exilio y la lucha presente.<\/span><\/strong><\/p>\n<p><strong><span style=\"color: #000080;\">Yo no puedo dedicar mi libro a ustedes, mis amigos y compa\u00f1eros, sin hacer un distingo especial hacia el hombre que, desde la primera hora, jug\u00f3 su vida y su destino junto a mi, en las horas de incertidumbre con decisi\u00f3n insuperable y en las de triunfo con una modestia y prudencia que evidenciaron su verdadera y aut\u00e9ntica grandeza.<\/span><\/strong><\/p>\n<p><strong><span style=\"color: #000080;\">Esa es la causa de esta carta, que anhelo le llegue como mensaje sincero del amigo y compa\u00f1ero de todas las horas, que le guarda con su admiraci\u00f3n un indestructible cari\u00f1o y una inextinguible gratitud.<\/span><\/strong><\/p>\n<p><strong><span style=\"color: #000080;\">Un gran abrazo.<\/span><\/strong><\/p>\n<p><strong><span style=\"color: #000080;\">Juan Domingo Per\u00f3n<\/span><\/strong><\/p>\n<p><span style=\"color: #000080;\"><strong>\u00a0<\/strong><\/span><\/p>\n<p><span style=\"color: #000080;\"><strong>Texto publicado por Per\u00f3n Vence al Tiempo<\/strong><\/span><\/p>\n<p><span style=\"color: #000080;\"><strong>http:\/\/www.peronvencealtiempo.com.ar<\/strong><\/span><\/p>\n<div>\n<p style=\"margin-top: 0pt; margin-bottom: 0pt; font-size: 14pt;\"><span style=\"font-family: Calibri; font-weight: bold; color: #000080;\">\u00a0<\/span><\/p>\n<p style=\"margin-top: 0pt; margin-bottom: 0pt; text-align: justify; font-size: 14pt;\"><span style=\"font-family: Calibri; font-weight: bold; color: #000080;\">\u00a0\u00a0\u00a0\u00a0\u00a0\u00a0\u00a0\u00a0\u00a0\u00a0\u00a0\u00a0\u00a0\u00a0\u00a0\u00a0\u00a0\u00a0\u00a0\u00a0\u00a0\u00a0\u00a0\u00a0\u00a0\u00a0\u00a0\u00a0\u00a0\u00a0\u00a0\u00a0\u00a0\u00a0\u00a0\u00a0\u00a0\u00a0\u00a0\u00a0\u00a0\u00a0\u00a0\u00a0\u00a0\u00a0\u00a0\u00a0\u00a0 <\/span><span style=\"font-family: Calibri; font-weight: bold;\">\u00a0 <\/span><\/p>\n<\/div>\n<\/div>\n<p>&nbsp;<\/p>\n","protected":false},"excerpt":{"rendered":"<p><a style=\"color: #626262; text-decoration:none;\" href=\"https:\/\/historiadelperonismo.com\/?p=6697\">Por Enrique Pav\u00f3n Pereyra y David Diskin<br \/>Leer m\u00e1s<\/a><\/p>\n","protected":false},"author":2,"featured_media":0,"comment_status":"closed","ping_status":"closed","sticky":false,"template":"","format":"standard","meta":{"footnotes":""},"categories":[17],"tags":[],"class_list":["post-6997","post","type-post","status-publish","format-standard","hentry","category-temas-especiales-vida-y-militancia"],"_links":{"self":[{"href":"https:\/\/historiadelperonismo.com\/index.php?rest_route=\/wp\/v2\/posts\/6997","targetHints":{"allow":["GET"]}}],"collection":[{"href":"https:\/\/historiadelperonismo.com\/index.php?rest_route=\/wp\/v2\/posts"}],"about":[{"href":"https:\/\/historiadelperonismo.com\/index.php?rest_route=\/wp\/v2\/types\/post"}],"author":[{"embeddable":true,"href":"https:\/\/historiadelperonismo.com\/index.php?rest_route=\/wp\/v2\/users\/2"}],"replies":[{"embeddable":true,"href":"https:\/\/historiadelperonismo.com\/index.php?rest_route=%2Fwp%2Fv2%2Fcomments&post=6997"}],"version-history":[{"count":11,"href":"https:\/\/historiadelperonismo.com\/index.php?rest_route=\/wp\/v2\/posts\/6997\/revisions"}],"predecessor-version":[{"id":11486,"href":"https:\/\/historiadelperonismo.com\/index.php?rest_route=\/wp\/v2\/posts\/6997\/revisions\/11486"}],"wp:attachment":[{"href":"https:\/\/historiadelperonismo.com\/index.php?rest_route=%2Fwp%2Fv2%2Fmedia&parent=6997"}],"wp:term":[{"taxonomy":"category","embeddable":true,"href":"https:\/\/historiadelperonismo.com\/index.php?rest_route=%2Fwp%2Fv2%2Fcategories&post=6997"},{"taxonomy":"post_tag","embeddable":true,"href":"https:\/\/historiadelperonismo.com\/index.php?rest_route=%2Fwp%2Fv2%2Ftags&post=6997"}],"curies":[{"name":"wp","href":"https:\/\/api.w.org\/{rel}","templated":true}]}}